{"id":73742,"date":"2025-12-24T12:00:00","date_gmt":"2025-12-24T12:00:00","guid":{"rendered":"https:\/\/www.africa-press.net\/senegal\/politique\/lhomme-qui-plantait-des-arbres-revisite-en-dessins"},"modified":"2025-12-24T23:35:55","modified_gmt":"2025-12-24T23:35:55","slug":"lhomme-qui-plantait-des-arbres-revisite-en-dessins","status":"publish","type":"post","link":"https:\/\/www.africa-press.net\/senegal\/toutes-les-actualites\/lhomme-qui-plantait-des-arbres-revisite-en-dessins","title":{"rendered":"L\u2019Homme qui Plantait des Arbres Revisit\u00e9 en Dessins"},"content":{"rendered":"<p><span style=\"color: #ff6600\"><strong>Africa-Press &#8211; Senegal. <\/strong><\/span>Dans la couverture tisse\u0301e de ce petit livre est enchasse\u0301e, comme sur un e\u0301crin, une illustration en noir et blanc, surmonte\u0301e du nom de l\u2019auteur: Jean Giono. \u00ab L\u2019homme qui plantait des arbres \u00bb, l\u2019un de ses grands classiques e\u0301crit en 1953, est e\u0301le\u0301gamment revisite\u0301 par l\u2019artiste Siegfried de Turckheim dans une e\u0301dition collector, enrichie de ses de\u0301licats dessins au trait: \u00ab C\u2019est un texte que, depuis ma jeunesse, je ne cesse d\u2019aimer. Car sans en avoir l\u2019air, Giono cre\u0301ait un mythe. En convoquant ce que notre humanite\u0301 a de plus admirable, il inventa cet avatar gonfle\u0301 de nos vertus et nos aspirations, pour le mettre au service du plus beau (et vaniteux?) projet qui soit, la protection du monde. Comment ne pas en avoir l\u2019a\u0302me transporte\u0301e? \u00bb, nous dit-il.<\/p>\n<p><b>\u00ab La the\u0301matique est universelle \u00bb<\/b><\/p>\n<p>Ce texte sobre et puissant met en sce\u0300ne un berger, Elze\u0301ard Bouffier, dont l\u2019histoire est raconte\u0301e par un jeune narrateur qui fait sa rencontre au de\u0301tour d\u2019une randonne\u0301e, avant que la Premie\u0300re Guerre mondiale n\u2019e\u0301clate, et gardera le lien avec lui durant les de\u0301cennies suivantes. L\u2019homme vit en solitaire dans un coin de\u0301sertique entre les Alpes et la Provence, et entreprend de planter des arbres. Des milliers. Des dizaines de milliers. Jour apre\u0300s jour. Des che\u0302nes, des he\u0302tres, des fre\u0302nes, des bouleaux. Ils deviendront fore\u0302t.<\/p>\n<p>Leur simple pre\u0301sence enclenchera la restauration du cycle de l\u2019eau dans ces contre\u0301es asse\u0301che\u0301es, ranimera les interactions du vivant, et finira par redonner vie aux maisons autrefois abandonne\u0301es par les humains. \u00ab La the\u0301matique est universelle, et le choc litte\u0301raire de ma premie\u0300re lecture m\u2019a permis de ne jamais douter de la pertinence d\u2019une adaptation supple\u0301mentaire de cet ouvrage qui a inspire\u0301 des dizaines d\u2019illustrateurs avant moi. C\u2019est mon grand amour pour ce texte qui explique que je me suis mis a\u0300 son service, comme Elze\u0301ard Bouffier s\u2019est mis au service de ses arbres \u00bb, conclut Siegfried de Turckheim. Accordez-vous donc le plaisir de cette pe\u0301pite de la litte\u0301rature humaniste.<\/p>\n<p><b>ET AUSSI&#8230;.<\/b><br \/>\n<b>Et si les arbres pouvaient parler?<\/b><\/p>\n<p>Que c\u2019est bon de rentrer dans un livre comme dans un re\u0302ve, un jeu d\u2019enfants, une boi\u0302te a\u0300 tre\u0301sors ! Un livre ou\u0300 les questions qu\u2019on se pose sont le\u0301ge\u0300res et profondes comme la vie, et ouvrent des champs incommensurables de re\u0301flexion&#8230; \u00bbLorsqu\u2019on abat un arbre, ou\u0300 se re\u0301fugient ses habitants? Peut-on consoler une terre trop pie\u0301tine\u0301e? L\u2019intelligence peut-elle e\u0302tre immobile? Une graine a-t-elle pour seul objectif de germer? Un arbre ressent-il la main qui le caresse? Que voient les herbes folles depuis le trottoir? \u00bb<\/p>\n<p>Les re\u0301ponses puisent dans la qualite\u0301 de l\u2019observation du vivant, dans l\u2019attention porte\u0301e au langage qui sert a\u0300 la transmission, et clairement dans le choix des sources auxquelles l\u2019auteure s\u2019abreuve: des botanistes, philosophes, e\u0301thologues, anthropologues&#8230;Ce livre est un objet curieux et gracieux, qui porte cousu en son milieu un livret de photos d\u2019enfants jouant dans la nature, et au fil des pages des illustrations tendres, des respirations poe\u0301tiques, une forme d\u2019invitation a\u0300 la lenteur.<\/p>\n<p><strong>Pour plus d&rsquo;informations et d&rsquo;analyses sur la <span style=\"color: #ff6600\">Senegal<\/span>, suivez <span style=\"color: #ff6600\">Africa-Press<\/span><\/strong><\/p>\n","protected":false},"excerpt":{"rendered":"<p>Africa-Press &#8211; Senegal. Dans la couverture tisse\u0301e de ce petit livre est enchasse\u0301e, comme sur un e\u0301crin, une illustration en noir et blanc, surmonte\u0301e du nom de l\u2019auteur: Jean Giono. \u00ab L\u2019homme qui plantait des arbres \u00bb, l\u2019un de ses grands classiques e\u0301crit en 1953, est e\u0301le\u0301gamment revisite\u0301 par l\u2019artiste Siegfried de Turckheim dans une [&hellip;]<\/p>\n","protected":false},"author":82,"featured_media":73741,"comment_status":"open","ping_status":"closed","sticky":false,"template":"","format":"standard","meta":{"footnotes":""},"categories":[22,10],"tags":[44],"class_list":["post-73742","post","type-post","status-publish","format-standard","has-post-thumbnail","hentry","category-divers","category-toutes-les-actualites","tag-senegal-2"],"yoast_head":"<!-- This site is optimized with the Yoast SEO Premium plugin v26.1 (Yoast SEO v27.0) - https:\/\/yoast.com\/product\/yoast-seo-premium-wordpress\/ -->\n<title>L\u2019Homme qui Plantait des Arbres Revisit\u00e9 en Dessins - Senegal<\/title>\n<meta name=\"description\" content=\"Dans la couverture tisse\u0301e de ce petit livre est enchasse\u0301e, comme sur un e\u0301crin, une illustration en noir et blanc, sur ...\" \/>\n<meta name=\"robots\" content=\"index, follow, max-snippet:-1, max-image-preview:large, max-video-preview:-1\" \/>\n<link rel=\"canonical\" href=\"https:\/\/www.africa-press.net\/senegal\/toutes-les-actualites\/lhomme-qui-plantait-des-arbres-revisite-en-dessins\" \/>\n<meta property=\"og:locale\" content=\"fr_FR\" \/>\n<meta property=\"og:type\" content=\"article\" \/>\n<meta property=\"og:title\" content=\"L\u2019Homme qui Plantait des Arbres Revisit\u00e9 en Dessins\" \/>\n<meta property=\"og:description\" content=\"Dans la couverture tisse\u0301e de ce petit livre est enchasse\u0301e, comme sur un e\u0301crin, une illustration en noir et blanc, sur ...\" \/>\n<meta property=\"og:url\" content=\"https:\/\/www.africa-press.net\/senegal\/toutes-les-actualites\/lhomme-qui-plantait-des-arbres-revisite-en-dessins\" \/>\n<meta property=\"og:site_name\" content=\"Senegal\" \/>\n<meta property=\"article:published_time\" content=\"2025-12-24T12:00:00+00:00\" \/>\n<meta property=\"article:modified_time\" content=\"2025-12-24T23:35:55+00:00\" \/>\n<meta property=\"og:image\" content=\"https:\/\/static.africa-press.net\/senegal\/sites\/13\/2025\/12\/sm_1766648107.291832.jpg\" \/>\n\t<meta property=\"og:image:width\" content=\"1200\" \/>\n\t<meta property=\"og:image:height\" content=\"899\" \/>\n\t<meta property=\"og:image:type\" content=\"image\/jpeg\" \/>\n<meta name=\"author\" content=\"cfeditorfr\" \/>\n<meta name=\"twitter:card\" content=\"summary_large_image\" \/>\n<meta name=\"twitter:label1\" content=\"\u00c9crit par\" \/>\n\t<meta name=\"twitter:data1\" content=\"cfeditorfr\" \/>\n\t<meta name=\"twitter:label2\" content=\"Dur\u00e9e de lecture estim\u00e9e\" \/>\n\t<meta name=\"twitter:data2\" content=\"3 minutes\" \/>\n<script type=\"application\/ld+json\" class=\"yoast-schema-graph\">{\"@context\":\"https:\/\/schema.org\",\"@graph\":[{\"@type\":\"Article\",\"@id\":\"https:\/\/www.africa-press.net\/senegal\/toutes-les-actualites\/lhomme-qui-plantait-des-arbres-revisite-en-dessins#article\",\"isPartOf\":{\"@id\":\"https:\/\/www.africa-press.net\/senegal\/toutes-les-actualites\/lhomme-qui-plantait-des-arbres-revisite-en-dessins\"},\"author\":{\"name\":\"cfeditorfr\",\"@id\":\"https:\/\/www.africa-press.net\/senegal\/#\/schema\/person\/2b1cf3cd81a31e3cd26889ca66d677f1\"},\"headline\":\"L\u2019Homme qui Plantait des Arbres Revisit\u00e9 en Dessins\",\"datePublished\":\"2025-12-24T12:00:00+00:00\",\"dateModified\":\"2025-12-24T23:35:55+00:00\",\"mainEntityOfPage\":{\"@id\":\"https:\/\/www.africa-press.net\/senegal\/toutes-les-actualites\/lhomme-qui-plantait-des-arbres-revisite-en-dessins\"},\"wordCount\":595,\"commentCount\":0,\"image\":{\"@id\":\"https:\/\/www.africa-press.net\/senegal\/toutes-les-actualites\/lhomme-qui-plantait-des-arbres-revisite-en-dessins#primaryimage\"},\"thumbnailUrl\":\"https:\/\/static.africa-press.net\/senegal\/sites\/13\/2025\/12\/sm_1766648107.291832.jpg\",\"keywords\":[\"Senegal\"],\"articleSection\":[\"Divers\",\"Toutes les actualit\u00e9s\"],\"inLanguage\":\"fr-FR\",\"potentialAction\":[{\"@type\":\"CommentAction\",\"name\":\"Comment\",\"target\":[\"https:\/\/www.africa-press.net\/senegal\/toutes-les-actualites\/lhomme-qui-plantait-des-arbres-revisite-en-dessins#respond\"]}]},{\"@type\":\"WebPage\",\"@id\":\"https:\/\/www.africa-press.net\/senegal\/toutes-les-actualites\/lhomme-qui-plantait-des-arbres-revisite-en-dessins\",\"url\":\"https:\/\/www.africa-press.net\/senegal\/toutes-les-actualites\/lhomme-qui-plantait-des-arbres-revisite-en-dessins\",\"name\":\"L\u2019Homme qui Plantait des Arbres Revisit\u00e9 en Dessins - Senegal\",\"isPartOf\":{\"@id\":\"https:\/\/www.africa-press.net\/senegal\/#website\"},\"primaryImageOfPage\":{\"@id\":\"https:\/\/www.africa-press.net\/senegal\/toutes-les-actualites\/lhomme-qui-plantait-des-arbres-revisite-en-dessins#primaryimage\"},\"image\":{\"@id\":\"https:\/\/www.africa-press.net\/senegal\/toutes-les-actualites\/lhomme-qui-plantait-des-arbres-revisite-en-dessins#primaryimage\"},\"thumbnailUrl\":\"https:\/\/static.africa-press.net\/senegal\/sites\/13\/2025\/12\/sm_1766648107.291832.jpg\",\"datePublished\":\"2025-12-24T12:00:00+00:00\",\"dateModified\":\"2025-12-24T23:35:55+00:00\",\"author\":{\"@id\":\"https:\/\/www.africa-press.net\/senegal\/#\/schema\/person\/2b1cf3cd81a31e3cd26889ca66d677f1\"},\"description\":\"Dans la couverture tisse\u0301e de ce petit livre est enchasse\u0301e, comme sur un e\u0301crin, une illustration en noir et blanc, sur ...\",\"breadcrumb\":{\"@id\":\"https:\/\/www.africa-press.net\/senegal\/toutes-les-actualites\/lhomme-qui-plantait-des-arbres-revisite-en-dessins#breadcrumb\"},\"inLanguage\":\"fr-FR\",\"potentialAction\":[{\"@type\":\"ReadAction\",\"target\":[\"https:\/\/www.africa-press.net\/senegal\/toutes-les-actualites\/lhomme-qui-plantait-des-arbres-revisite-en-dessins\"]}]},{\"@type\":\"ImageObject\",\"inLanguage\":\"fr-FR\",\"@id\":\"https:\/\/www.africa-press.net\/senegal\/toutes-les-actualites\/lhomme-qui-plantait-des-arbres-revisite-en-dessins#primaryimage\",\"url\":\"https:\/\/static.africa-press.net\/senegal\/sites\/13\/2025\/12\/sm_1766648107.291832.jpg\",\"contentUrl\":\"https:\/\/static.africa-press.net\/senegal\/sites\/13\/2025\/12\/sm_1766648107.291832.jpg\",\"width\":1200,\"height\":899,\"caption\":\"L\u2019Homme qui Plantait des Arbres Revisit\u00e9 en Dessins\"},{\"@type\":\"BreadcrumbList\",\"@id\":\"https:\/\/www.africa-press.net\/senegal\/toutes-les-actualites\/lhomme-qui-plantait-des-arbres-revisite-en-dessins#breadcrumb\",\"itemListElement\":[{\"@type\":\"ListItem\",\"position\":1,\"name\":\"Accueil\",\"item\":\"https:\/\/www.africa-press.net\/senegal\/\"},{\"@type\":\"ListItem\",\"position\":2,\"name\":\"L\u2019Homme qui Plantait des Arbres Revisit\u00e9 en Dessins\"}]},{\"@type\":\"WebSite\",\"@id\":\"https:\/\/www.africa-press.net\/senegal\/#website\",\"url\":\"https:\/\/www.africa-press.net\/senegal\/\",\"name\":\"Africa Press | Senegal | Homepage\",\"description\":\"Just another Africa News Agency Sites site\",\"potentialAction\":[{\"@type\":\"SearchAction\",\"target\":{\"@type\":\"EntryPoint\",\"urlTemplate\":\"https:\/\/www.africa-press.net\/senegal\/?s={search_term_string}\"},\"query-input\":{\"@type\":\"PropertyValueSpecification\",\"valueRequired\":true,\"valueName\":\"search_term_string\"}}],\"inLanguage\":\"fr-FR\"},{\"@type\":\"Person\",\"@id\":\"https:\/\/www.africa-press.net\/senegal\/#\/schema\/person\/2b1cf3cd81a31e3cd26889ca66d677f1\",\"name\":\"cfeditorfr\",\"url\":\"https:\/\/www.africa-press.net\/senegal\/author\/cfeditorfr\"}]}<\/script>\n<!-- \/ Yoast SEO Premium plugin. -->","yoast_head_json":{"title":"L\u2019Homme qui Plantait des Arbres Revisit\u00e9 en Dessins - Senegal","description":"Dans la couverture tisse\u0301e de ce petit livre est enchasse\u0301e, comme sur un e\u0301crin, une illustration en noir et blanc, sur ...","robots":{"index":"index","follow":"follow","max-snippet":"max-snippet:-1","max-image-preview":"max-image-preview:large","max-video-preview":"max-video-preview:-1"},"canonical":"https:\/\/www.africa-press.net\/senegal\/toutes-les-actualites\/lhomme-qui-plantait-des-arbres-revisite-en-dessins","og_locale":"fr_FR","og_type":"article","og_title":"L\u2019Homme qui Plantait des Arbres Revisit\u00e9 en Dessins","og_description":"Dans la couverture tisse\u0301e de ce petit livre est enchasse\u0301e, comme sur un e\u0301crin, une illustration en noir et blanc, sur ...","og_url":"https:\/\/www.africa-press.net\/senegal\/toutes-les-actualites\/lhomme-qui-plantait-des-arbres-revisite-en-dessins","og_site_name":"Senegal","article_published_time":"2025-12-24T12:00:00+00:00","article_modified_time":"2025-12-24T23:35:55+00:00","og_image":[{"width":1200,"height":899,"url":"https:\/\/static.africa-press.net\/senegal\/sites\/13\/2025\/12\/sm_1766648107.291832.jpg","type":"image\/jpeg"}],"author":"cfeditorfr","twitter_card":"summary_large_image","twitter_misc":{"\u00c9crit par":"cfeditorfr","Dur\u00e9e de lecture estim\u00e9e":"3 minutes"},"schema":{"@context":"https:\/\/schema.org","@graph":[{"@type":"Article","@id":"https:\/\/www.africa-press.net\/senegal\/toutes-les-actualites\/lhomme-qui-plantait-des-arbres-revisite-en-dessins#article","isPartOf":{"@id":"https:\/\/www.africa-press.net\/senegal\/toutes-les-actualites\/lhomme-qui-plantait-des-arbres-revisite-en-dessins"},"author":{"name":"cfeditorfr","@id":"https:\/\/www.africa-press.net\/senegal\/#\/schema\/person\/2b1cf3cd81a31e3cd26889ca66d677f1"},"headline":"L\u2019Homme qui Plantait des Arbres Revisit\u00e9 en Dessins","datePublished":"2025-12-24T12:00:00+00:00","dateModified":"2025-12-24T23:35:55+00:00","mainEntityOfPage":{"@id":"https:\/\/www.africa-press.net\/senegal\/toutes-les-actualites\/lhomme-qui-plantait-des-arbres-revisite-en-dessins"},"wordCount":595,"commentCount":0,"image":{"@id":"https:\/\/www.africa-press.net\/senegal\/toutes-les-actualites\/lhomme-qui-plantait-des-arbres-revisite-en-dessins#primaryimage"},"thumbnailUrl":"https:\/\/static.africa-press.net\/senegal\/sites\/13\/2025\/12\/sm_1766648107.291832.jpg","keywords":["Senegal"],"articleSection":["Divers","Toutes les actualit\u00e9s"],"inLanguage":"fr-FR","potentialAction":[{"@type":"CommentAction","name":"Comment","target":["https:\/\/www.africa-press.net\/senegal\/toutes-les-actualites\/lhomme-qui-plantait-des-arbres-revisite-en-dessins#respond"]}]},{"@type":"WebPage","@id":"https:\/\/www.africa-press.net\/senegal\/toutes-les-actualites\/lhomme-qui-plantait-des-arbres-revisite-en-dessins","url":"https:\/\/www.africa-press.net\/senegal\/toutes-les-actualites\/lhomme-qui-plantait-des-arbres-revisite-en-dessins","name":"L\u2019Homme qui Plantait des Arbres Revisit\u00e9 en Dessins - Senegal","isPartOf":{"@id":"https:\/\/www.africa-press.net\/senegal\/#website"},"primaryImageOfPage":{"@id":"https:\/\/www.africa-press.net\/senegal\/toutes-les-actualites\/lhomme-qui-plantait-des-arbres-revisite-en-dessins#primaryimage"},"image":{"@id":"https:\/\/www.africa-press.net\/senegal\/toutes-les-actualites\/lhomme-qui-plantait-des-arbres-revisite-en-dessins#primaryimage"},"thumbnailUrl":"https:\/\/static.africa-press.net\/senegal\/sites\/13\/2025\/12\/sm_1766648107.291832.jpg","datePublished":"2025-12-24T12:00:00+00:00","dateModified":"2025-12-24T23:35:55+00:00","author":{"@id":"https:\/\/www.africa-press.net\/senegal\/#\/schema\/person\/2b1cf3cd81a31e3cd26889ca66d677f1"},"description":"Dans la couverture tisse\u0301e de ce petit livre est enchasse\u0301e, comme sur un e\u0301crin, une illustration en noir et blanc, sur ...","breadcrumb":{"@id":"https:\/\/www.africa-press.net\/senegal\/toutes-les-actualites\/lhomme-qui-plantait-des-arbres-revisite-en-dessins#breadcrumb"},"inLanguage":"fr-FR","potentialAction":[{"@type":"ReadAction","target":["https:\/\/www.africa-press.net\/senegal\/toutes-les-actualites\/lhomme-qui-plantait-des-arbres-revisite-en-dessins"]}]},{"@type":"ImageObject","inLanguage":"fr-FR","@id":"https:\/\/www.africa-press.net\/senegal\/toutes-les-actualites\/lhomme-qui-plantait-des-arbres-revisite-en-dessins#primaryimage","url":"https:\/\/static.africa-press.net\/senegal\/sites\/13\/2025\/12\/sm_1766648107.291832.jpg","contentUrl":"https:\/\/static.africa-press.net\/senegal\/sites\/13\/2025\/12\/sm_1766648107.291832.jpg","width":1200,"height":899,"caption":"L\u2019Homme qui Plantait des Arbres Revisit\u00e9 en Dessins"},{"@type":"BreadcrumbList","@id":"https:\/\/www.africa-press.net\/senegal\/toutes-les-actualites\/lhomme-qui-plantait-des-arbres-revisite-en-dessins#breadcrumb","itemListElement":[{"@type":"ListItem","position":1,"name":"Accueil","item":"https:\/\/www.africa-press.net\/senegal\/"},{"@type":"ListItem","position":2,"name":"L\u2019Homme qui Plantait des Arbres Revisit\u00e9 en Dessins"}]},{"@type":"WebSite","@id":"https:\/\/www.africa-press.net\/senegal\/#website","url":"https:\/\/www.africa-press.net\/senegal\/","name":"Africa Press | Senegal | Homepage","description":"Just another Africa News Agency Sites site","potentialAction":[{"@type":"SearchAction","target":{"@type":"EntryPoint","urlTemplate":"https:\/\/www.africa-press.net\/senegal\/?s={search_term_string}"},"query-input":{"@type":"PropertyValueSpecification","valueRequired":true,"valueName":"search_term_string"}}],"inLanguage":"fr-FR"},{"@type":"Person","@id":"https:\/\/www.africa-press.net\/senegal\/#\/schema\/person\/2b1cf3cd81a31e3cd26889ca66d677f1","name":"cfeditorfr","url":"https:\/\/www.africa-press.net\/senegal\/author\/cfeditorfr"}]}},"_links":{"self":[{"href":"https:\/\/www.africa-press.net\/senegal\/wp-json\/wp\/v2\/posts\/73742","targetHints":{"allow":["GET"]}}],"collection":[{"href":"https:\/\/www.africa-press.net\/senegal\/wp-json\/wp\/v2\/posts"}],"about":[{"href":"https:\/\/www.africa-press.net\/senegal\/wp-json\/wp\/v2\/types\/post"}],"author":[{"embeddable":true,"href":"https:\/\/www.africa-press.net\/senegal\/wp-json\/wp\/v2\/users\/82"}],"replies":[{"embeddable":true,"href":"https:\/\/www.africa-press.net\/senegal\/wp-json\/wp\/v2\/comments?post=73742"}],"version-history":[{"count":0,"href":"https:\/\/www.africa-press.net\/senegal\/wp-json\/wp\/v2\/posts\/73742\/revisions"}],"wp:featuredmedia":[{"embeddable":true,"href":"https:\/\/www.africa-press.net\/senegal\/wp-json\/wp\/v2\/media\/73741"}],"wp:attachment":[{"href":"https:\/\/www.africa-press.net\/senegal\/wp-json\/wp\/v2\/media?parent=73742"}],"wp:term":[{"taxonomy":"category","embeddable":true,"href":"https:\/\/www.africa-press.net\/senegal\/wp-json\/wp\/v2\/categories?post=73742"},{"taxonomy":"post_tag","embeddable":true,"href":"https:\/\/www.africa-press.net\/senegal\/wp-json\/wp\/v2\/tags?post=73742"}],"curies":[{"name":"wp","href":"https:\/\/api.w.org\/{rel}","templated":true}]}}