{"id":73750,"date":"2025-12-24T12:00:00","date_gmt":"2025-12-24T12:00:00","guid":{"rendered":"https:\/\/www.africa-press.net\/senegal\/politique\/suspension-dun-decret-sur-les-sachets-de-nicotine"},"modified":"2025-12-24T23:48:24","modified_gmt":"2025-12-24T23:48:24","slug":"suspension-dun-decret-sur-les-sachets-de-nicotine","status":"publish","type":"post","link":"https:\/\/www.africa-press.net\/senegal\/toutes-les-actualites\/suspension-dun-decret-sur-les-sachets-de-nicotine","title":{"rendered":"Suspension D\u2019Un D\u00e9cret sur les Sachets de Nicotine"},"content":{"rendered":"<p><span style=\"color: #ff6600\"><strong>Africa-Press &#8211; Senegal. <\/strong><\/span>est suspendue en tant qu\u2019il interdit la fabrication, la production et l\u2019exportation des produits a\u0300 usage oral contenant de la nicotine \u00bb, e\u0301crit le Conseil, selon lequel la commercialisation de ces produits, e\u0301galement concerne\u0301e par ce de\u0301cret suspendu, est de\u0301ja\u0300 interdite par d\u2019autres textes. Ce de\u0301cret, pris par le gouvernement de\u0301but septembre, a pour objectif de bannir les sachets, billes et gommes de nicotine. Il avait e\u0301te\u0301 salue\u0301 par les associations antitabac pour lesquelles ces produits rencontrent un succe\u0300s dangereux chez les adolescents.<\/p>\n<p>Son entre\u0301e en vigueur e\u0301tait pre\u0301vue pour le 1er avril 2026, s\u2019inscrivant dans un contexte plus large de nouvelles mesures antitabac en France, dont l\u2019interdiction des cigarettes e\u0301lectroniques jetables, ou l\u2019interdiction de fumer dans l\u2019ensemble des espaces publics.<\/p>\n<p><b>Une suspension suite a\u0300 un recours de\u0301pose\u0301 par le groupe EVLB<\/b><\/p>\n<p>Mais une entreprise, le groupe EVLB, avait saisi le Conseil d\u2019Etat pour annuler ce de\u0301cret, qui interdit non seulement la vente des sachets de nicotine mais aussi leur fabrication en France et leur exportation. Le groupe, qui fabrique des produits a\u0300 base de nicotine, attaquait a\u0300 la fois le de\u0301cret sur le fond, estimant qu\u2019il enfreint les re\u0300gles de libre e\u0301change en vigueur dans l\u2019Union europe\u0301enne, et sur son calendrier, affirmant qu\u2019il n\u2019aurait pas le temps de se re\u0301organiser d\u2019ici au printemps 2026. Le Conseil d\u2019Etat, qui ne se prononce pas pour l\u2019heure sur le fond, lui donne raison sur le second plan, estimant qu\u2019il aurait fallu donner jusqu\u2019a\u0300 fin juin a\u0300 l\u2019entreprise pour de\u0301localiser sa production.<\/p>\n<p><b>Des produits de\u0301ja\u0300 interdits par le Code de la sante\u0301 publique<\/b><\/p>\n<p>La de\u0301cision, prise en re\u0301fe\u0301re\u0301, suspend donc l\u2019application du de\u0301cret dans son ensemble, le Conseil d\u2019Etat assurant qu\u2019il se prononcera sur le fond du dossier d\u2019ici a\u0300 juin 2026. Le Conseil d\u2019Etat estime, par ailleurs, que la commercialisation de ces produits est de\u0301ja\u0300 interdite par le Code de la sante\u0301 publique, sauf dans un cadre pharmaceutique. Selon ce point de vue, la suspension du de\u0301cret ne changera donc pas la donne en matie\u0300re de vente des sachets de nicotine.<\/p>\n<p>Interroge\u0301 par l\u2019AFP, le ministe\u0300re de la Sante\u0301 a indique\u0301 qu\u2019il \u00ab prend acte de la suspension partielle et attend l\u2019avis du CE au fond \u00bb. \u00bbQuoi qu\u2019il arrive, cette de\u0301cision ne remet pour l\u2019instant pas en cause l\u2019interdiction de commercialisation\/de\u0301tention pour le moment \u00bb, ajoute la de\u0301claration e\u0301crite du ministe\u0300re. De son co\u0302te\u0301 Serdar Kaya, pre\u0301sident de la Confe\u0301de\u0301ration des buralistes, a estime\u0301 que \u00ab c\u2019est une bonne chose que le Conseil d\u2019Etat prenne le temps d\u2019e\u0301tudier le sachet de nicotine avec me\u0301thode et sous un angle scientifique a\u0300 l\u2019inverse du gouvernement, qui a fait le choix d\u2019une de\u0301cision irre\u0301fle\u0301chie et pre\u0301cipite\u0301e \u00bb.<\/p>\n<p><strong>Pour plus d&rsquo;informations et d&rsquo;analyses sur la <span style=\"color: #ff6600\">Senegal<\/span>, suivez <span style=\"color: #ff6600\">Africa-Press<\/span><\/strong><\/p>\n","protected":false},"excerpt":{"rendered":"<p>Africa-Press &#8211; Senegal. est suspendue en tant qu\u2019il interdit la fabrication, la production et l\u2019exportation des produits a\u0300 usage oral contenant de la nicotine \u00bb, e\u0301crit le Conseil, selon lequel la commercialisation de ces produits, e\u0301galement concerne\u0301e par ce de\u0301cret suspendu, est de\u0301ja\u0300 interdite par d\u2019autres textes. Ce de\u0301cret, pris par le gouvernement de\u0301but septembre, [&hellip;]<\/p>\n","protected":false},"author":82,"featured_media":73749,"comment_status":"open","ping_status":"closed","sticky":false,"template":"","format":"standard","meta":{"footnotes":""},"categories":[22,10],"tags":[44],"class_list":["post-73750","post","type-post","status-publish","format-standard","has-post-thumbnail","hentry","category-divers","category-toutes-les-actualites","tag-senegal-2"],"yoast_head":"<!-- This site is optimized with the Yoast SEO Premium plugin v26.1 (Yoast SEO v27.0) - https:\/\/yoast.com\/product\/yoast-seo-premium-wordpress\/ -->\n<title>Suspension D\u2019Un D\u00e9cret sur les Sachets de Nicotine - Senegal<\/title>\n<meta name=\"description\" content=\"est suspendue en tant qu\u2019il interdit la fabrication, la production et l\u2019exportation des produits a\u0300 usage oral contenant ...\" \/>\n<meta name=\"robots\" content=\"index, follow, max-snippet:-1, max-image-preview:large, max-video-preview:-1\" \/>\n<link rel=\"canonical\" href=\"https:\/\/www.africa-press.net\/senegal\/toutes-les-actualites\/suspension-dun-decret-sur-les-sachets-de-nicotine\" \/>\n<meta property=\"og:locale\" content=\"fr_FR\" \/>\n<meta property=\"og:type\" content=\"article\" \/>\n<meta property=\"og:title\" content=\"Suspension D\u2019Un D\u00e9cret sur les Sachets de Nicotine\" \/>\n<meta property=\"og:description\" content=\"est suspendue en tant qu\u2019il interdit la fabrication, la production et l\u2019exportation des produits a\u0300 usage oral contenant ...\" \/>\n<meta property=\"og:url\" content=\"https:\/\/www.africa-press.net\/senegal\/toutes-les-actualites\/suspension-dun-decret-sur-les-sachets-de-nicotine\" \/>\n<meta property=\"og:site_name\" content=\"Senegal\" \/>\n<meta property=\"article:published_time\" content=\"2025-12-24T12:00:00+00:00\" \/>\n<meta property=\"article:modified_time\" content=\"2025-12-24T23:48:24+00:00\" \/>\n<meta property=\"og:image\" content=\"https:\/\/static.africa-press.net\/senegal\/sites\/13\/2025\/12\/sm_1766648649.700817.jpg\" \/>\n\t<meta property=\"og:image:width\" content=\"1200\" \/>\n\t<meta property=\"og:image:height\" content=\"900\" \/>\n\t<meta property=\"og:image:type\" content=\"image\/jpeg\" \/>\n<meta name=\"author\" content=\"cfeditorfr\" \/>\n<meta name=\"twitter:card\" content=\"summary_large_image\" \/>\n<meta name=\"twitter:label1\" content=\"\u00c9crit par\" \/>\n\t<meta name=\"twitter:data1\" content=\"cfeditorfr\" \/>\n\t<meta name=\"twitter:label2\" content=\"Dur\u00e9e de lecture estim\u00e9e\" \/>\n\t<meta name=\"twitter:data2\" content=\"3 minutes\" \/>\n<script type=\"application\/ld+json\" class=\"yoast-schema-graph\">{\"@context\":\"https:\/\/schema.org\",\"@graph\":[{\"@type\":\"Article\",\"@id\":\"https:\/\/www.africa-press.net\/senegal\/toutes-les-actualites\/suspension-dun-decret-sur-les-sachets-de-nicotine#article\",\"isPartOf\":{\"@id\":\"https:\/\/www.africa-press.net\/senegal\/toutes-les-actualites\/suspension-dun-decret-sur-les-sachets-de-nicotine\"},\"author\":{\"name\":\"cfeditorfr\",\"@id\":\"https:\/\/www.africa-press.net\/senegal\/#\/schema\/person\/2b1cf3cd81a31e3cd26889ca66d677f1\"},\"headline\":\"Suspension D\u2019Un D\u00e9cret sur les Sachets de Nicotine\",\"datePublished\":\"2025-12-24T12:00:00+00:00\",\"dateModified\":\"2025-12-24T23:48:24+00:00\",\"mainEntityOfPage\":{\"@id\":\"https:\/\/www.africa-press.net\/senegal\/toutes-les-actualites\/suspension-dun-decret-sur-les-sachets-de-nicotine\"},\"wordCount\":540,\"commentCount\":0,\"image\":{\"@id\":\"https:\/\/www.africa-press.net\/senegal\/toutes-les-actualites\/suspension-dun-decret-sur-les-sachets-de-nicotine#primaryimage\"},\"thumbnailUrl\":\"https:\/\/static.africa-press.net\/senegal\/sites\/13\/2025\/12\/sm_1766648649.700817.jpg\",\"keywords\":[\"Senegal\"],\"articleSection\":[\"Divers\",\"Toutes les actualit\u00e9s\"],\"inLanguage\":\"fr-FR\",\"potentialAction\":[{\"@type\":\"CommentAction\",\"name\":\"Comment\",\"target\":[\"https:\/\/www.africa-press.net\/senegal\/toutes-les-actualites\/suspension-dun-decret-sur-les-sachets-de-nicotine#respond\"]}]},{\"@type\":\"WebPage\",\"@id\":\"https:\/\/www.africa-press.net\/senegal\/toutes-les-actualites\/suspension-dun-decret-sur-les-sachets-de-nicotine\",\"url\":\"https:\/\/www.africa-press.net\/senegal\/toutes-les-actualites\/suspension-dun-decret-sur-les-sachets-de-nicotine\",\"name\":\"Suspension D\u2019Un D\u00e9cret sur les Sachets de Nicotine - Senegal\",\"isPartOf\":{\"@id\":\"https:\/\/www.africa-press.net\/senegal\/#website\"},\"primaryImageOfPage\":{\"@id\":\"https:\/\/www.africa-press.net\/senegal\/toutes-les-actualites\/suspension-dun-decret-sur-les-sachets-de-nicotine#primaryimage\"},\"image\":{\"@id\":\"https:\/\/www.africa-press.net\/senegal\/toutes-les-actualites\/suspension-dun-decret-sur-les-sachets-de-nicotine#primaryimage\"},\"thumbnailUrl\":\"https:\/\/static.africa-press.net\/senegal\/sites\/13\/2025\/12\/sm_1766648649.700817.jpg\",\"datePublished\":\"2025-12-24T12:00:00+00:00\",\"dateModified\":\"2025-12-24T23:48:24+00:00\",\"author\":{\"@id\":\"https:\/\/www.africa-press.net\/senegal\/#\/schema\/person\/2b1cf3cd81a31e3cd26889ca66d677f1\"},\"description\":\"est suspendue en tant qu\u2019il interdit la fabrication, la production et l\u2019exportation des produits a\u0300 usage oral contenant ...\",\"breadcrumb\":{\"@id\":\"https:\/\/www.africa-press.net\/senegal\/toutes-les-actualites\/suspension-dun-decret-sur-les-sachets-de-nicotine#breadcrumb\"},\"inLanguage\":\"fr-FR\",\"potentialAction\":[{\"@type\":\"ReadAction\",\"target\":[\"https:\/\/www.africa-press.net\/senegal\/toutes-les-actualites\/suspension-dun-decret-sur-les-sachets-de-nicotine\"]}]},{\"@type\":\"ImageObject\",\"inLanguage\":\"fr-FR\",\"@id\":\"https:\/\/www.africa-press.net\/senegal\/toutes-les-actualites\/suspension-dun-decret-sur-les-sachets-de-nicotine#primaryimage\",\"url\":\"https:\/\/static.africa-press.net\/senegal\/sites\/13\/2025\/12\/sm_1766648649.700817.jpg\",\"contentUrl\":\"https:\/\/static.africa-press.net\/senegal\/sites\/13\/2025\/12\/sm_1766648649.700817.jpg\",\"width\":1200,\"height\":900,\"caption\":\"Suspension D\u2019Un D\u00e9cret sur les Sachets de Nicotine\"},{\"@type\":\"BreadcrumbList\",\"@id\":\"https:\/\/www.africa-press.net\/senegal\/toutes-les-actualites\/suspension-dun-decret-sur-les-sachets-de-nicotine#breadcrumb\",\"itemListElement\":[{\"@type\":\"ListItem\",\"position\":1,\"name\":\"Accueil\",\"item\":\"https:\/\/www.africa-press.net\/senegal\/\"},{\"@type\":\"ListItem\",\"position\":2,\"name\":\"Suspension D\u2019Un D\u00e9cret sur les Sachets de Nicotine\"}]},{\"@type\":\"WebSite\",\"@id\":\"https:\/\/www.africa-press.net\/senegal\/#website\",\"url\":\"https:\/\/www.africa-press.net\/senegal\/\",\"name\":\"Africa Press | Senegal | Homepage\",\"description\":\"Just another Africa News Agency Sites site\",\"potentialAction\":[{\"@type\":\"SearchAction\",\"target\":{\"@type\":\"EntryPoint\",\"urlTemplate\":\"https:\/\/www.africa-press.net\/senegal\/?s={search_term_string}\"},\"query-input\":{\"@type\":\"PropertyValueSpecification\",\"valueRequired\":true,\"valueName\":\"search_term_string\"}}],\"inLanguage\":\"fr-FR\"},{\"@type\":\"Person\",\"@id\":\"https:\/\/www.africa-press.net\/senegal\/#\/schema\/person\/2b1cf3cd81a31e3cd26889ca66d677f1\",\"name\":\"cfeditorfr\",\"url\":\"https:\/\/www.africa-press.net\/senegal\/author\/cfeditorfr\"}]}<\/script>\n<!-- \/ Yoast SEO Premium plugin. -->","yoast_head_json":{"title":"Suspension D\u2019Un D\u00e9cret sur les Sachets de Nicotine - Senegal","description":"est suspendue en tant qu\u2019il interdit la fabrication, la production et l\u2019exportation des produits a\u0300 usage oral contenant ...","robots":{"index":"index","follow":"follow","max-snippet":"max-snippet:-1","max-image-preview":"max-image-preview:large","max-video-preview":"max-video-preview:-1"},"canonical":"https:\/\/www.africa-press.net\/senegal\/toutes-les-actualites\/suspension-dun-decret-sur-les-sachets-de-nicotine","og_locale":"fr_FR","og_type":"article","og_title":"Suspension D\u2019Un D\u00e9cret sur les Sachets de Nicotine","og_description":"est suspendue en tant qu\u2019il interdit la fabrication, la production et l\u2019exportation des produits a\u0300 usage oral contenant ...","og_url":"https:\/\/www.africa-press.net\/senegal\/toutes-les-actualites\/suspension-dun-decret-sur-les-sachets-de-nicotine","og_site_name":"Senegal","article_published_time":"2025-12-24T12:00:00+00:00","article_modified_time":"2025-12-24T23:48:24+00:00","og_image":[{"width":1200,"height":900,"url":"https:\/\/static.africa-press.net\/senegal\/sites\/13\/2025\/12\/sm_1766648649.700817.jpg","type":"image\/jpeg"}],"author":"cfeditorfr","twitter_card":"summary_large_image","twitter_misc":{"\u00c9crit par":"cfeditorfr","Dur\u00e9e de lecture estim\u00e9e":"3 minutes"},"schema":{"@context":"https:\/\/schema.org","@graph":[{"@type":"Article","@id":"https:\/\/www.africa-press.net\/senegal\/toutes-les-actualites\/suspension-dun-decret-sur-les-sachets-de-nicotine#article","isPartOf":{"@id":"https:\/\/www.africa-press.net\/senegal\/toutes-les-actualites\/suspension-dun-decret-sur-les-sachets-de-nicotine"},"author":{"name":"cfeditorfr","@id":"https:\/\/www.africa-press.net\/senegal\/#\/schema\/person\/2b1cf3cd81a31e3cd26889ca66d677f1"},"headline":"Suspension D\u2019Un D\u00e9cret sur les Sachets de Nicotine","datePublished":"2025-12-24T12:00:00+00:00","dateModified":"2025-12-24T23:48:24+00:00","mainEntityOfPage":{"@id":"https:\/\/www.africa-press.net\/senegal\/toutes-les-actualites\/suspension-dun-decret-sur-les-sachets-de-nicotine"},"wordCount":540,"commentCount":0,"image":{"@id":"https:\/\/www.africa-press.net\/senegal\/toutes-les-actualites\/suspension-dun-decret-sur-les-sachets-de-nicotine#primaryimage"},"thumbnailUrl":"https:\/\/static.africa-press.net\/senegal\/sites\/13\/2025\/12\/sm_1766648649.700817.jpg","keywords":["Senegal"],"articleSection":["Divers","Toutes les actualit\u00e9s"],"inLanguage":"fr-FR","potentialAction":[{"@type":"CommentAction","name":"Comment","target":["https:\/\/www.africa-press.net\/senegal\/toutes-les-actualites\/suspension-dun-decret-sur-les-sachets-de-nicotine#respond"]}]},{"@type":"WebPage","@id":"https:\/\/www.africa-press.net\/senegal\/toutes-les-actualites\/suspension-dun-decret-sur-les-sachets-de-nicotine","url":"https:\/\/www.africa-press.net\/senegal\/toutes-les-actualites\/suspension-dun-decret-sur-les-sachets-de-nicotine","name":"Suspension D\u2019Un D\u00e9cret sur les Sachets de Nicotine - Senegal","isPartOf":{"@id":"https:\/\/www.africa-press.net\/senegal\/#website"},"primaryImageOfPage":{"@id":"https:\/\/www.africa-press.net\/senegal\/toutes-les-actualites\/suspension-dun-decret-sur-les-sachets-de-nicotine#primaryimage"},"image":{"@id":"https:\/\/www.africa-press.net\/senegal\/toutes-les-actualites\/suspension-dun-decret-sur-les-sachets-de-nicotine#primaryimage"},"thumbnailUrl":"https:\/\/static.africa-press.net\/senegal\/sites\/13\/2025\/12\/sm_1766648649.700817.jpg","datePublished":"2025-12-24T12:00:00+00:00","dateModified":"2025-12-24T23:48:24+00:00","author":{"@id":"https:\/\/www.africa-press.net\/senegal\/#\/schema\/person\/2b1cf3cd81a31e3cd26889ca66d677f1"},"description":"est suspendue en tant qu\u2019il interdit la fabrication, la production et l\u2019exportation des produits a\u0300 usage oral contenant ...","breadcrumb":{"@id":"https:\/\/www.africa-press.net\/senegal\/toutes-les-actualites\/suspension-dun-decret-sur-les-sachets-de-nicotine#breadcrumb"},"inLanguage":"fr-FR","potentialAction":[{"@type":"ReadAction","target":["https:\/\/www.africa-press.net\/senegal\/toutes-les-actualites\/suspension-dun-decret-sur-les-sachets-de-nicotine"]}]},{"@type":"ImageObject","inLanguage":"fr-FR","@id":"https:\/\/www.africa-press.net\/senegal\/toutes-les-actualites\/suspension-dun-decret-sur-les-sachets-de-nicotine#primaryimage","url":"https:\/\/static.africa-press.net\/senegal\/sites\/13\/2025\/12\/sm_1766648649.700817.jpg","contentUrl":"https:\/\/static.africa-press.net\/senegal\/sites\/13\/2025\/12\/sm_1766648649.700817.jpg","width":1200,"height":900,"caption":"Suspension D\u2019Un D\u00e9cret sur les Sachets de Nicotine"},{"@type":"BreadcrumbList","@id":"https:\/\/www.africa-press.net\/senegal\/toutes-les-actualites\/suspension-dun-decret-sur-les-sachets-de-nicotine#breadcrumb","itemListElement":[{"@type":"ListItem","position":1,"name":"Accueil","item":"https:\/\/www.africa-press.net\/senegal\/"},{"@type":"ListItem","position":2,"name":"Suspension D\u2019Un D\u00e9cret sur les Sachets de Nicotine"}]},{"@type":"WebSite","@id":"https:\/\/www.africa-press.net\/senegal\/#website","url":"https:\/\/www.africa-press.net\/senegal\/","name":"Africa Press | Senegal | Homepage","description":"Just another Africa News Agency Sites site","potentialAction":[{"@type":"SearchAction","target":{"@type":"EntryPoint","urlTemplate":"https:\/\/www.africa-press.net\/senegal\/?s={search_term_string}"},"query-input":{"@type":"PropertyValueSpecification","valueRequired":true,"valueName":"search_term_string"}}],"inLanguage":"fr-FR"},{"@type":"Person","@id":"https:\/\/www.africa-press.net\/senegal\/#\/schema\/person\/2b1cf3cd81a31e3cd26889ca66d677f1","name":"cfeditorfr","url":"https:\/\/www.africa-press.net\/senegal\/author\/cfeditorfr"}]}},"_links":{"self":[{"href":"https:\/\/www.africa-press.net\/senegal\/wp-json\/wp\/v2\/posts\/73750","targetHints":{"allow":["GET"]}}],"collection":[{"href":"https:\/\/www.africa-press.net\/senegal\/wp-json\/wp\/v2\/posts"}],"about":[{"href":"https:\/\/www.africa-press.net\/senegal\/wp-json\/wp\/v2\/types\/post"}],"author":[{"embeddable":true,"href":"https:\/\/www.africa-press.net\/senegal\/wp-json\/wp\/v2\/users\/82"}],"replies":[{"embeddable":true,"href":"https:\/\/www.africa-press.net\/senegal\/wp-json\/wp\/v2\/comments?post=73750"}],"version-history":[{"count":0,"href":"https:\/\/www.africa-press.net\/senegal\/wp-json\/wp\/v2\/posts\/73750\/revisions"}],"wp:featuredmedia":[{"embeddable":true,"href":"https:\/\/www.africa-press.net\/senegal\/wp-json\/wp\/v2\/media\/73749"}],"wp:attachment":[{"href":"https:\/\/www.africa-press.net\/senegal\/wp-json\/wp\/v2\/media?parent=73750"}],"wp:term":[{"taxonomy":"category","embeddable":true,"href":"https:\/\/www.africa-press.net\/senegal\/wp-json\/wp\/v2\/categories?post=73750"},{"taxonomy":"post_tag","embeddable":true,"href":"https:\/\/www.africa-press.net\/senegal\/wp-json\/wp\/v2\/tags?post=73750"}],"curies":[{"name":"wp","href":"https:\/\/api.w.org\/{rel}","templated":true}]}}