{"id":73778,"date":"2025-12-24T12:10:00","date_gmt":"2025-12-24T12:10:00","guid":{"rendered":"https:\/\/www.africa-press.net\/senegal\/politique\/burkina-faso-remonte-a-la-98e-minute-au-can-2025"},"modified":"2025-12-25T01:12:29","modified_gmt":"2025-12-25T01:12:29","slug":"burkina-faso-remonte-a-la-98e-minute-au-can-2025","status":"publish","type":"post","link":"https:\/\/www.africa-press.net\/senegal\/sports\/burkina-faso-remonte-a-la-98e-minute-au-can-2025","title":{"rendered":"Burkina Faso Remonte \u00e0 la 98E Minute au CAN 2025"},"content":{"rendered":"<p><span style=\"color: #ff6600\"><strong>Africa-Press &#8211; Senegal. <\/strong><\/span>Le Burkina Faso a renverse\u0301 une partie mal embarque\u0301e ce mercredi pour arracher la victoire a\u0300 la dernie\u0300re minute lors de son premier match a\u0300 la CAN 2025.<\/p>\n<p>Renversant Burkina Faso. Cueillis a\u0300 froid cinq minutes avant la fin du temps re\u0301glementaire, les Etalons ont renverse\u0301 la table dans les arre\u0302ts de jeu pour s\u2019offrir une pre\u0301cieuse victoire d\u2019entre\u0301e a\u0300 la CAN 2025, ce mercredi, au Maroc.<\/p>\n<p><b>Le Burkina Faso mene\u0301 en de\u0301pit de son avantage nume\u0301rique<\/b><\/p>\n<p>Sur la pelouse du Stade Mohammed V de Casablanca, les joueurs de Brama Traore\u0301 se sont impose\u0301s 2-1 face a\u0300 la Guine\u0301e e\u0301quatoriale, re\u0301duite en infe\u0301riorite\u0301 nume\u0301rique a\u0300 compter de la 50e minute de jeu. Fautif sur une dangereuse semelle essuye\u0301e sur la cheville de Bertrand Traore\u0301, Basilio Ndong se faisait logiquement expulser apre\u0300s consultation de la VAR.<\/p>\n<p>Cela n\u2019empe\u0302chait pas les E\u0301quato-Guine\u0301ens d\u2019ouvrir le score contre le cours du jeu a\u0300 la 85e. En effet, sur un corner tire\u0301 a\u0300 gauche, Marvin Anieboh plac\u0327ait une reprise de la te\u0302te imparable dans la lucarne droite d\u2019Herve\u0301 Koffi.<\/p>\n<p><b>Edmond Tapsoba porte le Burkina Faso dans les arre\u0302ts de jeu<\/b><\/p>\n<p>Longtemps inefficaces, les Burkinabe\u0300 trouvaient enfin la faille dans les arre\u0302ts de jeu. Sur une perte de balle de Dango Ouattara, accroche\u0301 dans la surface, le rentrant Georgi Minoungou ajustait parfaitement Jesu\u0301s Owono a\u0300 gauche pour e\u0301galiser (90e+5).<\/p>\n<p>Trois minutes plus tard, Edmond Tapsoba, de\u0301ja\u0300 a\u0300 l\u2019avant-dernie\u0300re passe sur l\u2019e\u0301galisation, plac\u0327ait une te\u0302te rageuse au second poteau pour reprendre un centre le\u0301ge\u0300rement de\u0301vie\u0301 provenant de droite (90e+8).<\/p>\n<p>Le Burkina Faso e\u0301vite donc le pie\u0300ge de justesse. Dimanche, il affrontera l\u2019Alge\u0301rie pour une place en huitie\u0300mes de finale (groupe E).<\/p>\n<p><strong>Pour plus d&rsquo;informations et d&rsquo;analyses sur la <span style=\"color: #ff6600\">Senegal<\/span>, suivez <span style=\"color: #ff6600\">Africa-Press<\/span><\/strong><\/p>\n","protected":false},"excerpt":{"rendered":"<p>Africa-Press &#8211; Senegal. Le Burkina Faso a renverse\u0301 une partie mal embarque\u0301e ce mercredi pour arracher la victoire a\u0300 la dernie\u0300re minute lors de son premier match a\u0300 la CAN 2025. Renversant Burkina Faso. Cueillis a\u0300 froid cinq minutes avant la fin du temps re\u0301glementaire, les Etalons ont renverse\u0301 la table dans les arre\u0302ts de [&hellip;]<\/p>\n","protected":false},"author":82,"featured_media":73777,"comment_status":"open","ping_status":"closed","sticky":false,"template":"","format":"standard","meta":{"footnotes":""},"categories":[6,10],"tags":[44],"class_list":["post-73778","post","type-post","status-publish","format-standard","has-post-thumbnail","hentry","category-sports","category-toutes-les-actualites","tag-senegal-2"],"yoast_head":"<!-- This site is optimized with the Yoast SEO Premium plugin v26.1 (Yoast SEO v27.0) - https:\/\/yoast.com\/product\/yoast-seo-premium-wordpress\/ -->\n<title>Burkina Faso Remonte \u00e0 la 98E Minute au CAN 2025 - Senegal<\/title>\n<meta name=\"description\" content=\"Le Burkina Faso a renverse\u0301 une partie mal embarque\u0301e ce mercredi pour arracher la victoire a\u0300 la dernie\u0300re minute lors ...\" \/>\n<meta name=\"robots\" content=\"index, follow, max-snippet:-1, max-image-preview:large, max-video-preview:-1\" \/>\n<link rel=\"canonical\" href=\"https:\/\/www.africa-press.net\/senegal\/sports\/burkina-faso-remonte-a-la-98e-minute-au-can-2025\" \/>\n<meta property=\"og:locale\" content=\"fr_FR\" \/>\n<meta property=\"og:type\" content=\"article\" \/>\n<meta property=\"og:title\" content=\"Burkina Faso Remonte \u00e0 la 98E Minute au CAN 2025\" \/>\n<meta property=\"og:description\" content=\"Le Burkina Faso a renverse\u0301 une partie mal embarque\u0301e ce mercredi pour arracher la victoire a\u0300 la dernie\u0300re minute lors ...\" \/>\n<meta property=\"og:url\" content=\"https:\/\/www.africa-press.net\/senegal\/sports\/burkina-faso-remonte-a-la-98e-minute-au-can-2025\" \/>\n<meta property=\"og:site_name\" content=\"Senegal\" \/>\n<meta property=\"article:published_time\" content=\"2025-12-24T12:10:00+00:00\" \/>\n<meta property=\"article:modified_time\" content=\"2025-12-25T01:12:29+00:00\" \/>\n<meta property=\"og:image\" content=\"https:\/\/static.africa-press.net\/senegal\/sites\/13\/2025\/12\/sm_1766653885.232396.jpg\" \/>\n\t<meta property=\"og:image:width\" content=\"1280\" \/>\n\t<meta property=\"og:image:height\" content=\"720\" \/>\n\t<meta property=\"og:image:type\" content=\"image\/jpeg\" \/>\n<meta name=\"author\" content=\"cfeditorfr\" \/>\n<meta name=\"twitter:card\" content=\"summary_large_image\" \/>\n<meta name=\"twitter:label1\" content=\"\u00c9crit par\" \/>\n\t<meta name=\"twitter:data1\" content=\"cfeditorfr\" \/>\n\t<meta name=\"twitter:label2\" content=\"Dur\u00e9e de lecture estim\u00e9e\" \/>\n\t<meta name=\"twitter:data2\" content=\"2 minutes\" \/>\n<script type=\"application\/ld+json\" class=\"yoast-schema-graph\">{\"@context\":\"https:\/\/schema.org\",\"@graph\":[{\"@type\":\"Article\",\"@id\":\"https:\/\/www.africa-press.net\/senegal\/sports\/burkina-faso-remonte-a-la-98e-minute-au-can-2025#article\",\"isPartOf\":{\"@id\":\"https:\/\/www.africa-press.net\/senegal\/sports\/burkina-faso-remonte-a-la-98e-minute-au-can-2025\"},\"author\":{\"name\":\"cfeditorfr\",\"@id\":\"https:\/\/www.africa-press.net\/senegal\/#\/schema\/person\/2b1cf3cd81a31e3cd26889ca66d677f1\"},\"headline\":\"Burkina Faso Remonte \u00e0 la 98E Minute au CAN 2025\",\"datePublished\":\"2025-12-24T12:10:00+00:00\",\"dateModified\":\"2025-12-25T01:12:29+00:00\",\"mainEntityOfPage\":{\"@id\":\"https:\/\/www.africa-press.net\/senegal\/sports\/burkina-faso-remonte-a-la-98e-minute-au-can-2025\"},\"wordCount\":340,\"commentCount\":0,\"image\":{\"@id\":\"https:\/\/www.africa-press.net\/senegal\/sports\/burkina-faso-remonte-a-la-98e-minute-au-can-2025#primaryimage\"},\"thumbnailUrl\":\"https:\/\/static.africa-press.net\/senegal\/sites\/13\/2025\/12\/sm_1766653885.232396.jpg\",\"keywords\":[\"Senegal\"],\"articleSection\":[\"Sports\",\"Toutes les actualit\u00e9s\"],\"inLanguage\":\"fr-FR\",\"potentialAction\":[{\"@type\":\"CommentAction\",\"name\":\"Comment\",\"target\":[\"https:\/\/www.africa-press.net\/senegal\/sports\/burkina-faso-remonte-a-la-98e-minute-au-can-2025#respond\"]}]},{\"@type\":\"WebPage\",\"@id\":\"https:\/\/www.africa-press.net\/senegal\/sports\/burkina-faso-remonte-a-la-98e-minute-au-can-2025\",\"url\":\"https:\/\/www.africa-press.net\/senegal\/sports\/burkina-faso-remonte-a-la-98e-minute-au-can-2025\",\"name\":\"Burkina Faso Remonte \u00e0 la 98E Minute au CAN 2025 - Senegal\",\"isPartOf\":{\"@id\":\"https:\/\/www.africa-press.net\/senegal\/#website\"},\"primaryImageOfPage\":{\"@id\":\"https:\/\/www.africa-press.net\/senegal\/sports\/burkina-faso-remonte-a-la-98e-minute-au-can-2025#primaryimage\"},\"image\":{\"@id\":\"https:\/\/www.africa-press.net\/senegal\/sports\/burkina-faso-remonte-a-la-98e-minute-au-can-2025#primaryimage\"},\"thumbnailUrl\":\"https:\/\/static.africa-press.net\/senegal\/sites\/13\/2025\/12\/sm_1766653885.232396.jpg\",\"datePublished\":\"2025-12-24T12:10:00+00:00\",\"dateModified\":\"2025-12-25T01:12:29+00:00\",\"author\":{\"@id\":\"https:\/\/www.africa-press.net\/senegal\/#\/schema\/person\/2b1cf3cd81a31e3cd26889ca66d677f1\"},\"description\":\"Le Burkina Faso a renverse\u0301 une partie mal embarque\u0301e ce mercredi pour arracher la victoire a\u0300 la dernie\u0300re minute lors ...\",\"breadcrumb\":{\"@id\":\"https:\/\/www.africa-press.net\/senegal\/sports\/burkina-faso-remonte-a-la-98e-minute-au-can-2025#breadcrumb\"},\"inLanguage\":\"fr-FR\",\"potentialAction\":[{\"@type\":\"ReadAction\",\"target\":[\"https:\/\/www.africa-press.net\/senegal\/sports\/burkina-faso-remonte-a-la-98e-minute-au-can-2025\"]}]},{\"@type\":\"ImageObject\",\"inLanguage\":\"fr-FR\",\"@id\":\"https:\/\/www.africa-press.net\/senegal\/sports\/burkina-faso-remonte-a-la-98e-minute-au-can-2025#primaryimage\",\"url\":\"https:\/\/static.africa-press.net\/senegal\/sites\/13\/2025\/12\/sm_1766653885.232396.jpg\",\"contentUrl\":\"https:\/\/static.africa-press.net\/senegal\/sites\/13\/2025\/12\/sm_1766653885.232396.jpg\",\"width\":1280,\"height\":720,\"caption\":\"Burkina Faso Remonte \u00e0 la 98E Minute au CAN 2025\"},{\"@type\":\"BreadcrumbList\",\"@id\":\"https:\/\/www.africa-press.net\/senegal\/sports\/burkina-faso-remonte-a-la-98e-minute-au-can-2025#breadcrumb\",\"itemListElement\":[{\"@type\":\"ListItem\",\"position\":1,\"name\":\"Accueil\",\"item\":\"https:\/\/www.africa-press.net\/senegal\/\"},{\"@type\":\"ListItem\",\"position\":2,\"name\":\"Burkina Faso Remonte \u00e0 la 98E Minute au CAN 2025\"}]},{\"@type\":\"WebSite\",\"@id\":\"https:\/\/www.africa-press.net\/senegal\/#website\",\"url\":\"https:\/\/www.africa-press.net\/senegal\/\",\"name\":\"Africa Press | Senegal | Homepage\",\"description\":\"Just another Africa News Agency Sites site\",\"potentialAction\":[{\"@type\":\"SearchAction\",\"target\":{\"@type\":\"EntryPoint\",\"urlTemplate\":\"https:\/\/www.africa-press.net\/senegal\/?s={search_term_string}\"},\"query-input\":{\"@type\":\"PropertyValueSpecification\",\"valueRequired\":true,\"valueName\":\"search_term_string\"}}],\"inLanguage\":\"fr-FR\"},{\"@type\":\"Person\",\"@id\":\"https:\/\/www.africa-press.net\/senegal\/#\/schema\/person\/2b1cf3cd81a31e3cd26889ca66d677f1\",\"name\":\"cfeditorfr\",\"url\":\"https:\/\/www.africa-press.net\/senegal\/author\/cfeditorfr\"}]}<\/script>\n<!-- \/ Yoast SEO Premium plugin. -->","yoast_head_json":{"title":"Burkina Faso Remonte \u00e0 la 98E Minute au CAN 2025 - Senegal","description":"Le Burkina Faso a renverse\u0301 une partie mal embarque\u0301e ce mercredi pour arracher la victoire a\u0300 la dernie\u0300re minute lors ...","robots":{"index":"index","follow":"follow","max-snippet":"max-snippet:-1","max-image-preview":"max-image-preview:large","max-video-preview":"max-video-preview:-1"},"canonical":"https:\/\/www.africa-press.net\/senegal\/sports\/burkina-faso-remonte-a-la-98e-minute-au-can-2025","og_locale":"fr_FR","og_type":"article","og_title":"Burkina Faso Remonte \u00e0 la 98E Minute au CAN 2025","og_description":"Le Burkina Faso a renverse\u0301 une partie mal embarque\u0301e ce mercredi pour arracher la victoire a\u0300 la dernie\u0300re minute lors ...","og_url":"https:\/\/www.africa-press.net\/senegal\/sports\/burkina-faso-remonte-a-la-98e-minute-au-can-2025","og_site_name":"Senegal","article_published_time":"2025-12-24T12:10:00+00:00","article_modified_time":"2025-12-25T01:12:29+00:00","og_image":[{"width":1280,"height":720,"url":"https:\/\/static.africa-press.net\/senegal\/sites\/13\/2025\/12\/sm_1766653885.232396.jpg","type":"image\/jpeg"}],"author":"cfeditorfr","twitter_card":"summary_large_image","twitter_misc":{"\u00c9crit par":"cfeditorfr","Dur\u00e9e de lecture estim\u00e9e":"2 minutes"},"schema":{"@context":"https:\/\/schema.org","@graph":[{"@type":"Article","@id":"https:\/\/www.africa-press.net\/senegal\/sports\/burkina-faso-remonte-a-la-98e-minute-au-can-2025#article","isPartOf":{"@id":"https:\/\/www.africa-press.net\/senegal\/sports\/burkina-faso-remonte-a-la-98e-minute-au-can-2025"},"author":{"name":"cfeditorfr","@id":"https:\/\/www.africa-press.net\/senegal\/#\/schema\/person\/2b1cf3cd81a31e3cd26889ca66d677f1"},"headline":"Burkina Faso Remonte \u00e0 la 98E Minute au CAN 2025","datePublished":"2025-12-24T12:10:00+00:00","dateModified":"2025-12-25T01:12:29+00:00","mainEntityOfPage":{"@id":"https:\/\/www.africa-press.net\/senegal\/sports\/burkina-faso-remonte-a-la-98e-minute-au-can-2025"},"wordCount":340,"commentCount":0,"image":{"@id":"https:\/\/www.africa-press.net\/senegal\/sports\/burkina-faso-remonte-a-la-98e-minute-au-can-2025#primaryimage"},"thumbnailUrl":"https:\/\/static.africa-press.net\/senegal\/sites\/13\/2025\/12\/sm_1766653885.232396.jpg","keywords":["Senegal"],"articleSection":["Sports","Toutes les actualit\u00e9s"],"inLanguage":"fr-FR","potentialAction":[{"@type":"CommentAction","name":"Comment","target":["https:\/\/www.africa-press.net\/senegal\/sports\/burkina-faso-remonte-a-la-98e-minute-au-can-2025#respond"]}]},{"@type":"WebPage","@id":"https:\/\/www.africa-press.net\/senegal\/sports\/burkina-faso-remonte-a-la-98e-minute-au-can-2025","url":"https:\/\/www.africa-press.net\/senegal\/sports\/burkina-faso-remonte-a-la-98e-minute-au-can-2025","name":"Burkina Faso Remonte \u00e0 la 98E Minute au CAN 2025 - Senegal","isPartOf":{"@id":"https:\/\/www.africa-press.net\/senegal\/#website"},"primaryImageOfPage":{"@id":"https:\/\/www.africa-press.net\/senegal\/sports\/burkina-faso-remonte-a-la-98e-minute-au-can-2025#primaryimage"},"image":{"@id":"https:\/\/www.africa-press.net\/senegal\/sports\/burkina-faso-remonte-a-la-98e-minute-au-can-2025#primaryimage"},"thumbnailUrl":"https:\/\/static.africa-press.net\/senegal\/sites\/13\/2025\/12\/sm_1766653885.232396.jpg","datePublished":"2025-12-24T12:10:00+00:00","dateModified":"2025-12-25T01:12:29+00:00","author":{"@id":"https:\/\/www.africa-press.net\/senegal\/#\/schema\/person\/2b1cf3cd81a31e3cd26889ca66d677f1"},"description":"Le Burkina Faso a renverse\u0301 une partie mal embarque\u0301e ce mercredi pour arracher la victoire a\u0300 la dernie\u0300re minute lors ...","breadcrumb":{"@id":"https:\/\/www.africa-press.net\/senegal\/sports\/burkina-faso-remonte-a-la-98e-minute-au-can-2025#breadcrumb"},"inLanguage":"fr-FR","potentialAction":[{"@type":"ReadAction","target":["https:\/\/www.africa-press.net\/senegal\/sports\/burkina-faso-remonte-a-la-98e-minute-au-can-2025"]}]},{"@type":"ImageObject","inLanguage":"fr-FR","@id":"https:\/\/www.africa-press.net\/senegal\/sports\/burkina-faso-remonte-a-la-98e-minute-au-can-2025#primaryimage","url":"https:\/\/static.africa-press.net\/senegal\/sites\/13\/2025\/12\/sm_1766653885.232396.jpg","contentUrl":"https:\/\/static.africa-press.net\/senegal\/sites\/13\/2025\/12\/sm_1766653885.232396.jpg","width":1280,"height":720,"caption":"Burkina Faso Remonte \u00e0 la 98E Minute au CAN 2025"},{"@type":"BreadcrumbList","@id":"https:\/\/www.africa-press.net\/senegal\/sports\/burkina-faso-remonte-a-la-98e-minute-au-can-2025#breadcrumb","itemListElement":[{"@type":"ListItem","position":1,"name":"Accueil","item":"https:\/\/www.africa-press.net\/senegal\/"},{"@type":"ListItem","position":2,"name":"Burkina Faso Remonte \u00e0 la 98E Minute au CAN 2025"}]},{"@type":"WebSite","@id":"https:\/\/www.africa-press.net\/senegal\/#website","url":"https:\/\/www.africa-press.net\/senegal\/","name":"Africa Press | Senegal | Homepage","description":"Just another Africa News Agency Sites site","potentialAction":[{"@type":"SearchAction","target":{"@type":"EntryPoint","urlTemplate":"https:\/\/www.africa-press.net\/senegal\/?s={search_term_string}"},"query-input":{"@type":"PropertyValueSpecification","valueRequired":true,"valueName":"search_term_string"}}],"inLanguage":"fr-FR"},{"@type":"Person","@id":"https:\/\/www.africa-press.net\/senegal\/#\/schema\/person\/2b1cf3cd81a31e3cd26889ca66d677f1","name":"cfeditorfr","url":"https:\/\/www.africa-press.net\/senegal\/author\/cfeditorfr"}]}},"_links":{"self":[{"href":"https:\/\/www.africa-press.net\/senegal\/wp-json\/wp\/v2\/posts\/73778","targetHints":{"allow":["GET"]}}],"collection":[{"href":"https:\/\/www.africa-press.net\/senegal\/wp-json\/wp\/v2\/posts"}],"about":[{"href":"https:\/\/www.africa-press.net\/senegal\/wp-json\/wp\/v2\/types\/post"}],"author":[{"embeddable":true,"href":"https:\/\/www.africa-press.net\/senegal\/wp-json\/wp\/v2\/users\/82"}],"replies":[{"embeddable":true,"href":"https:\/\/www.africa-press.net\/senegal\/wp-json\/wp\/v2\/comments?post=73778"}],"version-history":[{"count":0,"href":"https:\/\/www.africa-press.net\/senegal\/wp-json\/wp\/v2\/posts\/73778\/revisions"}],"wp:featuredmedia":[{"embeddable":true,"href":"https:\/\/www.africa-press.net\/senegal\/wp-json\/wp\/v2\/media\/73777"}],"wp:attachment":[{"href":"https:\/\/www.africa-press.net\/senegal\/wp-json\/wp\/v2\/media?parent=73778"}],"wp:term":[{"taxonomy":"category","embeddable":true,"href":"https:\/\/www.africa-press.net\/senegal\/wp-json\/wp\/v2\/categories?post=73778"},{"taxonomy":"post_tag","embeddable":true,"href":"https:\/\/www.africa-press.net\/senegal\/wp-json\/wp\/v2\/tags?post=73778"}],"curies":[{"name":"wp","href":"https:\/\/api.w.org\/{rel}","templated":true}]}}