{"id":73793,"date":"2025-12-25T12:10:00","date_gmt":"2025-12-25T12:10:00","guid":{"rendered":"https:\/\/www.africa-press.net\/senegal\/politique\/can-2025-le-maroc-pret-pour-un-match-equilibre"},"modified":"2025-12-26T00:47:51","modified_gmt":"2025-12-26T00:47:51","slug":"can-2025-le-maroc-pret-pour-un-match-equilibre","status":"publish","type":"post","link":"https:\/\/www.africa-press.net\/senegal\/sports\/can-2025-le-maroc-pret-pour-un-match-equilibre","title":{"rendered":"CAN 2025: le Maroc Pr\u00eat pour un Match \u00c9quilibr\u00e9"},"content":{"rendered":"<p><span style=\"color: #ff6600\"><strong>Africa-Press &#8211; Senegal. <\/strong><\/span>Walid Regragui s\u2019est pre\u0301sente\u0301 en confe\u0301rence de presse, ce jeudi 25 de\u0301cembre, a\u0300 la veille du match de la Coupe d\u2019Afrique des nations entre le Maroc et le Mali. Le se\u0301lectionneur des Lions de l\u2019Atlas se veut me\u0301fiant.<\/p>\n<p>Une victoire et le Maroc s\u2019assurera une place en huitie\u0300mes de finale. Voici l\u2019enjeu du deuxie\u0300me match de la phase de poules de la CAN 2025 entre les Lions de l\u2019Atlas et le Mali, ce vendredi 26 de\u0301cembre au stade Prince Moulay Abdellah de Rabat. Qu\u2019importe le re\u0301sultat de l\u2019autre match du groupe, qui opposera la Zambie aux Comores, trois points permettraient aux joueurs de Walid Regragui de se qualifier avant me\u0302me la dernie\u0300re journe\u0301e.<\/p>\n<p><b>\u00ab Une des e\u0301quipes qui a le plus de potentiel en Afrique \u00bb<\/b><\/p>\n<p>Pour autant, le se\u0301lectionneur joue la carte de la prudence, alors que son e\u0301quipe a ide\u0301alement lance\u0301 sa compe\u0301tition par un succe\u0300s face aux Comores (2-0). Il insiste sur la qualite\u0301 de son adversaire, rejoint au score dans les toutes dernie\u0300res minutes par la Zambie pour son entre\u0301e en lice (1-1).<\/p>\n<p>Maintenant, on rentre aussi dans la vraie compe\u0301tition. Pour moi, le Mali est une des e\u0301quipes qui a le plus de potentiel en Afrique depuis tre\u0300s longtemps, avec des tre\u0300s bons joueurs, tre\u0300s habiles, qui auront a\u0300 c\u0153ur de gagner. C\u0327a va e\u0302tre un match tre\u0300s e\u0301quilibre\u0301 , a estime\u0301 Regragui. On dit que le lion ne meurt jamais, il dort. Mais l\u2019aigle, c\u2019est pareil. Il ne dort pas, il est pre\u0302t a\u0300 piquer. C\u2019est pour c\u0327a qu\u2019on est tre\u0300s concentre\u0301, avec beaucoup d\u2019humilite\u0301, a-t-il continue\u0301. Ce n\u2019est pas de la langue de bois, honne\u0302tement. A\u0300 la dernie\u0300re CAN, c\u0327a s\u2019est joue\u0301 a\u0300 tre\u0300s, tre\u0300s peu de choses pour que le Mali aille au bout (e\u0301limination apre\u0300s prolongation en quart de finale contre la Co\u0302te d\u2019Ivoire).<\/p>\n<p>Les deux se\u0301lections ne se sont plus affronte\u0301es depuis septembre 2017, en e\u0301liminatoires pour la Coupe du monde. Le Maroc s\u2019e\u0301tait largement impose\u0301 a\u0300 domicile (6-0), avant de conce\u0301der le nul a\u0300 Bamako (0-0).<\/p>\n<p><strong>Pour plus d&rsquo;informations et d&rsquo;analyses sur la <span style=\"color: #ff6600\">Senegal<\/span>, suivez <span style=\"color: #ff6600\">Africa-Press<\/span><\/strong><\/p>\n","protected":false},"excerpt":{"rendered":"<p>Africa-Press &#8211; Senegal. Walid Regragui s\u2019est pre\u0301sente\u0301 en confe\u0301rence de presse, ce jeudi 25 de\u0301cembre, a\u0300 la veille du match de la Coupe d\u2019Afrique des nations entre le Maroc et le Mali. Le se\u0301lectionneur des Lions de l\u2019Atlas se veut me\u0301fiant. Une victoire et le Maroc s\u2019assurera une place en huitie\u0300mes de finale. Voici l\u2019enjeu [&hellip;]<\/p>\n","protected":false},"author":82,"featured_media":73792,"comment_status":"open","ping_status":"closed","sticky":false,"template":"","format":"standard","meta":{"footnotes":""},"categories":[6,10],"tags":[44],"class_list":["post-73793","post","type-post","status-publish","format-standard","has-post-thumbnail","hentry","category-sports","category-toutes-les-actualites","tag-senegal-2"],"yoast_head":"<!-- This site is optimized with the Yoast SEO Premium plugin v26.1 (Yoast SEO v27.0) - https:\/\/yoast.com\/product\/yoast-seo-premium-wordpress\/ -->\n<title>CAN 2025: le Maroc Pr\u00eat pour un Match \u00c9quilibr\u00e9 - Senegal<\/title>\n<meta name=\"description\" content=\"Walid Regragui s\u2019est pre\u0301sente\u0301 en confe\u0301rence de presse, ce jeudi 25 de\u0301cembre, a\u0300 la veille du match de la Coupe d\u2019Afr ...\" \/>\n<meta name=\"robots\" content=\"index, follow, max-snippet:-1, max-image-preview:large, max-video-preview:-1\" \/>\n<link rel=\"canonical\" href=\"https:\/\/www.africa-press.net\/senegal\/sports\/can-2025-le-maroc-pret-pour-un-match-equilibre\" \/>\n<meta property=\"og:locale\" content=\"fr_FR\" \/>\n<meta property=\"og:type\" content=\"article\" \/>\n<meta property=\"og:title\" content=\"CAN 2025: le Maroc Pr\u00eat pour un Match \u00c9quilibr\u00e9\" \/>\n<meta property=\"og:description\" content=\"Walid Regragui s\u2019est pre\u0301sente\u0301 en confe\u0301rence de presse, ce jeudi 25 de\u0301cembre, a\u0300 la veille du match de la Coupe d\u2019Afr ...\" \/>\n<meta property=\"og:url\" content=\"https:\/\/www.africa-press.net\/senegal\/sports\/can-2025-le-maroc-pret-pour-un-match-equilibre\" \/>\n<meta property=\"og:site_name\" content=\"Senegal\" \/>\n<meta property=\"article:published_time\" content=\"2025-12-25T12:10:00+00:00\" \/>\n<meta property=\"article:modified_time\" content=\"2025-12-26T00:47:51+00:00\" \/>\n<meta property=\"og:image\" content=\"https:\/\/static.africa-press.net\/senegal\/sites\/13\/2025\/12\/sm_1766738846.824239.jpg\" \/>\n\t<meta property=\"og:image:width\" content=\"630\" \/>\n\t<meta property=\"og:image:height\" content=\"354\" \/>\n\t<meta property=\"og:image:type\" content=\"image\/jpeg\" \/>\n<meta name=\"author\" content=\"cfeditorfr\" \/>\n<meta name=\"twitter:card\" content=\"summary_large_image\" \/>\n<meta name=\"twitter:label1\" content=\"\u00c9crit par\" \/>\n\t<meta name=\"twitter:data1\" content=\"cfeditorfr\" \/>\n\t<meta name=\"twitter:label2\" content=\"Dur\u00e9e de lecture estim\u00e9e\" \/>\n\t<meta name=\"twitter:data2\" content=\"2 minutes\" \/>\n<script type=\"application\/ld+json\" class=\"yoast-schema-graph\">{\"@context\":\"https:\/\/schema.org\",\"@graph\":[{\"@type\":\"Article\",\"@id\":\"https:\/\/www.africa-press.net\/senegal\/sports\/can-2025-le-maroc-pret-pour-un-match-equilibre#article\",\"isPartOf\":{\"@id\":\"https:\/\/www.africa-press.net\/senegal\/sports\/can-2025-le-maroc-pret-pour-un-match-equilibre\"},\"author\":{\"name\":\"cfeditorfr\",\"@id\":\"https:\/\/www.africa-press.net\/senegal\/#\/schema\/person\/2b1cf3cd81a31e3cd26889ca66d677f1\"},\"headline\":\"CAN 2025: le Maroc Pr\u00eat pour un Match \u00c9quilibr\u00e9\",\"datePublished\":\"2025-12-25T12:10:00+00:00\",\"dateModified\":\"2025-12-26T00:47:51+00:00\",\"mainEntityOfPage\":{\"@id\":\"https:\/\/www.africa-press.net\/senegal\/sports\/can-2025-le-maroc-pret-pour-un-match-equilibre\"},\"wordCount\":417,\"commentCount\":0,\"image\":{\"@id\":\"https:\/\/www.africa-press.net\/senegal\/sports\/can-2025-le-maroc-pret-pour-un-match-equilibre#primaryimage\"},\"thumbnailUrl\":\"https:\/\/static.africa-press.net\/senegal\/sites\/13\/2025\/12\/sm_1766738846.824239.jpg\",\"keywords\":[\"Senegal\"],\"articleSection\":[\"Sports\",\"Toutes les actualit\u00e9s\"],\"inLanguage\":\"fr-FR\",\"potentialAction\":[{\"@type\":\"CommentAction\",\"name\":\"Comment\",\"target\":[\"https:\/\/www.africa-press.net\/senegal\/sports\/can-2025-le-maroc-pret-pour-un-match-equilibre#respond\"]}]},{\"@type\":\"WebPage\",\"@id\":\"https:\/\/www.africa-press.net\/senegal\/sports\/can-2025-le-maroc-pret-pour-un-match-equilibre\",\"url\":\"https:\/\/www.africa-press.net\/senegal\/sports\/can-2025-le-maroc-pret-pour-un-match-equilibre\",\"name\":\"CAN 2025: le Maroc Pr\u00eat pour un Match \u00c9quilibr\u00e9 - Senegal\",\"isPartOf\":{\"@id\":\"https:\/\/www.africa-press.net\/senegal\/#website\"},\"primaryImageOfPage\":{\"@id\":\"https:\/\/www.africa-press.net\/senegal\/sports\/can-2025-le-maroc-pret-pour-un-match-equilibre#primaryimage\"},\"image\":{\"@id\":\"https:\/\/www.africa-press.net\/senegal\/sports\/can-2025-le-maroc-pret-pour-un-match-equilibre#primaryimage\"},\"thumbnailUrl\":\"https:\/\/static.africa-press.net\/senegal\/sites\/13\/2025\/12\/sm_1766738846.824239.jpg\",\"datePublished\":\"2025-12-25T12:10:00+00:00\",\"dateModified\":\"2025-12-26T00:47:51+00:00\",\"author\":{\"@id\":\"https:\/\/www.africa-press.net\/senegal\/#\/schema\/person\/2b1cf3cd81a31e3cd26889ca66d677f1\"},\"description\":\"Walid Regragui s\u2019est pre\u0301sente\u0301 en confe\u0301rence de presse, ce jeudi 25 de\u0301cembre, a\u0300 la veille du match de la Coupe d\u2019Afr ...\",\"breadcrumb\":{\"@id\":\"https:\/\/www.africa-press.net\/senegal\/sports\/can-2025-le-maroc-pret-pour-un-match-equilibre#breadcrumb\"},\"inLanguage\":\"fr-FR\",\"potentialAction\":[{\"@type\":\"ReadAction\",\"target\":[\"https:\/\/www.africa-press.net\/senegal\/sports\/can-2025-le-maroc-pret-pour-un-match-equilibre\"]}]},{\"@type\":\"ImageObject\",\"inLanguage\":\"fr-FR\",\"@id\":\"https:\/\/www.africa-press.net\/senegal\/sports\/can-2025-le-maroc-pret-pour-un-match-equilibre#primaryimage\",\"url\":\"https:\/\/static.africa-press.net\/senegal\/sites\/13\/2025\/12\/sm_1766738846.824239.jpg\",\"contentUrl\":\"https:\/\/static.africa-press.net\/senegal\/sites\/13\/2025\/12\/sm_1766738846.824239.jpg\",\"width\":630,\"height\":354,\"caption\":\"CAN 2025: le Maroc Pr\u00eat pour un Match \u00c9quilibr\u00e9\"},{\"@type\":\"BreadcrumbList\",\"@id\":\"https:\/\/www.africa-press.net\/senegal\/sports\/can-2025-le-maroc-pret-pour-un-match-equilibre#breadcrumb\",\"itemListElement\":[{\"@type\":\"ListItem\",\"position\":1,\"name\":\"Accueil\",\"item\":\"https:\/\/www.africa-press.net\/senegal\/\"},{\"@type\":\"ListItem\",\"position\":2,\"name\":\"CAN 2025: le Maroc Pr\u00eat pour un Match \u00c9quilibr\u00e9\"}]},{\"@type\":\"WebSite\",\"@id\":\"https:\/\/www.africa-press.net\/senegal\/#website\",\"url\":\"https:\/\/www.africa-press.net\/senegal\/\",\"name\":\"Africa Press | Senegal | Homepage\",\"description\":\"Just another Africa News Agency Sites site\",\"potentialAction\":[{\"@type\":\"SearchAction\",\"target\":{\"@type\":\"EntryPoint\",\"urlTemplate\":\"https:\/\/www.africa-press.net\/senegal\/?s={search_term_string}\"},\"query-input\":{\"@type\":\"PropertyValueSpecification\",\"valueRequired\":true,\"valueName\":\"search_term_string\"}}],\"inLanguage\":\"fr-FR\"},{\"@type\":\"Person\",\"@id\":\"https:\/\/www.africa-press.net\/senegal\/#\/schema\/person\/2b1cf3cd81a31e3cd26889ca66d677f1\",\"name\":\"cfeditorfr\",\"url\":\"https:\/\/www.africa-press.net\/senegal\/author\/cfeditorfr\"}]}<\/script>\n<!-- \/ Yoast SEO Premium plugin. -->","yoast_head_json":{"title":"CAN 2025: le Maroc Pr\u00eat pour un Match \u00c9quilibr\u00e9 - Senegal","description":"Walid Regragui s\u2019est pre\u0301sente\u0301 en confe\u0301rence de presse, ce jeudi 25 de\u0301cembre, a\u0300 la veille du match de la Coupe d\u2019Afr ...","robots":{"index":"index","follow":"follow","max-snippet":"max-snippet:-1","max-image-preview":"max-image-preview:large","max-video-preview":"max-video-preview:-1"},"canonical":"https:\/\/www.africa-press.net\/senegal\/sports\/can-2025-le-maroc-pret-pour-un-match-equilibre","og_locale":"fr_FR","og_type":"article","og_title":"CAN 2025: le Maroc Pr\u00eat pour un Match \u00c9quilibr\u00e9","og_description":"Walid Regragui s\u2019est pre\u0301sente\u0301 en confe\u0301rence de presse, ce jeudi 25 de\u0301cembre, a\u0300 la veille du match de la Coupe d\u2019Afr ...","og_url":"https:\/\/www.africa-press.net\/senegal\/sports\/can-2025-le-maroc-pret-pour-un-match-equilibre","og_site_name":"Senegal","article_published_time":"2025-12-25T12:10:00+00:00","article_modified_time":"2025-12-26T00:47:51+00:00","og_image":[{"width":630,"height":354,"url":"https:\/\/static.africa-press.net\/senegal\/sites\/13\/2025\/12\/sm_1766738846.824239.jpg","type":"image\/jpeg"}],"author":"cfeditorfr","twitter_card":"summary_large_image","twitter_misc":{"\u00c9crit par":"cfeditorfr","Dur\u00e9e de lecture estim\u00e9e":"2 minutes"},"schema":{"@context":"https:\/\/schema.org","@graph":[{"@type":"Article","@id":"https:\/\/www.africa-press.net\/senegal\/sports\/can-2025-le-maroc-pret-pour-un-match-equilibre#article","isPartOf":{"@id":"https:\/\/www.africa-press.net\/senegal\/sports\/can-2025-le-maroc-pret-pour-un-match-equilibre"},"author":{"name":"cfeditorfr","@id":"https:\/\/www.africa-press.net\/senegal\/#\/schema\/person\/2b1cf3cd81a31e3cd26889ca66d677f1"},"headline":"CAN 2025: le Maroc Pr\u00eat pour un Match \u00c9quilibr\u00e9","datePublished":"2025-12-25T12:10:00+00:00","dateModified":"2025-12-26T00:47:51+00:00","mainEntityOfPage":{"@id":"https:\/\/www.africa-press.net\/senegal\/sports\/can-2025-le-maroc-pret-pour-un-match-equilibre"},"wordCount":417,"commentCount":0,"image":{"@id":"https:\/\/www.africa-press.net\/senegal\/sports\/can-2025-le-maroc-pret-pour-un-match-equilibre#primaryimage"},"thumbnailUrl":"https:\/\/static.africa-press.net\/senegal\/sites\/13\/2025\/12\/sm_1766738846.824239.jpg","keywords":["Senegal"],"articleSection":["Sports","Toutes les actualit\u00e9s"],"inLanguage":"fr-FR","potentialAction":[{"@type":"CommentAction","name":"Comment","target":["https:\/\/www.africa-press.net\/senegal\/sports\/can-2025-le-maroc-pret-pour-un-match-equilibre#respond"]}]},{"@type":"WebPage","@id":"https:\/\/www.africa-press.net\/senegal\/sports\/can-2025-le-maroc-pret-pour-un-match-equilibre","url":"https:\/\/www.africa-press.net\/senegal\/sports\/can-2025-le-maroc-pret-pour-un-match-equilibre","name":"CAN 2025: le Maroc Pr\u00eat pour un Match \u00c9quilibr\u00e9 - Senegal","isPartOf":{"@id":"https:\/\/www.africa-press.net\/senegal\/#website"},"primaryImageOfPage":{"@id":"https:\/\/www.africa-press.net\/senegal\/sports\/can-2025-le-maroc-pret-pour-un-match-equilibre#primaryimage"},"image":{"@id":"https:\/\/www.africa-press.net\/senegal\/sports\/can-2025-le-maroc-pret-pour-un-match-equilibre#primaryimage"},"thumbnailUrl":"https:\/\/static.africa-press.net\/senegal\/sites\/13\/2025\/12\/sm_1766738846.824239.jpg","datePublished":"2025-12-25T12:10:00+00:00","dateModified":"2025-12-26T00:47:51+00:00","author":{"@id":"https:\/\/www.africa-press.net\/senegal\/#\/schema\/person\/2b1cf3cd81a31e3cd26889ca66d677f1"},"description":"Walid Regragui s\u2019est pre\u0301sente\u0301 en confe\u0301rence de presse, ce jeudi 25 de\u0301cembre, a\u0300 la veille du match de la Coupe d\u2019Afr ...","breadcrumb":{"@id":"https:\/\/www.africa-press.net\/senegal\/sports\/can-2025-le-maroc-pret-pour-un-match-equilibre#breadcrumb"},"inLanguage":"fr-FR","potentialAction":[{"@type":"ReadAction","target":["https:\/\/www.africa-press.net\/senegal\/sports\/can-2025-le-maroc-pret-pour-un-match-equilibre"]}]},{"@type":"ImageObject","inLanguage":"fr-FR","@id":"https:\/\/www.africa-press.net\/senegal\/sports\/can-2025-le-maroc-pret-pour-un-match-equilibre#primaryimage","url":"https:\/\/static.africa-press.net\/senegal\/sites\/13\/2025\/12\/sm_1766738846.824239.jpg","contentUrl":"https:\/\/static.africa-press.net\/senegal\/sites\/13\/2025\/12\/sm_1766738846.824239.jpg","width":630,"height":354,"caption":"CAN 2025: le Maroc Pr\u00eat pour un Match \u00c9quilibr\u00e9"},{"@type":"BreadcrumbList","@id":"https:\/\/www.africa-press.net\/senegal\/sports\/can-2025-le-maroc-pret-pour-un-match-equilibre#breadcrumb","itemListElement":[{"@type":"ListItem","position":1,"name":"Accueil","item":"https:\/\/www.africa-press.net\/senegal\/"},{"@type":"ListItem","position":2,"name":"CAN 2025: le Maroc Pr\u00eat pour un Match \u00c9quilibr\u00e9"}]},{"@type":"WebSite","@id":"https:\/\/www.africa-press.net\/senegal\/#website","url":"https:\/\/www.africa-press.net\/senegal\/","name":"Africa Press | Senegal | Homepage","description":"Just another Africa News Agency Sites site","potentialAction":[{"@type":"SearchAction","target":{"@type":"EntryPoint","urlTemplate":"https:\/\/www.africa-press.net\/senegal\/?s={search_term_string}"},"query-input":{"@type":"PropertyValueSpecification","valueRequired":true,"valueName":"search_term_string"}}],"inLanguage":"fr-FR"},{"@type":"Person","@id":"https:\/\/www.africa-press.net\/senegal\/#\/schema\/person\/2b1cf3cd81a31e3cd26889ca66d677f1","name":"cfeditorfr","url":"https:\/\/www.africa-press.net\/senegal\/author\/cfeditorfr"}]}},"_links":{"self":[{"href":"https:\/\/www.africa-press.net\/senegal\/wp-json\/wp\/v2\/posts\/73793","targetHints":{"allow":["GET"]}}],"collection":[{"href":"https:\/\/www.africa-press.net\/senegal\/wp-json\/wp\/v2\/posts"}],"about":[{"href":"https:\/\/www.africa-press.net\/senegal\/wp-json\/wp\/v2\/types\/post"}],"author":[{"embeddable":true,"href":"https:\/\/www.africa-press.net\/senegal\/wp-json\/wp\/v2\/users\/82"}],"replies":[{"embeddable":true,"href":"https:\/\/www.africa-press.net\/senegal\/wp-json\/wp\/v2\/comments?post=73793"}],"version-history":[{"count":0,"href":"https:\/\/www.africa-press.net\/senegal\/wp-json\/wp\/v2\/posts\/73793\/revisions"}],"wp:featuredmedia":[{"embeddable":true,"href":"https:\/\/www.africa-press.net\/senegal\/wp-json\/wp\/v2\/media\/73792"}],"wp:attachment":[{"href":"https:\/\/www.africa-press.net\/senegal\/wp-json\/wp\/v2\/media?parent=73793"}],"wp:term":[{"taxonomy":"category","embeddable":true,"href":"https:\/\/www.africa-press.net\/senegal\/wp-json\/wp\/v2\/categories?post=73793"},{"taxonomy":"post_tag","embeddable":true,"href":"https:\/\/www.africa-press.net\/senegal\/wp-json\/wp\/v2\/tags?post=73793"}],"curies":[{"name":"wp","href":"https:\/\/api.w.org\/{rel}","templated":true}]}}