{"id":73798,"date":"2025-12-25T12:00:00","date_gmt":"2025-12-25T12:00:00","guid":{"rendered":"https:\/\/www.africa-press.net\/senegal\/politique\/bebes-concus-par-pma-grandissent-ils-comme-les-autres-2"},"modified":"2025-12-26T00:57:26","modified_gmt":"2025-12-26T00:57:26","slug":"bebes-concus-par-pma-grandissent-ils-comme-les-autres-2","status":"publish","type":"post","link":"https:\/\/www.africa-press.net\/senegal\/toutes-les-actualites\/bebes-concus-par-pma-grandissent-ils-comme-les-autres-2","title":{"rendered":"Be\u0301be\u0301s Conc\u0327Us par PMA Grandissent-Ils comme les Autres?"},"content":{"rendered":"<p><span style=\"color: #ff6600\"><strong>Africa-Press &#8211; Senegal. <\/strong><\/span>Les enfants conc\u0327us par procre\u0301ation me\u0301dicalement assiste\u0301e (PMA) sont plus susceptibles de nai\u0302tre pre\u0301mature\u0301s ou avec un petit poids, mais cette diffe\u0301rence s\u2019estompe a\u0300 l\u2019adolescence, conclut une analyse internationale de 26 cohortes comprenant des donne\u0301es franc\u0327aises. A l\u2019a\u0302ge adulte, ces individus issus de la PMA pourraient au contraire e\u0302tre plus susceptibles de de\u0301velopper un surpoids.<\/p>\n<p>\u201cDepuis la premie\u0300re naissance PMA en 1978, on estime a\u0300 8 millions le nombre de naissances dans le monde avec des me\u0301thodes\u201d, de\u0301peint Marie-Aline Charles, directrice de l\u2019Etude Longitudinale depuis l\u2019Enfance (ELFE), la plus grande e\u0301tude franc\u0327aise sur le de\u0301veloppement des enfants. ELFE suit 18.000 be\u0301be\u0301s ne\u0301s en 2011, dont 419 (7,5%) par PMA, au travers de tests et questionnaires remplis chaque anne\u0301e par l\u2019enfant ou ses parents. Dans cette nouvelle analyse, les enfants ELFE et EDEN (une seconde cohorte franc\u0327aise) font partie des 26 cohortes internationales d\u2019enfants ne\u0301s par PMA examine\u0301es.<\/p>\n<p><b>Un peu plus de petits poids et de pre\u0301maturite\u0301 avec la PMA<\/b><\/p>\n<p>\u00ab Me\u0302me si dans la plupart des cas l\u2019enfant nai\u0302t en parfaite sante\u0301, il y a tout de me\u0302me plus de petits poids, soit moins de 2,5 kg, et de pre\u0301maturite\u0301 avec la PMA\u201d, affirme Marie-Aline Charles. Des donne\u0301es des pays nordiques comparant be\u0301be\u0301s ne\u0301s par conception naturelle et par PMA permettent cependant de relativiser ce sur-risque. En apparence, 13% des naissances par PMA et 3% de conception naturelle sont de petit poids. Mais lorsqu\u2019on ne conside\u0300re que les diffe\u0301rences de poids entre be\u0301be\u0301s de me\u0302me fratrie et en tenant compte des naissances multiples (connues pour donner des be\u0301be\u0301s plus petits) et du rang de naissance (les premiers-ne\u0301s sont souvent plus petits), cette diffe\u0301rence de 10 points (13% vs 3%) diminue pour atteindre 1,5 points seulement.<\/p>\n<p>Il y a donc bien plus de petits poids apre\u0300s PMA, mais la diffe\u0301rence reste mode\u0301re\u0301e. Quant a\u0300 savoir pourquoi, la re\u0301ponse est moins claire. Marie-Aline Charles e\u0301voque un potentiel effet de la technique elle-me\u0302me, le fait qu\u2019elles provoquent souvent des grossesses multiples aux be\u0301be\u0301s plus petits, ou bien les soucis de sante\u0301 des me\u0300res qui ont cause\u0301 leur infertilite\u0301 en premier lieu, comme l\u2019obe\u0301site\u0301. Le type de PMA semble e\u0301galement jouer un ro\u0302le, les embryons frais au moment de l\u2019implantation e\u0301tant plus a\u0300 risque de petit poids et de pre\u0301maturite\u0301 que les embryons congele\u0301s. Ces derniers ont un risque augmente\u0301 de gros poids a\u0300 la naissance et e\u0301galement de pre\u0301maturite\u0301 par rapport aux be\u0301be\u0301s conc\u0327us naturellement. \u201cCela pourrait e\u0302tre lie\u0301 a\u0300 la quantite\u0301 d\u2019hormones subsistant chez la me\u0300re lors de l\u2019implantation d\u2019un embryon congele\u0301, car elle a subi une stimulation ovarienne il y a peu\u201d, sugge\u0300re la chercheuse.<\/p>\n<p><b>Des be\u0301be\u0301s plus petits a\u0300 la naissance, mais qui rattrapent leur retard pendant l\u2019enfance<\/b><\/p>\n<p>Dans cette nouvelle e\u0301tude, les be\u0301be\u0301s PMA naissent bien avec 180 g de moins que les be\u0301be\u0301s conc\u0327us naturellement et une masse grasse plus faible. \u00ab Mais cette diffe\u0301rence s\u2019estompe pendant l\u2019enfance, jusqu\u2019a\u0300 disparaitre a\u0300 l\u2019adolescence \u00bb, explique Marie-Aline Charles. \u00ab Ces diffe\u0301rences de croissance sont des conse\u0301quences du risque augmente\u0301 de pre\u0301maturite\u0301 et de petit poids, dont on sait que dans d\u2019autres situations ils donnent lieu a\u0300 un rattrapage ponde\u0301ral dans les premiers mois de vie \u00bb. En revanche, \u00ab ce rattrapage peut entrai\u0302ner une susceptibilite\u0301 plus importante a\u0300 de\u0301velopper un surpoids plus tard \u00bb, tempe\u0300re-t-elle. Les premie\u0300res donne\u0301es des cohortes comportant les individus les plus a\u0302ge\u0301s semblent d\u2019ailleurs confirmer cette tendance au surpoids chez les naissances par PMA.<\/p>\n<p>\u00ab Ce sont des donne\u0301es rassurantes, car les diffe\u0301rences de croissance sont faibles, me\u0302me s\u2019il faut poursuivre la surveillance \u00bb, interpre\u0300te Marie-Aline Charles. D\u2019autant, ajoute-t-elle, que l\u2019e\u0301volution des techniques de fe\u0301condation in vitro (FIV) par lesquelles sont re\u0301alise\u0301es les PMA devraient permettre de re\u0301duire cette diffe\u0301rence a\u0300 l\u2019avenir. Une conclusion rassurante, alors que le nombre de naissances par PMA ne cesse d\u2019augmenter. En 2019, 3,7% des naissances furent le produit d\u2019une PMA, contre 2,9% en 2012, d\u2019apre\u0300s l\u2019Ined.<\/p>\n<p><strong>Pour plus d&rsquo;informations et d&rsquo;analyses sur la <span style=\"color: #ff6600\">Senegal<\/span>, suivez <span style=\"color: #ff6600\">Africa-Press<\/span><\/strong><\/p>\n","protected":false},"excerpt":{"rendered":"<p>Africa-Press &#8211; Senegal. Les enfants conc\u0327us par procre\u0301ation me\u0301dicalement assiste\u0301e (PMA) sont plus susceptibles de nai\u0302tre pre\u0301mature\u0301s ou avec un petit poids, mais cette diffe\u0301rence s\u2019estompe a\u0300 l\u2019adolescence, conclut une analyse internationale de 26 cohortes comprenant des donne\u0301es franc\u0327aises. A l\u2019a\u0302ge adulte, ces individus issus de la PMA pourraient au contraire e\u0302tre plus susceptibles de [&hellip;]<\/p>\n","protected":false},"author":82,"featured_media":73797,"comment_status":"open","ping_status":"closed","sticky":false,"template":"","format":"standard","meta":{"footnotes":""},"categories":[22,10],"tags":[44],"class_list":["post-73798","post","type-post","status-publish","format-standard","has-post-thumbnail","hentry","category-divers","category-toutes-les-actualites","tag-senegal-2"],"yoast_head":"<!-- This site is optimized with the Yoast SEO Premium plugin v26.1 (Yoast SEO v27.0) - https:\/\/yoast.com\/product\/yoast-seo-premium-wordpress\/ -->\n<title>Be\u0301be\u0301s Conc\u0327Us par PMA Grandissent-Ils comme les Autres? - Senegal<\/title>\n<meta name=\"description\" content=\"Les enfants conc\u0327us par procre\u0301ation me\u0301dicalement assiste\u0301e (PMA) sont plus susceptibles de nai\u0302tre pre\u0301mature\u0301s ou ave ...\" \/>\n<meta name=\"robots\" content=\"index, follow, max-snippet:-1, max-image-preview:large, max-video-preview:-1\" \/>\n<link rel=\"canonical\" href=\"https:\/\/www.africa-press.net\/senegal\/toutes-les-actualites\/bebes-concus-par-pma-grandissent-ils-comme-les-autres-2\" \/>\n<meta property=\"og:locale\" content=\"fr_FR\" \/>\n<meta property=\"og:type\" content=\"article\" \/>\n<meta property=\"og:title\" content=\"Be\u0301be\u0301s Conc\u0327Us par PMA Grandissent-Ils comme les Autres?\" \/>\n<meta property=\"og:description\" content=\"Les enfants conc\u0327us par procre\u0301ation me\u0301dicalement assiste\u0301e (PMA) sont plus susceptibles de nai\u0302tre pre\u0301mature\u0301s ou ave ...\" \/>\n<meta property=\"og:url\" content=\"https:\/\/www.africa-press.net\/senegal\/toutes-les-actualites\/bebes-concus-par-pma-grandissent-ils-comme-les-autres-2\" \/>\n<meta property=\"og:site_name\" content=\"Senegal\" \/>\n<meta property=\"article:published_time\" content=\"2025-12-25T12:00:00+00:00\" \/>\n<meta property=\"article:modified_time\" content=\"2025-12-26T00:57:26+00:00\" \/>\n<meta property=\"og:image\" content=\"https:\/\/static.africa-press.net\/senegal\/sites\/13\/2025\/12\/sm_1766739087.415968.jpg\" \/>\n\t<meta property=\"og:image:width\" content=\"1200\" \/>\n\t<meta property=\"og:image:height\" content=\"899\" \/>\n\t<meta property=\"og:image:type\" content=\"image\/jpeg\" \/>\n<meta name=\"author\" content=\"cfeditorfr\" \/>\n<meta name=\"twitter:card\" content=\"summary_large_image\" \/>\n<meta name=\"twitter:label1\" content=\"\u00c9crit par\" \/>\n\t<meta name=\"twitter:data1\" content=\"cfeditorfr\" \/>\n\t<meta name=\"twitter:label2\" content=\"Dur\u00e9e de lecture estim\u00e9e\" \/>\n\t<meta name=\"twitter:data2\" content=\"4 minutes\" \/>\n<script type=\"application\/ld+json\" class=\"yoast-schema-graph\">{\"@context\":\"https:\/\/schema.org\",\"@graph\":[{\"@type\":\"Article\",\"@id\":\"https:\/\/www.africa-press.net\/senegal\/toutes-les-actualites\/bebes-concus-par-pma-grandissent-ils-comme-les-autres-2#article\",\"isPartOf\":{\"@id\":\"https:\/\/www.africa-press.net\/senegal\/toutes-les-actualites\/bebes-concus-par-pma-grandissent-ils-comme-les-autres-2\"},\"author\":{\"name\":\"cfeditorfr\",\"@id\":\"https:\/\/www.africa-press.net\/senegal\/#\/schema\/person\/2b1cf3cd81a31e3cd26889ca66d677f1\"},\"headline\":\"Be\u0301be\u0301s Conc\u0327Us par PMA Grandissent-Ils comme les Autres?\",\"datePublished\":\"2025-12-25T12:00:00+00:00\",\"dateModified\":\"2025-12-26T00:57:26+00:00\",\"mainEntityOfPage\":{\"@id\":\"https:\/\/www.africa-press.net\/senegal\/toutes-les-actualites\/bebes-concus-par-pma-grandissent-ils-comme-les-autres-2\"},\"wordCount\":772,\"commentCount\":0,\"image\":{\"@id\":\"https:\/\/www.africa-press.net\/senegal\/toutes-les-actualites\/bebes-concus-par-pma-grandissent-ils-comme-les-autres-2#primaryimage\"},\"thumbnailUrl\":\"https:\/\/static.africa-press.net\/senegal\/sites\/13\/2025\/12\/sm_1766739087.415968.jpg\",\"keywords\":[\"Senegal\"],\"articleSection\":[\"Divers\",\"Toutes les actualit\u00e9s\"],\"inLanguage\":\"fr-FR\",\"potentialAction\":[{\"@type\":\"CommentAction\",\"name\":\"Comment\",\"target\":[\"https:\/\/www.africa-press.net\/senegal\/toutes-les-actualites\/bebes-concus-par-pma-grandissent-ils-comme-les-autres-2#respond\"]}]},{\"@type\":\"WebPage\",\"@id\":\"https:\/\/www.africa-press.net\/senegal\/toutes-les-actualites\/bebes-concus-par-pma-grandissent-ils-comme-les-autres-2\",\"url\":\"https:\/\/www.africa-press.net\/senegal\/toutes-les-actualites\/bebes-concus-par-pma-grandissent-ils-comme-les-autres-2\",\"name\":\"Be\u0301be\u0301s Conc\u0327Us par PMA Grandissent-Ils comme les Autres? - Senegal\",\"isPartOf\":{\"@id\":\"https:\/\/www.africa-press.net\/senegal\/#website\"},\"primaryImageOfPage\":{\"@id\":\"https:\/\/www.africa-press.net\/senegal\/toutes-les-actualites\/bebes-concus-par-pma-grandissent-ils-comme-les-autres-2#primaryimage\"},\"image\":{\"@id\":\"https:\/\/www.africa-press.net\/senegal\/toutes-les-actualites\/bebes-concus-par-pma-grandissent-ils-comme-les-autres-2#primaryimage\"},\"thumbnailUrl\":\"https:\/\/static.africa-press.net\/senegal\/sites\/13\/2025\/12\/sm_1766739087.415968.jpg\",\"datePublished\":\"2025-12-25T12:00:00+00:00\",\"dateModified\":\"2025-12-26T00:57:26+00:00\",\"author\":{\"@id\":\"https:\/\/www.africa-press.net\/senegal\/#\/schema\/person\/2b1cf3cd81a31e3cd26889ca66d677f1\"},\"description\":\"Les enfants conc\u0327us par procre\u0301ation me\u0301dicalement assiste\u0301e (PMA) sont plus susceptibles de nai\u0302tre pre\u0301mature\u0301s ou ave ...\",\"breadcrumb\":{\"@id\":\"https:\/\/www.africa-press.net\/senegal\/toutes-les-actualites\/bebes-concus-par-pma-grandissent-ils-comme-les-autres-2#breadcrumb\"},\"inLanguage\":\"fr-FR\",\"potentialAction\":[{\"@type\":\"ReadAction\",\"target\":[\"https:\/\/www.africa-press.net\/senegal\/toutes-les-actualites\/bebes-concus-par-pma-grandissent-ils-comme-les-autres-2\"]}]},{\"@type\":\"ImageObject\",\"inLanguage\":\"fr-FR\",\"@id\":\"https:\/\/www.africa-press.net\/senegal\/toutes-les-actualites\/bebes-concus-par-pma-grandissent-ils-comme-les-autres-2#primaryimage\",\"url\":\"https:\/\/static.africa-press.net\/senegal\/sites\/13\/2025\/12\/sm_1766739087.415968.jpg\",\"contentUrl\":\"https:\/\/static.africa-press.net\/senegal\/sites\/13\/2025\/12\/sm_1766739087.415968.jpg\",\"width\":1200,\"height\":899,\"caption\":\"Be\u0301be\u0301s Conc\u0327Us par PMA Grandissent-Ils comme les Autres?\"},{\"@type\":\"BreadcrumbList\",\"@id\":\"https:\/\/www.africa-press.net\/senegal\/toutes-les-actualites\/bebes-concus-par-pma-grandissent-ils-comme-les-autres-2#breadcrumb\",\"itemListElement\":[{\"@type\":\"ListItem\",\"position\":1,\"name\":\"Accueil\",\"item\":\"https:\/\/www.africa-press.net\/senegal\/\"},{\"@type\":\"ListItem\",\"position\":2,\"name\":\"Be\u0301be\u0301s Conc\u0327Us par PMA Grandissent-Ils comme les Autres?\"}]},{\"@type\":\"WebSite\",\"@id\":\"https:\/\/www.africa-press.net\/senegal\/#website\",\"url\":\"https:\/\/www.africa-press.net\/senegal\/\",\"name\":\"Africa Press | Senegal | Homepage\",\"description\":\"Just another Africa News Agency Sites site\",\"potentialAction\":[{\"@type\":\"SearchAction\",\"target\":{\"@type\":\"EntryPoint\",\"urlTemplate\":\"https:\/\/www.africa-press.net\/senegal\/?s={search_term_string}\"},\"query-input\":{\"@type\":\"PropertyValueSpecification\",\"valueRequired\":true,\"valueName\":\"search_term_string\"}}],\"inLanguage\":\"fr-FR\"},{\"@type\":\"Person\",\"@id\":\"https:\/\/www.africa-press.net\/senegal\/#\/schema\/person\/2b1cf3cd81a31e3cd26889ca66d677f1\",\"name\":\"cfeditorfr\",\"url\":\"https:\/\/www.africa-press.net\/senegal\/author\/cfeditorfr\"}]}<\/script>\n<!-- \/ Yoast SEO Premium plugin. -->","yoast_head_json":{"title":"Be\u0301be\u0301s Conc\u0327Us par PMA Grandissent-Ils comme les Autres? - Senegal","description":"Les enfants conc\u0327us par procre\u0301ation me\u0301dicalement assiste\u0301e (PMA) sont plus susceptibles de nai\u0302tre pre\u0301mature\u0301s ou ave ...","robots":{"index":"index","follow":"follow","max-snippet":"max-snippet:-1","max-image-preview":"max-image-preview:large","max-video-preview":"max-video-preview:-1"},"canonical":"https:\/\/www.africa-press.net\/senegal\/toutes-les-actualites\/bebes-concus-par-pma-grandissent-ils-comme-les-autres-2","og_locale":"fr_FR","og_type":"article","og_title":"Be\u0301be\u0301s Conc\u0327Us par PMA Grandissent-Ils comme les Autres?","og_description":"Les enfants conc\u0327us par procre\u0301ation me\u0301dicalement assiste\u0301e (PMA) sont plus susceptibles de nai\u0302tre pre\u0301mature\u0301s ou ave ...","og_url":"https:\/\/www.africa-press.net\/senegal\/toutes-les-actualites\/bebes-concus-par-pma-grandissent-ils-comme-les-autres-2","og_site_name":"Senegal","article_published_time":"2025-12-25T12:00:00+00:00","article_modified_time":"2025-12-26T00:57:26+00:00","og_image":[{"width":1200,"height":899,"url":"https:\/\/static.africa-press.net\/senegal\/sites\/13\/2025\/12\/sm_1766739087.415968.jpg","type":"image\/jpeg"}],"author":"cfeditorfr","twitter_card":"summary_large_image","twitter_misc":{"\u00c9crit par":"cfeditorfr","Dur\u00e9e de lecture estim\u00e9e":"4 minutes"},"schema":{"@context":"https:\/\/schema.org","@graph":[{"@type":"Article","@id":"https:\/\/www.africa-press.net\/senegal\/toutes-les-actualites\/bebes-concus-par-pma-grandissent-ils-comme-les-autres-2#article","isPartOf":{"@id":"https:\/\/www.africa-press.net\/senegal\/toutes-les-actualites\/bebes-concus-par-pma-grandissent-ils-comme-les-autres-2"},"author":{"name":"cfeditorfr","@id":"https:\/\/www.africa-press.net\/senegal\/#\/schema\/person\/2b1cf3cd81a31e3cd26889ca66d677f1"},"headline":"Be\u0301be\u0301s Conc\u0327Us par PMA Grandissent-Ils comme les Autres?","datePublished":"2025-12-25T12:00:00+00:00","dateModified":"2025-12-26T00:57:26+00:00","mainEntityOfPage":{"@id":"https:\/\/www.africa-press.net\/senegal\/toutes-les-actualites\/bebes-concus-par-pma-grandissent-ils-comme-les-autres-2"},"wordCount":772,"commentCount":0,"image":{"@id":"https:\/\/www.africa-press.net\/senegal\/toutes-les-actualites\/bebes-concus-par-pma-grandissent-ils-comme-les-autres-2#primaryimage"},"thumbnailUrl":"https:\/\/static.africa-press.net\/senegal\/sites\/13\/2025\/12\/sm_1766739087.415968.jpg","keywords":["Senegal"],"articleSection":["Divers","Toutes les actualit\u00e9s"],"inLanguage":"fr-FR","potentialAction":[{"@type":"CommentAction","name":"Comment","target":["https:\/\/www.africa-press.net\/senegal\/toutes-les-actualites\/bebes-concus-par-pma-grandissent-ils-comme-les-autres-2#respond"]}]},{"@type":"WebPage","@id":"https:\/\/www.africa-press.net\/senegal\/toutes-les-actualites\/bebes-concus-par-pma-grandissent-ils-comme-les-autres-2","url":"https:\/\/www.africa-press.net\/senegal\/toutes-les-actualites\/bebes-concus-par-pma-grandissent-ils-comme-les-autres-2","name":"Be\u0301be\u0301s Conc\u0327Us par PMA Grandissent-Ils comme les Autres? - Senegal","isPartOf":{"@id":"https:\/\/www.africa-press.net\/senegal\/#website"},"primaryImageOfPage":{"@id":"https:\/\/www.africa-press.net\/senegal\/toutes-les-actualites\/bebes-concus-par-pma-grandissent-ils-comme-les-autres-2#primaryimage"},"image":{"@id":"https:\/\/www.africa-press.net\/senegal\/toutes-les-actualites\/bebes-concus-par-pma-grandissent-ils-comme-les-autres-2#primaryimage"},"thumbnailUrl":"https:\/\/static.africa-press.net\/senegal\/sites\/13\/2025\/12\/sm_1766739087.415968.jpg","datePublished":"2025-12-25T12:00:00+00:00","dateModified":"2025-12-26T00:57:26+00:00","author":{"@id":"https:\/\/www.africa-press.net\/senegal\/#\/schema\/person\/2b1cf3cd81a31e3cd26889ca66d677f1"},"description":"Les enfants conc\u0327us par procre\u0301ation me\u0301dicalement assiste\u0301e (PMA) sont plus susceptibles de nai\u0302tre pre\u0301mature\u0301s ou ave ...","breadcrumb":{"@id":"https:\/\/www.africa-press.net\/senegal\/toutes-les-actualites\/bebes-concus-par-pma-grandissent-ils-comme-les-autres-2#breadcrumb"},"inLanguage":"fr-FR","potentialAction":[{"@type":"ReadAction","target":["https:\/\/www.africa-press.net\/senegal\/toutes-les-actualites\/bebes-concus-par-pma-grandissent-ils-comme-les-autres-2"]}]},{"@type":"ImageObject","inLanguage":"fr-FR","@id":"https:\/\/www.africa-press.net\/senegal\/toutes-les-actualites\/bebes-concus-par-pma-grandissent-ils-comme-les-autres-2#primaryimage","url":"https:\/\/static.africa-press.net\/senegal\/sites\/13\/2025\/12\/sm_1766739087.415968.jpg","contentUrl":"https:\/\/static.africa-press.net\/senegal\/sites\/13\/2025\/12\/sm_1766739087.415968.jpg","width":1200,"height":899,"caption":"Be\u0301be\u0301s Conc\u0327Us par PMA Grandissent-Ils comme les Autres?"},{"@type":"BreadcrumbList","@id":"https:\/\/www.africa-press.net\/senegal\/toutes-les-actualites\/bebes-concus-par-pma-grandissent-ils-comme-les-autres-2#breadcrumb","itemListElement":[{"@type":"ListItem","position":1,"name":"Accueil","item":"https:\/\/www.africa-press.net\/senegal\/"},{"@type":"ListItem","position":2,"name":"Be\u0301be\u0301s Conc\u0327Us par PMA Grandissent-Ils comme les Autres?"}]},{"@type":"WebSite","@id":"https:\/\/www.africa-press.net\/senegal\/#website","url":"https:\/\/www.africa-press.net\/senegal\/","name":"Africa Press | Senegal | Homepage","description":"Just another Africa News Agency Sites site","potentialAction":[{"@type":"SearchAction","target":{"@type":"EntryPoint","urlTemplate":"https:\/\/www.africa-press.net\/senegal\/?s={search_term_string}"},"query-input":{"@type":"PropertyValueSpecification","valueRequired":true,"valueName":"search_term_string"}}],"inLanguage":"fr-FR"},{"@type":"Person","@id":"https:\/\/www.africa-press.net\/senegal\/#\/schema\/person\/2b1cf3cd81a31e3cd26889ca66d677f1","name":"cfeditorfr","url":"https:\/\/www.africa-press.net\/senegal\/author\/cfeditorfr"}]}},"_links":{"self":[{"href":"https:\/\/www.africa-press.net\/senegal\/wp-json\/wp\/v2\/posts\/73798","targetHints":{"allow":["GET"]}}],"collection":[{"href":"https:\/\/www.africa-press.net\/senegal\/wp-json\/wp\/v2\/posts"}],"about":[{"href":"https:\/\/www.africa-press.net\/senegal\/wp-json\/wp\/v2\/types\/post"}],"author":[{"embeddable":true,"href":"https:\/\/www.africa-press.net\/senegal\/wp-json\/wp\/v2\/users\/82"}],"replies":[{"embeddable":true,"href":"https:\/\/www.africa-press.net\/senegal\/wp-json\/wp\/v2\/comments?post=73798"}],"version-history":[{"count":0,"href":"https:\/\/www.africa-press.net\/senegal\/wp-json\/wp\/v2\/posts\/73798\/revisions"}],"wp:featuredmedia":[{"embeddable":true,"href":"https:\/\/www.africa-press.net\/senegal\/wp-json\/wp\/v2\/media\/73797"}],"wp:attachment":[{"href":"https:\/\/www.africa-press.net\/senegal\/wp-json\/wp\/v2\/media?parent=73798"}],"wp:term":[{"taxonomy":"category","embeddable":true,"href":"https:\/\/www.africa-press.net\/senegal\/wp-json\/wp\/v2\/categories?post=73798"},{"taxonomy":"post_tag","embeddable":true,"href":"https:\/\/www.africa-press.net\/senegal\/wp-json\/wp\/v2\/tags?post=73798"}],"curies":[{"name":"wp","href":"https:\/\/api.w.org\/{rel}","templated":true}]}}