{"id":73804,"date":"2025-12-25T14:00:00","date_gmt":"2025-12-25T14:00:00","guid":{"rendered":"https:\/\/www.africa-press.net\/senegal\/politique\/promovilles-a-oussouye-modernisation-et-equite"},"modified":"2025-12-26T01:01:18","modified_gmt":"2025-12-26T01:01:18","slug":"promovilles-a-oussouye-modernisation-et-equite","status":"publish","type":"post","link":"https:\/\/www.africa-press.net\/senegal\/economie\/promovilles-a-oussouye-modernisation-et-equite","title":{"rendered":"Promovilles A\u0300 Oussouye: Modernisation et E\u0301quite\u0301"},"content":{"rendered":"<p><span style=\"color: #ff6600\"><strong>Africa-Press &#8211; Senegal. <\/strong><\/span>La tourne\u0301e e\u0301conomique du Chef de l&rsquo;E\u0301tat s&rsquo;est acheve\u0301e par une e\u0301tape marquante a\u0300 Oussouye, ou\u0300 les re\u0301alisations du programme Promovilles ont e\u0301te\u0301 officiellement pre\u0301sente\u0301es. Ces ame\u0301nagements ont permis de transformer en profondeur le visage de cette commune au caracte\u0300re traditionnel affirme\u0301. Les pre\u0301sentations visuelles retrac\u0327ant l&rsquo;e\u0301volution de la ville avant et apre\u0300s l&rsquo;intervention du programme de\u0301montrent l&rsquo;ampleur des changements et leurs impacts concrets sur le quotidien des habitants.<\/p>\n<p>Le volet technique des travaux repose sur la construction de 4,5 kilome\u0300tres de voirie re\u0301partis sur quatre axes strate\u0301giques choisis en concertation avec la municipalite\u0301. Ce re\u0301seau routier est comple\u0301te\u0301 par un important dispositif d&rsquo;assainissement s&rsquo;e\u0301tendant sur plus de 2,5 kilome\u0300tres. Ce syste\u0300me comprend des caniveaux en be\u0301ton arme\u0301, des conduites en PVC, ainsi que des radiers submersibles et un re\u0301seau de drainage superficiel performant. Pour renforcer la se\u0301curite\u0301 et le confort des citoyens, l&rsquo;e\u0301clairage public a e\u0301galement e\u0301te\u0301 modernise\u0301 gra\u0302ce a\u0300 l&rsquo;installation de 250 lampadaires solaires.<\/p>\n<p>Le Pre\u0301sident de la Re\u0301publique, Bassirou Diomaye Diakhar Faye, a exprime\u0301 sa grande satisfaction devant la qualite\u0301 des infrastructures livre\u0301es. Selon lui, le re\u0301e\u0301quilibrage des investissements publics entre les diffe\u0301rentes localite\u0301s et les grands centres urbains est une priorite\u0301 qui doit se maintenir. Il a souligne\u0301 que cette de\u0301marche constitue l&rsquo;essence me\u0302me de sa politique de territorialisation des projets de l&rsquo;E\u0301tat.<\/p>\n<p>Le Chef de l&rsquo;E\u0301tat a particulie\u0300rement insiste\u0301 sur la situation de la Casamance qui, selon ses propos, a longtemps souffert d&rsquo;un retard infrastructurel empe\u0302chant le de\u0301ploiement de son immense potentiel e\u0301conomique. Il a affirme\u0301 qu&rsquo;il est de\u0301sormais temps de libe\u0301rer toutes ces e\u0301nergies par des investissements structurants. Le Pre\u0301sident s&rsquo;est dit rassure\u0301 par l&rsquo;accueil des populations, confirmant que cette dynamique re\u0301pond a\u0300 une attente re\u0301elle de prise en charge des besoins locaux.<\/p>\n<p>En conclusion de sa visite, Bassirou Diomaye Faye a annonce\u0301 sa volonte\u0301 de poursuivre ces efforts dans d&rsquo;autres localite\u0301s du pays tout en restant attentif aux de\u0301fis qui subsistent a\u0300 Oussouye. Il a pris acte des dole\u0301ances exprime\u0301es par le maire et a promis de rester a\u0300 l&rsquo;e\u0301coute des pre\u0301occupations citoyennes. Cette ambition vise a\u0300 garantir un e\u0301panouissement socio-e\u0301conomique harmonieux sur l&rsquo;ensemble du territoire national.<\/p>\n\r\n                <style type=\"text\/css\">\r\n                    \r\n                    #td_uid_1_69edb77b6e68b  .td-doubleSlider-2 .td-item1 {\r\n                        background: url(https:\/\/static.africa-press.net\/senegal\/sites\/13\/2025\/12\/sm_1766739238.299983-80x60.jpg) 0 0 no-repeat;\r\n                    }\r\n                    #td_uid_1_69edb77b6e68b  .td-doubleSlider-2 .td-item2 {\r\n                        background: url(https:\/\/static.africa-press.net\/senegal\/sites\/13\/2025\/12\/sm_1766739245.124934-80x60.jpg) 0 0 no-repeat;\r\n                    }\r\n                    #td_uid_1_69edb77b6e68b  .td-doubleSlider-2 .td-item3 {\r\n                        background: url(https:\/\/static.africa-press.net\/senegal\/sites\/13\/2025\/12\/sm_1766739254.043956-80x60.jpg) 0 0 no-repeat;\r\n                    }\r\n                <\/style>\r\n\r\n                <div id=\"td_uid_1_69edb77b6e68b\" class=\"td-gallery td-slide-on-2-columns\">\r\n                    <div class=\"post_td_gallery\">\r\n                        <div class=\"td-gallery-slide-top\">\r\n                           <div class=\"td-gallery-title\"><\/div>\r\n\r\n                            <div class=\"td-gallery-controls-wrapper\">\r\n                                <div class=\"td-gallery-slide-count\"><span class=\"td-gallery-slide-item-focus\">1<\/span> de 3<\/div>\r\n                                <div class=\"td-gallery-slide-prev-next-but\">\r\n                                    <i class = \"td-icon-left doubleSliderPrevButton\"><\/i>\r\n                                    <i class = \"td-icon-right doubleSliderNextButton\"><\/i>\r\n                                <\/div>\r\n                            <\/div>\r\n                        <\/div>\r\n\r\n                        <div class = \"td-doubleSlider-1 \">\r\n                            <div class = \"td-slider\">\r\n                                \r\n                    <div class = \"td-slide-item td-item1\">\r\n                        <figure class=\"td-slide-galery-figure td-slide-popup-gallery\">\r\n                            <a class=\"slide-gallery-image-link\" href=\"https:\/\/static.africa-press.net\/senegal\/sites\/13\/2025\/12\/sm_1766739238.299983.jpg\" title=\"sm_1766739238.299983\"  data-caption=\"\"  data-description=\"\">\r\n                                <img decoding=\"async\" src=\"https:\/\/static.africa-press.net\/senegal\/sites\/13\/2025\/12\/sm_1766739238.299983.jpg\" srcset=\"https:\/\/static.africa-press.net\/senegal\/sites\/13\/2025\/12\/sm_1766739238.299983.jpg 1260w, https:\/\/static.africa-press.net\/senegal\/sites\/13\/2025\/12\/sm_1766739238.299983-300x190.jpg 300w, https:\/\/static.africa-press.net\/senegal\/sites\/13\/2025\/12\/sm_1766739238.299983-1024x650.jpg 1024w, https:\/\/static.africa-press.net\/senegal\/sites\/13\/2025\/12\/sm_1766739238.299983-768x488.jpg 768w\" sizes=\"(max-width: 1260px) 100vw, 1260px\" alt=\"\">\r\n                            <\/a>\r\n                            \r\n                        <\/figure>\r\n                    <\/div>\r\n                    <div class = \"td-slide-item td-item2\">\r\n                        <figure class=\"td-slide-galery-figure td-slide-popup-gallery\">\r\n                            <a class=\"slide-gallery-image-link\" href=\"https:\/\/static.africa-press.net\/senegal\/sites\/13\/2025\/12\/sm_1766739245.124934.jpg\" title=\"sm_1766739245.124934\"  data-caption=\"\"  data-description=\"\">\r\n                                <img decoding=\"async\" src=\"https:\/\/static.africa-press.net\/senegal\/sites\/13\/2025\/12\/sm_1766739245.124934.jpg\" srcset=\"https:\/\/static.africa-press.net\/senegal\/sites\/13\/2025\/12\/sm_1766739245.124934.jpg 2048w, https:\/\/static.africa-press.net\/senegal\/sites\/13\/2025\/12\/sm_1766739245.124934-300x200.jpg 300w, https:\/\/static.africa-press.net\/senegal\/sites\/13\/2025\/12\/sm_1766739245.124934-1024x683.jpg 1024w, https:\/\/static.africa-press.net\/senegal\/sites\/13\/2025\/12\/sm_1766739245.124934-768x512.jpg 768w, https:\/\/static.africa-press.net\/senegal\/sites\/13\/2025\/12\/sm_1766739245.124934-1536x1025.jpg 1536w\" sizes=\"(max-width: 2048px) 100vw, 2048px\" alt=\"\">\r\n                            <\/a>\r\n                            \r\n                        <\/figure>\r\n                    <\/div>\r\n                    <div class = \"td-slide-item td-item3\">\r\n                        <figure class=\"td-slide-galery-figure td-slide-popup-gallery\">\r\n                            <a class=\"slide-gallery-image-link\" href=\"https:\/\/static.africa-press.net\/senegal\/sites\/13\/2025\/12\/sm_1766739254.043956.jpg\" title=\"sm_1766739254.043956\"  data-caption=\"\"  data-description=\"\">\r\n                                <img decoding=\"async\" src=\"https:\/\/static.africa-press.net\/senegal\/sites\/13\/2025\/12\/sm_1766739254.043956.jpg\" srcset=\"https:\/\/static.africa-press.net\/senegal\/sites\/13\/2025\/12\/sm_1766739254.043956.jpg 1280w, https:\/\/static.africa-press.net\/senegal\/sites\/13\/2025\/12\/sm_1766739254.043956-300x200.jpg 300w, https:\/\/static.africa-press.net\/senegal\/sites\/13\/2025\/12\/sm_1766739254.043956-1024x682.jpg 1024w, https:\/\/static.africa-press.net\/senegal\/sites\/13\/2025\/12\/sm_1766739254.043956-768x512.jpg 768w\" sizes=\"(max-width: 1280px) 100vw, 1280px\" alt=\"\">\r\n                            <\/a>\r\n                            \r\n                        <\/figure>\r\n                    <\/div>\r\n                            <\/div>\r\n                        <\/div>\r\n\r\n                        <div class = \"td-doubleSlider-2\">\r\n                            <div class = \"td-slider\">\r\n                                \r\n                    <div class = \"td-button td-item1\">\r\n                        <div class = \"td-border\"><\/div>\r\n                    <\/div>\r\n                    <div class = \"td-button td-item2\">\r\n                        <div class = \"td-border\"><\/div>\r\n                    <\/div>\r\n                    <div class = \"td-button td-item3\">\r\n                        <div class = \"td-border\"><\/div>\r\n                    <\/div>\r\n                            <\/div>\r\n                        <\/div>\r\n\r\n                    <\/div>\r\n\r\n                <\/div>\r\n                \n<p><strong>Pour plus d&rsquo;informations et d&rsquo;analyses sur la <span style=\"color: #ff6600\">Senegal<\/span>, suivez <span style=\"color: #ff6600\">Africa-Press<\/span><\/strong><\/p>\n","protected":false},"excerpt":{"rendered":"<p>Africa-Press &#8211; Senegal. La tourne\u0301e e\u0301conomique du Chef de l&rsquo;E\u0301tat s&rsquo;est acheve\u0301e par une e\u0301tape marquante a\u0300 Oussouye, ou\u0300 les re\u0301alisations du programme Promovilles ont e\u0301te\u0301 officiellement pre\u0301sente\u0301es. Ces ame\u0301nagements ont permis de transformer en profondeur le visage de cette commune au caracte\u0300re traditionnel affirme\u0301. Les pre\u0301sentations visuelles retrac\u0327ant l&rsquo;e\u0301volution de la ville avant et [&hellip;]<\/p>\n","protected":false},"author":82,"featured_media":73803,"comment_status":"open","ping_status":"closed","sticky":false,"template":"","format":"standard","meta":{"footnotes":""},"categories":[3,20,10],"tags":[44],"class_list":["post-73804","post","type-post","status-publish","format-standard","has-post-thumbnail","hentry","category-economie","category-top-nouvelles","category-toutes-les-actualites","tag-senegal-2"],"yoast_head":"<!-- This site is optimized with the Yoast SEO Premium plugin v26.1 (Yoast SEO v27.0) - https:\/\/yoast.com\/product\/yoast-seo-premium-wordpress\/ -->\n<title>Promovilles A\u0300 Oussouye: Modernisation et E\u0301quite\u0301 - Senegal<\/title>\n<meta name=\"description\" content=\"La tourne\u0301e e\u0301conomique du Chef de l&#039;E\u0301tat s&#039;est acheve\u0301e par une e\u0301tape marquante a\u0300 Oussouye, ou\u0300 les re\u0301alisations du ...\" \/>\n<meta name=\"robots\" content=\"index, follow, max-snippet:-1, max-image-preview:large, max-video-preview:-1\" \/>\n<link rel=\"canonical\" href=\"https:\/\/www.africa-press.net\/senegal\/economie\/promovilles-a-oussouye-modernisation-et-equite\" \/>\n<meta property=\"og:locale\" content=\"fr_FR\" \/>\n<meta property=\"og:type\" content=\"article\" \/>\n<meta property=\"og:title\" content=\"Promovilles A\u0300 Oussouye: Modernisation et E\u0301quite\u0301\" \/>\n<meta property=\"og:description\" content=\"La tourne\u0301e e\u0301conomique du Chef de l&#039;E\u0301tat s&#039;est acheve\u0301e par une e\u0301tape marquante a\u0300 Oussouye, ou\u0300 les re\u0301alisations du ...\" \/>\n<meta property=\"og:url\" content=\"https:\/\/www.africa-press.net\/senegal\/economie\/promovilles-a-oussouye-modernisation-et-equite\" \/>\n<meta property=\"og:site_name\" content=\"Senegal\" \/>\n<meta property=\"article:published_time\" content=\"2025-12-25T14:00:00+00:00\" \/>\n<meta property=\"article:modified_time\" content=\"2025-12-26T01:01:18+00:00\" \/>\n<meta property=\"og:image\" content=\"https:\/\/static.africa-press.net\/senegal\/sites\/13\/2025\/12\/sm_1766739260.467599.jpg\" \/>\n\t<meta property=\"og:image:width\" content=\"1280\" \/>\n\t<meta property=\"og:image:height\" content=\"720\" \/>\n\t<meta property=\"og:image:type\" content=\"image\/jpeg\" \/>\n<meta name=\"author\" content=\"cfeditorfr\" \/>\n<meta name=\"twitter:card\" content=\"summary_large_image\" \/>\n<meta name=\"twitter:label1\" content=\"\u00c9crit par\" \/>\n\t<meta name=\"twitter:data1\" content=\"cfeditorfr\" \/>\n\t<meta name=\"twitter:label2\" content=\"Dur\u00e9e de lecture estim\u00e9e\" \/>\n\t<meta name=\"twitter:data2\" content=\"2 minutes\" \/>\n<script type=\"application\/ld+json\" class=\"yoast-schema-graph\">{\"@context\":\"https:\/\/schema.org\",\"@graph\":[{\"@type\":\"Article\",\"@id\":\"https:\/\/www.africa-press.net\/senegal\/economie\/promovilles-a-oussouye-modernisation-et-equite#article\",\"isPartOf\":{\"@id\":\"https:\/\/www.africa-press.net\/senegal\/economie\/promovilles-a-oussouye-modernisation-et-equite\"},\"author\":{\"name\":\"cfeditorfr\",\"@id\":\"https:\/\/www.africa-press.net\/senegal\/#\/schema\/person\/2b1cf3cd81a31e3cd26889ca66d677f1\"},\"headline\":\"Promovilles A\u0300 Oussouye: Modernisation et E\u0301quite\u0301\",\"datePublished\":\"2025-12-25T14:00:00+00:00\",\"dateModified\":\"2025-12-26T01:01:18+00:00\",\"mainEntityOfPage\":{\"@id\":\"https:\/\/www.africa-press.net\/senegal\/economie\/promovilles-a-oussouye-modernisation-et-equite\"},\"wordCount\":462,\"commentCount\":0,\"image\":{\"@id\":\"https:\/\/www.africa-press.net\/senegal\/economie\/promovilles-a-oussouye-modernisation-et-equite#primaryimage\"},\"thumbnailUrl\":\"https:\/\/static.africa-press.net\/senegal\/sites\/13\/2025\/12\/sm_1766739260.467599.jpg\",\"keywords\":[\"Senegal\"],\"articleSection\":[\"\u00c9conomie\",\"Top Nouvelles\",\"Toutes les actualit\u00e9s\"],\"inLanguage\":\"fr-FR\",\"potentialAction\":[{\"@type\":\"CommentAction\",\"name\":\"Comment\",\"target\":[\"https:\/\/www.africa-press.net\/senegal\/economie\/promovilles-a-oussouye-modernisation-et-equite#respond\"]}]},{\"@type\":\"WebPage\",\"@id\":\"https:\/\/www.africa-press.net\/senegal\/economie\/promovilles-a-oussouye-modernisation-et-equite\",\"url\":\"https:\/\/www.africa-press.net\/senegal\/economie\/promovilles-a-oussouye-modernisation-et-equite\",\"name\":\"Promovilles A\u0300 Oussouye: Modernisation et E\u0301quite\u0301 - Senegal\",\"isPartOf\":{\"@id\":\"https:\/\/www.africa-press.net\/senegal\/#website\"},\"primaryImageOfPage\":{\"@id\":\"https:\/\/www.africa-press.net\/senegal\/economie\/promovilles-a-oussouye-modernisation-et-equite#primaryimage\"},\"image\":{\"@id\":\"https:\/\/www.africa-press.net\/senegal\/economie\/promovilles-a-oussouye-modernisation-et-equite#primaryimage\"},\"thumbnailUrl\":\"https:\/\/static.africa-press.net\/senegal\/sites\/13\/2025\/12\/sm_1766739260.467599.jpg\",\"datePublished\":\"2025-12-25T14:00:00+00:00\",\"dateModified\":\"2025-12-26T01:01:18+00:00\",\"author\":{\"@id\":\"https:\/\/www.africa-press.net\/senegal\/#\/schema\/person\/2b1cf3cd81a31e3cd26889ca66d677f1\"},\"description\":\"La tourne\u0301e e\u0301conomique du Chef de l'E\u0301tat s'est acheve\u0301e par une e\u0301tape marquante a\u0300 Oussouye, ou\u0300 les re\u0301alisations du ...\",\"breadcrumb\":{\"@id\":\"https:\/\/www.africa-press.net\/senegal\/economie\/promovilles-a-oussouye-modernisation-et-equite#breadcrumb\"},\"inLanguage\":\"fr-FR\",\"potentialAction\":[{\"@type\":\"ReadAction\",\"target\":[\"https:\/\/www.africa-press.net\/senegal\/economie\/promovilles-a-oussouye-modernisation-et-equite\"]}]},{\"@type\":\"ImageObject\",\"inLanguage\":\"fr-FR\",\"@id\":\"https:\/\/www.africa-press.net\/senegal\/economie\/promovilles-a-oussouye-modernisation-et-equite#primaryimage\",\"url\":\"https:\/\/static.africa-press.net\/senegal\/sites\/13\/2025\/12\/sm_1766739260.467599.jpg\",\"contentUrl\":\"https:\/\/static.africa-press.net\/senegal\/sites\/13\/2025\/12\/sm_1766739260.467599.jpg\",\"width\":1280,\"height\":720,\"caption\":\"Promovilles A\u0300 Oussouye: Modernisation et E\u0301quite\u0301\"},{\"@type\":\"BreadcrumbList\",\"@id\":\"https:\/\/www.africa-press.net\/senegal\/economie\/promovilles-a-oussouye-modernisation-et-equite#breadcrumb\",\"itemListElement\":[{\"@type\":\"ListItem\",\"position\":1,\"name\":\"Accueil\",\"item\":\"https:\/\/www.africa-press.net\/senegal\/\"},{\"@type\":\"ListItem\",\"position\":2,\"name\":\"Promovilles A\u0300 Oussouye: Modernisation et E\u0301quite\u0301\"}]},{\"@type\":\"WebSite\",\"@id\":\"https:\/\/www.africa-press.net\/senegal\/#website\",\"url\":\"https:\/\/www.africa-press.net\/senegal\/\",\"name\":\"Africa Press | Senegal | Homepage\",\"description\":\"Just another Africa News Agency Sites site\",\"potentialAction\":[{\"@type\":\"SearchAction\",\"target\":{\"@type\":\"EntryPoint\",\"urlTemplate\":\"https:\/\/www.africa-press.net\/senegal\/?s={search_term_string}\"},\"query-input\":{\"@type\":\"PropertyValueSpecification\",\"valueRequired\":true,\"valueName\":\"search_term_string\"}}],\"inLanguage\":\"fr-FR\"},{\"@type\":\"Person\",\"@id\":\"https:\/\/www.africa-press.net\/senegal\/#\/schema\/person\/2b1cf3cd81a31e3cd26889ca66d677f1\",\"name\":\"cfeditorfr\",\"url\":\"https:\/\/www.africa-press.net\/senegal\/author\/cfeditorfr\"}]}<\/script>\n<!-- \/ Yoast SEO Premium plugin. -->","yoast_head_json":{"title":"Promovilles A\u0300 Oussouye: Modernisation et E\u0301quite\u0301 - Senegal","description":"La tourne\u0301e e\u0301conomique du Chef de l'E\u0301tat s'est acheve\u0301e par une e\u0301tape marquante a\u0300 Oussouye, ou\u0300 les re\u0301alisations du ...","robots":{"index":"index","follow":"follow","max-snippet":"max-snippet:-1","max-image-preview":"max-image-preview:large","max-video-preview":"max-video-preview:-1"},"canonical":"https:\/\/www.africa-press.net\/senegal\/economie\/promovilles-a-oussouye-modernisation-et-equite","og_locale":"fr_FR","og_type":"article","og_title":"Promovilles A\u0300 Oussouye: Modernisation et E\u0301quite\u0301","og_description":"La tourne\u0301e e\u0301conomique du Chef de l'E\u0301tat s'est acheve\u0301e par une e\u0301tape marquante a\u0300 Oussouye, ou\u0300 les re\u0301alisations du ...","og_url":"https:\/\/www.africa-press.net\/senegal\/economie\/promovilles-a-oussouye-modernisation-et-equite","og_site_name":"Senegal","article_published_time":"2025-12-25T14:00:00+00:00","article_modified_time":"2025-12-26T01:01:18+00:00","og_image":[{"width":1280,"height":720,"url":"https:\/\/static.africa-press.net\/senegal\/sites\/13\/2025\/12\/sm_1766739260.467599.jpg","type":"image\/jpeg"}],"author":"cfeditorfr","twitter_card":"summary_large_image","twitter_misc":{"\u00c9crit par":"cfeditorfr","Dur\u00e9e de lecture estim\u00e9e":"2 minutes"},"schema":{"@context":"https:\/\/schema.org","@graph":[{"@type":"Article","@id":"https:\/\/www.africa-press.net\/senegal\/economie\/promovilles-a-oussouye-modernisation-et-equite#article","isPartOf":{"@id":"https:\/\/www.africa-press.net\/senegal\/economie\/promovilles-a-oussouye-modernisation-et-equite"},"author":{"name":"cfeditorfr","@id":"https:\/\/www.africa-press.net\/senegal\/#\/schema\/person\/2b1cf3cd81a31e3cd26889ca66d677f1"},"headline":"Promovilles A\u0300 Oussouye: Modernisation et E\u0301quite\u0301","datePublished":"2025-12-25T14:00:00+00:00","dateModified":"2025-12-26T01:01:18+00:00","mainEntityOfPage":{"@id":"https:\/\/www.africa-press.net\/senegal\/economie\/promovilles-a-oussouye-modernisation-et-equite"},"wordCount":462,"commentCount":0,"image":{"@id":"https:\/\/www.africa-press.net\/senegal\/economie\/promovilles-a-oussouye-modernisation-et-equite#primaryimage"},"thumbnailUrl":"https:\/\/static.africa-press.net\/senegal\/sites\/13\/2025\/12\/sm_1766739260.467599.jpg","keywords":["Senegal"],"articleSection":["\u00c9conomie","Top Nouvelles","Toutes les actualit\u00e9s"],"inLanguage":"fr-FR","potentialAction":[{"@type":"CommentAction","name":"Comment","target":["https:\/\/www.africa-press.net\/senegal\/economie\/promovilles-a-oussouye-modernisation-et-equite#respond"]}]},{"@type":"WebPage","@id":"https:\/\/www.africa-press.net\/senegal\/economie\/promovilles-a-oussouye-modernisation-et-equite","url":"https:\/\/www.africa-press.net\/senegal\/economie\/promovilles-a-oussouye-modernisation-et-equite","name":"Promovilles A\u0300 Oussouye: Modernisation et E\u0301quite\u0301 - Senegal","isPartOf":{"@id":"https:\/\/www.africa-press.net\/senegal\/#website"},"primaryImageOfPage":{"@id":"https:\/\/www.africa-press.net\/senegal\/economie\/promovilles-a-oussouye-modernisation-et-equite#primaryimage"},"image":{"@id":"https:\/\/www.africa-press.net\/senegal\/economie\/promovilles-a-oussouye-modernisation-et-equite#primaryimage"},"thumbnailUrl":"https:\/\/static.africa-press.net\/senegal\/sites\/13\/2025\/12\/sm_1766739260.467599.jpg","datePublished":"2025-12-25T14:00:00+00:00","dateModified":"2025-12-26T01:01:18+00:00","author":{"@id":"https:\/\/www.africa-press.net\/senegal\/#\/schema\/person\/2b1cf3cd81a31e3cd26889ca66d677f1"},"description":"La tourne\u0301e e\u0301conomique du Chef de l'E\u0301tat s'est acheve\u0301e par une e\u0301tape marquante a\u0300 Oussouye, ou\u0300 les re\u0301alisations du ...","breadcrumb":{"@id":"https:\/\/www.africa-press.net\/senegal\/economie\/promovilles-a-oussouye-modernisation-et-equite#breadcrumb"},"inLanguage":"fr-FR","potentialAction":[{"@type":"ReadAction","target":["https:\/\/www.africa-press.net\/senegal\/economie\/promovilles-a-oussouye-modernisation-et-equite"]}]},{"@type":"ImageObject","inLanguage":"fr-FR","@id":"https:\/\/www.africa-press.net\/senegal\/economie\/promovilles-a-oussouye-modernisation-et-equite#primaryimage","url":"https:\/\/static.africa-press.net\/senegal\/sites\/13\/2025\/12\/sm_1766739260.467599.jpg","contentUrl":"https:\/\/static.africa-press.net\/senegal\/sites\/13\/2025\/12\/sm_1766739260.467599.jpg","width":1280,"height":720,"caption":"Promovilles A\u0300 Oussouye: Modernisation et E\u0301quite\u0301"},{"@type":"BreadcrumbList","@id":"https:\/\/www.africa-press.net\/senegal\/economie\/promovilles-a-oussouye-modernisation-et-equite#breadcrumb","itemListElement":[{"@type":"ListItem","position":1,"name":"Accueil","item":"https:\/\/www.africa-press.net\/senegal\/"},{"@type":"ListItem","position":2,"name":"Promovilles A\u0300 Oussouye: Modernisation et E\u0301quite\u0301"}]},{"@type":"WebSite","@id":"https:\/\/www.africa-press.net\/senegal\/#website","url":"https:\/\/www.africa-press.net\/senegal\/","name":"Africa Press | Senegal | Homepage","description":"Just another Africa News Agency Sites site","potentialAction":[{"@type":"SearchAction","target":{"@type":"EntryPoint","urlTemplate":"https:\/\/www.africa-press.net\/senegal\/?s={search_term_string}"},"query-input":{"@type":"PropertyValueSpecification","valueRequired":true,"valueName":"search_term_string"}}],"inLanguage":"fr-FR"},{"@type":"Person","@id":"https:\/\/www.africa-press.net\/senegal\/#\/schema\/person\/2b1cf3cd81a31e3cd26889ca66d677f1","name":"cfeditorfr","url":"https:\/\/www.africa-press.net\/senegal\/author\/cfeditorfr"}]}},"_links":{"self":[{"href":"https:\/\/www.africa-press.net\/senegal\/wp-json\/wp\/v2\/posts\/73804","targetHints":{"allow":["GET"]}}],"collection":[{"href":"https:\/\/www.africa-press.net\/senegal\/wp-json\/wp\/v2\/posts"}],"about":[{"href":"https:\/\/www.africa-press.net\/senegal\/wp-json\/wp\/v2\/types\/post"}],"author":[{"embeddable":true,"href":"https:\/\/www.africa-press.net\/senegal\/wp-json\/wp\/v2\/users\/82"}],"replies":[{"embeddable":true,"href":"https:\/\/www.africa-press.net\/senegal\/wp-json\/wp\/v2\/comments?post=73804"}],"version-history":[{"count":0,"href":"https:\/\/www.africa-press.net\/senegal\/wp-json\/wp\/v2\/posts\/73804\/revisions"}],"wp:featuredmedia":[{"embeddable":true,"href":"https:\/\/www.africa-press.net\/senegal\/wp-json\/wp\/v2\/media\/73803"}],"wp:attachment":[{"href":"https:\/\/www.africa-press.net\/senegal\/wp-json\/wp\/v2\/media?parent=73804"}],"wp:term":[{"taxonomy":"category","embeddable":true,"href":"https:\/\/www.africa-press.net\/senegal\/wp-json\/wp\/v2\/categories?post=73804"},{"taxonomy":"post_tag","embeddable":true,"href":"https:\/\/www.africa-press.net\/senegal\/wp-json\/wp\/v2\/tags?post=73804"}],"curies":[{"name":"wp","href":"https:\/\/api.w.org\/{rel}","templated":true}]}}