{"id":73809,"date":"2025-12-25T13:45:00","date_gmt":"2025-12-25T13:45:00","guid":{"rendered":"https:\/\/www.africa-press.net\/senegal\/politique\/rehabilitation-de-laxe-ziguinchor-cap-skirring-lancee-2"},"modified":"2025-12-26T01:01:40","modified_gmt":"2025-12-26T01:01:40","slug":"rehabilitation-de-laxe-ziguinchor-cap-skirring-lancee-2","status":"publish","type":"post","link":"https:\/\/www.africa-press.net\/senegal\/economie\/rehabilitation-de-laxe-ziguinchor-cap-skirring-lancee-2","title":{"rendered":"R\u00e9habilitation de L&rsquo;Axe Ziguinchor-Cap Skirring Lanc\u00e9e"},"content":{"rendered":"<p><span style=\"color: #ff6600\"><strong>Africa-Press &#8211; Senegal. <\/strong><\/span>Le Pre\u0301sident de la Re\u0301publique a officiellement proce\u0301de\u0301 au lancement des travaux de re\u0301habilitation de la route reliant Ziguinchor au Cap Skirring. Ce projet, d\u2019un montant global de 10 milliards de FCFA, vise a\u0300 re\u0301pondre a\u0300 l&rsquo;urgence de la de\u0301gradation de cet axe strate\u0301gique pour le tourisme et l&rsquo;e\u0301conomie locale.<\/p>\n<p>L&rsquo;intervention consistera en un entretien routier approfondi des sections les plus touche\u0301es, afin de re\u0301tablir une circulation fluide et se\u0301curise\u0301e pour les usagers. Cette mesure d&rsquo;urgence intervient en attendant les conclusions d&rsquo;une e\u0301tude technique approfondie portant sur la re\u0301alisation future d&rsquo;une autoroute pour desservir la zone.<\/p>\n<p>Par ce geste, le Chef de l&rsquo;E\u0301tat re\u0301affirme sa volonte\u0301 de de\u0301senclaver les po\u0302les touristiques de la Casamance et d&rsquo;ame\u0301liorer durablement la mobilite\u0301 re\u0301gionale.<\/p>\n\r\n                <style type=\"text\/css\">\r\n                    \r\n                    #td_uid_1_69edb6e07cb31  .td-doubleSlider-2 .td-item1 {\r\n                        background: url(https:\/\/static.africa-press.net\/senegal\/sites\/13\/2025\/12\/sm_1766739279.736568-80x60.jpg) 0 0 no-repeat;\r\n                    }\r\n                    #td_uid_1_69edb6e07cb31  .td-doubleSlider-2 .td-item2 {\r\n                        background: url(https:\/\/static.africa-press.net\/senegal\/sites\/13\/2025\/12\/sm_1766739285.64531-80x60.jpg) 0 0 no-repeat;\r\n                    }\r\n                    #td_uid_1_69edb6e07cb31  .td-doubleSlider-2 .td-item3 {\r\n                        background: url(https:\/\/static.africa-press.net\/senegal\/sites\/13\/2025\/12\/sm_1766739291.099524-80x60.jpg) 0 0 no-repeat;\r\n                    }\r\n                <\/style>\r\n\r\n                <div id=\"td_uid_1_69edb6e07cb31\" class=\"td-gallery td-slide-on-2-columns\">\r\n                    <div class=\"post_td_gallery\">\r\n                        <div class=\"td-gallery-slide-top\">\r\n                           <div class=\"td-gallery-title\"><\/div>\r\n\r\n                            <div class=\"td-gallery-controls-wrapper\">\r\n                                <div class=\"td-gallery-slide-count\"><span class=\"td-gallery-slide-item-focus\">1<\/span> de 3<\/div>\r\n                                <div class=\"td-gallery-slide-prev-next-but\">\r\n                                    <i class = \"td-icon-left doubleSliderPrevButton\"><\/i>\r\n                                    <i class = \"td-icon-right doubleSliderNextButton\"><\/i>\r\n                                <\/div>\r\n                            <\/div>\r\n                        <\/div>\r\n\r\n                        <div class = \"td-doubleSlider-1 \">\r\n                            <div class = \"td-slider\">\r\n                                \r\n                    <div class = \"td-slide-item td-item1\">\r\n                        <figure class=\"td-slide-galery-figure td-slide-popup-gallery\">\r\n                            <a class=\"slide-gallery-image-link\" href=\"https:\/\/static.africa-press.net\/senegal\/sites\/13\/2025\/12\/sm_1766739279.736568.jpg\" title=\"sm_1766739279.736568\"  data-caption=\"\"  data-description=\"\">\r\n                                <img decoding=\"async\" src=\"https:\/\/static.africa-press.net\/senegal\/sites\/13\/2025\/12\/sm_1766739279.736568.jpg\" srcset=\"https:\/\/static.africa-press.net\/senegal\/sites\/13\/2025\/12\/sm_1766739279.736568.jpg 1260w, https:\/\/static.africa-press.net\/senegal\/sites\/13\/2025\/12\/sm_1766739279.736568-300x190.jpg 300w, https:\/\/static.africa-press.net\/senegal\/sites\/13\/2025\/12\/sm_1766739279.736568-1024x650.jpg 1024w, https:\/\/static.africa-press.net\/senegal\/sites\/13\/2025\/12\/sm_1766739279.736568-768x488.jpg 768w\" sizes=\"(max-width: 1260px) 100vw, 1260px\" alt=\"\">\r\n                            <\/a>\r\n                            \r\n                        <\/figure>\r\n                    <\/div>\r\n                    <div class = \"td-slide-item td-item2\">\r\n                        <figure class=\"td-slide-galery-figure td-slide-popup-gallery\">\r\n                            <a class=\"slide-gallery-image-link\" href=\"https:\/\/static.africa-press.net\/senegal\/sites\/13\/2025\/12\/sm_1766739285.64531.jpg\" title=\"sm_1766739285.64531\"  data-caption=\"\"  data-description=\"\">\r\n                                <img decoding=\"async\" src=\"https:\/\/static.africa-press.net\/senegal\/sites\/13\/2025\/12\/sm_1766739285.64531.jpg\" srcset=\"https:\/\/static.africa-press.net\/senegal\/sites\/13\/2025\/12\/sm_1766739285.64531.jpg 1080w, https:\/\/static.africa-press.net\/senegal\/sites\/13\/2025\/12\/sm_1766739285.64531-300x200.jpg 300w, https:\/\/static.africa-press.net\/senegal\/sites\/13\/2025\/12\/sm_1766739285.64531-1024x683.jpg 1024w, https:\/\/static.africa-press.net\/senegal\/sites\/13\/2025\/12\/sm_1766739285.64531-768x512.jpg 768w\" sizes=\"(max-width: 1080px) 100vw, 1080px\" alt=\"\">\r\n                            <\/a>\r\n                            \r\n                        <\/figure>\r\n                    <\/div>\r\n                    <div class = \"td-slide-item td-item3\">\r\n                        <figure class=\"td-slide-galery-figure td-slide-popup-gallery\">\r\n                            <a class=\"slide-gallery-image-link\" href=\"https:\/\/static.africa-press.net\/senegal\/sites\/13\/2025\/12\/sm_1766739291.099524.jpg\" title=\"sm_1766739291.099524\"  data-caption=\"\"  data-description=\"\">\r\n                                <img decoding=\"async\" src=\"https:\/\/static.africa-press.net\/senegal\/sites\/13\/2025\/12\/sm_1766739291.099524.jpg\" srcset=\"https:\/\/static.africa-press.net\/senegal\/sites\/13\/2025\/12\/sm_1766739291.099524.jpg 1080w, https:\/\/static.africa-press.net\/senegal\/sites\/13\/2025\/12\/sm_1766739291.099524-300x200.jpg 300w, https:\/\/static.africa-press.net\/senegal\/sites\/13\/2025\/12\/sm_1766739291.099524-1024x683.jpg 1024w, https:\/\/static.africa-press.net\/senegal\/sites\/13\/2025\/12\/sm_1766739291.099524-768x512.jpg 768w\" sizes=\"(max-width: 1080px) 100vw, 1080px\" alt=\"\">\r\n                            <\/a>\r\n                            \r\n                        <\/figure>\r\n                    <\/div>\r\n                            <\/div>\r\n                        <\/div>\r\n\r\n                        <div class = \"td-doubleSlider-2\">\r\n                            <div class = \"td-slider\">\r\n                                \r\n                    <div class = \"td-button td-item1\">\r\n                        <div class = \"td-border\"><\/div>\r\n                    <\/div>\r\n                    <div class = \"td-button td-item2\">\r\n                        <div class = \"td-border\"><\/div>\r\n                    <\/div>\r\n                    <div class = \"td-button td-item3\">\r\n                        <div class = \"td-border\"><\/div>\r\n                    <\/div>\r\n                            <\/div>\r\n                        <\/div>\r\n\r\n                    <\/div>\r\n\r\n                <\/div>\r\n                \n<p><strong>Pour plus d&rsquo;informations et d&rsquo;analyses sur la <span style=\"color: #ff6600\">Senegal<\/span>, suivez <span style=\"color: #ff6600\">Africa-Press<\/span><\/strong><\/p>\n","protected":false},"excerpt":{"rendered":"<p>Africa-Press &#8211; Senegal. Le Pre\u0301sident de la Re\u0301publique a officiellement proce\u0301de\u0301 au lancement des travaux de re\u0301habilitation de la route reliant Ziguinchor au Cap Skirring. Ce projet, d\u2019un montant global de 10 milliards de FCFA, vise a\u0300 re\u0301pondre a\u0300 l&rsquo;urgence de la de\u0301gradation de cet axe strate\u0301gique pour le tourisme et l&rsquo;e\u0301conomie locale. L&rsquo;intervention consistera [&hellip;]<\/p>\n","protected":false},"author":82,"featured_media":73808,"comment_status":"open","ping_status":"closed","sticky":false,"template":"","format":"standard","meta":{"footnotes":""},"categories":[3,20,10],"tags":[44],"class_list":["post-73809","post","type-post","status-publish","format-standard","has-post-thumbnail","hentry","category-economie","category-top-nouvelles","category-toutes-les-actualites","tag-senegal-2"],"yoast_head":"<!-- This site is optimized with the Yoast SEO Premium plugin v26.1 (Yoast SEO v27.0) - https:\/\/yoast.com\/product\/yoast-seo-premium-wordpress\/ -->\n<title>R\u00e9habilitation de L&#039;Axe Ziguinchor-Cap Skirring Lanc\u00e9e - Senegal<\/title>\n<meta name=\"description\" content=\"Le Pre\u0301sident de la Re\u0301publique a officiellement proce\u0301de\u0301 au lancement des travaux de re\u0301habilitation de la route relia ...\" \/>\n<meta name=\"robots\" content=\"index, follow, max-snippet:-1, max-image-preview:large, max-video-preview:-1\" \/>\n<link rel=\"canonical\" href=\"https:\/\/www.africa-press.net\/senegal\/economie\/rehabilitation-de-laxe-ziguinchor-cap-skirring-lancee-2\" \/>\n<meta property=\"og:locale\" content=\"fr_FR\" \/>\n<meta property=\"og:type\" content=\"article\" \/>\n<meta property=\"og:title\" content=\"R\u00e9habilitation de L&#039;Axe Ziguinchor-Cap Skirring Lanc\u00e9e\" \/>\n<meta property=\"og:description\" content=\"Le Pre\u0301sident de la Re\u0301publique a officiellement proce\u0301de\u0301 au lancement des travaux de re\u0301habilitation de la route relia ...\" \/>\n<meta property=\"og:url\" content=\"https:\/\/www.africa-press.net\/senegal\/economie\/rehabilitation-de-laxe-ziguinchor-cap-skirring-lancee-2\" \/>\n<meta property=\"og:site_name\" content=\"Senegal\" \/>\n<meta property=\"article:published_time\" content=\"2025-12-25T13:45:00+00:00\" \/>\n<meta property=\"article:modified_time\" content=\"2025-12-26T01:01:40+00:00\" \/>\n<meta property=\"og:image\" content=\"https:\/\/static.africa-press.net\/senegal\/sites\/13\/2025\/12\/sm_1766739296.317608.jpg\" \/>\n\t<meta property=\"og:image:width\" content=\"1280\" \/>\n\t<meta property=\"og:image:height\" content=\"720\" \/>\n\t<meta property=\"og:image:type\" content=\"image\/jpeg\" \/>\n<meta name=\"author\" content=\"cfeditorfr\" \/>\n<meta name=\"twitter:card\" content=\"summary_large_image\" \/>\n<meta name=\"twitter:label1\" content=\"\u00c9crit par\" \/>\n\t<meta name=\"twitter:data1\" content=\"cfeditorfr\" \/>\n\t<meta name=\"twitter:label2\" content=\"Dur\u00e9e de lecture estim\u00e9e\" \/>\n\t<meta name=\"twitter:data2\" content=\"1 minute\" \/>\n<script type=\"application\/ld+json\" class=\"yoast-schema-graph\">{\"@context\":\"https:\/\/schema.org\",\"@graph\":[{\"@type\":\"Article\",\"@id\":\"https:\/\/www.africa-press.net\/senegal\/economie\/rehabilitation-de-laxe-ziguinchor-cap-skirring-lancee-2#article\",\"isPartOf\":{\"@id\":\"https:\/\/www.africa-press.net\/senegal\/economie\/rehabilitation-de-laxe-ziguinchor-cap-skirring-lancee-2\"},\"author\":{\"name\":\"cfeditorfr\",\"@id\":\"https:\/\/www.africa-press.net\/senegal\/#\/schema\/person\/2b1cf3cd81a31e3cd26889ca66d677f1\"},\"headline\":\"R\u00e9habilitation de L&rsquo;Axe Ziguinchor-Cap Skirring Lanc\u00e9e\",\"datePublished\":\"2025-12-25T13:45:00+00:00\",\"dateModified\":\"2025-12-26T01:01:40+00:00\",\"mainEntityOfPage\":{\"@id\":\"https:\/\/www.africa-press.net\/senegal\/economie\/rehabilitation-de-laxe-ziguinchor-cap-skirring-lancee-2\"},\"wordCount\":182,\"commentCount\":0,\"image\":{\"@id\":\"https:\/\/www.africa-press.net\/senegal\/economie\/rehabilitation-de-laxe-ziguinchor-cap-skirring-lancee-2#primaryimage\"},\"thumbnailUrl\":\"https:\/\/static.africa-press.net\/senegal\/sites\/13\/2025\/12\/sm_1766739296.317608.jpg\",\"keywords\":[\"Senegal\"],\"articleSection\":[\"\u00c9conomie\",\"Top Nouvelles\",\"Toutes les actualit\u00e9s\"],\"inLanguage\":\"fr-FR\",\"potentialAction\":[{\"@type\":\"CommentAction\",\"name\":\"Comment\",\"target\":[\"https:\/\/www.africa-press.net\/senegal\/economie\/rehabilitation-de-laxe-ziguinchor-cap-skirring-lancee-2#respond\"]}]},{\"@type\":\"WebPage\",\"@id\":\"https:\/\/www.africa-press.net\/senegal\/economie\/rehabilitation-de-laxe-ziguinchor-cap-skirring-lancee-2\",\"url\":\"https:\/\/www.africa-press.net\/senegal\/economie\/rehabilitation-de-laxe-ziguinchor-cap-skirring-lancee-2\",\"name\":\"R\u00e9habilitation de L'Axe Ziguinchor-Cap Skirring Lanc\u00e9e - Senegal\",\"isPartOf\":{\"@id\":\"https:\/\/www.africa-press.net\/senegal\/#website\"},\"primaryImageOfPage\":{\"@id\":\"https:\/\/www.africa-press.net\/senegal\/economie\/rehabilitation-de-laxe-ziguinchor-cap-skirring-lancee-2#primaryimage\"},\"image\":{\"@id\":\"https:\/\/www.africa-press.net\/senegal\/economie\/rehabilitation-de-laxe-ziguinchor-cap-skirring-lancee-2#primaryimage\"},\"thumbnailUrl\":\"https:\/\/static.africa-press.net\/senegal\/sites\/13\/2025\/12\/sm_1766739296.317608.jpg\",\"datePublished\":\"2025-12-25T13:45:00+00:00\",\"dateModified\":\"2025-12-26T01:01:40+00:00\",\"author\":{\"@id\":\"https:\/\/www.africa-press.net\/senegal\/#\/schema\/person\/2b1cf3cd81a31e3cd26889ca66d677f1\"},\"description\":\"Le Pre\u0301sident de la Re\u0301publique a officiellement proce\u0301de\u0301 au lancement des travaux de re\u0301habilitation de la route relia ...\",\"breadcrumb\":{\"@id\":\"https:\/\/www.africa-press.net\/senegal\/economie\/rehabilitation-de-laxe-ziguinchor-cap-skirring-lancee-2#breadcrumb\"},\"inLanguage\":\"fr-FR\",\"potentialAction\":[{\"@type\":\"ReadAction\",\"target\":[\"https:\/\/www.africa-press.net\/senegal\/economie\/rehabilitation-de-laxe-ziguinchor-cap-skirring-lancee-2\"]}]},{\"@type\":\"ImageObject\",\"inLanguage\":\"fr-FR\",\"@id\":\"https:\/\/www.africa-press.net\/senegal\/economie\/rehabilitation-de-laxe-ziguinchor-cap-skirring-lancee-2#primaryimage\",\"url\":\"https:\/\/static.africa-press.net\/senegal\/sites\/13\/2025\/12\/sm_1766739296.317608.jpg\",\"contentUrl\":\"https:\/\/static.africa-press.net\/senegal\/sites\/13\/2025\/12\/sm_1766739296.317608.jpg\",\"width\":1280,\"height\":720,\"caption\":\"R\u00e9habilitation de L'Axe Ziguinchor-Cap Skirring Lanc\u00e9e\"},{\"@type\":\"BreadcrumbList\",\"@id\":\"https:\/\/www.africa-press.net\/senegal\/economie\/rehabilitation-de-laxe-ziguinchor-cap-skirring-lancee-2#breadcrumb\",\"itemListElement\":[{\"@type\":\"ListItem\",\"position\":1,\"name\":\"Accueil\",\"item\":\"https:\/\/www.africa-press.net\/senegal\/\"},{\"@type\":\"ListItem\",\"position\":2,\"name\":\"R\u00e9habilitation de L&#8217;Axe Ziguinchor-Cap Skirring Lanc\u00e9e\"}]},{\"@type\":\"WebSite\",\"@id\":\"https:\/\/www.africa-press.net\/senegal\/#website\",\"url\":\"https:\/\/www.africa-press.net\/senegal\/\",\"name\":\"Africa Press | Senegal | Homepage\",\"description\":\"Just another Africa News Agency Sites site\",\"potentialAction\":[{\"@type\":\"SearchAction\",\"target\":{\"@type\":\"EntryPoint\",\"urlTemplate\":\"https:\/\/www.africa-press.net\/senegal\/?s={search_term_string}\"},\"query-input\":{\"@type\":\"PropertyValueSpecification\",\"valueRequired\":true,\"valueName\":\"search_term_string\"}}],\"inLanguage\":\"fr-FR\"},{\"@type\":\"Person\",\"@id\":\"https:\/\/www.africa-press.net\/senegal\/#\/schema\/person\/2b1cf3cd81a31e3cd26889ca66d677f1\",\"name\":\"cfeditorfr\",\"url\":\"https:\/\/www.africa-press.net\/senegal\/author\/cfeditorfr\"}]}<\/script>\n<!-- \/ Yoast SEO Premium plugin. -->","yoast_head_json":{"title":"R\u00e9habilitation de L'Axe Ziguinchor-Cap Skirring Lanc\u00e9e - Senegal","description":"Le Pre\u0301sident de la Re\u0301publique a officiellement proce\u0301de\u0301 au lancement des travaux de re\u0301habilitation de la route relia ...","robots":{"index":"index","follow":"follow","max-snippet":"max-snippet:-1","max-image-preview":"max-image-preview:large","max-video-preview":"max-video-preview:-1"},"canonical":"https:\/\/www.africa-press.net\/senegal\/economie\/rehabilitation-de-laxe-ziguinchor-cap-skirring-lancee-2","og_locale":"fr_FR","og_type":"article","og_title":"R\u00e9habilitation de L'Axe Ziguinchor-Cap Skirring Lanc\u00e9e","og_description":"Le Pre\u0301sident de la Re\u0301publique a officiellement proce\u0301de\u0301 au lancement des travaux de re\u0301habilitation de la route relia ...","og_url":"https:\/\/www.africa-press.net\/senegal\/economie\/rehabilitation-de-laxe-ziguinchor-cap-skirring-lancee-2","og_site_name":"Senegal","article_published_time":"2025-12-25T13:45:00+00:00","article_modified_time":"2025-12-26T01:01:40+00:00","og_image":[{"width":1280,"height":720,"url":"https:\/\/static.africa-press.net\/senegal\/sites\/13\/2025\/12\/sm_1766739296.317608.jpg","type":"image\/jpeg"}],"author":"cfeditorfr","twitter_card":"summary_large_image","twitter_misc":{"\u00c9crit par":"cfeditorfr","Dur\u00e9e de lecture estim\u00e9e":"1 minute"},"schema":{"@context":"https:\/\/schema.org","@graph":[{"@type":"Article","@id":"https:\/\/www.africa-press.net\/senegal\/economie\/rehabilitation-de-laxe-ziguinchor-cap-skirring-lancee-2#article","isPartOf":{"@id":"https:\/\/www.africa-press.net\/senegal\/economie\/rehabilitation-de-laxe-ziguinchor-cap-skirring-lancee-2"},"author":{"name":"cfeditorfr","@id":"https:\/\/www.africa-press.net\/senegal\/#\/schema\/person\/2b1cf3cd81a31e3cd26889ca66d677f1"},"headline":"R\u00e9habilitation de L&rsquo;Axe Ziguinchor-Cap Skirring Lanc\u00e9e","datePublished":"2025-12-25T13:45:00+00:00","dateModified":"2025-12-26T01:01:40+00:00","mainEntityOfPage":{"@id":"https:\/\/www.africa-press.net\/senegal\/economie\/rehabilitation-de-laxe-ziguinchor-cap-skirring-lancee-2"},"wordCount":182,"commentCount":0,"image":{"@id":"https:\/\/www.africa-press.net\/senegal\/economie\/rehabilitation-de-laxe-ziguinchor-cap-skirring-lancee-2#primaryimage"},"thumbnailUrl":"https:\/\/static.africa-press.net\/senegal\/sites\/13\/2025\/12\/sm_1766739296.317608.jpg","keywords":["Senegal"],"articleSection":["\u00c9conomie","Top Nouvelles","Toutes les actualit\u00e9s"],"inLanguage":"fr-FR","potentialAction":[{"@type":"CommentAction","name":"Comment","target":["https:\/\/www.africa-press.net\/senegal\/economie\/rehabilitation-de-laxe-ziguinchor-cap-skirring-lancee-2#respond"]}]},{"@type":"WebPage","@id":"https:\/\/www.africa-press.net\/senegal\/economie\/rehabilitation-de-laxe-ziguinchor-cap-skirring-lancee-2","url":"https:\/\/www.africa-press.net\/senegal\/economie\/rehabilitation-de-laxe-ziguinchor-cap-skirring-lancee-2","name":"R\u00e9habilitation de L'Axe Ziguinchor-Cap Skirring Lanc\u00e9e - Senegal","isPartOf":{"@id":"https:\/\/www.africa-press.net\/senegal\/#website"},"primaryImageOfPage":{"@id":"https:\/\/www.africa-press.net\/senegal\/economie\/rehabilitation-de-laxe-ziguinchor-cap-skirring-lancee-2#primaryimage"},"image":{"@id":"https:\/\/www.africa-press.net\/senegal\/economie\/rehabilitation-de-laxe-ziguinchor-cap-skirring-lancee-2#primaryimage"},"thumbnailUrl":"https:\/\/static.africa-press.net\/senegal\/sites\/13\/2025\/12\/sm_1766739296.317608.jpg","datePublished":"2025-12-25T13:45:00+00:00","dateModified":"2025-12-26T01:01:40+00:00","author":{"@id":"https:\/\/www.africa-press.net\/senegal\/#\/schema\/person\/2b1cf3cd81a31e3cd26889ca66d677f1"},"description":"Le Pre\u0301sident de la Re\u0301publique a officiellement proce\u0301de\u0301 au lancement des travaux de re\u0301habilitation de la route relia ...","breadcrumb":{"@id":"https:\/\/www.africa-press.net\/senegal\/economie\/rehabilitation-de-laxe-ziguinchor-cap-skirring-lancee-2#breadcrumb"},"inLanguage":"fr-FR","potentialAction":[{"@type":"ReadAction","target":["https:\/\/www.africa-press.net\/senegal\/economie\/rehabilitation-de-laxe-ziguinchor-cap-skirring-lancee-2"]}]},{"@type":"ImageObject","inLanguage":"fr-FR","@id":"https:\/\/www.africa-press.net\/senegal\/economie\/rehabilitation-de-laxe-ziguinchor-cap-skirring-lancee-2#primaryimage","url":"https:\/\/static.africa-press.net\/senegal\/sites\/13\/2025\/12\/sm_1766739296.317608.jpg","contentUrl":"https:\/\/static.africa-press.net\/senegal\/sites\/13\/2025\/12\/sm_1766739296.317608.jpg","width":1280,"height":720,"caption":"R\u00e9habilitation de L'Axe Ziguinchor-Cap Skirring Lanc\u00e9e"},{"@type":"BreadcrumbList","@id":"https:\/\/www.africa-press.net\/senegal\/economie\/rehabilitation-de-laxe-ziguinchor-cap-skirring-lancee-2#breadcrumb","itemListElement":[{"@type":"ListItem","position":1,"name":"Accueil","item":"https:\/\/www.africa-press.net\/senegal\/"},{"@type":"ListItem","position":2,"name":"R\u00e9habilitation de L&#8217;Axe Ziguinchor-Cap Skirring Lanc\u00e9e"}]},{"@type":"WebSite","@id":"https:\/\/www.africa-press.net\/senegal\/#website","url":"https:\/\/www.africa-press.net\/senegal\/","name":"Africa Press | Senegal | Homepage","description":"Just another Africa News Agency Sites site","potentialAction":[{"@type":"SearchAction","target":{"@type":"EntryPoint","urlTemplate":"https:\/\/www.africa-press.net\/senegal\/?s={search_term_string}"},"query-input":{"@type":"PropertyValueSpecification","valueRequired":true,"valueName":"search_term_string"}}],"inLanguage":"fr-FR"},{"@type":"Person","@id":"https:\/\/www.africa-press.net\/senegal\/#\/schema\/person\/2b1cf3cd81a31e3cd26889ca66d677f1","name":"cfeditorfr","url":"https:\/\/www.africa-press.net\/senegal\/author\/cfeditorfr"}]}},"_links":{"self":[{"href":"https:\/\/www.africa-press.net\/senegal\/wp-json\/wp\/v2\/posts\/73809","targetHints":{"allow":["GET"]}}],"collection":[{"href":"https:\/\/www.africa-press.net\/senegal\/wp-json\/wp\/v2\/posts"}],"about":[{"href":"https:\/\/www.africa-press.net\/senegal\/wp-json\/wp\/v2\/types\/post"}],"author":[{"embeddable":true,"href":"https:\/\/www.africa-press.net\/senegal\/wp-json\/wp\/v2\/users\/82"}],"replies":[{"embeddable":true,"href":"https:\/\/www.africa-press.net\/senegal\/wp-json\/wp\/v2\/comments?post=73809"}],"version-history":[{"count":0,"href":"https:\/\/www.africa-press.net\/senegal\/wp-json\/wp\/v2\/posts\/73809\/revisions"}],"wp:featuredmedia":[{"embeddable":true,"href":"https:\/\/www.africa-press.net\/senegal\/wp-json\/wp\/v2\/media\/73808"}],"wp:attachment":[{"href":"https:\/\/www.africa-press.net\/senegal\/wp-json\/wp\/v2\/media?parent=73809"}],"wp:term":[{"taxonomy":"category","embeddable":true,"href":"https:\/\/www.africa-press.net\/senegal\/wp-json\/wp\/v2\/categories?post=73809"},{"taxonomy":"post_tag","embeddable":true,"href":"https:\/\/www.africa-press.net\/senegal\/wp-json\/wp\/v2\/tags?post=73809"}],"curies":[{"name":"wp","href":"https:\/\/api.w.org\/{rel}","templated":true}]}}