{"id":73849,"date":"2025-12-26T13:45:00","date_gmt":"2025-12-26T13:45:00","guid":{"rendered":"https:\/\/www.africa-press.net\/senegal\/politique\/coalition-fagaru-exige-demission-dousmane-sonko"},"modified":"2025-12-27T03:55:54","modified_gmt":"2025-12-27T03:55:54","slug":"coalition-fagaru-exige-demission-dousmane-sonko","status":"publish","type":"post","link":"https:\/\/www.africa-press.net\/senegal\/parties\/coalition-fagaru-exige-demission-dousmane-sonko","title":{"rendered":"Coalition FAGARU Exige D\u00e9mission D&rsquo;Ousmane Sonko"},"content":{"rendered":"<p><span style=\"color: #ff6600\"><strong>Africa-Press &#8211; Senegal. <\/strong><\/span>La Coalition FAGARU, les Sentinelles de la Re\u0301publique, a publie\u0301 une de\u0301claration exprimant sa profonde pre\u0301occupation face a\u0300 la re\u0301cente de\u0301marche du Premier ministre Ousmane Sonko dans l&rsquo;affaire judiciaire opposant ce dernier a\u0300 l&rsquo;ancien ministre de la Re\u0301publique, Mame Mbaye Niang.<\/p>\n<p>Dans ce communique\u0301 transmis a\u0300 Seneweb par son coordonnateur Abdou Karim Fall, la Coalition FAGARU de\u0301nonce la de\u0301marche du Premier ministre consistant a\u0300 solliciter, par le biais de ses avocats et de son ministre de la Justice, garde des Sceaux, la re\u0301ouverture du proce\u0300s en diffamation qui l&rsquo;oppose a\u0300 Mame Mbaye Niang.<\/p>\n<p>La coalition rappelle que cette affaire a connu toutes les voies de recours pre\u0301vues par l&rsquo;ordonnancement juridique: condamnation en premie\u0300re instance, aggravation des peines en appel, arre\u0302t de la Cour de cassation et, re\u0301cemment, rejet du rabat d&rsquo;arre\u0302t.<\/p>\n<p>Selon FAGARU, ces de\u0301cisions successives traduisent la stabilite\u0301 et l&rsquo;autorite\u0301 de la chose juge\u0301e, principe fondamental de l&rsquo;E\u0301tat de droit. Pour la Coalition FAGARU, la de\u0301cision du Premier ministre est de nature a\u0300 jeter le discre\u0301dit sur l&rsquo;inde\u0301pendance et l&rsquo;honneur du pouvoir judiciaire, pilier essentiel de la de\u0301mocratie se\u0301ne\u0301galaise.<\/p>\n<p>L&rsquo;organisation s&rsquo;insurge avec force contre cette de\u0301marche qu&rsquo;elle conside\u0300re comme \u00ab\u00a0inopportune, politicienne et dangereuse pour la cohe\u0301sion institutionnelle\u00a0\u00bb du pays.<\/p>\n<p><b>Appel a\u0300 la de\u0301mission d&rsquo;Ousmane Sonko<\/b><\/p>\n<p>La Coalition appelle avec responsabilite\u0301 au respect strict des institutions, a\u0300 la se\u0301paration des pouvoirs et a\u0300 une discipline gouvernementale conforme aux exigences de la Re\u0301publique. Elle estime que le Se\u0301ne\u0301gal a besoin de stabilite\u0301, de clarte\u0301 institutionnelle et d&rsquo;un exe\u0301cutif uni, concentre\u0301 exclusivement sur les urgences e\u0301conomiques, sociales et se\u0301curitaires qui pre\u0301occupent les citoyens.<\/p>\n<p>Dans sa de\u0301claration, FAGARU affirme que \u00ab\u00a0pour la coalition FAGARU, Ousmane Sonko doit e\u0302tre cohe\u0301rent avec lui-me\u0302me en de\u0301missionnant de son poste de Premier ministre pour mettre a\u0300 l&rsquo;aise la justice et e\u0301viter tout pre\u0301ce\u0301dent et toute pression en rapport avec ce dossier.\u00a0\u00bb<\/p>\n<p><b>Soutien au pre\u0301sident de la Re\u0301publique<\/b><\/p>\n<p>Malgre\u0301 cette position ferme, la Coalition FAGARU re\u0301affirme son soutien total et inde\u0301fectible au pre\u0301sident de la Re\u0301publique et a\u0300 la re\u0301ussite de son mandat, dans le respect des lois, des institutions et des principes de\u0301mocratiques.<\/p>\n<p>Cette de\u0301claration, signe\u0301e par le coordonnateur Abdou Karim Fall au nom de FAGARU, les Sentinelles de la Re\u0301publique, intervient dans un contexte de tensions autour de cette affaire judiciaire qui oppose depuis plusieurs anne\u0301es le Premier ministre a\u0300 l&rsquo;ancien ministre Mame Mbaye Niang.<\/p>\n<p><strong>Pour plus d&rsquo;informations et d&rsquo;analyses sur la <span style=\"color: #ff6600\">Senegal<\/span>, suivez <span style=\"color: #ff6600\">Africa-Press<\/span><\/strong><\/p>\n","protected":false},"excerpt":{"rendered":"<p>Africa-Press &#8211; Senegal. La Coalition FAGARU, les Sentinelles de la Re\u0301publique, a publie\u0301 une de\u0301claration exprimant sa profonde pre\u0301occupation face a\u0300 la re\u0301cente de\u0301marche du Premier ministre Ousmane Sonko dans l&rsquo;affaire judiciaire opposant ce dernier a\u0300 l&rsquo;ancien ministre de la Re\u0301publique, Mame Mbaye Niang. Dans ce communique\u0301 transmis a\u0300 Seneweb par son coordonnateur Abdou Karim [&hellip;]<\/p>\n","protected":false},"author":82,"featured_media":73848,"comment_status":"open","ping_status":"closed","sticky":false,"template":"","format":"standard","meta":{"footnotes":""},"categories":[4,20,10],"tags":[44],"class_list":["post-73849","post","type-post","status-publish","format-standard","has-post-thumbnail","hentry","category-parties","category-top-nouvelles","category-toutes-les-actualites","tag-senegal-2"],"yoast_head":"<!-- This site is optimized with the Yoast SEO Premium plugin v26.1 (Yoast SEO v27.0) - https:\/\/yoast.com\/product\/yoast-seo-premium-wordpress\/ -->\n<title>Coalition FAGARU Exige D\u00e9mission D&#039;Ousmane Sonko - Senegal<\/title>\n<meta name=\"description\" content=\"La Coalition FAGARU, les Sentinelles de la Re\u0301publique, a publie\u0301 une de\u0301claration exprimant sa profonde pre\u0301occupation ...\" \/>\n<meta name=\"robots\" content=\"index, follow, max-snippet:-1, max-image-preview:large, max-video-preview:-1\" \/>\n<link rel=\"canonical\" href=\"https:\/\/www.africa-press.net\/senegal\/parties\/coalition-fagaru-exige-demission-dousmane-sonko\" \/>\n<meta property=\"og:locale\" content=\"fr_FR\" \/>\n<meta property=\"og:type\" content=\"article\" \/>\n<meta property=\"og:title\" content=\"Coalition FAGARU Exige D\u00e9mission D&#039;Ousmane Sonko\" \/>\n<meta property=\"og:description\" content=\"La Coalition FAGARU, les Sentinelles de la Re\u0301publique, a publie\u0301 une de\u0301claration exprimant sa profonde pre\u0301occupation ...\" \/>\n<meta property=\"og:url\" content=\"https:\/\/www.africa-press.net\/senegal\/parties\/coalition-fagaru-exige-demission-dousmane-sonko\" \/>\n<meta property=\"og:site_name\" content=\"Senegal\" \/>\n<meta property=\"article:published_time\" content=\"2025-12-26T13:45:00+00:00\" \/>\n<meta property=\"article:modified_time\" content=\"2025-12-27T03:55:54+00:00\" \/>\n<meta property=\"og:image\" content=\"https:\/\/static.africa-press.net\/senegal\/sites\/13\/2025\/12\/sm_1766835754.227375.jpg\" \/>\n\t<meta property=\"og:image:width\" content=\"1280\" \/>\n\t<meta property=\"og:image:height\" content=\"720\" \/>\n\t<meta property=\"og:image:type\" content=\"image\/jpeg\" \/>\n<meta name=\"author\" content=\"cfeditorfr\" \/>\n<meta name=\"twitter:card\" content=\"summary_large_image\" \/>\n<meta name=\"twitter:label1\" content=\"\u00c9crit par\" \/>\n\t<meta name=\"twitter:data1\" content=\"cfeditorfr\" \/>\n\t<meta name=\"twitter:label2\" content=\"Dur\u00e9e de lecture estim\u00e9e\" \/>\n\t<meta name=\"twitter:data2\" content=\"2 minutes\" \/>\n<script type=\"application\/ld+json\" class=\"yoast-schema-graph\">{\"@context\":\"https:\/\/schema.org\",\"@graph\":[{\"@type\":\"Article\",\"@id\":\"https:\/\/www.africa-press.net\/senegal\/parties\/coalition-fagaru-exige-demission-dousmane-sonko#article\",\"isPartOf\":{\"@id\":\"https:\/\/www.africa-press.net\/senegal\/parties\/coalition-fagaru-exige-demission-dousmane-sonko\"},\"author\":{\"name\":\"cfeditorfr\",\"@id\":\"https:\/\/www.africa-press.net\/senegal\/#\/schema\/person\/2b1cf3cd81a31e3cd26889ca66d677f1\"},\"headline\":\"Coalition FAGARU Exige D\u00e9mission D&rsquo;Ousmane Sonko\",\"datePublished\":\"2025-12-26T13:45:00+00:00\",\"dateModified\":\"2025-12-27T03:55:54+00:00\",\"mainEntityOfPage\":{\"@id\":\"https:\/\/www.africa-press.net\/senegal\/parties\/coalition-fagaru-exige-demission-dousmane-sonko\"},\"wordCount\":484,\"commentCount\":0,\"image\":{\"@id\":\"https:\/\/www.africa-press.net\/senegal\/parties\/coalition-fagaru-exige-demission-dousmane-sonko#primaryimage\"},\"thumbnailUrl\":\"https:\/\/static.africa-press.net\/senegal\/sites\/13\/2025\/12\/sm_1766835754.227375.jpg\",\"keywords\":[\"Senegal\"],\"articleSection\":[\"Parties\",\"Top Nouvelles\",\"Toutes les actualit\u00e9s\"],\"inLanguage\":\"fr-FR\",\"potentialAction\":[{\"@type\":\"CommentAction\",\"name\":\"Comment\",\"target\":[\"https:\/\/www.africa-press.net\/senegal\/parties\/coalition-fagaru-exige-demission-dousmane-sonko#respond\"]}]},{\"@type\":\"WebPage\",\"@id\":\"https:\/\/www.africa-press.net\/senegal\/parties\/coalition-fagaru-exige-demission-dousmane-sonko\",\"url\":\"https:\/\/www.africa-press.net\/senegal\/parties\/coalition-fagaru-exige-demission-dousmane-sonko\",\"name\":\"Coalition FAGARU Exige D\u00e9mission D'Ousmane Sonko - Senegal\",\"isPartOf\":{\"@id\":\"https:\/\/www.africa-press.net\/senegal\/#website\"},\"primaryImageOfPage\":{\"@id\":\"https:\/\/www.africa-press.net\/senegal\/parties\/coalition-fagaru-exige-demission-dousmane-sonko#primaryimage\"},\"image\":{\"@id\":\"https:\/\/www.africa-press.net\/senegal\/parties\/coalition-fagaru-exige-demission-dousmane-sonko#primaryimage\"},\"thumbnailUrl\":\"https:\/\/static.africa-press.net\/senegal\/sites\/13\/2025\/12\/sm_1766835754.227375.jpg\",\"datePublished\":\"2025-12-26T13:45:00+00:00\",\"dateModified\":\"2025-12-27T03:55:54+00:00\",\"author\":{\"@id\":\"https:\/\/www.africa-press.net\/senegal\/#\/schema\/person\/2b1cf3cd81a31e3cd26889ca66d677f1\"},\"description\":\"La Coalition FAGARU, les Sentinelles de la Re\u0301publique, a publie\u0301 une de\u0301claration exprimant sa profonde pre\u0301occupation ...\",\"breadcrumb\":{\"@id\":\"https:\/\/www.africa-press.net\/senegal\/parties\/coalition-fagaru-exige-demission-dousmane-sonko#breadcrumb\"},\"inLanguage\":\"fr-FR\",\"potentialAction\":[{\"@type\":\"ReadAction\",\"target\":[\"https:\/\/www.africa-press.net\/senegal\/parties\/coalition-fagaru-exige-demission-dousmane-sonko\"]}]},{\"@type\":\"ImageObject\",\"inLanguage\":\"fr-FR\",\"@id\":\"https:\/\/www.africa-press.net\/senegal\/parties\/coalition-fagaru-exige-demission-dousmane-sonko#primaryimage\",\"url\":\"https:\/\/static.africa-press.net\/senegal\/sites\/13\/2025\/12\/sm_1766835754.227375.jpg\",\"contentUrl\":\"https:\/\/static.africa-press.net\/senegal\/sites\/13\/2025\/12\/sm_1766835754.227375.jpg\",\"width\":1280,\"height\":720,\"caption\":\"Coalition FAGARU Exige D\u00e9mission D'Ousmane Sonko\"},{\"@type\":\"BreadcrumbList\",\"@id\":\"https:\/\/www.africa-press.net\/senegal\/parties\/coalition-fagaru-exige-demission-dousmane-sonko#breadcrumb\",\"itemListElement\":[{\"@type\":\"ListItem\",\"position\":1,\"name\":\"Accueil\",\"item\":\"https:\/\/www.africa-press.net\/senegal\/\"},{\"@type\":\"ListItem\",\"position\":2,\"name\":\"Coalition FAGARU Exige D\u00e9mission D&#8217;Ousmane Sonko\"}]},{\"@type\":\"WebSite\",\"@id\":\"https:\/\/www.africa-press.net\/senegal\/#website\",\"url\":\"https:\/\/www.africa-press.net\/senegal\/\",\"name\":\"Africa Press | Senegal | Homepage\",\"description\":\"Just another Africa News Agency Sites site\",\"potentialAction\":[{\"@type\":\"SearchAction\",\"target\":{\"@type\":\"EntryPoint\",\"urlTemplate\":\"https:\/\/www.africa-press.net\/senegal\/?s={search_term_string}\"},\"query-input\":{\"@type\":\"PropertyValueSpecification\",\"valueRequired\":true,\"valueName\":\"search_term_string\"}}],\"inLanguage\":\"fr-FR\"},{\"@type\":\"Person\",\"@id\":\"https:\/\/www.africa-press.net\/senegal\/#\/schema\/person\/2b1cf3cd81a31e3cd26889ca66d677f1\",\"name\":\"cfeditorfr\",\"url\":\"https:\/\/www.africa-press.net\/senegal\/author\/cfeditorfr\"}]}<\/script>\n<!-- \/ Yoast SEO Premium plugin. -->","yoast_head_json":{"title":"Coalition FAGARU Exige D\u00e9mission D'Ousmane Sonko - Senegal","description":"La Coalition FAGARU, les Sentinelles de la Re\u0301publique, a publie\u0301 une de\u0301claration exprimant sa profonde pre\u0301occupation ...","robots":{"index":"index","follow":"follow","max-snippet":"max-snippet:-1","max-image-preview":"max-image-preview:large","max-video-preview":"max-video-preview:-1"},"canonical":"https:\/\/www.africa-press.net\/senegal\/parties\/coalition-fagaru-exige-demission-dousmane-sonko","og_locale":"fr_FR","og_type":"article","og_title":"Coalition FAGARU Exige D\u00e9mission D'Ousmane Sonko","og_description":"La Coalition FAGARU, les Sentinelles de la Re\u0301publique, a publie\u0301 une de\u0301claration exprimant sa profonde pre\u0301occupation ...","og_url":"https:\/\/www.africa-press.net\/senegal\/parties\/coalition-fagaru-exige-demission-dousmane-sonko","og_site_name":"Senegal","article_published_time":"2025-12-26T13:45:00+00:00","article_modified_time":"2025-12-27T03:55:54+00:00","og_image":[{"width":1280,"height":720,"url":"https:\/\/static.africa-press.net\/senegal\/sites\/13\/2025\/12\/sm_1766835754.227375.jpg","type":"image\/jpeg"}],"author":"cfeditorfr","twitter_card":"summary_large_image","twitter_misc":{"\u00c9crit par":"cfeditorfr","Dur\u00e9e de lecture estim\u00e9e":"2 minutes"},"schema":{"@context":"https:\/\/schema.org","@graph":[{"@type":"Article","@id":"https:\/\/www.africa-press.net\/senegal\/parties\/coalition-fagaru-exige-demission-dousmane-sonko#article","isPartOf":{"@id":"https:\/\/www.africa-press.net\/senegal\/parties\/coalition-fagaru-exige-demission-dousmane-sonko"},"author":{"name":"cfeditorfr","@id":"https:\/\/www.africa-press.net\/senegal\/#\/schema\/person\/2b1cf3cd81a31e3cd26889ca66d677f1"},"headline":"Coalition FAGARU Exige D\u00e9mission D&rsquo;Ousmane Sonko","datePublished":"2025-12-26T13:45:00+00:00","dateModified":"2025-12-27T03:55:54+00:00","mainEntityOfPage":{"@id":"https:\/\/www.africa-press.net\/senegal\/parties\/coalition-fagaru-exige-demission-dousmane-sonko"},"wordCount":484,"commentCount":0,"image":{"@id":"https:\/\/www.africa-press.net\/senegal\/parties\/coalition-fagaru-exige-demission-dousmane-sonko#primaryimage"},"thumbnailUrl":"https:\/\/static.africa-press.net\/senegal\/sites\/13\/2025\/12\/sm_1766835754.227375.jpg","keywords":["Senegal"],"articleSection":["Parties","Top Nouvelles","Toutes les actualit\u00e9s"],"inLanguage":"fr-FR","potentialAction":[{"@type":"CommentAction","name":"Comment","target":["https:\/\/www.africa-press.net\/senegal\/parties\/coalition-fagaru-exige-demission-dousmane-sonko#respond"]}]},{"@type":"WebPage","@id":"https:\/\/www.africa-press.net\/senegal\/parties\/coalition-fagaru-exige-demission-dousmane-sonko","url":"https:\/\/www.africa-press.net\/senegal\/parties\/coalition-fagaru-exige-demission-dousmane-sonko","name":"Coalition FAGARU Exige D\u00e9mission D'Ousmane Sonko - Senegal","isPartOf":{"@id":"https:\/\/www.africa-press.net\/senegal\/#website"},"primaryImageOfPage":{"@id":"https:\/\/www.africa-press.net\/senegal\/parties\/coalition-fagaru-exige-demission-dousmane-sonko#primaryimage"},"image":{"@id":"https:\/\/www.africa-press.net\/senegal\/parties\/coalition-fagaru-exige-demission-dousmane-sonko#primaryimage"},"thumbnailUrl":"https:\/\/static.africa-press.net\/senegal\/sites\/13\/2025\/12\/sm_1766835754.227375.jpg","datePublished":"2025-12-26T13:45:00+00:00","dateModified":"2025-12-27T03:55:54+00:00","author":{"@id":"https:\/\/www.africa-press.net\/senegal\/#\/schema\/person\/2b1cf3cd81a31e3cd26889ca66d677f1"},"description":"La Coalition FAGARU, les Sentinelles de la Re\u0301publique, a publie\u0301 une de\u0301claration exprimant sa profonde pre\u0301occupation ...","breadcrumb":{"@id":"https:\/\/www.africa-press.net\/senegal\/parties\/coalition-fagaru-exige-demission-dousmane-sonko#breadcrumb"},"inLanguage":"fr-FR","potentialAction":[{"@type":"ReadAction","target":["https:\/\/www.africa-press.net\/senegal\/parties\/coalition-fagaru-exige-demission-dousmane-sonko"]}]},{"@type":"ImageObject","inLanguage":"fr-FR","@id":"https:\/\/www.africa-press.net\/senegal\/parties\/coalition-fagaru-exige-demission-dousmane-sonko#primaryimage","url":"https:\/\/static.africa-press.net\/senegal\/sites\/13\/2025\/12\/sm_1766835754.227375.jpg","contentUrl":"https:\/\/static.africa-press.net\/senegal\/sites\/13\/2025\/12\/sm_1766835754.227375.jpg","width":1280,"height":720,"caption":"Coalition FAGARU Exige D\u00e9mission D'Ousmane Sonko"},{"@type":"BreadcrumbList","@id":"https:\/\/www.africa-press.net\/senegal\/parties\/coalition-fagaru-exige-demission-dousmane-sonko#breadcrumb","itemListElement":[{"@type":"ListItem","position":1,"name":"Accueil","item":"https:\/\/www.africa-press.net\/senegal\/"},{"@type":"ListItem","position":2,"name":"Coalition FAGARU Exige D\u00e9mission D&#8217;Ousmane Sonko"}]},{"@type":"WebSite","@id":"https:\/\/www.africa-press.net\/senegal\/#website","url":"https:\/\/www.africa-press.net\/senegal\/","name":"Africa Press | Senegal | Homepage","description":"Just another Africa News Agency Sites site","potentialAction":[{"@type":"SearchAction","target":{"@type":"EntryPoint","urlTemplate":"https:\/\/www.africa-press.net\/senegal\/?s={search_term_string}"},"query-input":{"@type":"PropertyValueSpecification","valueRequired":true,"valueName":"search_term_string"}}],"inLanguage":"fr-FR"},{"@type":"Person","@id":"https:\/\/www.africa-press.net\/senegal\/#\/schema\/person\/2b1cf3cd81a31e3cd26889ca66d677f1","name":"cfeditorfr","url":"https:\/\/www.africa-press.net\/senegal\/author\/cfeditorfr"}]}},"_links":{"self":[{"href":"https:\/\/www.africa-press.net\/senegal\/wp-json\/wp\/v2\/posts\/73849","targetHints":{"allow":["GET"]}}],"collection":[{"href":"https:\/\/www.africa-press.net\/senegal\/wp-json\/wp\/v2\/posts"}],"about":[{"href":"https:\/\/www.africa-press.net\/senegal\/wp-json\/wp\/v2\/types\/post"}],"author":[{"embeddable":true,"href":"https:\/\/www.africa-press.net\/senegal\/wp-json\/wp\/v2\/users\/82"}],"replies":[{"embeddable":true,"href":"https:\/\/www.africa-press.net\/senegal\/wp-json\/wp\/v2\/comments?post=73849"}],"version-history":[{"count":0,"href":"https:\/\/www.africa-press.net\/senegal\/wp-json\/wp\/v2\/posts\/73849\/revisions"}],"wp:featuredmedia":[{"embeddable":true,"href":"https:\/\/www.africa-press.net\/senegal\/wp-json\/wp\/v2\/media\/73848"}],"wp:attachment":[{"href":"https:\/\/www.africa-press.net\/senegal\/wp-json\/wp\/v2\/media?parent=73849"}],"wp:term":[{"taxonomy":"category","embeddable":true,"href":"https:\/\/www.africa-press.net\/senegal\/wp-json\/wp\/v2\/categories?post=73849"},{"taxonomy":"post_tag","embeddable":true,"href":"https:\/\/www.africa-press.net\/senegal\/wp-json\/wp\/v2\/tags?post=73849"}],"curies":[{"name":"wp","href":"https:\/\/api.w.org\/{rel}","templated":true}]}}