{"id":75356,"date":"2026-03-13T14:00:00","date_gmt":"2026-03-13T14:00:00","guid":{"rendered":"https:\/\/www.africa-press.net\/senegal\/politique\/nyamsi-predit-demission-de-sonko-et-nouvelle-pm-femme"},"modified":"2026-03-13T19:15:14","modified_gmt":"2026-03-13T19:15:14","slug":"nyamsi-predit-demission-de-sonko-et-nouvelle-pm-femme","status":"publish","type":"post","link":"https:\/\/www.africa-press.net\/senegal\/politique\/nyamsi-predit-demission-de-sonko-et-nouvelle-pm-femme","title":{"rendered":"Nyamsi Pr\u00e9dit D\u00e9mission de Sonko et Nouvelle PM Femme"},"content":{"rendered":"<p><span style=\"color: #ff6600\"><strong>Africa-Press &#8211; Senegal. <\/strong><\/span>Les de\u0301saccords entre le pre\u0301sident se\u0301ne\u0301galais Bassirou Diomaye Faye et son Premier ministre Ousmane Sonko ne laissent pas marbre le professeur agre\u0301ge\u0301 de philosophie, Franklin Nyamsi. Le Franco-Camerounais a publie\u0301, en de\u0301but du mois, plusieurs vide\u0301os sur Facebook, dans lesquelles il donne sa lecture de cette brouille au sommet de l\u2019Etat se\u0301ne\u0301galais.<\/p>\n<p>L&rsquo;auteur de \u00ab\u00a0L&rsquo;impe\u0301rial-terrorisme\u00a0\u00bb de\u0301crit notamment un pays dirige\u0301 par deux hommes qui sont en plein \u00ab divorce politique \u00bb. Il pre\u0301dit une de\u0301mission du Premier ministre Sonko dans les prochains mois.<\/p>\n<p><b>\u00ab\u00a0Il va y avoir un le\u0301ger schisme dans le Pastef ; les &lsquo;bassiristes&rsquo; vont partir avec Mimi Toure\u0301 et Diomaye\u00a0\u00bb<\/b><\/p>\n<p>\u00ab L\u2019une des conse\u0301quences de ce que le pre\u0301sident Diomaye Faye est en train de faire c\u2019est que Sonko doit rendre sa de\u0301mission. Je pre\u0301dit que Sonko va de\u0301missionner. Il va garder le Pastef. Bassirou Diomaye Faye va partir avec Aminata Toure\u0301 et leur coalition DiomayePre\u0301sident. Il va y avoir un le\u0301ger schisme dans le Pastef, les &lsquo;bassiristes&rsquo; vont partir avec Mimi Toure\u0301 et Diomaye \u00bb, a conjecture\u0301 Franklin Nyamsi.<\/p>\n<p>Quant au poste de Premier ministre, il reviendra a\u0300 une \u00ab personnalite\u0301 issue du bloc ne\u0301o-colonise\u0301 se\u0301ne\u0301galais \u00bb, croit savoir l\u2019influenceur franco-camerounais. Il pense a\u0300 Aminata Toure\u0301.<\/p>\n<p>Selon lui, c\u2019est elle qui sera probablement nomme\u0301e, parce que \u00ab tout ce qui plai\u0302t a\u0300 Diomaye Faye elle le fait et tout ce qu\u2019elle fait plai\u0302t a\u0300 Diomaye Faye \u00bb.<\/p>\n<p><strong>Pour plus d&rsquo;informations et d&rsquo;analyses sur la <span style=\"color: #ff6600\">Senegal<\/span>, suivez <span style=\"color: #ff6600\">Africa-Press<\/span><\/strong><\/p>\n","protected":false},"excerpt":{"rendered":"<p>Africa-Press &#8211; Senegal. Les de\u0301saccords entre le pre\u0301sident se\u0301ne\u0301galais Bassirou Diomaye Faye et son Premier ministre Ousmane Sonko ne laissent pas marbre le professeur agre\u0301ge\u0301 de philosophie, Franklin Nyamsi. Le Franco-Camerounais a publie\u0301, en de\u0301but du mois, plusieurs vide\u0301os sur Facebook, dans lesquelles il donne sa lecture de cette brouille au sommet de l\u2019Etat se\u0301ne\u0301galais. [&hellip;]<\/p>\n","protected":false},"author":82,"featured_media":75355,"comment_status":"open","ping_status":"closed","sticky":false,"template":"","format":"standard","meta":{"footnotes":""},"categories":[2,20,10],"tags":[44],"class_list":["post-75356","post","type-post","status-publish","format-standard","has-post-thumbnail","hentry","category-politique","category-top-nouvelles","category-toutes-les-actualites","tag-senegal-2"],"yoast_head":"<!-- This site is optimized with the Yoast SEO Premium plugin v26.1 (Yoast SEO v27.0) - https:\/\/yoast.com\/product\/yoast-seo-premium-wordpress\/ -->\n<title>Nyamsi Pr\u00e9dit D\u00e9mission de Sonko et Nouvelle PM Femme - Senegal<\/title>\n<meta name=\"description\" content=\"Les de\u0301saccords entre le pre\u0301sident se\u0301ne\u0301galais Bassirou Diomaye Faye et son Premier ministre Ousmane Sonko ne laissent ...\" \/>\n<meta name=\"robots\" content=\"index, follow, max-snippet:-1, max-image-preview:large, max-video-preview:-1\" \/>\n<link rel=\"canonical\" href=\"https:\/\/www.africa-press.net\/senegal\/politique\/nyamsi-predit-demission-de-sonko-et-nouvelle-pm-femme\" \/>\n<meta property=\"og:locale\" content=\"fr_FR\" \/>\n<meta property=\"og:type\" content=\"article\" \/>\n<meta property=\"og:title\" content=\"Nyamsi Pr\u00e9dit D\u00e9mission de Sonko et Nouvelle PM Femme\" \/>\n<meta property=\"og:description\" content=\"Les de\u0301saccords entre le pre\u0301sident se\u0301ne\u0301galais Bassirou Diomaye Faye et son Premier ministre Ousmane Sonko ne laissent ...\" \/>\n<meta property=\"og:url\" content=\"https:\/\/www.africa-press.net\/senegal\/politique\/nyamsi-predit-demission-de-sonko-et-nouvelle-pm-femme\" \/>\n<meta property=\"og:site_name\" content=\"Senegal\" \/>\n<meta property=\"article:published_time\" content=\"2026-03-13T14:00:00+00:00\" \/>\n<meta property=\"article:modified_time\" content=\"2026-03-13T19:15:14+00:00\" \/>\n<meta property=\"og:image\" content=\"https:\/\/static.africa-press.net\/senegal\/sites\/13\/2026\/03\/sm_1773416677.101804.jpg\" \/>\n\t<meta property=\"og:image:width\" content=\"1280\" \/>\n\t<meta property=\"og:image:height\" content=\"720\" \/>\n\t<meta property=\"og:image:type\" content=\"image\/jpeg\" \/>\n<meta name=\"author\" content=\"cfeditorfr\" \/>\n<meta name=\"twitter:card\" content=\"summary_large_image\" \/>\n<meta name=\"twitter:label1\" content=\"\u00c9crit par\" \/>\n\t<meta name=\"twitter:data1\" content=\"cfeditorfr\" \/>\n\t<meta name=\"twitter:label2\" content=\"Dur\u00e9e de lecture estim\u00e9e\" \/>\n\t<meta name=\"twitter:data2\" content=\"2 minutes\" \/>\n<script type=\"application\/ld+json\" class=\"yoast-schema-graph\">{\"@context\":\"https:\/\/schema.org\",\"@graph\":[{\"@type\":\"Article\",\"@id\":\"https:\/\/www.africa-press.net\/senegal\/politique\/nyamsi-predit-demission-de-sonko-et-nouvelle-pm-femme#article\",\"isPartOf\":{\"@id\":\"https:\/\/www.africa-press.net\/senegal\/politique\/nyamsi-predit-demission-de-sonko-et-nouvelle-pm-femme\"},\"author\":{\"name\":\"cfeditorfr\",\"@id\":\"https:\/\/www.africa-press.net\/senegal\/#\/schema\/person\/2b1cf3cd81a31e3cd26889ca66d677f1\"},\"headline\":\"Nyamsi Pr\u00e9dit D\u00e9mission de Sonko et Nouvelle PM Femme\",\"datePublished\":\"2026-03-13T14:00:00+00:00\",\"dateModified\":\"2026-03-13T19:15:14+00:00\",\"mainEntityOfPage\":{\"@id\":\"https:\/\/www.africa-press.net\/senegal\/politique\/nyamsi-predit-demission-de-sonko-et-nouvelle-pm-femme\"},\"wordCount\":283,\"commentCount\":0,\"image\":{\"@id\":\"https:\/\/www.africa-press.net\/senegal\/politique\/nyamsi-predit-demission-de-sonko-et-nouvelle-pm-femme#primaryimage\"},\"thumbnailUrl\":\"https:\/\/static.africa-press.net\/senegal\/sites\/13\/2026\/03\/sm_1773416677.101804.jpg\",\"keywords\":[\"Senegal\"],\"articleSection\":[\"Politique\",\"Top Nouvelles\",\"Toutes les actualit\u00e9s\"],\"inLanguage\":\"fr-FR\",\"potentialAction\":[{\"@type\":\"CommentAction\",\"name\":\"Comment\",\"target\":[\"https:\/\/www.africa-press.net\/senegal\/politique\/nyamsi-predit-demission-de-sonko-et-nouvelle-pm-femme#respond\"]}]},{\"@type\":\"WebPage\",\"@id\":\"https:\/\/www.africa-press.net\/senegal\/politique\/nyamsi-predit-demission-de-sonko-et-nouvelle-pm-femme\",\"url\":\"https:\/\/www.africa-press.net\/senegal\/politique\/nyamsi-predit-demission-de-sonko-et-nouvelle-pm-femme\",\"name\":\"Nyamsi Pr\u00e9dit D\u00e9mission de Sonko et Nouvelle PM Femme - Senegal\",\"isPartOf\":{\"@id\":\"https:\/\/www.africa-press.net\/senegal\/#website\"},\"primaryImageOfPage\":{\"@id\":\"https:\/\/www.africa-press.net\/senegal\/politique\/nyamsi-predit-demission-de-sonko-et-nouvelle-pm-femme#primaryimage\"},\"image\":{\"@id\":\"https:\/\/www.africa-press.net\/senegal\/politique\/nyamsi-predit-demission-de-sonko-et-nouvelle-pm-femme#primaryimage\"},\"thumbnailUrl\":\"https:\/\/static.africa-press.net\/senegal\/sites\/13\/2026\/03\/sm_1773416677.101804.jpg\",\"datePublished\":\"2026-03-13T14:00:00+00:00\",\"dateModified\":\"2026-03-13T19:15:14+00:00\",\"author\":{\"@id\":\"https:\/\/www.africa-press.net\/senegal\/#\/schema\/person\/2b1cf3cd81a31e3cd26889ca66d677f1\"},\"description\":\"Les de\u0301saccords entre le pre\u0301sident se\u0301ne\u0301galais Bassirou Diomaye Faye et son Premier ministre Ousmane Sonko ne laissent ...\",\"breadcrumb\":{\"@id\":\"https:\/\/www.africa-press.net\/senegal\/politique\/nyamsi-predit-demission-de-sonko-et-nouvelle-pm-femme#breadcrumb\"},\"inLanguage\":\"fr-FR\",\"potentialAction\":[{\"@type\":\"ReadAction\",\"target\":[\"https:\/\/www.africa-press.net\/senegal\/politique\/nyamsi-predit-demission-de-sonko-et-nouvelle-pm-femme\"]}]},{\"@type\":\"ImageObject\",\"inLanguage\":\"fr-FR\",\"@id\":\"https:\/\/www.africa-press.net\/senegal\/politique\/nyamsi-predit-demission-de-sonko-et-nouvelle-pm-femme#primaryimage\",\"url\":\"https:\/\/static.africa-press.net\/senegal\/sites\/13\/2026\/03\/sm_1773416677.101804.jpg\",\"contentUrl\":\"https:\/\/static.africa-press.net\/senegal\/sites\/13\/2026\/03\/sm_1773416677.101804.jpg\",\"width\":1280,\"height\":720,\"caption\":\"Nyamsi Pr\u00e9dit D\u00e9mission de Sonko et Nouvelle PM Femme\"},{\"@type\":\"BreadcrumbList\",\"@id\":\"https:\/\/www.africa-press.net\/senegal\/politique\/nyamsi-predit-demission-de-sonko-et-nouvelle-pm-femme#breadcrumb\",\"itemListElement\":[{\"@type\":\"ListItem\",\"position\":1,\"name\":\"Accueil\",\"item\":\"https:\/\/www.africa-press.net\/senegal\/\"},{\"@type\":\"ListItem\",\"position\":2,\"name\":\"Nyamsi Pr\u00e9dit D\u00e9mission de Sonko et Nouvelle PM Femme\"}]},{\"@type\":\"WebSite\",\"@id\":\"https:\/\/www.africa-press.net\/senegal\/#website\",\"url\":\"https:\/\/www.africa-press.net\/senegal\/\",\"name\":\"Africa Press | Senegal | Homepage\",\"description\":\"Just another Africa News Agency Sites site\",\"potentialAction\":[{\"@type\":\"SearchAction\",\"target\":{\"@type\":\"EntryPoint\",\"urlTemplate\":\"https:\/\/www.africa-press.net\/senegal\/?s={search_term_string}\"},\"query-input\":{\"@type\":\"PropertyValueSpecification\",\"valueRequired\":true,\"valueName\":\"search_term_string\"}}],\"inLanguage\":\"fr-FR\"},{\"@type\":\"Person\",\"@id\":\"https:\/\/www.africa-press.net\/senegal\/#\/schema\/person\/2b1cf3cd81a31e3cd26889ca66d677f1\",\"name\":\"cfeditorfr\",\"url\":\"https:\/\/www.africa-press.net\/senegal\/author\/cfeditorfr\"}]}<\/script>\n<!-- \/ Yoast SEO Premium plugin. -->","yoast_head_json":{"title":"Nyamsi Pr\u00e9dit D\u00e9mission de Sonko et Nouvelle PM Femme - Senegal","description":"Les de\u0301saccords entre le pre\u0301sident se\u0301ne\u0301galais Bassirou Diomaye Faye et son Premier ministre Ousmane Sonko ne laissent ...","robots":{"index":"index","follow":"follow","max-snippet":"max-snippet:-1","max-image-preview":"max-image-preview:large","max-video-preview":"max-video-preview:-1"},"canonical":"https:\/\/www.africa-press.net\/senegal\/politique\/nyamsi-predit-demission-de-sonko-et-nouvelle-pm-femme","og_locale":"fr_FR","og_type":"article","og_title":"Nyamsi Pr\u00e9dit D\u00e9mission de Sonko et Nouvelle PM Femme","og_description":"Les de\u0301saccords entre le pre\u0301sident se\u0301ne\u0301galais Bassirou Diomaye Faye et son Premier ministre Ousmane Sonko ne laissent ...","og_url":"https:\/\/www.africa-press.net\/senegal\/politique\/nyamsi-predit-demission-de-sonko-et-nouvelle-pm-femme","og_site_name":"Senegal","article_published_time":"2026-03-13T14:00:00+00:00","article_modified_time":"2026-03-13T19:15:14+00:00","og_image":[{"width":1280,"height":720,"url":"https:\/\/static.africa-press.net\/senegal\/sites\/13\/2026\/03\/sm_1773416677.101804.jpg","type":"image\/jpeg"}],"author":"cfeditorfr","twitter_card":"summary_large_image","twitter_misc":{"\u00c9crit par":"cfeditorfr","Dur\u00e9e de lecture estim\u00e9e":"2 minutes"},"schema":{"@context":"https:\/\/schema.org","@graph":[{"@type":"Article","@id":"https:\/\/www.africa-press.net\/senegal\/politique\/nyamsi-predit-demission-de-sonko-et-nouvelle-pm-femme#article","isPartOf":{"@id":"https:\/\/www.africa-press.net\/senegal\/politique\/nyamsi-predit-demission-de-sonko-et-nouvelle-pm-femme"},"author":{"name":"cfeditorfr","@id":"https:\/\/www.africa-press.net\/senegal\/#\/schema\/person\/2b1cf3cd81a31e3cd26889ca66d677f1"},"headline":"Nyamsi Pr\u00e9dit D\u00e9mission de Sonko et Nouvelle PM Femme","datePublished":"2026-03-13T14:00:00+00:00","dateModified":"2026-03-13T19:15:14+00:00","mainEntityOfPage":{"@id":"https:\/\/www.africa-press.net\/senegal\/politique\/nyamsi-predit-demission-de-sonko-et-nouvelle-pm-femme"},"wordCount":283,"commentCount":0,"image":{"@id":"https:\/\/www.africa-press.net\/senegal\/politique\/nyamsi-predit-demission-de-sonko-et-nouvelle-pm-femme#primaryimage"},"thumbnailUrl":"https:\/\/static.africa-press.net\/senegal\/sites\/13\/2026\/03\/sm_1773416677.101804.jpg","keywords":["Senegal"],"articleSection":["Politique","Top Nouvelles","Toutes les actualit\u00e9s"],"inLanguage":"fr-FR","potentialAction":[{"@type":"CommentAction","name":"Comment","target":["https:\/\/www.africa-press.net\/senegal\/politique\/nyamsi-predit-demission-de-sonko-et-nouvelle-pm-femme#respond"]}]},{"@type":"WebPage","@id":"https:\/\/www.africa-press.net\/senegal\/politique\/nyamsi-predit-demission-de-sonko-et-nouvelle-pm-femme","url":"https:\/\/www.africa-press.net\/senegal\/politique\/nyamsi-predit-demission-de-sonko-et-nouvelle-pm-femme","name":"Nyamsi Pr\u00e9dit D\u00e9mission de Sonko et Nouvelle PM Femme - Senegal","isPartOf":{"@id":"https:\/\/www.africa-press.net\/senegal\/#website"},"primaryImageOfPage":{"@id":"https:\/\/www.africa-press.net\/senegal\/politique\/nyamsi-predit-demission-de-sonko-et-nouvelle-pm-femme#primaryimage"},"image":{"@id":"https:\/\/www.africa-press.net\/senegal\/politique\/nyamsi-predit-demission-de-sonko-et-nouvelle-pm-femme#primaryimage"},"thumbnailUrl":"https:\/\/static.africa-press.net\/senegal\/sites\/13\/2026\/03\/sm_1773416677.101804.jpg","datePublished":"2026-03-13T14:00:00+00:00","dateModified":"2026-03-13T19:15:14+00:00","author":{"@id":"https:\/\/www.africa-press.net\/senegal\/#\/schema\/person\/2b1cf3cd81a31e3cd26889ca66d677f1"},"description":"Les de\u0301saccords entre le pre\u0301sident se\u0301ne\u0301galais Bassirou Diomaye Faye et son Premier ministre Ousmane Sonko ne laissent ...","breadcrumb":{"@id":"https:\/\/www.africa-press.net\/senegal\/politique\/nyamsi-predit-demission-de-sonko-et-nouvelle-pm-femme#breadcrumb"},"inLanguage":"fr-FR","potentialAction":[{"@type":"ReadAction","target":["https:\/\/www.africa-press.net\/senegal\/politique\/nyamsi-predit-demission-de-sonko-et-nouvelle-pm-femme"]}]},{"@type":"ImageObject","inLanguage":"fr-FR","@id":"https:\/\/www.africa-press.net\/senegal\/politique\/nyamsi-predit-demission-de-sonko-et-nouvelle-pm-femme#primaryimage","url":"https:\/\/static.africa-press.net\/senegal\/sites\/13\/2026\/03\/sm_1773416677.101804.jpg","contentUrl":"https:\/\/static.africa-press.net\/senegal\/sites\/13\/2026\/03\/sm_1773416677.101804.jpg","width":1280,"height":720,"caption":"Nyamsi Pr\u00e9dit D\u00e9mission de Sonko et Nouvelle PM Femme"},{"@type":"BreadcrumbList","@id":"https:\/\/www.africa-press.net\/senegal\/politique\/nyamsi-predit-demission-de-sonko-et-nouvelle-pm-femme#breadcrumb","itemListElement":[{"@type":"ListItem","position":1,"name":"Accueil","item":"https:\/\/www.africa-press.net\/senegal\/"},{"@type":"ListItem","position":2,"name":"Nyamsi Pr\u00e9dit D\u00e9mission de Sonko et Nouvelle PM Femme"}]},{"@type":"WebSite","@id":"https:\/\/www.africa-press.net\/senegal\/#website","url":"https:\/\/www.africa-press.net\/senegal\/","name":"Africa Press | Senegal | Homepage","description":"Just another Africa News Agency Sites site","potentialAction":[{"@type":"SearchAction","target":{"@type":"EntryPoint","urlTemplate":"https:\/\/www.africa-press.net\/senegal\/?s={search_term_string}"},"query-input":{"@type":"PropertyValueSpecification","valueRequired":true,"valueName":"search_term_string"}}],"inLanguage":"fr-FR"},{"@type":"Person","@id":"https:\/\/www.africa-press.net\/senegal\/#\/schema\/person\/2b1cf3cd81a31e3cd26889ca66d677f1","name":"cfeditorfr","url":"https:\/\/www.africa-press.net\/senegal\/author\/cfeditorfr"}]}},"_links":{"self":[{"href":"https:\/\/www.africa-press.net\/senegal\/wp-json\/wp\/v2\/posts\/75356","targetHints":{"allow":["GET"]}}],"collection":[{"href":"https:\/\/www.africa-press.net\/senegal\/wp-json\/wp\/v2\/posts"}],"about":[{"href":"https:\/\/www.africa-press.net\/senegal\/wp-json\/wp\/v2\/types\/post"}],"author":[{"embeddable":true,"href":"https:\/\/www.africa-press.net\/senegal\/wp-json\/wp\/v2\/users\/82"}],"replies":[{"embeddable":true,"href":"https:\/\/www.africa-press.net\/senegal\/wp-json\/wp\/v2\/comments?post=75356"}],"version-history":[{"count":0,"href":"https:\/\/www.africa-press.net\/senegal\/wp-json\/wp\/v2\/posts\/75356\/revisions"}],"wp:featuredmedia":[{"embeddable":true,"href":"https:\/\/www.africa-press.net\/senegal\/wp-json\/wp\/v2\/media\/75355"}],"wp:attachment":[{"href":"https:\/\/www.africa-press.net\/senegal\/wp-json\/wp\/v2\/media?parent=75356"}],"wp:term":[{"taxonomy":"category","embeddable":true,"href":"https:\/\/www.africa-press.net\/senegal\/wp-json\/wp\/v2\/categories?post=75356"},{"taxonomy":"post_tag","embeddable":true,"href":"https:\/\/www.africa-press.net\/senegal\/wp-json\/wp\/v2\/tags?post=75356"}],"curies":[{"name":"wp","href":"https:\/\/api.w.org\/{rel}","templated":true}]}}