{"id":75359,"date":"2026-03-13T14:10:00","date_gmt":"2026-03-13T14:10:00","guid":{"rendered":"https:\/\/www.africa-press.net\/senegal\/politique\/revision-des-contrats-strategiques-par-ousmane-sonko"},"modified":"2026-03-13T19:15:39","modified_gmt":"2026-03-13T19:15:39","slug":"revision-des-contrats-strategiques-par-ousmane-sonko","status":"publish","type":"post","link":"https:\/\/www.africa-press.net\/senegal\/politique\/revision-des-contrats-strategiques-par-ousmane-sonko","title":{"rendered":"R\u00e9vision des Contrats Strat\u00e9giques par Ousmane Sonko"},"content":{"rendered":"<p><span style=\"color: #ff6600\"><strong>Africa-Press &#8211; Senegal. <\/strong><\/span>Le Premier ministre Ousmane Sonko a brise\u0301 le silence ce jeudi 12 mars, lors d&rsquo;une de\u0301claration te\u0301le\u0301vise\u0301e tre\u0300s attendue portant sur les premiers re\u0301sultats de la rene\u0301gociation des contrats strate\u0301giques engage\u0301e par l\u2019E\u0301tat du Se\u0301ne\u0301gal. Parmi les dossiers bru\u0302lants, celui du projet gazier Greater Tortue Ahmeyim (GTA), ope\u0301re\u0301 par le ge\u0301ant britannique BP, occupe le devant de la sce\u0300ne.<\/p>\n<p><b>Un contrat juge\u0301 \u00ab le\u0301onin \u00bb<\/b><\/p>\n<p>Sans de\u0301tour, le chef du gouvernement a affirme\u0301 que l&rsquo;examen approfondi du contrat gazier liant le Se\u0301ne\u0301gal a\u0300 ses partenaires sur le projet GTA a re\u0301ve\u0301le\u0301 des clauses juge\u0301es \u00ab unilate\u0301rales et injustes \u00bb. Cette annonce s&rsquo;inscrit dans la promesse phare du gouvernement, e\u0301lu en 2024, de restaurer la souverainete\u0301 e\u0301conomique du pays sur ses ressources naturelles.<\/p>\n<p>Pour Ousmane Sonko, le cadre actuel ne garantit pas une re\u0301partition e\u0301quitable des revenus, au de\u0301triment des inte\u0301re\u0302ts nationaux. \u00ab Notre priorite\u0301 absolue dans ces discussions est d&rsquo;assurer l&rsquo;approvisionnement du pays en gaz avant toute exportation massive \u00bb, a-t-il insiste\u0301, soulignant l&rsquo;importance strate\u0301gique de cette ressource pour l&rsquo;inde\u0301pendance e\u0301nerge\u0301tique du Se\u0301ne\u0301gal.<\/p>\n<p><b>La revue des secteurs strate\u0301giques se poursuit<\/b><\/p>\n<p>Bien que les discussions avec les partenaires, dont BP, soient de\u0301ja\u0300 entame\u0301es, le Premier ministre n&rsquo;a pas souhaite\u0301 divulguer les de\u0301tails techniques des ne\u0301gociations en cours. Il a toutefois pre\u0301cise\u0301 que le secteur des hydrocarbures est toujours sous une \u00ab re\u0301vision rigoureuse \u00bb.<\/p>\n<p>L&rsquo;offensive du gouvernement ne s&rsquo;arre\u0302te pas au pe\u0301trole et au gaz. Le Premier ministre a rappele\u0301 que cette vaste ope\u0301ration de transparence concerne e\u0301galement les accords de pe\u0302che ainsi que les contrats de marche\u0301s publics, parmi d&rsquo;autres secteurs vitaux de l&rsquo;e\u0301conomie nationale.<\/p>\n<p>Afin de rassurer l&rsquo;opinion publique et les investisseurs, Ousmane Sonko s&rsquo;est engage\u0301 a\u0300 publier prochainement un document exhaustif de\u0301taillant l&rsquo;ensemble des contrats soumis a\u0300 l&rsquo;e\u0301tude. Cet exercice de redevabilite\u0301 vise a\u0300 montrer aux Se\u0301ne\u0301galais les failles identifie\u0301es dans les accords passe\u0301s et les gains attendus des nouvelles rene\u0301gociations.<\/p>\n<p>Cette sortie confirme la volonte\u0301 de rupture du re\u0301gime actuel, qui entend faire des ressources naturelles le ve\u0301ritable moteur du de\u0301veloppement du Se\u0301ne\u0301gal, tout en exigeant des partenariats \u00ab gagnant-gagnant \u00bb avec les multinationales.<\/p>\n<p><strong>Pour plus d&rsquo;informations et d&rsquo;analyses sur la <span style=\"color: #ff6600\">Senegal<\/span>, suivez <span style=\"color: #ff6600\">Africa-Press<\/span><\/strong><\/p>\n","protected":false},"excerpt":{"rendered":"<p>Africa-Press &#8211; Senegal. Le Premier ministre Ousmane Sonko a brise\u0301 le silence ce jeudi 12 mars, lors d&rsquo;une de\u0301claration te\u0301le\u0301vise\u0301e tre\u0300s attendue portant sur les premiers re\u0301sultats de la rene\u0301gociation des contrats strate\u0301giques engage\u0301e par l\u2019E\u0301tat du Se\u0301ne\u0301gal. Parmi les dossiers bru\u0302lants, celui du projet gazier Greater Tortue Ahmeyim (GTA), ope\u0301re\u0301 par le ge\u0301ant britannique [&hellip;]<\/p>\n","protected":false},"author":82,"featured_media":75358,"comment_status":"open","ping_status":"closed","sticky":false,"template":"","format":"standard","meta":{"footnotes":""},"categories":[2,20,10],"tags":[44],"class_list":["post-75359","post","type-post","status-publish","format-standard","has-post-thumbnail","hentry","category-politique","category-top-nouvelles","category-toutes-les-actualites","tag-senegal-2"],"yoast_head":"<!-- This site is optimized with the Yoast SEO Premium plugin v26.1 (Yoast SEO v27.0) - https:\/\/yoast.com\/product\/yoast-seo-premium-wordpress\/ -->\n<title>R\u00e9vision des Contrats Strat\u00e9giques par Ousmane Sonko - Senegal<\/title>\n<meta name=\"description\" content=\"Le Premier ministre Ousmane Sonko a brise\u0301 le silence ce jeudi 12 mars, lors d&#039;une de\u0301claration te\u0301le\u0301vise\u0301e tre\u0300s atten ...\" \/>\n<meta name=\"robots\" content=\"index, follow, max-snippet:-1, max-image-preview:large, max-video-preview:-1\" \/>\n<link rel=\"canonical\" href=\"https:\/\/www.africa-press.net\/senegal\/politique\/revision-des-contrats-strategiques-par-ousmane-sonko\" \/>\n<meta property=\"og:locale\" content=\"fr_FR\" \/>\n<meta property=\"og:type\" content=\"article\" \/>\n<meta property=\"og:title\" content=\"R\u00e9vision des Contrats Strat\u00e9giques par Ousmane Sonko\" \/>\n<meta property=\"og:description\" content=\"Le Premier ministre Ousmane Sonko a brise\u0301 le silence ce jeudi 12 mars, lors d&#039;une de\u0301claration te\u0301le\u0301vise\u0301e tre\u0300s atten ...\" \/>\n<meta property=\"og:url\" content=\"https:\/\/www.africa-press.net\/senegal\/politique\/revision-des-contrats-strategiques-par-ousmane-sonko\" \/>\n<meta property=\"og:site_name\" content=\"Senegal\" \/>\n<meta property=\"article:published_time\" content=\"2026-03-13T14:10:00+00:00\" \/>\n<meta property=\"article:modified_time\" content=\"2026-03-13T19:15:39+00:00\" \/>\n<meta property=\"og:image\" content=\"https:\/\/static.africa-press.net\/senegal\/sites\/13\/2026\/03\/sm_1773416700.518759.jpg\" \/>\n\t<meta property=\"og:image:width\" content=\"1280\" \/>\n\t<meta property=\"og:image:height\" content=\"720\" \/>\n\t<meta property=\"og:image:type\" content=\"image\/jpeg\" \/>\n<meta name=\"author\" content=\"cfeditorfr\" \/>\n<meta name=\"twitter:card\" content=\"summary_large_image\" \/>\n<meta name=\"twitter:label1\" content=\"\u00c9crit par\" \/>\n\t<meta name=\"twitter:data1\" content=\"cfeditorfr\" \/>\n\t<meta name=\"twitter:label2\" content=\"Dur\u00e9e de lecture estim\u00e9e\" \/>\n\t<meta name=\"twitter:data2\" content=\"2 minutes\" \/>\n<script type=\"application\/ld+json\" class=\"yoast-schema-graph\">{\"@context\":\"https:\/\/schema.org\",\"@graph\":[{\"@type\":\"Article\",\"@id\":\"https:\/\/www.africa-press.net\/senegal\/politique\/revision-des-contrats-strategiques-par-ousmane-sonko#article\",\"isPartOf\":{\"@id\":\"https:\/\/www.africa-press.net\/senegal\/politique\/revision-des-contrats-strategiques-par-ousmane-sonko\"},\"author\":{\"name\":\"cfeditorfr\",\"@id\":\"https:\/\/www.africa-press.net\/senegal\/#\/schema\/person\/2b1cf3cd81a31e3cd26889ca66d677f1\"},\"headline\":\"R\u00e9vision des Contrats Strat\u00e9giques par Ousmane Sonko\",\"datePublished\":\"2026-03-13T14:10:00+00:00\",\"dateModified\":\"2026-03-13T19:15:39+00:00\",\"mainEntityOfPage\":{\"@id\":\"https:\/\/www.africa-press.net\/senegal\/politique\/revision-des-contrats-strategiques-par-ousmane-sonko\"},\"wordCount\":439,\"commentCount\":0,\"image\":{\"@id\":\"https:\/\/www.africa-press.net\/senegal\/politique\/revision-des-contrats-strategiques-par-ousmane-sonko#primaryimage\"},\"thumbnailUrl\":\"https:\/\/static.africa-press.net\/senegal\/sites\/13\/2026\/03\/sm_1773416700.518759.jpg\",\"keywords\":[\"Senegal\"],\"articleSection\":[\"Politique\",\"Top Nouvelles\",\"Toutes les actualit\u00e9s\"],\"inLanguage\":\"fr-FR\",\"potentialAction\":[{\"@type\":\"CommentAction\",\"name\":\"Comment\",\"target\":[\"https:\/\/www.africa-press.net\/senegal\/politique\/revision-des-contrats-strategiques-par-ousmane-sonko#respond\"]}]},{\"@type\":\"WebPage\",\"@id\":\"https:\/\/www.africa-press.net\/senegal\/politique\/revision-des-contrats-strategiques-par-ousmane-sonko\",\"url\":\"https:\/\/www.africa-press.net\/senegal\/politique\/revision-des-contrats-strategiques-par-ousmane-sonko\",\"name\":\"R\u00e9vision des Contrats Strat\u00e9giques par Ousmane Sonko - Senegal\",\"isPartOf\":{\"@id\":\"https:\/\/www.africa-press.net\/senegal\/#website\"},\"primaryImageOfPage\":{\"@id\":\"https:\/\/www.africa-press.net\/senegal\/politique\/revision-des-contrats-strategiques-par-ousmane-sonko#primaryimage\"},\"image\":{\"@id\":\"https:\/\/www.africa-press.net\/senegal\/politique\/revision-des-contrats-strategiques-par-ousmane-sonko#primaryimage\"},\"thumbnailUrl\":\"https:\/\/static.africa-press.net\/senegal\/sites\/13\/2026\/03\/sm_1773416700.518759.jpg\",\"datePublished\":\"2026-03-13T14:10:00+00:00\",\"dateModified\":\"2026-03-13T19:15:39+00:00\",\"author\":{\"@id\":\"https:\/\/www.africa-press.net\/senegal\/#\/schema\/person\/2b1cf3cd81a31e3cd26889ca66d677f1\"},\"description\":\"Le Premier ministre Ousmane Sonko a brise\u0301 le silence ce jeudi 12 mars, lors d'une de\u0301claration te\u0301le\u0301vise\u0301e tre\u0300s atten ...\",\"breadcrumb\":{\"@id\":\"https:\/\/www.africa-press.net\/senegal\/politique\/revision-des-contrats-strategiques-par-ousmane-sonko#breadcrumb\"},\"inLanguage\":\"fr-FR\",\"potentialAction\":[{\"@type\":\"ReadAction\",\"target\":[\"https:\/\/www.africa-press.net\/senegal\/politique\/revision-des-contrats-strategiques-par-ousmane-sonko\"]}]},{\"@type\":\"ImageObject\",\"inLanguage\":\"fr-FR\",\"@id\":\"https:\/\/www.africa-press.net\/senegal\/politique\/revision-des-contrats-strategiques-par-ousmane-sonko#primaryimage\",\"url\":\"https:\/\/static.africa-press.net\/senegal\/sites\/13\/2026\/03\/sm_1773416700.518759.jpg\",\"contentUrl\":\"https:\/\/static.africa-press.net\/senegal\/sites\/13\/2026\/03\/sm_1773416700.518759.jpg\",\"width\":1280,\"height\":720,\"caption\":\"R\u00e9vision des Contrats Strat\u00e9giques par Ousmane Sonko\"},{\"@type\":\"BreadcrumbList\",\"@id\":\"https:\/\/www.africa-press.net\/senegal\/politique\/revision-des-contrats-strategiques-par-ousmane-sonko#breadcrumb\",\"itemListElement\":[{\"@type\":\"ListItem\",\"position\":1,\"name\":\"Accueil\",\"item\":\"https:\/\/www.africa-press.net\/senegal\/\"},{\"@type\":\"ListItem\",\"position\":2,\"name\":\"R\u00e9vision des Contrats Strat\u00e9giques par Ousmane Sonko\"}]},{\"@type\":\"WebSite\",\"@id\":\"https:\/\/www.africa-press.net\/senegal\/#website\",\"url\":\"https:\/\/www.africa-press.net\/senegal\/\",\"name\":\"Africa Press | Senegal | Homepage\",\"description\":\"Just another Africa News Agency Sites site\",\"potentialAction\":[{\"@type\":\"SearchAction\",\"target\":{\"@type\":\"EntryPoint\",\"urlTemplate\":\"https:\/\/www.africa-press.net\/senegal\/?s={search_term_string}\"},\"query-input\":{\"@type\":\"PropertyValueSpecification\",\"valueRequired\":true,\"valueName\":\"search_term_string\"}}],\"inLanguage\":\"fr-FR\"},{\"@type\":\"Person\",\"@id\":\"https:\/\/www.africa-press.net\/senegal\/#\/schema\/person\/2b1cf3cd81a31e3cd26889ca66d677f1\",\"name\":\"cfeditorfr\",\"url\":\"https:\/\/www.africa-press.net\/senegal\/author\/cfeditorfr\"}]}<\/script>\n<!-- \/ Yoast SEO Premium plugin. -->","yoast_head_json":{"title":"R\u00e9vision des Contrats Strat\u00e9giques par Ousmane Sonko - Senegal","description":"Le Premier ministre Ousmane Sonko a brise\u0301 le silence ce jeudi 12 mars, lors d'une de\u0301claration te\u0301le\u0301vise\u0301e tre\u0300s atten ...","robots":{"index":"index","follow":"follow","max-snippet":"max-snippet:-1","max-image-preview":"max-image-preview:large","max-video-preview":"max-video-preview:-1"},"canonical":"https:\/\/www.africa-press.net\/senegal\/politique\/revision-des-contrats-strategiques-par-ousmane-sonko","og_locale":"fr_FR","og_type":"article","og_title":"R\u00e9vision des Contrats Strat\u00e9giques par Ousmane Sonko","og_description":"Le Premier ministre Ousmane Sonko a brise\u0301 le silence ce jeudi 12 mars, lors d'une de\u0301claration te\u0301le\u0301vise\u0301e tre\u0300s atten ...","og_url":"https:\/\/www.africa-press.net\/senegal\/politique\/revision-des-contrats-strategiques-par-ousmane-sonko","og_site_name":"Senegal","article_published_time":"2026-03-13T14:10:00+00:00","article_modified_time":"2026-03-13T19:15:39+00:00","og_image":[{"width":1280,"height":720,"url":"https:\/\/static.africa-press.net\/senegal\/sites\/13\/2026\/03\/sm_1773416700.518759.jpg","type":"image\/jpeg"}],"author":"cfeditorfr","twitter_card":"summary_large_image","twitter_misc":{"\u00c9crit par":"cfeditorfr","Dur\u00e9e de lecture estim\u00e9e":"2 minutes"},"schema":{"@context":"https:\/\/schema.org","@graph":[{"@type":"Article","@id":"https:\/\/www.africa-press.net\/senegal\/politique\/revision-des-contrats-strategiques-par-ousmane-sonko#article","isPartOf":{"@id":"https:\/\/www.africa-press.net\/senegal\/politique\/revision-des-contrats-strategiques-par-ousmane-sonko"},"author":{"name":"cfeditorfr","@id":"https:\/\/www.africa-press.net\/senegal\/#\/schema\/person\/2b1cf3cd81a31e3cd26889ca66d677f1"},"headline":"R\u00e9vision des Contrats Strat\u00e9giques par Ousmane Sonko","datePublished":"2026-03-13T14:10:00+00:00","dateModified":"2026-03-13T19:15:39+00:00","mainEntityOfPage":{"@id":"https:\/\/www.africa-press.net\/senegal\/politique\/revision-des-contrats-strategiques-par-ousmane-sonko"},"wordCount":439,"commentCount":0,"image":{"@id":"https:\/\/www.africa-press.net\/senegal\/politique\/revision-des-contrats-strategiques-par-ousmane-sonko#primaryimage"},"thumbnailUrl":"https:\/\/static.africa-press.net\/senegal\/sites\/13\/2026\/03\/sm_1773416700.518759.jpg","keywords":["Senegal"],"articleSection":["Politique","Top Nouvelles","Toutes les actualit\u00e9s"],"inLanguage":"fr-FR","potentialAction":[{"@type":"CommentAction","name":"Comment","target":["https:\/\/www.africa-press.net\/senegal\/politique\/revision-des-contrats-strategiques-par-ousmane-sonko#respond"]}]},{"@type":"WebPage","@id":"https:\/\/www.africa-press.net\/senegal\/politique\/revision-des-contrats-strategiques-par-ousmane-sonko","url":"https:\/\/www.africa-press.net\/senegal\/politique\/revision-des-contrats-strategiques-par-ousmane-sonko","name":"R\u00e9vision des Contrats Strat\u00e9giques par Ousmane Sonko - Senegal","isPartOf":{"@id":"https:\/\/www.africa-press.net\/senegal\/#website"},"primaryImageOfPage":{"@id":"https:\/\/www.africa-press.net\/senegal\/politique\/revision-des-contrats-strategiques-par-ousmane-sonko#primaryimage"},"image":{"@id":"https:\/\/www.africa-press.net\/senegal\/politique\/revision-des-contrats-strategiques-par-ousmane-sonko#primaryimage"},"thumbnailUrl":"https:\/\/static.africa-press.net\/senegal\/sites\/13\/2026\/03\/sm_1773416700.518759.jpg","datePublished":"2026-03-13T14:10:00+00:00","dateModified":"2026-03-13T19:15:39+00:00","author":{"@id":"https:\/\/www.africa-press.net\/senegal\/#\/schema\/person\/2b1cf3cd81a31e3cd26889ca66d677f1"},"description":"Le Premier ministre Ousmane Sonko a brise\u0301 le silence ce jeudi 12 mars, lors d'une de\u0301claration te\u0301le\u0301vise\u0301e tre\u0300s atten ...","breadcrumb":{"@id":"https:\/\/www.africa-press.net\/senegal\/politique\/revision-des-contrats-strategiques-par-ousmane-sonko#breadcrumb"},"inLanguage":"fr-FR","potentialAction":[{"@type":"ReadAction","target":["https:\/\/www.africa-press.net\/senegal\/politique\/revision-des-contrats-strategiques-par-ousmane-sonko"]}]},{"@type":"ImageObject","inLanguage":"fr-FR","@id":"https:\/\/www.africa-press.net\/senegal\/politique\/revision-des-contrats-strategiques-par-ousmane-sonko#primaryimage","url":"https:\/\/static.africa-press.net\/senegal\/sites\/13\/2026\/03\/sm_1773416700.518759.jpg","contentUrl":"https:\/\/static.africa-press.net\/senegal\/sites\/13\/2026\/03\/sm_1773416700.518759.jpg","width":1280,"height":720,"caption":"R\u00e9vision des Contrats Strat\u00e9giques par Ousmane Sonko"},{"@type":"BreadcrumbList","@id":"https:\/\/www.africa-press.net\/senegal\/politique\/revision-des-contrats-strategiques-par-ousmane-sonko#breadcrumb","itemListElement":[{"@type":"ListItem","position":1,"name":"Accueil","item":"https:\/\/www.africa-press.net\/senegal\/"},{"@type":"ListItem","position":2,"name":"R\u00e9vision des Contrats Strat\u00e9giques par Ousmane Sonko"}]},{"@type":"WebSite","@id":"https:\/\/www.africa-press.net\/senegal\/#website","url":"https:\/\/www.africa-press.net\/senegal\/","name":"Africa Press | Senegal | Homepage","description":"Just another Africa News Agency Sites site","potentialAction":[{"@type":"SearchAction","target":{"@type":"EntryPoint","urlTemplate":"https:\/\/www.africa-press.net\/senegal\/?s={search_term_string}"},"query-input":{"@type":"PropertyValueSpecification","valueRequired":true,"valueName":"search_term_string"}}],"inLanguage":"fr-FR"},{"@type":"Person","@id":"https:\/\/www.africa-press.net\/senegal\/#\/schema\/person\/2b1cf3cd81a31e3cd26889ca66d677f1","name":"cfeditorfr","url":"https:\/\/www.africa-press.net\/senegal\/author\/cfeditorfr"}]}},"_links":{"self":[{"href":"https:\/\/www.africa-press.net\/senegal\/wp-json\/wp\/v2\/posts\/75359","targetHints":{"allow":["GET"]}}],"collection":[{"href":"https:\/\/www.africa-press.net\/senegal\/wp-json\/wp\/v2\/posts"}],"about":[{"href":"https:\/\/www.africa-press.net\/senegal\/wp-json\/wp\/v2\/types\/post"}],"author":[{"embeddable":true,"href":"https:\/\/www.africa-press.net\/senegal\/wp-json\/wp\/v2\/users\/82"}],"replies":[{"embeddable":true,"href":"https:\/\/www.africa-press.net\/senegal\/wp-json\/wp\/v2\/comments?post=75359"}],"version-history":[{"count":0,"href":"https:\/\/www.africa-press.net\/senegal\/wp-json\/wp\/v2\/posts\/75359\/revisions"}],"wp:featuredmedia":[{"embeddable":true,"href":"https:\/\/www.africa-press.net\/senegal\/wp-json\/wp\/v2\/media\/75358"}],"wp:attachment":[{"href":"https:\/\/www.africa-press.net\/senegal\/wp-json\/wp\/v2\/media?parent=75359"}],"wp:term":[{"taxonomy":"category","embeddable":true,"href":"https:\/\/www.africa-press.net\/senegal\/wp-json\/wp\/v2\/categories?post=75359"},{"taxonomy":"post_tag","embeddable":true,"href":"https:\/\/www.africa-press.net\/senegal\/wp-json\/wp\/v2\/tags?post=75359"}],"curies":[{"name":"wp","href":"https:\/\/api.w.org\/{rel}","templated":true}]}}