{"id":75365,"date":"2026-03-13T14:20:00","date_gmt":"2026-03-13T14:20:00","guid":{"rendered":"https:\/\/www.africa-press.net\/senegal\/politique\/divergences-au-sommet-besoin-de-diomaye-et-sonko"},"modified":"2026-03-13T19:16:39","modified_gmt":"2026-03-13T19:16:39","slug":"divergences-au-sommet-besoin-de-diomaye-et-sonko","status":"publish","type":"post","link":"https:\/\/www.africa-press.net\/senegal\/politique\/divergences-au-sommet-besoin-de-diomaye-et-sonko","title":{"rendered":"Divergences au Sommet: Besoin de Diomaye et Sonko"},"content":{"rendered":"<p><span style=\"color: #ff6600\"><strong>Africa-Press &#8211; Senegal. <\/strong><\/span>Che\u0301rif Cheikh Boun Chamsidine Aidara, pre\u0301sident de la Fe\u0301de\u0301ration des associations religieuses et des communaute\u0301s en Casamance, interpelle les autorite\u0301s se\u0301ne\u0301galaises sur la ne\u0301cessite\u0301 de pre\u0301server l\u2019unite\u0301 nationale face aux tensions qui secouent la sphe\u0300re politique, particulie\u0300rement au sommet de l\u2019E\u0301tat. Dans une de\u0301claration aux allures d\u2019alerte, il a appele\u0301 le tandem Diomaye-Sonko a\u0300 privile\u0301gier l\u2019inte\u0301re\u0302t supe\u0301rieur du Se\u0301ne\u0301gal, rappelant les espoirs suscite\u0301s par leur accession au pouvoir lors de l\u2019e\u0301lection pre\u0301sidentielle de 2024.<\/p>\n<p>Le guide religieux a rappele\u0301 que l\u2019arrive\u0301e du pre\u0301sident Bassirou Diomaye Faye et du Premier ministre Ousmane Sonko avait fait nai\u0302tre une immense attente chez les Se\u0301ne\u0301galais. Ces derniers voyaient en eux une \u00ab nouvelle ge\u0301ne\u0301ration de responsables politiques \u00bb, capable d\u2019apporter une rupture et de mieux comprendre les re\u0301alite\u0301s ainsi que les souffrances des populations. Che\u0301rif Cheikh Boun Chamsidine Aidara regrette toutefois que des divergences d\u2019ambitions apparaissent aujourd&rsquo;hui au sommet de l\u2019E\u0301tat, alors que la situation e\u0301conomique et sociale actuelle demeure \u00ab de\u0301plorable \u00bb.<\/p>\n<p><b>Le ro\u0302le me\u0301diateur des religieux<\/b><\/p>\n<p>Face a\u0300 cette situation, le pre\u0301sident de la Fe\u0301de\u0301ration estime que les chefs religieux ont un ro\u0302le crucial a\u0300 jouer pour apaiser les tensions et taire les querelles. \u00ab Le ro\u0302le des religieux est avant tout d\u2019appeler a\u0300 l\u2019apaisement et a\u0300 la prie\u0300re, afin que les deux dirigeants puissent s\u2019entendre et placer l\u2019inte\u0301re\u0302t du pays au-dessus de toute ambition personnelle \u00bb, a-t-il affirme\u0301. Il insiste sur le fait que le Se\u0301ne\u0301gal a besoin de la synergie entre le chef de l&rsquo;E\u0301tat et son Premier ministre pour faire face aux nombreux de\u0301fis actuels.<\/p>\n<p>Pour lui, le tandem Diomaye-Sonko repre\u0301sente une innovation majeure ayant prouve\u0301 que l\u2019exercice du pouvoir peut e\u0302tre collectif. Selon le guide, les deux hommes n\u2019ont pas le droit de briser cette dynamique. Il les appelle, en tant que croyants, a\u0300 pre\u0301server la paix et une cohabitation constructive. \u00ab L\u2019avenir politique, notamment a\u0300 l\u2019horizon 2029, rele\u0300ve de la volonte\u0301 divine \u00bb, a-t-il rappele\u0301.<\/p>\n<p>Selon le responsable religieux, le Se\u0301ne\u0301gal ne peut se permettre des rivalite\u0301s au sommet alors que les populations attendent des re\u0301ponses concre\u0300tes pour ame\u0301liorer leurs conditions de vie. \u00ab Les Se\u0301ne\u0301galais sont presse\u0301s de voir des ame\u0301liorations, en particulier sur des questions comme l\u2019emploi et le cou\u0302t de la vie \u00bb, estime-t-il.<\/p>\n<p>En conclusion, Che\u0301rif Cheikh Boun Chamsidine Aidara exhorte les dirigeants a\u0300 se concentrer sur les enjeux de de\u0301veloppement pluto\u0302t que sur des rivalite\u0301s politiques, rappelant que le Se\u0301ne\u0301gal existait avant eux et continuera d\u2019exister apre\u0300s eux. Il a martele\u0301 que chacun doit de\u0301sormais assumer sa responsabilite\u0301 au service exclusif de la nation.<\/p>\n<p><strong>Pour plus d&rsquo;informations et d&rsquo;analyses sur la <span style=\"color: #ff6600\">Senegal<\/span>, suivez <span style=\"color: #ff6600\">Africa-Press<\/span><\/strong><\/p>\n","protected":false},"excerpt":{"rendered":"<p>Africa-Press &#8211; Senegal. Che\u0301rif Cheikh Boun Chamsidine Aidara, pre\u0301sident de la Fe\u0301de\u0301ration des associations religieuses et des communaute\u0301s en Casamance, interpelle les autorite\u0301s se\u0301ne\u0301galaises sur la ne\u0301cessite\u0301 de pre\u0301server l\u2019unite\u0301 nationale face aux tensions qui secouent la sphe\u0300re politique, particulie\u0300rement au sommet de l\u2019E\u0301tat. Dans une de\u0301claration aux allures d\u2019alerte, il a appele\u0301 le tandem [&hellip;]<\/p>\n","protected":false},"author":82,"featured_media":75364,"comment_status":"open","ping_status":"closed","sticky":false,"template":"","format":"standard","meta":{"footnotes":""},"categories":[2,20,10],"tags":[44],"class_list":["post-75365","post","type-post","status-publish","format-standard","has-post-thumbnail","hentry","category-politique","category-top-nouvelles","category-toutes-les-actualites","tag-senegal-2"],"yoast_head":"<!-- This site is optimized with the Yoast SEO Premium plugin v26.1 (Yoast SEO v27.0) - https:\/\/yoast.com\/product\/yoast-seo-premium-wordpress\/ -->\n<title>Divergences au Sommet: Besoin de Diomaye et Sonko - Senegal<\/title>\n<meta name=\"description\" content=\"Che\u0301rif Cheikh Boun Chamsidine Aidara, pre\u0301sident de la Fe\u0301de\u0301ration des associations religieuses et des communaute\u0301s en ...\" \/>\n<meta name=\"robots\" content=\"index, follow, max-snippet:-1, max-image-preview:large, max-video-preview:-1\" \/>\n<link rel=\"canonical\" href=\"https:\/\/www.africa-press.net\/senegal\/politique\/divergences-au-sommet-besoin-de-diomaye-et-sonko\" \/>\n<meta property=\"og:locale\" content=\"fr_FR\" \/>\n<meta property=\"og:type\" content=\"article\" \/>\n<meta property=\"og:title\" content=\"Divergences au Sommet: Besoin de Diomaye et Sonko\" \/>\n<meta property=\"og:description\" content=\"Che\u0301rif Cheikh Boun Chamsidine Aidara, pre\u0301sident de la Fe\u0301de\u0301ration des associations religieuses et des communaute\u0301s en ...\" \/>\n<meta property=\"og:url\" content=\"https:\/\/www.africa-press.net\/senegal\/politique\/divergences-au-sommet-besoin-de-diomaye-et-sonko\" \/>\n<meta property=\"og:site_name\" content=\"Senegal\" \/>\n<meta property=\"article:published_time\" content=\"2026-03-13T14:20:00+00:00\" \/>\n<meta property=\"article:modified_time\" content=\"2026-03-13T19:16:39+00:00\" \/>\n<meta property=\"og:image\" content=\"https:\/\/static.africa-press.net\/senegal\/sites\/13\/2026\/03\/sm_1773416765.844957.jpg\" \/>\n\t<meta property=\"og:image:width\" content=\"1280\" \/>\n\t<meta property=\"og:image:height\" content=\"720\" \/>\n\t<meta property=\"og:image:type\" content=\"image\/jpeg\" \/>\n<meta name=\"author\" content=\"cfeditorfr\" \/>\n<meta name=\"twitter:card\" content=\"summary_large_image\" \/>\n<meta name=\"twitter:label1\" content=\"\u00c9crit par\" \/>\n\t<meta name=\"twitter:data1\" content=\"cfeditorfr\" \/>\n\t<meta name=\"twitter:label2\" content=\"Dur\u00e9e de lecture estim\u00e9e\" \/>\n\t<meta name=\"twitter:data2\" content=\"3 minutes\" \/>\n<script type=\"application\/ld+json\" class=\"yoast-schema-graph\">{\"@context\":\"https:\/\/schema.org\",\"@graph\":[{\"@type\":\"Article\",\"@id\":\"https:\/\/www.africa-press.net\/senegal\/politique\/divergences-au-sommet-besoin-de-diomaye-et-sonko#article\",\"isPartOf\":{\"@id\":\"https:\/\/www.africa-press.net\/senegal\/politique\/divergences-au-sommet-besoin-de-diomaye-et-sonko\"},\"author\":{\"name\":\"cfeditorfr\",\"@id\":\"https:\/\/www.africa-press.net\/senegal\/#\/schema\/person\/2b1cf3cd81a31e3cd26889ca66d677f1\"},\"headline\":\"Divergences au Sommet: Besoin de Diomaye et Sonko\",\"datePublished\":\"2026-03-13T14:20:00+00:00\",\"dateModified\":\"2026-03-13T19:16:39+00:00\",\"mainEntityOfPage\":{\"@id\":\"https:\/\/www.africa-press.net\/senegal\/politique\/divergences-au-sommet-besoin-de-diomaye-et-sonko\"},\"wordCount\":527,\"commentCount\":0,\"image\":{\"@id\":\"https:\/\/www.africa-press.net\/senegal\/politique\/divergences-au-sommet-besoin-de-diomaye-et-sonko#primaryimage\"},\"thumbnailUrl\":\"https:\/\/static.africa-press.net\/senegal\/sites\/13\/2026\/03\/sm_1773416765.844957.jpg\",\"keywords\":[\"Senegal\"],\"articleSection\":[\"Politique\",\"Top Nouvelles\",\"Toutes les actualit\u00e9s\"],\"inLanguage\":\"fr-FR\",\"potentialAction\":[{\"@type\":\"CommentAction\",\"name\":\"Comment\",\"target\":[\"https:\/\/www.africa-press.net\/senegal\/politique\/divergences-au-sommet-besoin-de-diomaye-et-sonko#respond\"]}]},{\"@type\":\"WebPage\",\"@id\":\"https:\/\/www.africa-press.net\/senegal\/politique\/divergences-au-sommet-besoin-de-diomaye-et-sonko\",\"url\":\"https:\/\/www.africa-press.net\/senegal\/politique\/divergences-au-sommet-besoin-de-diomaye-et-sonko\",\"name\":\"Divergences au Sommet: Besoin de Diomaye et Sonko - Senegal\",\"isPartOf\":{\"@id\":\"https:\/\/www.africa-press.net\/senegal\/#website\"},\"primaryImageOfPage\":{\"@id\":\"https:\/\/www.africa-press.net\/senegal\/politique\/divergences-au-sommet-besoin-de-diomaye-et-sonko#primaryimage\"},\"image\":{\"@id\":\"https:\/\/www.africa-press.net\/senegal\/politique\/divergences-au-sommet-besoin-de-diomaye-et-sonko#primaryimage\"},\"thumbnailUrl\":\"https:\/\/static.africa-press.net\/senegal\/sites\/13\/2026\/03\/sm_1773416765.844957.jpg\",\"datePublished\":\"2026-03-13T14:20:00+00:00\",\"dateModified\":\"2026-03-13T19:16:39+00:00\",\"author\":{\"@id\":\"https:\/\/www.africa-press.net\/senegal\/#\/schema\/person\/2b1cf3cd81a31e3cd26889ca66d677f1\"},\"description\":\"Che\u0301rif Cheikh Boun Chamsidine Aidara, pre\u0301sident de la Fe\u0301de\u0301ration des associations religieuses et des communaute\u0301s en ...\",\"breadcrumb\":{\"@id\":\"https:\/\/www.africa-press.net\/senegal\/politique\/divergences-au-sommet-besoin-de-diomaye-et-sonko#breadcrumb\"},\"inLanguage\":\"fr-FR\",\"potentialAction\":[{\"@type\":\"ReadAction\",\"target\":[\"https:\/\/www.africa-press.net\/senegal\/politique\/divergences-au-sommet-besoin-de-diomaye-et-sonko\"]}]},{\"@type\":\"ImageObject\",\"inLanguage\":\"fr-FR\",\"@id\":\"https:\/\/www.africa-press.net\/senegal\/politique\/divergences-au-sommet-besoin-de-diomaye-et-sonko#primaryimage\",\"url\":\"https:\/\/static.africa-press.net\/senegal\/sites\/13\/2026\/03\/sm_1773416765.844957.jpg\",\"contentUrl\":\"https:\/\/static.africa-press.net\/senegal\/sites\/13\/2026\/03\/sm_1773416765.844957.jpg\",\"width\":1280,\"height\":720,\"caption\":\"Divergences au Sommet: Besoin de Diomaye et Sonko\"},{\"@type\":\"BreadcrumbList\",\"@id\":\"https:\/\/www.africa-press.net\/senegal\/politique\/divergences-au-sommet-besoin-de-diomaye-et-sonko#breadcrumb\",\"itemListElement\":[{\"@type\":\"ListItem\",\"position\":1,\"name\":\"Accueil\",\"item\":\"https:\/\/www.africa-press.net\/senegal\/\"},{\"@type\":\"ListItem\",\"position\":2,\"name\":\"Divergences au Sommet: Besoin de Diomaye et Sonko\"}]},{\"@type\":\"WebSite\",\"@id\":\"https:\/\/www.africa-press.net\/senegal\/#website\",\"url\":\"https:\/\/www.africa-press.net\/senegal\/\",\"name\":\"Africa Press | Senegal | Homepage\",\"description\":\"Just another Africa News Agency Sites site\",\"potentialAction\":[{\"@type\":\"SearchAction\",\"target\":{\"@type\":\"EntryPoint\",\"urlTemplate\":\"https:\/\/www.africa-press.net\/senegal\/?s={search_term_string}\"},\"query-input\":{\"@type\":\"PropertyValueSpecification\",\"valueRequired\":true,\"valueName\":\"search_term_string\"}}],\"inLanguage\":\"fr-FR\"},{\"@type\":\"Person\",\"@id\":\"https:\/\/www.africa-press.net\/senegal\/#\/schema\/person\/2b1cf3cd81a31e3cd26889ca66d677f1\",\"name\":\"cfeditorfr\",\"url\":\"https:\/\/www.africa-press.net\/senegal\/author\/cfeditorfr\"}]}<\/script>\n<!-- \/ Yoast SEO Premium plugin. -->","yoast_head_json":{"title":"Divergences au Sommet: Besoin de Diomaye et Sonko - Senegal","description":"Che\u0301rif Cheikh Boun Chamsidine Aidara, pre\u0301sident de la Fe\u0301de\u0301ration des associations religieuses et des communaute\u0301s en ...","robots":{"index":"index","follow":"follow","max-snippet":"max-snippet:-1","max-image-preview":"max-image-preview:large","max-video-preview":"max-video-preview:-1"},"canonical":"https:\/\/www.africa-press.net\/senegal\/politique\/divergences-au-sommet-besoin-de-diomaye-et-sonko","og_locale":"fr_FR","og_type":"article","og_title":"Divergences au Sommet: Besoin de Diomaye et Sonko","og_description":"Che\u0301rif Cheikh Boun Chamsidine Aidara, pre\u0301sident de la Fe\u0301de\u0301ration des associations religieuses et des communaute\u0301s en ...","og_url":"https:\/\/www.africa-press.net\/senegal\/politique\/divergences-au-sommet-besoin-de-diomaye-et-sonko","og_site_name":"Senegal","article_published_time":"2026-03-13T14:20:00+00:00","article_modified_time":"2026-03-13T19:16:39+00:00","og_image":[{"width":1280,"height":720,"url":"https:\/\/static.africa-press.net\/senegal\/sites\/13\/2026\/03\/sm_1773416765.844957.jpg","type":"image\/jpeg"}],"author":"cfeditorfr","twitter_card":"summary_large_image","twitter_misc":{"\u00c9crit par":"cfeditorfr","Dur\u00e9e de lecture estim\u00e9e":"3 minutes"},"schema":{"@context":"https:\/\/schema.org","@graph":[{"@type":"Article","@id":"https:\/\/www.africa-press.net\/senegal\/politique\/divergences-au-sommet-besoin-de-diomaye-et-sonko#article","isPartOf":{"@id":"https:\/\/www.africa-press.net\/senegal\/politique\/divergences-au-sommet-besoin-de-diomaye-et-sonko"},"author":{"name":"cfeditorfr","@id":"https:\/\/www.africa-press.net\/senegal\/#\/schema\/person\/2b1cf3cd81a31e3cd26889ca66d677f1"},"headline":"Divergences au Sommet: Besoin de Diomaye et Sonko","datePublished":"2026-03-13T14:20:00+00:00","dateModified":"2026-03-13T19:16:39+00:00","mainEntityOfPage":{"@id":"https:\/\/www.africa-press.net\/senegal\/politique\/divergences-au-sommet-besoin-de-diomaye-et-sonko"},"wordCount":527,"commentCount":0,"image":{"@id":"https:\/\/www.africa-press.net\/senegal\/politique\/divergences-au-sommet-besoin-de-diomaye-et-sonko#primaryimage"},"thumbnailUrl":"https:\/\/static.africa-press.net\/senegal\/sites\/13\/2026\/03\/sm_1773416765.844957.jpg","keywords":["Senegal"],"articleSection":["Politique","Top Nouvelles","Toutes les actualit\u00e9s"],"inLanguage":"fr-FR","potentialAction":[{"@type":"CommentAction","name":"Comment","target":["https:\/\/www.africa-press.net\/senegal\/politique\/divergences-au-sommet-besoin-de-diomaye-et-sonko#respond"]}]},{"@type":"WebPage","@id":"https:\/\/www.africa-press.net\/senegal\/politique\/divergences-au-sommet-besoin-de-diomaye-et-sonko","url":"https:\/\/www.africa-press.net\/senegal\/politique\/divergences-au-sommet-besoin-de-diomaye-et-sonko","name":"Divergences au Sommet: Besoin de Diomaye et Sonko - Senegal","isPartOf":{"@id":"https:\/\/www.africa-press.net\/senegal\/#website"},"primaryImageOfPage":{"@id":"https:\/\/www.africa-press.net\/senegal\/politique\/divergences-au-sommet-besoin-de-diomaye-et-sonko#primaryimage"},"image":{"@id":"https:\/\/www.africa-press.net\/senegal\/politique\/divergences-au-sommet-besoin-de-diomaye-et-sonko#primaryimage"},"thumbnailUrl":"https:\/\/static.africa-press.net\/senegal\/sites\/13\/2026\/03\/sm_1773416765.844957.jpg","datePublished":"2026-03-13T14:20:00+00:00","dateModified":"2026-03-13T19:16:39+00:00","author":{"@id":"https:\/\/www.africa-press.net\/senegal\/#\/schema\/person\/2b1cf3cd81a31e3cd26889ca66d677f1"},"description":"Che\u0301rif Cheikh Boun Chamsidine Aidara, pre\u0301sident de la Fe\u0301de\u0301ration des associations religieuses et des communaute\u0301s en ...","breadcrumb":{"@id":"https:\/\/www.africa-press.net\/senegal\/politique\/divergences-au-sommet-besoin-de-diomaye-et-sonko#breadcrumb"},"inLanguage":"fr-FR","potentialAction":[{"@type":"ReadAction","target":["https:\/\/www.africa-press.net\/senegal\/politique\/divergences-au-sommet-besoin-de-diomaye-et-sonko"]}]},{"@type":"ImageObject","inLanguage":"fr-FR","@id":"https:\/\/www.africa-press.net\/senegal\/politique\/divergences-au-sommet-besoin-de-diomaye-et-sonko#primaryimage","url":"https:\/\/static.africa-press.net\/senegal\/sites\/13\/2026\/03\/sm_1773416765.844957.jpg","contentUrl":"https:\/\/static.africa-press.net\/senegal\/sites\/13\/2026\/03\/sm_1773416765.844957.jpg","width":1280,"height":720,"caption":"Divergences au Sommet: Besoin de Diomaye et Sonko"},{"@type":"BreadcrumbList","@id":"https:\/\/www.africa-press.net\/senegal\/politique\/divergences-au-sommet-besoin-de-diomaye-et-sonko#breadcrumb","itemListElement":[{"@type":"ListItem","position":1,"name":"Accueil","item":"https:\/\/www.africa-press.net\/senegal\/"},{"@type":"ListItem","position":2,"name":"Divergences au Sommet: Besoin de Diomaye et Sonko"}]},{"@type":"WebSite","@id":"https:\/\/www.africa-press.net\/senegal\/#website","url":"https:\/\/www.africa-press.net\/senegal\/","name":"Africa Press | Senegal | Homepage","description":"Just another Africa News Agency Sites site","potentialAction":[{"@type":"SearchAction","target":{"@type":"EntryPoint","urlTemplate":"https:\/\/www.africa-press.net\/senegal\/?s={search_term_string}"},"query-input":{"@type":"PropertyValueSpecification","valueRequired":true,"valueName":"search_term_string"}}],"inLanguage":"fr-FR"},{"@type":"Person","@id":"https:\/\/www.africa-press.net\/senegal\/#\/schema\/person\/2b1cf3cd81a31e3cd26889ca66d677f1","name":"cfeditorfr","url":"https:\/\/www.africa-press.net\/senegal\/author\/cfeditorfr"}]}},"_links":{"self":[{"href":"https:\/\/www.africa-press.net\/senegal\/wp-json\/wp\/v2\/posts\/75365","targetHints":{"allow":["GET"]}}],"collection":[{"href":"https:\/\/www.africa-press.net\/senegal\/wp-json\/wp\/v2\/posts"}],"about":[{"href":"https:\/\/www.africa-press.net\/senegal\/wp-json\/wp\/v2\/types\/post"}],"author":[{"embeddable":true,"href":"https:\/\/www.africa-press.net\/senegal\/wp-json\/wp\/v2\/users\/82"}],"replies":[{"embeddable":true,"href":"https:\/\/www.africa-press.net\/senegal\/wp-json\/wp\/v2\/comments?post=75365"}],"version-history":[{"count":0,"href":"https:\/\/www.africa-press.net\/senegal\/wp-json\/wp\/v2\/posts\/75365\/revisions"}],"wp:featuredmedia":[{"embeddable":true,"href":"https:\/\/www.africa-press.net\/senegal\/wp-json\/wp\/v2\/media\/75364"}],"wp:attachment":[{"href":"https:\/\/www.africa-press.net\/senegal\/wp-json\/wp\/v2\/media?parent=75365"}],"wp:term":[{"taxonomy":"category","embeddable":true,"href":"https:\/\/www.africa-press.net\/senegal\/wp-json\/wp\/v2\/categories?post=75365"},{"taxonomy":"post_tag","embeddable":true,"href":"https:\/\/www.africa-press.net\/senegal\/wp-json\/wp\/v2\/tags?post=75365"}],"curies":[{"name":"wp","href":"https:\/\/api.w.org\/{rel}","templated":true}]}}