{"id":75399,"date":"2026-03-14T12:10:00","date_gmt":"2026-03-14T12:10:00","guid":{"rendered":"https:\/\/www.africa-press.net\/senegal\/politique\/candidature-de-diomaye-abass-fall-revele-details"},"modified":"2026-03-15T23:19:29","modified_gmt":"2026-03-15T23:19:29","slug":"candidature-de-diomaye-abass-fall-revele-details","status":"publish","type":"post","link":"https:\/\/www.africa-press.net\/senegal\/politique\/candidature-de-diomaye-abass-fall-revele-details","title":{"rendered":"Candidature de Diomaye: Abass Fall Re\u0301ve\u0300le De\u0301tails"},"content":{"rendered":"<p><span style=\"color: #ff6600\"><strong>Africa-Press &#8211; Senegal. <\/strong><\/span>A Pastef, les re\u0301pliques aux propos tenus par le Pre\u0301sident Diomaye, lors de l\u2019Assemble\u0301e ge\u0301ne\u0301rale de sa coalition, fusent toujours. Ce samedi, c\u2019est Abass Fall qui est monte\u0301 au cre\u0301neau sur la question de la candidature de l\u2019actuel chef de l\u2019Etat et sa victoire a\u0300 la dernie\u0300re pre\u0301sidentielle.<\/p>\n<p>\u00abNous sommes de vrais acteurs et par devoir de ve\u0301rite\u0301 et par respect a\u0300 la me\u0301moire de nos martyrs tombe\u0301s sous les balles assassines du re\u0301gime de Macky Sall et de sa bande, nous ne devons laisser personne falsifier cette histoire\u00bb, a indique\u0301 l\u2019e\u0301dile de Dakar qui appuyait la sortie de Amadou Ba\u0302.<\/p>\n<p>Et d\u2019ajouter: \u00abOui nous (Pastef) avons travaille\u0301 jusqu\u2019a\u0300 6 h du matin cette nuit chez Birame Souleye DIOP pour remettre a\u0300 Amadou Ba\u0302 la liste de tous les ple\u0301nipotentiaires sur l\u2019ensemble du territoire se\u0301ne\u0301galais, pour permettre au candidat Bassirou Diomaye Faye, choisi par le pre\u0301sident Ousmane Sonko, de de\u0301poser son dossier a\u0300 la DAF. Nous l\u2019avons trouve\u0301 au CAP Manuel ce jour-la\u0300 comple\u0300tement affaibli par la maladie\u00bb, dit-il.<\/p>\n<p>Le responsable de Pastef Dakar promet de revenir sur d\u2019autres de\u0301tails de l\u2019histoire, prochainement.<\/p>\n<p><strong>Pour plus d&rsquo;informations et d&rsquo;analyses sur la <span style=\"color: #ff6600\">Senegal<\/span>, suivez <span style=\"color: #ff6600\">Africa-Press<\/span><\/strong><\/p>\n","protected":false},"excerpt":{"rendered":"<p>Africa-Press &#8211; Senegal. A Pastef, les re\u0301pliques aux propos tenus par le Pre\u0301sident Diomaye, lors de l\u2019Assemble\u0301e ge\u0301ne\u0301rale de sa coalition, fusent toujours. Ce samedi, c\u2019est Abass Fall qui est monte\u0301 au cre\u0301neau sur la question de la candidature de l\u2019actuel chef de l\u2019Etat et sa victoire a\u0300 la dernie\u0300re pre\u0301sidentielle. \u00abNous sommes de vrais [&hellip;]<\/p>\n","protected":false},"author":82,"featured_media":75398,"comment_status":"open","ping_status":"closed","sticky":false,"template":"","format":"standard","meta":{"footnotes":""},"categories":[2,10],"tags":[44],"class_list":["post-75399","post","type-post","status-publish","format-standard","has-post-thumbnail","hentry","category-politique","category-toutes-les-actualites","tag-senegal-2"],"yoast_head":"<!-- This site is optimized with the Yoast SEO Premium plugin v26.1 (Yoast SEO v27.0) - https:\/\/yoast.com\/product\/yoast-seo-premium-wordpress\/ -->\n<title>Candidature de Diomaye: Abass Fall Re\u0301ve\u0300le De\u0301tails - Senegal<\/title>\n<meta name=\"description\" content=\"A Pastef, les re\u0301pliques aux propos tenus par le Pre\u0301sident Diomaye, lors de l\u2019Assemble\u0301e ge\u0301ne\u0301rale de sa coalition, fu ...\" \/>\n<meta name=\"robots\" content=\"index, follow, max-snippet:-1, max-image-preview:large, max-video-preview:-1\" \/>\n<link rel=\"canonical\" href=\"https:\/\/www.africa-press.net\/senegal\/politique\/candidature-de-diomaye-abass-fall-revele-details\" \/>\n<meta property=\"og:locale\" content=\"fr_FR\" \/>\n<meta property=\"og:type\" content=\"article\" \/>\n<meta property=\"og:title\" content=\"Candidature de Diomaye: Abass Fall Re\u0301ve\u0300le De\u0301tails\" \/>\n<meta property=\"og:description\" content=\"A Pastef, les re\u0301pliques aux propos tenus par le Pre\u0301sident Diomaye, lors de l\u2019Assemble\u0301e ge\u0301ne\u0301rale de sa coalition, fu ...\" \/>\n<meta property=\"og:url\" content=\"https:\/\/www.africa-press.net\/senegal\/politique\/candidature-de-diomaye-abass-fall-revele-details\" \/>\n<meta property=\"og:site_name\" content=\"Senegal\" \/>\n<meta property=\"article:published_time\" content=\"2026-03-14T12:10:00+00:00\" \/>\n<meta property=\"article:modified_time\" content=\"2026-03-15T23:19:29+00:00\" \/>\n<meta property=\"og:image\" content=\"https:\/\/static.africa-press.net\/senegal\/sites\/13\/2026\/03\/sm_1773519286.932023.jpg\" \/>\n\t<meta property=\"og:image:width\" content=\"1280\" \/>\n\t<meta property=\"og:image:height\" content=\"720\" \/>\n\t<meta property=\"og:image:type\" content=\"image\/jpeg\" \/>\n<meta name=\"author\" content=\"cfeditorfr\" \/>\n<meta name=\"twitter:card\" content=\"summary_large_image\" \/>\n<meta name=\"twitter:label1\" content=\"\u00c9crit par\" \/>\n\t<meta name=\"twitter:data1\" content=\"cfeditorfr\" \/>\n\t<meta name=\"twitter:label2\" content=\"Dur\u00e9e de lecture estim\u00e9e\" \/>\n\t<meta name=\"twitter:data2\" content=\"2 minutes\" \/>\n<script type=\"application\/ld+json\" class=\"yoast-schema-graph\">{\"@context\":\"https:\/\/schema.org\",\"@graph\":[{\"@type\":\"Article\",\"@id\":\"https:\/\/www.africa-press.net\/senegal\/politique\/candidature-de-diomaye-abass-fall-revele-details#article\",\"isPartOf\":{\"@id\":\"https:\/\/www.africa-press.net\/senegal\/politique\/candidature-de-diomaye-abass-fall-revele-details\"},\"author\":{\"name\":\"cfeditorfr\",\"@id\":\"https:\/\/www.africa-press.net\/senegal\/#\/schema\/person\/2b1cf3cd81a31e3cd26889ca66d677f1\"},\"headline\":\"Candidature de Diomaye: Abass Fall Re\u0301ve\u0300le De\u0301tails\",\"datePublished\":\"2026-03-14T12:10:00+00:00\",\"dateModified\":\"2026-03-15T23:19:29+00:00\",\"mainEntityOfPage\":{\"@id\":\"https:\/\/www.africa-press.net\/senegal\/politique\/candidature-de-diomaye-abass-fall-revele-details\"},\"wordCount\":238,\"commentCount\":0,\"image\":{\"@id\":\"https:\/\/www.africa-press.net\/senegal\/politique\/candidature-de-diomaye-abass-fall-revele-details#primaryimage\"},\"thumbnailUrl\":\"https:\/\/static.africa-press.net\/senegal\/sites\/13\/2026\/03\/sm_1773519286.932023.jpg\",\"keywords\":[\"Senegal\"],\"articleSection\":[\"Politique\",\"Toutes les actualit\u00e9s\"],\"inLanguage\":\"fr-FR\",\"potentialAction\":[{\"@type\":\"CommentAction\",\"name\":\"Comment\",\"target\":[\"https:\/\/www.africa-press.net\/senegal\/politique\/candidature-de-diomaye-abass-fall-revele-details#respond\"]}]},{\"@type\":\"WebPage\",\"@id\":\"https:\/\/www.africa-press.net\/senegal\/politique\/candidature-de-diomaye-abass-fall-revele-details\",\"url\":\"https:\/\/www.africa-press.net\/senegal\/politique\/candidature-de-diomaye-abass-fall-revele-details\",\"name\":\"Candidature de Diomaye: Abass Fall Re\u0301ve\u0300le De\u0301tails - Senegal\",\"isPartOf\":{\"@id\":\"https:\/\/www.africa-press.net\/senegal\/#website\"},\"primaryImageOfPage\":{\"@id\":\"https:\/\/www.africa-press.net\/senegal\/politique\/candidature-de-diomaye-abass-fall-revele-details#primaryimage\"},\"image\":{\"@id\":\"https:\/\/www.africa-press.net\/senegal\/politique\/candidature-de-diomaye-abass-fall-revele-details#primaryimage\"},\"thumbnailUrl\":\"https:\/\/static.africa-press.net\/senegal\/sites\/13\/2026\/03\/sm_1773519286.932023.jpg\",\"datePublished\":\"2026-03-14T12:10:00+00:00\",\"dateModified\":\"2026-03-15T23:19:29+00:00\",\"author\":{\"@id\":\"https:\/\/www.africa-press.net\/senegal\/#\/schema\/person\/2b1cf3cd81a31e3cd26889ca66d677f1\"},\"description\":\"A Pastef, les re\u0301pliques aux propos tenus par le Pre\u0301sident Diomaye, lors de l\u2019Assemble\u0301e ge\u0301ne\u0301rale de sa coalition, fu ...\",\"breadcrumb\":{\"@id\":\"https:\/\/www.africa-press.net\/senegal\/politique\/candidature-de-diomaye-abass-fall-revele-details#breadcrumb\"},\"inLanguage\":\"fr-FR\",\"potentialAction\":[{\"@type\":\"ReadAction\",\"target\":[\"https:\/\/www.africa-press.net\/senegal\/politique\/candidature-de-diomaye-abass-fall-revele-details\"]}]},{\"@type\":\"ImageObject\",\"inLanguage\":\"fr-FR\",\"@id\":\"https:\/\/www.africa-press.net\/senegal\/politique\/candidature-de-diomaye-abass-fall-revele-details#primaryimage\",\"url\":\"https:\/\/static.africa-press.net\/senegal\/sites\/13\/2026\/03\/sm_1773519286.932023.jpg\",\"contentUrl\":\"https:\/\/static.africa-press.net\/senegal\/sites\/13\/2026\/03\/sm_1773519286.932023.jpg\",\"width\":1280,\"height\":720,\"caption\":\"Candidature de Diomaye: Abass Fall Re\u0301ve\u0300le De\u0301tails\"},{\"@type\":\"BreadcrumbList\",\"@id\":\"https:\/\/www.africa-press.net\/senegal\/politique\/candidature-de-diomaye-abass-fall-revele-details#breadcrumb\",\"itemListElement\":[{\"@type\":\"ListItem\",\"position\":1,\"name\":\"Accueil\",\"item\":\"https:\/\/www.africa-press.net\/senegal\/\"},{\"@type\":\"ListItem\",\"position\":2,\"name\":\"Candidature de Diomaye: Abass Fall Re\u0301ve\u0300le De\u0301tails\"}]},{\"@type\":\"WebSite\",\"@id\":\"https:\/\/www.africa-press.net\/senegal\/#website\",\"url\":\"https:\/\/www.africa-press.net\/senegal\/\",\"name\":\"Africa Press | Senegal | Homepage\",\"description\":\"Just another Africa News Agency Sites site\",\"potentialAction\":[{\"@type\":\"SearchAction\",\"target\":{\"@type\":\"EntryPoint\",\"urlTemplate\":\"https:\/\/www.africa-press.net\/senegal\/?s={search_term_string}\"},\"query-input\":{\"@type\":\"PropertyValueSpecification\",\"valueRequired\":true,\"valueName\":\"search_term_string\"}}],\"inLanguage\":\"fr-FR\"},{\"@type\":\"Person\",\"@id\":\"https:\/\/www.africa-press.net\/senegal\/#\/schema\/person\/2b1cf3cd81a31e3cd26889ca66d677f1\",\"name\":\"cfeditorfr\",\"url\":\"https:\/\/www.africa-press.net\/senegal\/author\/cfeditorfr\"}]}<\/script>\n<!-- \/ Yoast SEO Premium plugin. -->","yoast_head_json":{"title":"Candidature de Diomaye: Abass Fall Re\u0301ve\u0300le De\u0301tails - Senegal","description":"A Pastef, les re\u0301pliques aux propos tenus par le Pre\u0301sident Diomaye, lors de l\u2019Assemble\u0301e ge\u0301ne\u0301rale de sa coalition, fu ...","robots":{"index":"index","follow":"follow","max-snippet":"max-snippet:-1","max-image-preview":"max-image-preview:large","max-video-preview":"max-video-preview:-1"},"canonical":"https:\/\/www.africa-press.net\/senegal\/politique\/candidature-de-diomaye-abass-fall-revele-details","og_locale":"fr_FR","og_type":"article","og_title":"Candidature de Diomaye: Abass Fall Re\u0301ve\u0300le De\u0301tails","og_description":"A Pastef, les re\u0301pliques aux propos tenus par le Pre\u0301sident Diomaye, lors de l\u2019Assemble\u0301e ge\u0301ne\u0301rale de sa coalition, fu ...","og_url":"https:\/\/www.africa-press.net\/senegal\/politique\/candidature-de-diomaye-abass-fall-revele-details","og_site_name":"Senegal","article_published_time":"2026-03-14T12:10:00+00:00","article_modified_time":"2026-03-15T23:19:29+00:00","og_image":[{"width":1280,"height":720,"url":"https:\/\/static.africa-press.net\/senegal\/sites\/13\/2026\/03\/sm_1773519286.932023.jpg","type":"image\/jpeg"}],"author":"cfeditorfr","twitter_card":"summary_large_image","twitter_misc":{"\u00c9crit par":"cfeditorfr","Dur\u00e9e de lecture estim\u00e9e":"2 minutes"},"schema":{"@context":"https:\/\/schema.org","@graph":[{"@type":"Article","@id":"https:\/\/www.africa-press.net\/senegal\/politique\/candidature-de-diomaye-abass-fall-revele-details#article","isPartOf":{"@id":"https:\/\/www.africa-press.net\/senegal\/politique\/candidature-de-diomaye-abass-fall-revele-details"},"author":{"name":"cfeditorfr","@id":"https:\/\/www.africa-press.net\/senegal\/#\/schema\/person\/2b1cf3cd81a31e3cd26889ca66d677f1"},"headline":"Candidature de Diomaye: Abass Fall Re\u0301ve\u0300le De\u0301tails","datePublished":"2026-03-14T12:10:00+00:00","dateModified":"2026-03-15T23:19:29+00:00","mainEntityOfPage":{"@id":"https:\/\/www.africa-press.net\/senegal\/politique\/candidature-de-diomaye-abass-fall-revele-details"},"wordCount":238,"commentCount":0,"image":{"@id":"https:\/\/www.africa-press.net\/senegal\/politique\/candidature-de-diomaye-abass-fall-revele-details#primaryimage"},"thumbnailUrl":"https:\/\/static.africa-press.net\/senegal\/sites\/13\/2026\/03\/sm_1773519286.932023.jpg","keywords":["Senegal"],"articleSection":["Politique","Toutes les actualit\u00e9s"],"inLanguage":"fr-FR","potentialAction":[{"@type":"CommentAction","name":"Comment","target":["https:\/\/www.africa-press.net\/senegal\/politique\/candidature-de-diomaye-abass-fall-revele-details#respond"]}]},{"@type":"WebPage","@id":"https:\/\/www.africa-press.net\/senegal\/politique\/candidature-de-diomaye-abass-fall-revele-details","url":"https:\/\/www.africa-press.net\/senegal\/politique\/candidature-de-diomaye-abass-fall-revele-details","name":"Candidature de Diomaye: Abass Fall Re\u0301ve\u0300le De\u0301tails - Senegal","isPartOf":{"@id":"https:\/\/www.africa-press.net\/senegal\/#website"},"primaryImageOfPage":{"@id":"https:\/\/www.africa-press.net\/senegal\/politique\/candidature-de-diomaye-abass-fall-revele-details#primaryimage"},"image":{"@id":"https:\/\/www.africa-press.net\/senegal\/politique\/candidature-de-diomaye-abass-fall-revele-details#primaryimage"},"thumbnailUrl":"https:\/\/static.africa-press.net\/senegal\/sites\/13\/2026\/03\/sm_1773519286.932023.jpg","datePublished":"2026-03-14T12:10:00+00:00","dateModified":"2026-03-15T23:19:29+00:00","author":{"@id":"https:\/\/www.africa-press.net\/senegal\/#\/schema\/person\/2b1cf3cd81a31e3cd26889ca66d677f1"},"description":"A Pastef, les re\u0301pliques aux propos tenus par le Pre\u0301sident Diomaye, lors de l\u2019Assemble\u0301e ge\u0301ne\u0301rale de sa coalition, fu ...","breadcrumb":{"@id":"https:\/\/www.africa-press.net\/senegal\/politique\/candidature-de-diomaye-abass-fall-revele-details#breadcrumb"},"inLanguage":"fr-FR","potentialAction":[{"@type":"ReadAction","target":["https:\/\/www.africa-press.net\/senegal\/politique\/candidature-de-diomaye-abass-fall-revele-details"]}]},{"@type":"ImageObject","inLanguage":"fr-FR","@id":"https:\/\/www.africa-press.net\/senegal\/politique\/candidature-de-diomaye-abass-fall-revele-details#primaryimage","url":"https:\/\/static.africa-press.net\/senegal\/sites\/13\/2026\/03\/sm_1773519286.932023.jpg","contentUrl":"https:\/\/static.africa-press.net\/senegal\/sites\/13\/2026\/03\/sm_1773519286.932023.jpg","width":1280,"height":720,"caption":"Candidature de Diomaye: Abass Fall Re\u0301ve\u0300le De\u0301tails"},{"@type":"BreadcrumbList","@id":"https:\/\/www.africa-press.net\/senegal\/politique\/candidature-de-diomaye-abass-fall-revele-details#breadcrumb","itemListElement":[{"@type":"ListItem","position":1,"name":"Accueil","item":"https:\/\/www.africa-press.net\/senegal\/"},{"@type":"ListItem","position":2,"name":"Candidature de Diomaye: Abass Fall Re\u0301ve\u0300le De\u0301tails"}]},{"@type":"WebSite","@id":"https:\/\/www.africa-press.net\/senegal\/#website","url":"https:\/\/www.africa-press.net\/senegal\/","name":"Africa Press | Senegal | Homepage","description":"Just another Africa News Agency Sites site","potentialAction":[{"@type":"SearchAction","target":{"@type":"EntryPoint","urlTemplate":"https:\/\/www.africa-press.net\/senegal\/?s={search_term_string}"},"query-input":{"@type":"PropertyValueSpecification","valueRequired":true,"valueName":"search_term_string"}}],"inLanguage":"fr-FR"},{"@type":"Person","@id":"https:\/\/www.africa-press.net\/senegal\/#\/schema\/person\/2b1cf3cd81a31e3cd26889ca66d677f1","name":"cfeditorfr","url":"https:\/\/www.africa-press.net\/senegal\/author\/cfeditorfr"}]}},"_links":{"self":[{"href":"https:\/\/www.africa-press.net\/senegal\/wp-json\/wp\/v2\/posts\/75399","targetHints":{"allow":["GET"]}}],"collection":[{"href":"https:\/\/www.africa-press.net\/senegal\/wp-json\/wp\/v2\/posts"}],"about":[{"href":"https:\/\/www.africa-press.net\/senegal\/wp-json\/wp\/v2\/types\/post"}],"author":[{"embeddable":true,"href":"https:\/\/www.africa-press.net\/senegal\/wp-json\/wp\/v2\/users\/82"}],"replies":[{"embeddable":true,"href":"https:\/\/www.africa-press.net\/senegal\/wp-json\/wp\/v2\/comments?post=75399"}],"version-history":[{"count":0,"href":"https:\/\/www.africa-press.net\/senegal\/wp-json\/wp\/v2\/posts\/75399\/revisions"}],"wp:featuredmedia":[{"embeddable":true,"href":"https:\/\/www.africa-press.net\/senegal\/wp-json\/wp\/v2\/media\/75398"}],"wp:attachment":[{"href":"https:\/\/www.africa-press.net\/senegal\/wp-json\/wp\/v2\/media?parent=75399"}],"wp:term":[{"taxonomy":"category","embeddable":true,"href":"https:\/\/www.africa-press.net\/senegal\/wp-json\/wp\/v2\/categories?post=75399"},{"taxonomy":"post_tag","embeddable":true,"href":"https:\/\/www.africa-press.net\/senegal\/wp-json\/wp\/v2\/tags?post=75399"}],"curies":[{"name":"wp","href":"https:\/\/api.w.org\/{rel}","templated":true}]}}