{"id":75401,"date":"2026-03-14T14:00:00","date_gmt":"2026-03-14T14:00:00","guid":{"rendered":"https:\/\/www.africa-press.net\/senegal\/politique\/assemblee-nationale-sermonne-el-malick-ndiaye"},"modified":"2026-03-15T23:20:04","modified_gmt":"2026-03-15T23:20:04","slug":"assemblee-nationale-sermonne-el-malick-ndiaye","status":"publish","type":"post","link":"https:\/\/www.africa-press.net\/senegal\/politique\/assemblee-nationale-sermonne-el-malick-ndiaye","title":{"rendered":"Assembl\u00e9e Nationale Sermonne El Malick Ndiaye"},"content":{"rendered":"<p><span style=\"color: #ff6600\"><strong>Africa-Press &#8211; Senegal. <\/strong><\/span>L\u2019intervention du de\u0301pute\u0301 Pastef, Cheikh Bara Ndiaye, lors de la se\u0301ance ple\u0301nie\u0300re sur le durcissement des peines contre les actes contre-nature (article 319 du Code pe\u0301nal), suscite une vive indignation au sein du camp pre\u0301sidentiel. En qualifiant le pre\u0301sident Bassirou Diomaye Faye de \u00ab be\u0301be\u0301 de l\u2019anne\u0301e \u00bb, le parlementaire a provoque\u0301 la cole\u0300re des partisans du pouvoir, qui re\u0301clament de\u0301sormais des sanctions exemplaires.<\/p>\n<p>Interroge\u0301 par Les E\u0301chos, l\u2019ancien de\u0301pute\u0301 The\u0301odore Cherif Monteil rappelle que le re\u0300glement inte\u0301rieur de l&rsquo;Assemble\u0301e nationale offre des outils juridiques clairs au pre\u0301sident de l&rsquo;institution. Selon lui, de tels propos pourraient e\u0302tre qualifie\u0301s d&rsquo;injures publiques envers le chef de l&rsquo;E\u0301tat, un de\u0301lit qui autorise le pre\u0301sident de l&rsquo;Assemble\u0301e a\u0300 faire dresser un proce\u0300s-verbal et a\u0300 saisir imme\u0301diatement le Procureur de la Re\u0301publique, conforme\u0301ment a\u0300 l&rsquo;article 62 du re\u0300glement.<\/p>\n<p>De son co\u0302te\u0301, Alioune Souare\u0301 de\u0301plore le manque de re\u0301action imme\u0301diate durant la se\u0301ance. Il estime que le pre\u0301sident de se\u0301ance aurait du\u0302 exercer son pouvoir de police en rappelant le de\u0301pute\u0301 a\u0300 l\u2019ordre, en lui retirant la parole ou me\u0302me en proce\u0301dant a\u0300 son expulsion temporaire de l\u2019he\u0301micycle.<\/p>\n<p>\u00ab Au nom de la se\u0301paration des pouvoirs, le pre\u0301sident de l&rsquo;Assemble\u0301e nationale n&rsquo;aurait pas du\u0302 permettre qu&rsquo;une autre institution, en l&rsquo;occurrence le pre\u0301sident de la Re\u0301publique, soit attaque\u0301e de cette manie\u0300re au sein de l&rsquo;he\u0301micycle \u00bb, tranche l&rsquo;interlocuteur du quotidien d&rsquo;information.<\/p>\n<p><strong>Pour plus d&rsquo;informations et d&rsquo;analyses sur la <span style=\"color: #ff6600\">Senegal<\/span>, suivez <span style=\"color: #ff6600\">Africa-Press<\/span><\/strong><\/p>\n","protected":false},"excerpt":{"rendered":"<p>Africa-Press &#8211; Senegal. L\u2019intervention du de\u0301pute\u0301 Pastef, Cheikh Bara Ndiaye, lors de la se\u0301ance ple\u0301nie\u0300re sur le durcissement des peines contre les actes contre-nature (article 319 du Code pe\u0301nal), suscite une vive indignation au sein du camp pre\u0301sidentiel. En qualifiant le pre\u0301sident Bassirou Diomaye Faye de \u00ab be\u0301be\u0301 de l\u2019anne\u0301e \u00bb, le parlementaire a provoque\u0301 [&hellip;]<\/p>\n","protected":false},"author":82,"featured_media":75400,"comment_status":"open","ping_status":"closed","sticky":false,"template":"","format":"standard","meta":{"footnotes":""},"categories":[2,20,10],"tags":[44],"class_list":["post-75401","post","type-post","status-publish","format-standard","has-post-thumbnail","hentry","category-politique","category-top-nouvelles","category-toutes-les-actualites","tag-senegal-2"],"yoast_head":"<!-- This site is optimized with the Yoast SEO Premium plugin v26.1 (Yoast SEO v27.0) - https:\/\/yoast.com\/product\/yoast-seo-premium-wordpress\/ -->\n<title>Assembl\u00e9e Nationale Sermonne El Malick Ndiaye - Senegal<\/title>\n<meta name=\"description\" content=\"L\u2019intervention du de\u0301pute\u0301 Pastef, Cheikh Bara Ndiaye, lors de la se\u0301ance ple\u0301nie\u0300re sur le durcissement des peines cont ...\" \/>\n<meta name=\"robots\" content=\"index, follow, max-snippet:-1, max-image-preview:large, max-video-preview:-1\" \/>\n<link rel=\"canonical\" href=\"https:\/\/www.africa-press.net\/senegal\/politique\/assemblee-nationale-sermonne-el-malick-ndiaye\" \/>\n<meta property=\"og:locale\" content=\"fr_FR\" \/>\n<meta property=\"og:type\" content=\"article\" \/>\n<meta property=\"og:title\" content=\"Assembl\u00e9e Nationale Sermonne El Malick Ndiaye\" \/>\n<meta property=\"og:description\" content=\"L\u2019intervention du de\u0301pute\u0301 Pastef, Cheikh Bara Ndiaye, lors de la se\u0301ance ple\u0301nie\u0300re sur le durcissement des peines cont ...\" \/>\n<meta property=\"og:url\" content=\"https:\/\/www.africa-press.net\/senegal\/politique\/assemblee-nationale-sermonne-el-malick-ndiaye\" \/>\n<meta property=\"og:site_name\" content=\"Senegal\" \/>\n<meta property=\"article:published_time\" content=\"2026-03-14T14:00:00+00:00\" \/>\n<meta property=\"article:modified_time\" content=\"2026-03-15T23:20:04+00:00\" \/>\n<meta property=\"og:image\" content=\"https:\/\/static.africa-press.net\/senegal\/sites\/13\/2026\/03\/sm_1773519304.842155.jpg\" \/>\n\t<meta property=\"og:image:width\" content=\"1280\" \/>\n\t<meta property=\"og:image:height\" content=\"720\" \/>\n\t<meta property=\"og:image:type\" content=\"image\/jpeg\" \/>\n<meta name=\"author\" content=\"cfeditorfr\" \/>\n<meta name=\"twitter:card\" content=\"summary_large_image\" \/>\n<meta name=\"twitter:label1\" content=\"\u00c9crit par\" \/>\n\t<meta name=\"twitter:data1\" content=\"cfeditorfr\" \/>\n\t<meta name=\"twitter:label2\" content=\"Dur\u00e9e de lecture estim\u00e9e\" \/>\n\t<meta name=\"twitter:data2\" content=\"2 minutes\" \/>\n<script type=\"application\/ld+json\" class=\"yoast-schema-graph\">{\"@context\":\"https:\/\/schema.org\",\"@graph\":[{\"@type\":\"Article\",\"@id\":\"https:\/\/www.africa-press.net\/senegal\/politique\/assemblee-nationale-sermonne-el-malick-ndiaye#article\",\"isPartOf\":{\"@id\":\"https:\/\/www.africa-press.net\/senegal\/politique\/assemblee-nationale-sermonne-el-malick-ndiaye\"},\"author\":{\"name\":\"cfeditorfr\",\"@id\":\"https:\/\/www.africa-press.net\/senegal\/#\/schema\/person\/2b1cf3cd81a31e3cd26889ca66d677f1\"},\"headline\":\"Assembl\u00e9e Nationale Sermonne El Malick Ndiaye\",\"datePublished\":\"2026-03-14T14:00:00+00:00\",\"dateModified\":\"2026-03-15T23:20:04+00:00\",\"mainEntityOfPage\":{\"@id\":\"https:\/\/www.africa-press.net\/senegal\/politique\/assemblee-nationale-sermonne-el-malick-ndiaye\"},\"wordCount\":307,\"commentCount\":0,\"image\":{\"@id\":\"https:\/\/www.africa-press.net\/senegal\/politique\/assemblee-nationale-sermonne-el-malick-ndiaye#primaryimage\"},\"thumbnailUrl\":\"https:\/\/static.africa-press.net\/senegal\/sites\/13\/2026\/03\/sm_1773519304.842155.jpg\",\"keywords\":[\"Senegal\"],\"articleSection\":[\"Politique\",\"Top Nouvelles\",\"Toutes les actualit\u00e9s\"],\"inLanguage\":\"fr-FR\",\"potentialAction\":[{\"@type\":\"CommentAction\",\"name\":\"Comment\",\"target\":[\"https:\/\/www.africa-press.net\/senegal\/politique\/assemblee-nationale-sermonne-el-malick-ndiaye#respond\"]}]},{\"@type\":\"WebPage\",\"@id\":\"https:\/\/www.africa-press.net\/senegal\/politique\/assemblee-nationale-sermonne-el-malick-ndiaye\",\"url\":\"https:\/\/www.africa-press.net\/senegal\/politique\/assemblee-nationale-sermonne-el-malick-ndiaye\",\"name\":\"Assembl\u00e9e Nationale Sermonne El Malick Ndiaye - Senegal\",\"isPartOf\":{\"@id\":\"https:\/\/www.africa-press.net\/senegal\/#website\"},\"primaryImageOfPage\":{\"@id\":\"https:\/\/www.africa-press.net\/senegal\/politique\/assemblee-nationale-sermonne-el-malick-ndiaye#primaryimage\"},\"image\":{\"@id\":\"https:\/\/www.africa-press.net\/senegal\/politique\/assemblee-nationale-sermonne-el-malick-ndiaye#primaryimage\"},\"thumbnailUrl\":\"https:\/\/static.africa-press.net\/senegal\/sites\/13\/2026\/03\/sm_1773519304.842155.jpg\",\"datePublished\":\"2026-03-14T14:00:00+00:00\",\"dateModified\":\"2026-03-15T23:20:04+00:00\",\"author\":{\"@id\":\"https:\/\/www.africa-press.net\/senegal\/#\/schema\/person\/2b1cf3cd81a31e3cd26889ca66d677f1\"},\"description\":\"L\u2019intervention du de\u0301pute\u0301 Pastef, Cheikh Bara Ndiaye, lors de la se\u0301ance ple\u0301nie\u0300re sur le durcissement des peines cont ...\",\"breadcrumb\":{\"@id\":\"https:\/\/www.africa-press.net\/senegal\/politique\/assemblee-nationale-sermonne-el-malick-ndiaye#breadcrumb\"},\"inLanguage\":\"fr-FR\",\"potentialAction\":[{\"@type\":\"ReadAction\",\"target\":[\"https:\/\/www.africa-press.net\/senegal\/politique\/assemblee-nationale-sermonne-el-malick-ndiaye\"]}]},{\"@type\":\"ImageObject\",\"inLanguage\":\"fr-FR\",\"@id\":\"https:\/\/www.africa-press.net\/senegal\/politique\/assemblee-nationale-sermonne-el-malick-ndiaye#primaryimage\",\"url\":\"https:\/\/static.africa-press.net\/senegal\/sites\/13\/2026\/03\/sm_1773519304.842155.jpg\",\"contentUrl\":\"https:\/\/static.africa-press.net\/senegal\/sites\/13\/2026\/03\/sm_1773519304.842155.jpg\",\"width\":1280,\"height\":720,\"caption\":\"Assembl\u00e9e Nationale Sermonne El Malick Ndiaye\"},{\"@type\":\"BreadcrumbList\",\"@id\":\"https:\/\/www.africa-press.net\/senegal\/politique\/assemblee-nationale-sermonne-el-malick-ndiaye#breadcrumb\",\"itemListElement\":[{\"@type\":\"ListItem\",\"position\":1,\"name\":\"Accueil\",\"item\":\"https:\/\/www.africa-press.net\/senegal\/\"},{\"@type\":\"ListItem\",\"position\":2,\"name\":\"Assembl\u00e9e Nationale Sermonne El Malick Ndiaye\"}]},{\"@type\":\"WebSite\",\"@id\":\"https:\/\/www.africa-press.net\/senegal\/#website\",\"url\":\"https:\/\/www.africa-press.net\/senegal\/\",\"name\":\"Africa Press | Senegal | Homepage\",\"description\":\"Just another Africa News Agency Sites site\",\"potentialAction\":[{\"@type\":\"SearchAction\",\"target\":{\"@type\":\"EntryPoint\",\"urlTemplate\":\"https:\/\/www.africa-press.net\/senegal\/?s={search_term_string}\"},\"query-input\":{\"@type\":\"PropertyValueSpecification\",\"valueRequired\":true,\"valueName\":\"search_term_string\"}}],\"inLanguage\":\"fr-FR\"},{\"@type\":\"Person\",\"@id\":\"https:\/\/www.africa-press.net\/senegal\/#\/schema\/person\/2b1cf3cd81a31e3cd26889ca66d677f1\",\"name\":\"cfeditorfr\",\"url\":\"https:\/\/www.africa-press.net\/senegal\/author\/cfeditorfr\"}]}<\/script>\n<!-- \/ Yoast SEO Premium plugin. -->","yoast_head_json":{"title":"Assembl\u00e9e Nationale Sermonne El Malick Ndiaye - Senegal","description":"L\u2019intervention du de\u0301pute\u0301 Pastef, Cheikh Bara Ndiaye, lors de la se\u0301ance ple\u0301nie\u0300re sur le durcissement des peines cont ...","robots":{"index":"index","follow":"follow","max-snippet":"max-snippet:-1","max-image-preview":"max-image-preview:large","max-video-preview":"max-video-preview:-1"},"canonical":"https:\/\/www.africa-press.net\/senegal\/politique\/assemblee-nationale-sermonne-el-malick-ndiaye","og_locale":"fr_FR","og_type":"article","og_title":"Assembl\u00e9e Nationale Sermonne El Malick Ndiaye","og_description":"L\u2019intervention du de\u0301pute\u0301 Pastef, Cheikh Bara Ndiaye, lors de la se\u0301ance ple\u0301nie\u0300re sur le durcissement des peines cont ...","og_url":"https:\/\/www.africa-press.net\/senegal\/politique\/assemblee-nationale-sermonne-el-malick-ndiaye","og_site_name":"Senegal","article_published_time":"2026-03-14T14:00:00+00:00","article_modified_time":"2026-03-15T23:20:04+00:00","og_image":[{"width":1280,"height":720,"url":"https:\/\/static.africa-press.net\/senegal\/sites\/13\/2026\/03\/sm_1773519304.842155.jpg","type":"image\/jpeg"}],"author":"cfeditorfr","twitter_card":"summary_large_image","twitter_misc":{"\u00c9crit par":"cfeditorfr","Dur\u00e9e de lecture estim\u00e9e":"2 minutes"},"schema":{"@context":"https:\/\/schema.org","@graph":[{"@type":"Article","@id":"https:\/\/www.africa-press.net\/senegal\/politique\/assemblee-nationale-sermonne-el-malick-ndiaye#article","isPartOf":{"@id":"https:\/\/www.africa-press.net\/senegal\/politique\/assemblee-nationale-sermonne-el-malick-ndiaye"},"author":{"name":"cfeditorfr","@id":"https:\/\/www.africa-press.net\/senegal\/#\/schema\/person\/2b1cf3cd81a31e3cd26889ca66d677f1"},"headline":"Assembl\u00e9e Nationale Sermonne El Malick Ndiaye","datePublished":"2026-03-14T14:00:00+00:00","dateModified":"2026-03-15T23:20:04+00:00","mainEntityOfPage":{"@id":"https:\/\/www.africa-press.net\/senegal\/politique\/assemblee-nationale-sermonne-el-malick-ndiaye"},"wordCount":307,"commentCount":0,"image":{"@id":"https:\/\/www.africa-press.net\/senegal\/politique\/assemblee-nationale-sermonne-el-malick-ndiaye#primaryimage"},"thumbnailUrl":"https:\/\/static.africa-press.net\/senegal\/sites\/13\/2026\/03\/sm_1773519304.842155.jpg","keywords":["Senegal"],"articleSection":["Politique","Top Nouvelles","Toutes les actualit\u00e9s"],"inLanguage":"fr-FR","potentialAction":[{"@type":"CommentAction","name":"Comment","target":["https:\/\/www.africa-press.net\/senegal\/politique\/assemblee-nationale-sermonne-el-malick-ndiaye#respond"]}]},{"@type":"WebPage","@id":"https:\/\/www.africa-press.net\/senegal\/politique\/assemblee-nationale-sermonne-el-malick-ndiaye","url":"https:\/\/www.africa-press.net\/senegal\/politique\/assemblee-nationale-sermonne-el-malick-ndiaye","name":"Assembl\u00e9e Nationale Sermonne El Malick Ndiaye - Senegal","isPartOf":{"@id":"https:\/\/www.africa-press.net\/senegal\/#website"},"primaryImageOfPage":{"@id":"https:\/\/www.africa-press.net\/senegal\/politique\/assemblee-nationale-sermonne-el-malick-ndiaye#primaryimage"},"image":{"@id":"https:\/\/www.africa-press.net\/senegal\/politique\/assemblee-nationale-sermonne-el-malick-ndiaye#primaryimage"},"thumbnailUrl":"https:\/\/static.africa-press.net\/senegal\/sites\/13\/2026\/03\/sm_1773519304.842155.jpg","datePublished":"2026-03-14T14:00:00+00:00","dateModified":"2026-03-15T23:20:04+00:00","author":{"@id":"https:\/\/www.africa-press.net\/senegal\/#\/schema\/person\/2b1cf3cd81a31e3cd26889ca66d677f1"},"description":"L\u2019intervention du de\u0301pute\u0301 Pastef, Cheikh Bara Ndiaye, lors de la se\u0301ance ple\u0301nie\u0300re sur le durcissement des peines cont ...","breadcrumb":{"@id":"https:\/\/www.africa-press.net\/senegal\/politique\/assemblee-nationale-sermonne-el-malick-ndiaye#breadcrumb"},"inLanguage":"fr-FR","potentialAction":[{"@type":"ReadAction","target":["https:\/\/www.africa-press.net\/senegal\/politique\/assemblee-nationale-sermonne-el-malick-ndiaye"]}]},{"@type":"ImageObject","inLanguage":"fr-FR","@id":"https:\/\/www.africa-press.net\/senegal\/politique\/assemblee-nationale-sermonne-el-malick-ndiaye#primaryimage","url":"https:\/\/static.africa-press.net\/senegal\/sites\/13\/2026\/03\/sm_1773519304.842155.jpg","contentUrl":"https:\/\/static.africa-press.net\/senegal\/sites\/13\/2026\/03\/sm_1773519304.842155.jpg","width":1280,"height":720,"caption":"Assembl\u00e9e Nationale Sermonne El Malick Ndiaye"},{"@type":"BreadcrumbList","@id":"https:\/\/www.africa-press.net\/senegal\/politique\/assemblee-nationale-sermonne-el-malick-ndiaye#breadcrumb","itemListElement":[{"@type":"ListItem","position":1,"name":"Accueil","item":"https:\/\/www.africa-press.net\/senegal\/"},{"@type":"ListItem","position":2,"name":"Assembl\u00e9e Nationale Sermonne El Malick Ndiaye"}]},{"@type":"WebSite","@id":"https:\/\/www.africa-press.net\/senegal\/#website","url":"https:\/\/www.africa-press.net\/senegal\/","name":"Africa Press | Senegal | Homepage","description":"Just another Africa News Agency Sites site","potentialAction":[{"@type":"SearchAction","target":{"@type":"EntryPoint","urlTemplate":"https:\/\/www.africa-press.net\/senegal\/?s={search_term_string}"},"query-input":{"@type":"PropertyValueSpecification","valueRequired":true,"valueName":"search_term_string"}}],"inLanguage":"fr-FR"},{"@type":"Person","@id":"https:\/\/www.africa-press.net\/senegal\/#\/schema\/person\/2b1cf3cd81a31e3cd26889ca66d677f1","name":"cfeditorfr","url":"https:\/\/www.africa-press.net\/senegal\/author\/cfeditorfr"}]}},"_links":{"self":[{"href":"https:\/\/www.africa-press.net\/senegal\/wp-json\/wp\/v2\/posts\/75401","targetHints":{"allow":["GET"]}}],"collection":[{"href":"https:\/\/www.africa-press.net\/senegal\/wp-json\/wp\/v2\/posts"}],"about":[{"href":"https:\/\/www.africa-press.net\/senegal\/wp-json\/wp\/v2\/types\/post"}],"author":[{"embeddable":true,"href":"https:\/\/www.africa-press.net\/senegal\/wp-json\/wp\/v2\/users\/82"}],"replies":[{"embeddable":true,"href":"https:\/\/www.africa-press.net\/senegal\/wp-json\/wp\/v2\/comments?post=75401"}],"version-history":[{"count":0,"href":"https:\/\/www.africa-press.net\/senegal\/wp-json\/wp\/v2\/posts\/75401\/revisions"}],"wp:featuredmedia":[{"embeddable":true,"href":"https:\/\/www.africa-press.net\/senegal\/wp-json\/wp\/v2\/media\/75400"}],"wp:attachment":[{"href":"https:\/\/www.africa-press.net\/senegal\/wp-json\/wp\/v2\/media?parent=75401"}],"wp:term":[{"taxonomy":"category","embeddable":true,"href":"https:\/\/www.africa-press.net\/senegal\/wp-json\/wp\/v2\/categories?post=75401"},{"taxonomy":"post_tag","embeddable":true,"href":"https:\/\/www.africa-press.net\/senegal\/wp-json\/wp\/v2\/tags?post=75401"}],"curies":[{"name":"wp","href":"https:\/\/api.w.org\/{rel}","templated":true}]}}