{"id":75444,"date":"2026-03-15T14:00:00","date_gmt":"2026-03-15T14:00:00","guid":{"rendered":"https:\/\/www.africa-press.net\/senegal\/politique\/apr-accuse-sonko-de-travestir-la-verite-sur-le-gaz"},"modified":"2026-03-18T23:06:03","modified_gmt":"2026-03-18T23:06:03","slug":"apr-accuse-sonko-de-travestir-la-verite-sur-le-gaz","status":"publish","type":"post","link":"https:\/\/www.africa-press.net\/senegal\/parties\/apr-accuse-sonko-de-travestir-la-verite-sur-le-gaz","title":{"rendered":"APR Accuse Sonko de Travestir la V\u00e9rit\u00e9 sur le Gaz"},"content":{"rendered":"<p><span style=\"color: #ff6600\"><strong>Africa-Press &#8211; Senegal. <\/strong><\/span>L\u2019Alliance Pour la Re\u0301publique (APR) est monte\u0301e au cre\u0301neau pour contester les re\u0301centes de\u0301clarations du Premier ministre Ousmane Sonko sur la gestion des ressources gazie\u0300res et la situation e\u0301conomique du pays. Lors d\u2019une confe\u0301rence de presse, les responsables du parti ont de\u0301nonce\u0301 ce qu\u2019ils qualifient de \u00ab contre-ve\u0301rite\u0301s \u00bb visant a\u0300 ternir le bilan du re\u0301gime de l\u2019ancien pre\u0301sident Macky Sall.<\/p>\n<p>D\u2019emble\u0301e, les responsables de l\u2019APR ont rappele\u0301 que le Se\u0301ne\u0301gal dispose d\u2019un potentiel gazier important susceptible de transformer durablement son e\u0301conomie et de renforcer sa souverainete\u0301 e\u0301nerge\u0301tique. Toutefois, ont-ils insiste\u0301, cette souverainete\u0301 ne saurait se construire a\u0300 travers \u00ab des discours politiques ou des proclamations e\u0301loigne\u0301es de la re\u0301alite\u0301 \u00bb.<\/p>\n<p>L\u2019APR a particulie\u0300rement re\u0301agi aux propos du Premier ministre concernant le projet gazier Yakkar\u2010Teranga. Selon le parti, il est inexact d\u2019affirmer que l\u2019E\u0301tat du Se\u0301ne\u0301gal aurait repris ce projet a\u0300 la suite d\u2019une rene\u0301gociation.<\/p>\n<p>D\u2019apre\u0300s les responsables de l\u2019APR, les compagnies pe\u0301trolie\u0300res implique\u0301es ont pluto\u0302t de\u0301cide\u0301 de se retirer faute de partenaires pour de\u0301velopper le projet. La major britannique BP s\u2019e\u0301tait de\u0301ja\u0300 concentre\u0301e sur le de\u0301veloppement du projet Grand Tortue Ahmeyim (GTA), dans lequel plusieurs milliards de dollars ont e\u0301te\u0301 investis. Par la suite, la socie\u0301te\u0301 Kosmos Energy aurait e\u0301galement quitte\u0301 le projet apre\u0300s avoir e\u0301choue\u0301 a\u0300 trouver de nouveaux partenaires.<\/p>\n<p>\u00ab Le bloc redevient simplement libre. Il n\u2019y a eu aucune rene\u0301gociation \u00bb, ont soutenu les responsables du parti.<\/p>\n<p>Selon eux, l\u2019enjeu pour le Se\u0301ne\u0301gal est de\u0301sormais d\u2019attirer un grand groupe pe\u0301trolier capable d\u2019investir environ cinq milliards de dollars afin de de\u0301velopper le projet, avec un mode\u0300le combinant alimentation du marche\u0301 national et exportation de gaz naturel lique\u0301fie\u0301.<\/p>\n<p><b>Pole\u0301mique autour du secteur de la cimenterie<\/b><\/p>\n<p>L\u2019APR a e\u0301galement re\u0301pondu aux critiques formule\u0301es par le Premier ministre sur le secteur de la cimenterie. Les responsables du parti affirment que les avantages accorde\u0301s aux entreprises du secteur re\u0301sultaient simplement de l\u2019application du code minier et du code des investissements, en raison du caracte\u0300re strate\u0301gique de cette industrie.<\/p>\n<p>Ils rappellent que l\u2019anne\u0301e 2026 avait e\u0301te\u0301 retenue comme e\u0301che\u0301ance pour la fin du re\u0301gime minier applicable aux cimentiers, notamment pour la socie\u0301te\u0301 Dangote Cement, conforme\u0301ment aux dispositions pre\u0301vues apre\u0300s quinze anne\u0301es d\u2019exploitation.<\/p>\n<p>Concernant le projet gazier GTA, l\u2019APR souligne qu\u2019il s\u2019agit d\u2019un projet commun entre le Se\u0301ne\u0301gal et la Mauritanie. Toute de\u0301cision relative au contrat d\u2019unitisation doit donc e\u0302tre prise conjointement par les deux E\u0301tats partenaires.<\/p>\n<p>Pour les responsables du parti, la cre\u0301dibilite\u0301 d\u2019un pays dans l\u2019industrie pe\u0301trolie\u0300re et gazie\u0300re repose avant tout sur la stabilite\u0301 de ses re\u0300gles et le respect de ses engagements contractuels.<\/p>\n<p>Au-dela\u0300 de ces questions sectorielles, l\u2019APR a dresse\u0301 un tableau critique de la situation e\u0301conomique actuelle. Selon le parti, plusieurs indicateurs te\u0301moigneraient d\u2019une baisse de l\u2019emploi salarie\u0301 et d\u2019une fragilisation du tissu industriel, notamment dans l\u2019industrie manufacturie\u0300re et les services.<\/p>\n<p>Les responsables de l\u2019APR estiment que le climat politique actuel et les tensions autour de la gouvernance contribuent a\u0300 cre\u0301er un environnement d\u2019incertitude susceptible de de\u0301courager les investisseurs.<\/p>\n<p>\u00ab Chaque emploi perdu fragilise une famille et chaque industrie qui disparai\u0302t re\u0301duit la capacite\u0301 du pays a\u0300 cre\u0301er de la valeur \u00bb, ont-ils de\u0301clare\u0301.<\/p>\n<p>L\u2019APR appelle ainsi a\u0300 une gouvernance axe\u0301e sur la stabilite\u0301 institutionnelle, la confiance e\u0301conomique et la valorisation durable des ressources naturelles du pays.<\/p>\n<p><strong>Pour plus d&rsquo;informations et d&rsquo;analyses sur la <span style=\"color: #ff6600\">Senegal<\/span>, suivez <span style=\"color: #ff6600\">Africa-Press<\/span><\/strong><\/p>\n","protected":false},"excerpt":{"rendered":"<p>Africa-Press &#8211; Senegal. L\u2019Alliance Pour la Re\u0301publique (APR) est monte\u0301e au cre\u0301neau pour contester les re\u0301centes de\u0301clarations du Premier ministre Ousmane Sonko sur la gestion des ressources gazie\u0300res et la situation e\u0301conomique du pays. Lors d\u2019une confe\u0301rence de presse, les responsables du parti ont de\u0301nonce\u0301 ce qu\u2019ils qualifient de \u00ab contre-ve\u0301rite\u0301s \u00bb visant a\u0300 ternir [&hellip;]<\/p>\n","protected":false},"author":82,"featured_media":75443,"comment_status":"open","ping_status":"closed","sticky":false,"template":"","format":"standard","meta":{"footnotes":""},"categories":[4,20,10],"tags":[44],"class_list":["post-75444","post","type-post","status-publish","format-standard","has-post-thumbnail","hentry","category-parties","category-top-nouvelles","category-toutes-les-actualites","tag-senegal-2"],"yoast_head":"<!-- This site is optimized with the Yoast SEO Premium plugin v26.1 (Yoast SEO v27.0) - https:\/\/yoast.com\/product\/yoast-seo-premium-wordpress\/ -->\n<title>APR Accuse Sonko de Travestir la V\u00e9rit\u00e9 sur le Gaz - Senegal<\/title>\n<meta name=\"description\" content=\"L\u2019Alliance Pour la Re\u0301publique (APR) est monte\u0301e au cre\u0301neau pour contester les re\u0301centes de\u0301clarations du Premier minis ...\" \/>\n<meta name=\"robots\" content=\"index, follow, max-snippet:-1, max-image-preview:large, max-video-preview:-1\" \/>\n<link rel=\"canonical\" href=\"https:\/\/www.africa-press.net\/senegal\/parties\/apr-accuse-sonko-de-travestir-la-verite-sur-le-gaz\" \/>\n<meta property=\"og:locale\" content=\"fr_FR\" \/>\n<meta property=\"og:type\" content=\"article\" \/>\n<meta property=\"og:title\" content=\"APR Accuse Sonko de Travestir la V\u00e9rit\u00e9 sur le Gaz\" \/>\n<meta property=\"og:description\" content=\"L\u2019Alliance Pour la Re\u0301publique (APR) est monte\u0301e au cre\u0301neau pour contester les re\u0301centes de\u0301clarations du Premier minis ...\" \/>\n<meta property=\"og:url\" content=\"https:\/\/www.africa-press.net\/senegal\/parties\/apr-accuse-sonko-de-travestir-la-verite-sur-le-gaz\" \/>\n<meta property=\"og:site_name\" content=\"Senegal\" \/>\n<meta property=\"article:published_time\" content=\"2026-03-15T14:00:00+00:00\" \/>\n<meta property=\"article:modified_time\" content=\"2026-03-18T23:06:03+00:00\" \/>\n<meta property=\"og:image\" content=\"https:\/\/static.africa-press.net\/senegal\/sites\/13\/2026\/03\/sm_1773607803.729654.jpg\" \/>\n\t<meta property=\"og:image:width\" content=\"1536\" \/>\n\t<meta property=\"og:image:height\" content=\"863\" \/>\n\t<meta property=\"og:image:type\" content=\"image\/jpeg\" \/>\n<meta name=\"author\" content=\"cfeditorfr\" \/>\n<meta name=\"twitter:card\" content=\"summary_large_image\" \/>\n<meta name=\"twitter:label1\" content=\"\u00c9crit par\" \/>\n\t<meta name=\"twitter:data1\" content=\"cfeditorfr\" \/>\n\t<meta name=\"twitter:label2\" content=\"Dur\u00e9e de lecture estim\u00e9e\" \/>\n\t<meta name=\"twitter:data2\" content=\"3 minutes\" \/>\n<script type=\"application\/ld+json\" class=\"yoast-schema-graph\">{\"@context\":\"https:\/\/schema.org\",\"@graph\":[{\"@type\":\"Article\",\"@id\":\"https:\/\/www.africa-press.net\/senegal\/parties\/apr-accuse-sonko-de-travestir-la-verite-sur-le-gaz#article\",\"isPartOf\":{\"@id\":\"https:\/\/www.africa-press.net\/senegal\/parties\/apr-accuse-sonko-de-travestir-la-verite-sur-le-gaz\"},\"author\":{\"name\":\"cfeditorfr\",\"@id\":\"https:\/\/www.africa-press.net\/senegal\/#\/schema\/person\/2b1cf3cd81a31e3cd26889ca66d677f1\"},\"headline\":\"APR Accuse Sonko de Travestir la V\u00e9rit\u00e9 sur le Gaz\",\"datePublished\":\"2026-03-15T14:00:00+00:00\",\"dateModified\":\"2026-03-18T23:06:03+00:00\",\"mainEntityOfPage\":{\"@id\":\"https:\/\/www.africa-press.net\/senegal\/parties\/apr-accuse-sonko-de-travestir-la-verite-sur-le-gaz\"},\"wordCount\":686,\"commentCount\":0,\"image\":{\"@id\":\"https:\/\/www.africa-press.net\/senegal\/parties\/apr-accuse-sonko-de-travestir-la-verite-sur-le-gaz#primaryimage\"},\"thumbnailUrl\":\"https:\/\/static.africa-press.net\/senegal\/sites\/13\/2026\/03\/sm_1773607803.729654.jpg\",\"keywords\":[\"Senegal\"],\"articleSection\":[\"Parties\",\"Top Nouvelles\",\"Toutes les actualit\u00e9s\"],\"inLanguage\":\"fr-FR\",\"potentialAction\":[{\"@type\":\"CommentAction\",\"name\":\"Comment\",\"target\":[\"https:\/\/www.africa-press.net\/senegal\/parties\/apr-accuse-sonko-de-travestir-la-verite-sur-le-gaz#respond\"]}]},{\"@type\":\"WebPage\",\"@id\":\"https:\/\/www.africa-press.net\/senegal\/parties\/apr-accuse-sonko-de-travestir-la-verite-sur-le-gaz\",\"url\":\"https:\/\/www.africa-press.net\/senegal\/parties\/apr-accuse-sonko-de-travestir-la-verite-sur-le-gaz\",\"name\":\"APR Accuse Sonko de Travestir la V\u00e9rit\u00e9 sur le Gaz - Senegal\",\"isPartOf\":{\"@id\":\"https:\/\/www.africa-press.net\/senegal\/#website\"},\"primaryImageOfPage\":{\"@id\":\"https:\/\/www.africa-press.net\/senegal\/parties\/apr-accuse-sonko-de-travestir-la-verite-sur-le-gaz#primaryimage\"},\"image\":{\"@id\":\"https:\/\/www.africa-press.net\/senegal\/parties\/apr-accuse-sonko-de-travestir-la-verite-sur-le-gaz#primaryimage\"},\"thumbnailUrl\":\"https:\/\/static.africa-press.net\/senegal\/sites\/13\/2026\/03\/sm_1773607803.729654.jpg\",\"datePublished\":\"2026-03-15T14:00:00+00:00\",\"dateModified\":\"2026-03-18T23:06:03+00:00\",\"author\":{\"@id\":\"https:\/\/www.africa-press.net\/senegal\/#\/schema\/person\/2b1cf3cd81a31e3cd26889ca66d677f1\"},\"description\":\"L\u2019Alliance Pour la Re\u0301publique (APR) est monte\u0301e au cre\u0301neau pour contester les re\u0301centes de\u0301clarations du Premier minis ...\",\"breadcrumb\":{\"@id\":\"https:\/\/www.africa-press.net\/senegal\/parties\/apr-accuse-sonko-de-travestir-la-verite-sur-le-gaz#breadcrumb\"},\"inLanguage\":\"fr-FR\",\"potentialAction\":[{\"@type\":\"ReadAction\",\"target\":[\"https:\/\/www.africa-press.net\/senegal\/parties\/apr-accuse-sonko-de-travestir-la-verite-sur-le-gaz\"]}]},{\"@type\":\"ImageObject\",\"inLanguage\":\"fr-FR\",\"@id\":\"https:\/\/www.africa-press.net\/senegal\/parties\/apr-accuse-sonko-de-travestir-la-verite-sur-le-gaz#primaryimage\",\"url\":\"https:\/\/static.africa-press.net\/senegal\/sites\/13\/2026\/03\/sm_1773607803.729654.jpg\",\"contentUrl\":\"https:\/\/static.africa-press.net\/senegal\/sites\/13\/2026\/03\/sm_1773607803.729654.jpg\",\"width\":1536,\"height\":863,\"caption\":\"APR Accuse Sonko de Travestir la V\u00e9rit\u00e9 sur le Gaz\"},{\"@type\":\"BreadcrumbList\",\"@id\":\"https:\/\/www.africa-press.net\/senegal\/parties\/apr-accuse-sonko-de-travestir-la-verite-sur-le-gaz#breadcrumb\",\"itemListElement\":[{\"@type\":\"ListItem\",\"position\":1,\"name\":\"Accueil\",\"item\":\"https:\/\/www.africa-press.net\/senegal\/\"},{\"@type\":\"ListItem\",\"position\":2,\"name\":\"APR Accuse Sonko de Travestir la V\u00e9rit\u00e9 sur le Gaz\"}]},{\"@type\":\"WebSite\",\"@id\":\"https:\/\/www.africa-press.net\/senegal\/#website\",\"url\":\"https:\/\/www.africa-press.net\/senegal\/\",\"name\":\"Africa Press | Senegal | Homepage\",\"description\":\"Just another Africa News Agency Sites site\",\"potentialAction\":[{\"@type\":\"SearchAction\",\"target\":{\"@type\":\"EntryPoint\",\"urlTemplate\":\"https:\/\/www.africa-press.net\/senegal\/?s={search_term_string}\"},\"query-input\":{\"@type\":\"PropertyValueSpecification\",\"valueRequired\":true,\"valueName\":\"search_term_string\"}}],\"inLanguage\":\"fr-FR\"},{\"@type\":\"Person\",\"@id\":\"https:\/\/www.africa-press.net\/senegal\/#\/schema\/person\/2b1cf3cd81a31e3cd26889ca66d677f1\",\"name\":\"cfeditorfr\",\"url\":\"https:\/\/www.africa-press.net\/senegal\/author\/cfeditorfr\"}]}<\/script>\n<!-- \/ Yoast SEO Premium plugin. -->","yoast_head_json":{"title":"APR Accuse Sonko de Travestir la V\u00e9rit\u00e9 sur le Gaz - Senegal","description":"L\u2019Alliance Pour la Re\u0301publique (APR) est monte\u0301e au cre\u0301neau pour contester les re\u0301centes de\u0301clarations du Premier minis ...","robots":{"index":"index","follow":"follow","max-snippet":"max-snippet:-1","max-image-preview":"max-image-preview:large","max-video-preview":"max-video-preview:-1"},"canonical":"https:\/\/www.africa-press.net\/senegal\/parties\/apr-accuse-sonko-de-travestir-la-verite-sur-le-gaz","og_locale":"fr_FR","og_type":"article","og_title":"APR Accuse Sonko de Travestir la V\u00e9rit\u00e9 sur le Gaz","og_description":"L\u2019Alliance Pour la Re\u0301publique (APR) est monte\u0301e au cre\u0301neau pour contester les re\u0301centes de\u0301clarations du Premier minis ...","og_url":"https:\/\/www.africa-press.net\/senegal\/parties\/apr-accuse-sonko-de-travestir-la-verite-sur-le-gaz","og_site_name":"Senegal","article_published_time":"2026-03-15T14:00:00+00:00","article_modified_time":"2026-03-18T23:06:03+00:00","og_image":[{"width":1536,"height":863,"url":"https:\/\/static.africa-press.net\/senegal\/sites\/13\/2026\/03\/sm_1773607803.729654.jpg","type":"image\/jpeg"}],"author":"cfeditorfr","twitter_card":"summary_large_image","twitter_misc":{"\u00c9crit par":"cfeditorfr","Dur\u00e9e de lecture estim\u00e9e":"3 minutes"},"schema":{"@context":"https:\/\/schema.org","@graph":[{"@type":"Article","@id":"https:\/\/www.africa-press.net\/senegal\/parties\/apr-accuse-sonko-de-travestir-la-verite-sur-le-gaz#article","isPartOf":{"@id":"https:\/\/www.africa-press.net\/senegal\/parties\/apr-accuse-sonko-de-travestir-la-verite-sur-le-gaz"},"author":{"name":"cfeditorfr","@id":"https:\/\/www.africa-press.net\/senegal\/#\/schema\/person\/2b1cf3cd81a31e3cd26889ca66d677f1"},"headline":"APR Accuse Sonko de Travestir la V\u00e9rit\u00e9 sur le Gaz","datePublished":"2026-03-15T14:00:00+00:00","dateModified":"2026-03-18T23:06:03+00:00","mainEntityOfPage":{"@id":"https:\/\/www.africa-press.net\/senegal\/parties\/apr-accuse-sonko-de-travestir-la-verite-sur-le-gaz"},"wordCount":686,"commentCount":0,"image":{"@id":"https:\/\/www.africa-press.net\/senegal\/parties\/apr-accuse-sonko-de-travestir-la-verite-sur-le-gaz#primaryimage"},"thumbnailUrl":"https:\/\/static.africa-press.net\/senegal\/sites\/13\/2026\/03\/sm_1773607803.729654.jpg","keywords":["Senegal"],"articleSection":["Parties","Top Nouvelles","Toutes les actualit\u00e9s"],"inLanguage":"fr-FR","potentialAction":[{"@type":"CommentAction","name":"Comment","target":["https:\/\/www.africa-press.net\/senegal\/parties\/apr-accuse-sonko-de-travestir-la-verite-sur-le-gaz#respond"]}]},{"@type":"WebPage","@id":"https:\/\/www.africa-press.net\/senegal\/parties\/apr-accuse-sonko-de-travestir-la-verite-sur-le-gaz","url":"https:\/\/www.africa-press.net\/senegal\/parties\/apr-accuse-sonko-de-travestir-la-verite-sur-le-gaz","name":"APR Accuse Sonko de Travestir la V\u00e9rit\u00e9 sur le Gaz - Senegal","isPartOf":{"@id":"https:\/\/www.africa-press.net\/senegal\/#website"},"primaryImageOfPage":{"@id":"https:\/\/www.africa-press.net\/senegal\/parties\/apr-accuse-sonko-de-travestir-la-verite-sur-le-gaz#primaryimage"},"image":{"@id":"https:\/\/www.africa-press.net\/senegal\/parties\/apr-accuse-sonko-de-travestir-la-verite-sur-le-gaz#primaryimage"},"thumbnailUrl":"https:\/\/static.africa-press.net\/senegal\/sites\/13\/2026\/03\/sm_1773607803.729654.jpg","datePublished":"2026-03-15T14:00:00+00:00","dateModified":"2026-03-18T23:06:03+00:00","author":{"@id":"https:\/\/www.africa-press.net\/senegal\/#\/schema\/person\/2b1cf3cd81a31e3cd26889ca66d677f1"},"description":"L\u2019Alliance Pour la Re\u0301publique (APR) est monte\u0301e au cre\u0301neau pour contester les re\u0301centes de\u0301clarations du Premier minis ...","breadcrumb":{"@id":"https:\/\/www.africa-press.net\/senegal\/parties\/apr-accuse-sonko-de-travestir-la-verite-sur-le-gaz#breadcrumb"},"inLanguage":"fr-FR","potentialAction":[{"@type":"ReadAction","target":["https:\/\/www.africa-press.net\/senegal\/parties\/apr-accuse-sonko-de-travestir-la-verite-sur-le-gaz"]}]},{"@type":"ImageObject","inLanguage":"fr-FR","@id":"https:\/\/www.africa-press.net\/senegal\/parties\/apr-accuse-sonko-de-travestir-la-verite-sur-le-gaz#primaryimage","url":"https:\/\/static.africa-press.net\/senegal\/sites\/13\/2026\/03\/sm_1773607803.729654.jpg","contentUrl":"https:\/\/static.africa-press.net\/senegal\/sites\/13\/2026\/03\/sm_1773607803.729654.jpg","width":1536,"height":863,"caption":"APR Accuse Sonko de Travestir la V\u00e9rit\u00e9 sur le Gaz"},{"@type":"BreadcrumbList","@id":"https:\/\/www.africa-press.net\/senegal\/parties\/apr-accuse-sonko-de-travestir-la-verite-sur-le-gaz#breadcrumb","itemListElement":[{"@type":"ListItem","position":1,"name":"Accueil","item":"https:\/\/www.africa-press.net\/senegal\/"},{"@type":"ListItem","position":2,"name":"APR Accuse Sonko de Travestir la V\u00e9rit\u00e9 sur le Gaz"}]},{"@type":"WebSite","@id":"https:\/\/www.africa-press.net\/senegal\/#website","url":"https:\/\/www.africa-press.net\/senegal\/","name":"Africa Press | Senegal | Homepage","description":"Just another Africa News Agency Sites site","potentialAction":[{"@type":"SearchAction","target":{"@type":"EntryPoint","urlTemplate":"https:\/\/www.africa-press.net\/senegal\/?s={search_term_string}"},"query-input":{"@type":"PropertyValueSpecification","valueRequired":true,"valueName":"search_term_string"}}],"inLanguage":"fr-FR"},{"@type":"Person","@id":"https:\/\/www.africa-press.net\/senegal\/#\/schema\/person\/2b1cf3cd81a31e3cd26889ca66d677f1","name":"cfeditorfr","url":"https:\/\/www.africa-press.net\/senegal\/author\/cfeditorfr"}]}},"_links":{"self":[{"href":"https:\/\/www.africa-press.net\/senegal\/wp-json\/wp\/v2\/posts\/75444","targetHints":{"allow":["GET"]}}],"collection":[{"href":"https:\/\/www.africa-press.net\/senegal\/wp-json\/wp\/v2\/posts"}],"about":[{"href":"https:\/\/www.africa-press.net\/senegal\/wp-json\/wp\/v2\/types\/post"}],"author":[{"embeddable":true,"href":"https:\/\/www.africa-press.net\/senegal\/wp-json\/wp\/v2\/users\/82"}],"replies":[{"embeddable":true,"href":"https:\/\/www.africa-press.net\/senegal\/wp-json\/wp\/v2\/comments?post=75444"}],"version-history":[{"count":0,"href":"https:\/\/www.africa-press.net\/senegal\/wp-json\/wp\/v2\/posts\/75444\/revisions"}],"wp:featuredmedia":[{"embeddable":true,"href":"https:\/\/www.africa-press.net\/senegal\/wp-json\/wp\/v2\/media\/75443"}],"wp:attachment":[{"href":"https:\/\/www.africa-press.net\/senegal\/wp-json\/wp\/v2\/media?parent=75444"}],"wp:term":[{"taxonomy":"category","embeddable":true,"href":"https:\/\/www.africa-press.net\/senegal\/wp-json\/wp\/v2\/categories?post=75444"},{"taxonomy":"post_tag","embeddable":true,"href":"https:\/\/www.africa-press.net\/senegal\/wp-json\/wp\/v2\/tags?post=75444"}],"curies":[{"name":"wp","href":"https:\/\/api.w.org\/{rel}","templated":true}]}}