{"id":75446,"date":"2026-03-15T13:45:00","date_gmt":"2026-03-15T13:45:00","guid":{"rendered":"https:\/\/www.africa-press.net\/senegal\/politique\/situation-economique-et-sociale-du-senegal-decrite-sombre"},"modified":"2026-03-18T23:06:37","modified_gmt":"2026-03-18T23:06:37","slug":"situation-economique-et-sociale-du-senegal-decrite-sombre","status":"publish","type":"post","link":"https:\/\/www.africa-press.net\/senegal\/politique\/situation-economique-et-sociale-du-senegal-decrite-sombre","title":{"rendered":"Situation \u00c9conomique et Sociale du S\u00e9n\u00e9gal D\u00e9crite Sombre"},"content":{"rendered":"<p><span style=\"color: #ff6600\"><strong>Africa-Press &#8211; Senegal. <\/strong><\/span>Le de\u0301pute\u0301 et leader politique Thierno Alassane Sall a dresse\u0301 un tableau particulie\u0300rement sombre de la situation e\u0301conomique et sociale du Se\u0301ne\u0301gal, estimant que le pays traverse une pe\u0301riode difficile qui affecte durement les travailleurs et plus encore les personnes sans emploi.<\/p>\n<p>Selon lui, plusieurs secteurs cle\u0301s sont aujourd\u2019hui en crise. \u00ab Enseignants et e\u0301tudiants multiplient les mouvements de gre\u0300ve, re\u0301ve\u0301lant un malaise profond dans notre syste\u0300me e\u0301ducatif. Le monde rural connai\u0302t des difficulte\u0301s tout aussi pre\u0301occupantes. Malgre\u0301 une bonne saison hivernale, des producteurs d\u2019arachides peinent a\u0300 e\u0301couler leurs re\u0301coltes, tandis que des marai\u0302chers, faute de de\u0301bouche\u0301s, se voient contraints de de\u0301verser leurs productions. Le secteur du BTP traverse e\u0301galement une crise majeure qui menace des milliers d\u2019emplois \u00bb, a de\u0301clare\u0301 le leader de la Re\u0301publique des valeurs (RDV).<\/p>\n<p>Il a e\u0301galement e\u0301voque\u0301 des inquie\u0301tudes concernant l\u2019approvisionnement e\u0301nerge\u0301tique du pays. D\u2019apre\u0300s lui, le stock strate\u0301gique d\u2019hydrocarbures aurait diminue\u0301, alors me\u0302me que les risques pesant sur l\u2019approvisionnement sont connus depuis plusieurs mois, notamment avec les tensions autour du Venezuela et l\u2019instabilite\u0301 croissante au Moyen-Orient.<\/p>\n<p>Dans le me\u0302me temps, le de\u0301pute\u0301 affirme que le Se\u0301ne\u0301gal aurait honore\u0301 l\u2019e\u0301che\u0301ance de sa dette de mars 2026 sans qu\u2019aucune communication officielle cre\u0301dible n\u2019ait e\u0301te\u0301 faite par les autorite\u0301s. \u00ab L\u2019opacite\u0301 qui entoure cette ope\u0301ration est d\u2019autant plus pre\u0301occupante que les seules informations disponibles proviennent du Togo \u00bb, s\u2019est-il indigne\u0301.<\/p>\n<p>Face a\u0300 cette situation, M. Sall estime que les Se\u0301ne\u0301galais doivent faire face a\u0300 la cherte\u0301 de la vie, au cho\u0302mage et a\u0300 un contexte e\u0301conomique et social de plus en plus inquie\u0301tant. \u00ab Dans un moment aussi grave, ils sont en droit d\u2019attendre de leurs dirigeants qu\u2019ils se consacrent pleinement aux urgences e\u0301conomiques et sociales. Mais les institutions qui devraient e\u0301clairer ces enjeux semblent aujourd\u2019hui paralyse\u0301es \u00bb, a-t-il confie\u0301.<\/p>\n<p>Selon lui, l\u2019Assemble\u0301e nationale aurait pu se saisir de ces questions essentielles. Pourtant, elle serait plus occupe\u0301e par des querelles politiciennes et des de\u0301monstrations d\u2019alle\u0301geance aux deux te\u0302tes de l\u2019exe\u0301cutif engage\u0301es dans une bataille de positionnement en vue des prochaines e\u0301che\u0301ances e\u0301lectorales.<\/p>\n<p>Le de\u0301pute\u0301 s\u2019est e\u0301galement prononce\u0301 sur les prises de parole du Premier ministre marque\u0301es, selon lui, par des conside\u0301rations personnelles que par de ve\u0301ritables orientations strate\u0301giques. Il cite notamment le dossier du projet offshore profond de Kayar, dont l\u2019avenir reste incertain apre\u0300s le retrait successif de BP et de Kosmos Energy.<\/p>\n<p>La me\u0302me absence de clarte\u0301, selon lui, entoure le dossier des Industries chimiques du Se\u0301ne\u0301gal (ICS), dont la concession est arrive\u0301e a\u0300 expiration sans qu\u2019un plan pre\u0301cis de reprise ou de production soit pre\u0301sente\u0301.<\/p>\n<p>L\u2019e\u0301lu e\u0301voque e\u0301galement l\u2019affaire du projet d\u2019e\u0301lectrification rurale porte\u0301 par l&rsquo;ASER (Agence se\u0301ne\u0301galaise d&rsquo;e\u0301lectrification rurale) et confie\u0301 a\u0300 l\u2019entreprise AEE Power EPC. D\u2019apre\u0300s lui, 37 milliards de francs CFA ont de\u0301ja\u0300 e\u0301te\u0301 de\u0301caisse\u0301s sans qu\u2019aucune re\u0301alisation significative ne soit visible sur le terrain, alors que le projet global est estime\u0301 a\u0300 plus de 91 milliards de francs CFA.<\/p>\n<p>Face au risque de perte de ces ressources publiques, Thierno Alassane Sall indique avoir de\u0301pose\u0301 une plainte le 16 octobre 2025 aupre\u0300s du Pool judiciaire financier et saisi la justice espagnole ; une proce\u0301dure ayant e\u0301te\u0301 ouverte le 24 fe\u0301vrier 2026 a\u0300 Madrid afin d\u2019obtenir des explications de l\u2019entreprise AEE Power EPC et de Banco Santander SA sur l\u2019utilisation des fonds.<\/p>\n<p>\u00ab Les menaces, les calomnies et les tentatives de diversion ne nous e\u0301branlent pas. Notre de\u0301marche est simple: de\u0301fendre les ressources du peuple se\u0301ne\u0301galais. La ve\u0301ritable souverainete\u0301 commence par la protection de l\u2019argent public et l\u2019exigence de transparence dans chaque partenariat international \u00bb, a-t-il de\u0301clare\u0301.<\/p>\n<p>Le leader de la RDV estime enfin que les Se\u0301ne\u0301galais me\u0301ritent la ve\u0301rite\u0301, la transparence et une gestion rigoureuse des ressources publiques, de\u0301nonc\u0327ant des dysfonctionnements dans plusieurs secteurs strate\u0301giques, notamment au sein de Petrosen EPC, qui, dit-il, a connu trois directeurs ge\u0301ne\u0301raux en deux ans.<\/p>\n<p><strong>Pour plus d&rsquo;informations et d&rsquo;analyses sur la <span style=\"color: #ff6600\">Senegal<\/span>, suivez <span style=\"color: #ff6600\">Africa-Press<\/span><\/strong><\/p>\n","protected":false},"excerpt":{"rendered":"<p>Africa-Press &#8211; Senegal. Le de\u0301pute\u0301 et leader politique Thierno Alassane Sall a dresse\u0301 un tableau particulie\u0300rement sombre de la situation e\u0301conomique et sociale du Se\u0301ne\u0301gal, estimant que le pays traverse une pe\u0301riode difficile qui affecte durement les travailleurs et plus encore les personnes sans emploi. Selon lui, plusieurs secteurs cle\u0301s sont aujourd\u2019hui en crise. \u00ab [&hellip;]<\/p>\n","protected":false},"author":82,"featured_media":75445,"comment_status":"open","ping_status":"closed","sticky":false,"template":"","format":"standard","meta":{"footnotes":""},"categories":[2,20,10],"tags":[44],"class_list":["post-75446","post","type-post","status-publish","format-standard","has-post-thumbnail","hentry","category-politique","category-top-nouvelles","category-toutes-les-actualites","tag-senegal-2"],"yoast_head":"<!-- This site is optimized with the Yoast SEO Premium plugin v26.1 (Yoast SEO v27.0) - https:\/\/yoast.com\/product\/yoast-seo-premium-wordpress\/ -->\n<title>Situation \u00c9conomique et Sociale du S\u00e9n\u00e9gal D\u00e9crite Sombre - Senegal<\/title>\n<meta name=\"description\" content=\"Le de\u0301pute\u0301 et leader politique Thierno Alassane Sall a dresse\u0301 un tableau particulie\u0300rement sombre de la situation e\u0301co ...\" \/>\n<meta name=\"robots\" content=\"index, follow, max-snippet:-1, max-image-preview:large, max-video-preview:-1\" \/>\n<link rel=\"canonical\" href=\"https:\/\/www.africa-press.net\/senegal\/politique\/situation-economique-et-sociale-du-senegal-decrite-sombre\" \/>\n<meta property=\"og:locale\" content=\"fr_FR\" \/>\n<meta property=\"og:type\" content=\"article\" \/>\n<meta property=\"og:title\" content=\"Situation \u00c9conomique et Sociale du S\u00e9n\u00e9gal D\u00e9crite Sombre\" \/>\n<meta property=\"og:description\" content=\"Le de\u0301pute\u0301 et leader politique Thierno Alassane Sall a dresse\u0301 un tableau particulie\u0300rement sombre de la situation e\u0301co ...\" \/>\n<meta property=\"og:url\" content=\"https:\/\/www.africa-press.net\/senegal\/politique\/situation-economique-et-sociale-du-senegal-decrite-sombre\" \/>\n<meta property=\"og:site_name\" content=\"Senegal\" \/>\n<meta property=\"article:published_time\" content=\"2026-03-15T13:45:00+00:00\" \/>\n<meta property=\"article:modified_time\" content=\"2026-03-18T23:06:37+00:00\" \/>\n<meta property=\"og:image\" content=\"https:\/\/static.africa-press.net\/senegal\/sites\/13\/2026\/03\/sm_1773607826.625013.jpg\" \/>\n\t<meta property=\"og:image:width\" content=\"1280\" \/>\n\t<meta property=\"og:image:height\" content=\"720\" \/>\n\t<meta property=\"og:image:type\" content=\"image\/jpeg\" \/>\n<meta name=\"author\" content=\"cfeditorfr\" \/>\n<meta name=\"twitter:card\" content=\"summary_large_image\" \/>\n<meta name=\"twitter:label1\" content=\"\u00c9crit par\" \/>\n\t<meta name=\"twitter:data1\" content=\"cfeditorfr\" \/>\n\t<meta name=\"twitter:label2\" content=\"Dur\u00e9e de lecture estim\u00e9e\" \/>\n\t<meta name=\"twitter:data2\" content=\"4 minutes\" \/>\n<script type=\"application\/ld+json\" class=\"yoast-schema-graph\">{\"@context\":\"https:\/\/schema.org\",\"@graph\":[{\"@type\":\"Article\",\"@id\":\"https:\/\/www.africa-press.net\/senegal\/politique\/situation-economique-et-sociale-du-senegal-decrite-sombre#article\",\"isPartOf\":{\"@id\":\"https:\/\/www.africa-press.net\/senegal\/politique\/situation-economique-et-sociale-du-senegal-decrite-sombre\"},\"author\":{\"name\":\"cfeditorfr\",\"@id\":\"https:\/\/www.africa-press.net\/senegal\/#\/schema\/person\/2b1cf3cd81a31e3cd26889ca66d677f1\"},\"headline\":\"Situation \u00c9conomique et Sociale du S\u00e9n\u00e9gal D\u00e9crite Sombre\",\"datePublished\":\"2026-03-15T13:45:00+00:00\",\"dateModified\":\"2026-03-18T23:06:37+00:00\",\"mainEntityOfPage\":{\"@id\":\"https:\/\/www.africa-press.net\/senegal\/politique\/situation-economique-et-sociale-du-senegal-decrite-sombre\"},\"wordCount\":785,\"commentCount\":0,\"image\":{\"@id\":\"https:\/\/www.africa-press.net\/senegal\/politique\/situation-economique-et-sociale-du-senegal-decrite-sombre#primaryimage\"},\"thumbnailUrl\":\"https:\/\/static.africa-press.net\/senegal\/sites\/13\/2026\/03\/sm_1773607826.625013.jpg\",\"keywords\":[\"Senegal\"],\"articleSection\":[\"Politique\",\"Top Nouvelles\",\"Toutes les actualit\u00e9s\"],\"inLanguage\":\"fr-FR\",\"potentialAction\":[{\"@type\":\"CommentAction\",\"name\":\"Comment\",\"target\":[\"https:\/\/www.africa-press.net\/senegal\/politique\/situation-economique-et-sociale-du-senegal-decrite-sombre#respond\"]}]},{\"@type\":\"WebPage\",\"@id\":\"https:\/\/www.africa-press.net\/senegal\/politique\/situation-economique-et-sociale-du-senegal-decrite-sombre\",\"url\":\"https:\/\/www.africa-press.net\/senegal\/politique\/situation-economique-et-sociale-du-senegal-decrite-sombre\",\"name\":\"Situation \u00c9conomique et Sociale du S\u00e9n\u00e9gal D\u00e9crite Sombre - Senegal\",\"isPartOf\":{\"@id\":\"https:\/\/www.africa-press.net\/senegal\/#website\"},\"primaryImageOfPage\":{\"@id\":\"https:\/\/www.africa-press.net\/senegal\/politique\/situation-economique-et-sociale-du-senegal-decrite-sombre#primaryimage\"},\"image\":{\"@id\":\"https:\/\/www.africa-press.net\/senegal\/politique\/situation-economique-et-sociale-du-senegal-decrite-sombre#primaryimage\"},\"thumbnailUrl\":\"https:\/\/static.africa-press.net\/senegal\/sites\/13\/2026\/03\/sm_1773607826.625013.jpg\",\"datePublished\":\"2026-03-15T13:45:00+00:00\",\"dateModified\":\"2026-03-18T23:06:37+00:00\",\"author\":{\"@id\":\"https:\/\/www.africa-press.net\/senegal\/#\/schema\/person\/2b1cf3cd81a31e3cd26889ca66d677f1\"},\"description\":\"Le de\u0301pute\u0301 et leader politique Thierno Alassane Sall a dresse\u0301 un tableau particulie\u0300rement sombre de la situation e\u0301co ...\",\"breadcrumb\":{\"@id\":\"https:\/\/www.africa-press.net\/senegal\/politique\/situation-economique-et-sociale-du-senegal-decrite-sombre#breadcrumb\"},\"inLanguage\":\"fr-FR\",\"potentialAction\":[{\"@type\":\"ReadAction\",\"target\":[\"https:\/\/www.africa-press.net\/senegal\/politique\/situation-economique-et-sociale-du-senegal-decrite-sombre\"]}]},{\"@type\":\"ImageObject\",\"inLanguage\":\"fr-FR\",\"@id\":\"https:\/\/www.africa-press.net\/senegal\/politique\/situation-economique-et-sociale-du-senegal-decrite-sombre#primaryimage\",\"url\":\"https:\/\/static.africa-press.net\/senegal\/sites\/13\/2026\/03\/sm_1773607826.625013.jpg\",\"contentUrl\":\"https:\/\/static.africa-press.net\/senegal\/sites\/13\/2026\/03\/sm_1773607826.625013.jpg\",\"width\":1280,\"height\":720,\"caption\":\"Situation \u00c9conomique et Sociale du S\u00e9n\u00e9gal D\u00e9crite Sombre\"},{\"@type\":\"BreadcrumbList\",\"@id\":\"https:\/\/www.africa-press.net\/senegal\/politique\/situation-economique-et-sociale-du-senegal-decrite-sombre#breadcrumb\",\"itemListElement\":[{\"@type\":\"ListItem\",\"position\":1,\"name\":\"Accueil\",\"item\":\"https:\/\/www.africa-press.net\/senegal\/\"},{\"@type\":\"ListItem\",\"position\":2,\"name\":\"Situation \u00c9conomique et Sociale du S\u00e9n\u00e9gal D\u00e9crite Sombre\"}]},{\"@type\":\"WebSite\",\"@id\":\"https:\/\/www.africa-press.net\/senegal\/#website\",\"url\":\"https:\/\/www.africa-press.net\/senegal\/\",\"name\":\"Africa Press | Senegal | Homepage\",\"description\":\"Just another Africa News Agency Sites site\",\"potentialAction\":[{\"@type\":\"SearchAction\",\"target\":{\"@type\":\"EntryPoint\",\"urlTemplate\":\"https:\/\/www.africa-press.net\/senegal\/?s={search_term_string}\"},\"query-input\":{\"@type\":\"PropertyValueSpecification\",\"valueRequired\":true,\"valueName\":\"search_term_string\"}}],\"inLanguage\":\"fr-FR\"},{\"@type\":\"Person\",\"@id\":\"https:\/\/www.africa-press.net\/senegal\/#\/schema\/person\/2b1cf3cd81a31e3cd26889ca66d677f1\",\"name\":\"cfeditorfr\",\"url\":\"https:\/\/www.africa-press.net\/senegal\/author\/cfeditorfr\"}]}<\/script>\n<!-- \/ Yoast SEO Premium plugin. -->","yoast_head_json":{"title":"Situation \u00c9conomique et Sociale du S\u00e9n\u00e9gal D\u00e9crite Sombre - Senegal","description":"Le de\u0301pute\u0301 et leader politique Thierno Alassane Sall a dresse\u0301 un tableau particulie\u0300rement sombre de la situation e\u0301co ...","robots":{"index":"index","follow":"follow","max-snippet":"max-snippet:-1","max-image-preview":"max-image-preview:large","max-video-preview":"max-video-preview:-1"},"canonical":"https:\/\/www.africa-press.net\/senegal\/politique\/situation-economique-et-sociale-du-senegal-decrite-sombre","og_locale":"fr_FR","og_type":"article","og_title":"Situation \u00c9conomique et Sociale du S\u00e9n\u00e9gal D\u00e9crite Sombre","og_description":"Le de\u0301pute\u0301 et leader politique Thierno Alassane Sall a dresse\u0301 un tableau particulie\u0300rement sombre de la situation e\u0301co ...","og_url":"https:\/\/www.africa-press.net\/senegal\/politique\/situation-economique-et-sociale-du-senegal-decrite-sombre","og_site_name":"Senegal","article_published_time":"2026-03-15T13:45:00+00:00","article_modified_time":"2026-03-18T23:06:37+00:00","og_image":[{"width":1280,"height":720,"url":"https:\/\/static.africa-press.net\/senegal\/sites\/13\/2026\/03\/sm_1773607826.625013.jpg","type":"image\/jpeg"}],"author":"cfeditorfr","twitter_card":"summary_large_image","twitter_misc":{"\u00c9crit par":"cfeditorfr","Dur\u00e9e de lecture estim\u00e9e":"4 minutes"},"schema":{"@context":"https:\/\/schema.org","@graph":[{"@type":"Article","@id":"https:\/\/www.africa-press.net\/senegal\/politique\/situation-economique-et-sociale-du-senegal-decrite-sombre#article","isPartOf":{"@id":"https:\/\/www.africa-press.net\/senegal\/politique\/situation-economique-et-sociale-du-senegal-decrite-sombre"},"author":{"name":"cfeditorfr","@id":"https:\/\/www.africa-press.net\/senegal\/#\/schema\/person\/2b1cf3cd81a31e3cd26889ca66d677f1"},"headline":"Situation \u00c9conomique et Sociale du S\u00e9n\u00e9gal D\u00e9crite Sombre","datePublished":"2026-03-15T13:45:00+00:00","dateModified":"2026-03-18T23:06:37+00:00","mainEntityOfPage":{"@id":"https:\/\/www.africa-press.net\/senegal\/politique\/situation-economique-et-sociale-du-senegal-decrite-sombre"},"wordCount":785,"commentCount":0,"image":{"@id":"https:\/\/www.africa-press.net\/senegal\/politique\/situation-economique-et-sociale-du-senegal-decrite-sombre#primaryimage"},"thumbnailUrl":"https:\/\/static.africa-press.net\/senegal\/sites\/13\/2026\/03\/sm_1773607826.625013.jpg","keywords":["Senegal"],"articleSection":["Politique","Top Nouvelles","Toutes les actualit\u00e9s"],"inLanguage":"fr-FR","potentialAction":[{"@type":"CommentAction","name":"Comment","target":["https:\/\/www.africa-press.net\/senegal\/politique\/situation-economique-et-sociale-du-senegal-decrite-sombre#respond"]}]},{"@type":"WebPage","@id":"https:\/\/www.africa-press.net\/senegal\/politique\/situation-economique-et-sociale-du-senegal-decrite-sombre","url":"https:\/\/www.africa-press.net\/senegal\/politique\/situation-economique-et-sociale-du-senegal-decrite-sombre","name":"Situation \u00c9conomique et Sociale du S\u00e9n\u00e9gal D\u00e9crite Sombre - Senegal","isPartOf":{"@id":"https:\/\/www.africa-press.net\/senegal\/#website"},"primaryImageOfPage":{"@id":"https:\/\/www.africa-press.net\/senegal\/politique\/situation-economique-et-sociale-du-senegal-decrite-sombre#primaryimage"},"image":{"@id":"https:\/\/www.africa-press.net\/senegal\/politique\/situation-economique-et-sociale-du-senegal-decrite-sombre#primaryimage"},"thumbnailUrl":"https:\/\/static.africa-press.net\/senegal\/sites\/13\/2026\/03\/sm_1773607826.625013.jpg","datePublished":"2026-03-15T13:45:00+00:00","dateModified":"2026-03-18T23:06:37+00:00","author":{"@id":"https:\/\/www.africa-press.net\/senegal\/#\/schema\/person\/2b1cf3cd81a31e3cd26889ca66d677f1"},"description":"Le de\u0301pute\u0301 et leader politique Thierno Alassane Sall a dresse\u0301 un tableau particulie\u0300rement sombre de la situation e\u0301co ...","breadcrumb":{"@id":"https:\/\/www.africa-press.net\/senegal\/politique\/situation-economique-et-sociale-du-senegal-decrite-sombre#breadcrumb"},"inLanguage":"fr-FR","potentialAction":[{"@type":"ReadAction","target":["https:\/\/www.africa-press.net\/senegal\/politique\/situation-economique-et-sociale-du-senegal-decrite-sombre"]}]},{"@type":"ImageObject","inLanguage":"fr-FR","@id":"https:\/\/www.africa-press.net\/senegal\/politique\/situation-economique-et-sociale-du-senegal-decrite-sombre#primaryimage","url":"https:\/\/static.africa-press.net\/senegal\/sites\/13\/2026\/03\/sm_1773607826.625013.jpg","contentUrl":"https:\/\/static.africa-press.net\/senegal\/sites\/13\/2026\/03\/sm_1773607826.625013.jpg","width":1280,"height":720,"caption":"Situation \u00c9conomique et Sociale du S\u00e9n\u00e9gal D\u00e9crite Sombre"},{"@type":"BreadcrumbList","@id":"https:\/\/www.africa-press.net\/senegal\/politique\/situation-economique-et-sociale-du-senegal-decrite-sombre#breadcrumb","itemListElement":[{"@type":"ListItem","position":1,"name":"Accueil","item":"https:\/\/www.africa-press.net\/senegal\/"},{"@type":"ListItem","position":2,"name":"Situation \u00c9conomique et Sociale du S\u00e9n\u00e9gal D\u00e9crite Sombre"}]},{"@type":"WebSite","@id":"https:\/\/www.africa-press.net\/senegal\/#website","url":"https:\/\/www.africa-press.net\/senegal\/","name":"Africa Press | Senegal | Homepage","description":"Just another Africa News Agency Sites site","potentialAction":[{"@type":"SearchAction","target":{"@type":"EntryPoint","urlTemplate":"https:\/\/www.africa-press.net\/senegal\/?s={search_term_string}"},"query-input":{"@type":"PropertyValueSpecification","valueRequired":true,"valueName":"search_term_string"}}],"inLanguage":"fr-FR"},{"@type":"Person","@id":"https:\/\/www.africa-press.net\/senegal\/#\/schema\/person\/2b1cf3cd81a31e3cd26889ca66d677f1","name":"cfeditorfr","url":"https:\/\/www.africa-press.net\/senegal\/author\/cfeditorfr"}]}},"_links":{"self":[{"href":"https:\/\/www.africa-press.net\/senegal\/wp-json\/wp\/v2\/posts\/75446","targetHints":{"allow":["GET"]}}],"collection":[{"href":"https:\/\/www.africa-press.net\/senegal\/wp-json\/wp\/v2\/posts"}],"about":[{"href":"https:\/\/www.africa-press.net\/senegal\/wp-json\/wp\/v2\/types\/post"}],"author":[{"embeddable":true,"href":"https:\/\/www.africa-press.net\/senegal\/wp-json\/wp\/v2\/users\/82"}],"replies":[{"embeddable":true,"href":"https:\/\/www.africa-press.net\/senegal\/wp-json\/wp\/v2\/comments?post=75446"}],"version-history":[{"count":0,"href":"https:\/\/www.africa-press.net\/senegal\/wp-json\/wp\/v2\/posts\/75446\/revisions"}],"wp:featuredmedia":[{"embeddable":true,"href":"https:\/\/www.africa-press.net\/senegal\/wp-json\/wp\/v2\/media\/75445"}],"wp:attachment":[{"href":"https:\/\/www.africa-press.net\/senegal\/wp-json\/wp\/v2\/media?parent=75446"}],"wp:term":[{"taxonomy":"category","embeddable":true,"href":"https:\/\/www.africa-press.net\/senegal\/wp-json\/wp\/v2\/categories?post=75446"},{"taxonomy":"post_tag","embeddable":true,"href":"https:\/\/www.africa-press.net\/senegal\/wp-json\/wp\/v2\/tags?post=75446"}],"curies":[{"name":"wp","href":"https:\/\/api.w.org\/{rel}","templated":true}]}}