{"id":75481,"date":"2026-03-18T12:10:00","date_gmt":"2026-03-18T12:10:00","guid":{"rendered":"https:\/\/www.africa-press.net\/senegal\/politique\/dakar-refuse-de-ceder-le-trophee-de-la-can-2025"},"modified":"2026-03-19T00:00:50","modified_gmt":"2026-03-19T00:00:50","slug":"dakar-refuse-de-ceder-le-trophee-de-la-can-2025","status":"publish","type":"post","link":"https:\/\/www.africa-press.net\/senegal\/sports\/dakar-refuse-de-ceder-le-trophee-de-la-can-2025","title":{"rendered":"Dakar Refuse de C\u00e9der le Troph\u00e9e de la CAN 2025"},"content":{"rendered":"<p><span style=\"color: #ff6600\"><strong>Africa-Press &#8211; Senegal. <\/strong><\/span>Le secre\u0301taire ge\u0301ne\u0301ral de la Fe\u0301de\u0301ration se\u0301ne\u0301galaise de football, Abdoulaye Sow, a affirme\u0301 mardi que \u00ab la coupe ne quittera pas le pays \u00bb, au lendemain de la de\u0301cision de la Confe\u0301de\u0301ration africaine de football (CAF) d\u2019attribuer la victoire de la CAN 2025 au Maroc sur tapis vert.<\/p>\n<p>Cette de\u0301claration intervient apre\u0300s l\u2019annonce par la CAF de la de\u0301faite du Se\u0301ne\u0301gal par forfait en finale, initialement remporte\u0301e 1-0 par les Lions de la Te\u0301ranga, et homologue\u0301e sur un score de 3-0 en faveur du Maroc.<\/p>\n<p>Abdoulaye Sow a assure\u0301 que les autorite\u0301s du football se\u0301ne\u0301galais poursuivaient leurs de\u0301marches pour contester cette de\u0301cision, e\u0301voquant un processus en cours avec les diffe\u0301rentes parties concerne\u0301es.<\/p>\n<p>La Fe\u0301de\u0301ration se\u0301ne\u0301galaise de football (FSF) a annonce\u0301 son intention de saisir le Tribunal arbitral du sport (TAS), juridiction internationale charge\u0301e de trancher les litiges sportifs, afin de de\u0301fendre ses droits et contester la de\u0301cision de l\u2019instance continentale.<\/p>\n<p>La CAF a justifie\u0301 sa de\u0301cision par une violation du re\u0300glement de la compe\u0301tition, apre\u0300s avoir juge\u0301 recevable le recours introduit par la Fe\u0301de\u0301ration royale marocaine de football.<\/p>\n<p>Dans ce contexte, les autorite\u0301s se\u0301ne\u0301galaises maintiennent leur position et affirment leur volonte\u0301 de conserver le trophe\u0301e, dans l\u2019attente de l\u2019issue de la proce\u0301dure engage\u0301e devant le TAS.<\/p>\n<p><strong>Pour plus d&rsquo;informations et d&rsquo;analyses sur la <span style=\"color: #ff6600\">Senegal<\/span>, suivez <span style=\"color: #ff6600\">Africa-Press<\/span><\/strong><\/p>\n","protected":false},"excerpt":{"rendered":"<p>Africa-Press &#8211; Senegal. Le secre\u0301taire ge\u0301ne\u0301ral de la Fe\u0301de\u0301ration se\u0301ne\u0301galaise de football, Abdoulaye Sow, a affirme\u0301 mardi que \u00ab la coupe ne quittera pas le pays \u00bb, au lendemain de la de\u0301cision de la Confe\u0301de\u0301ration africaine de football (CAF) d\u2019attribuer la victoire de la CAN 2025 au Maroc sur tapis vert. Cette de\u0301claration intervient apre\u0300s [&hellip;]<\/p>\n","protected":false},"author":82,"featured_media":75480,"comment_status":"open","ping_status":"closed","sticky":false,"template":"","format":"standard","meta":{"footnotes":""},"categories":[6,10],"tags":[1711,6015,6072,45,44],"class_list":["post-75481","post","type-post","status-publish","format-standard","has-post-thumbnail","hentry","category-sports","category-toutes-les-actualites","tag-abdoulaye-sow","tag-can-2025","tag-confederation-africaine-de-football-caf","tag-dakar","tag-senegal-2"],"yoast_head":"<!-- This site is optimized with the Yoast SEO Premium plugin v26.1 (Yoast SEO v27.0) - https:\/\/yoast.com\/product\/yoast-seo-premium-wordpress\/ -->\n<title>Dakar Refuse de C\u00e9der le Troph\u00e9e de la CAN 2025 - Senegal<\/title>\n<meta name=\"description\" content=\"Le secre\u0301taire ge\u0301ne\u0301ral de la Fe\u0301de\u0301ration se\u0301ne\u0301galaise de football, Abdoulaye Sow, a affirme\u0301 mardi que \u00ab la coupe ne ...\" \/>\n<meta name=\"robots\" content=\"index, follow, max-snippet:-1, max-image-preview:large, max-video-preview:-1\" \/>\n<link rel=\"canonical\" href=\"https:\/\/www.africa-press.net\/senegal\/sports\/dakar-refuse-de-ceder-le-trophee-de-la-can-2025\" \/>\n<meta property=\"og:locale\" content=\"fr_FR\" \/>\n<meta property=\"og:type\" content=\"article\" \/>\n<meta property=\"og:title\" content=\"Dakar Refuse de C\u00e9der le Troph\u00e9e de la CAN 2025\" \/>\n<meta property=\"og:description\" content=\"Le secre\u0301taire ge\u0301ne\u0301ral de la Fe\u0301de\u0301ration se\u0301ne\u0301galaise de football, Abdoulaye Sow, a affirme\u0301 mardi que \u00ab la coupe ne ...\" \/>\n<meta property=\"og:url\" content=\"https:\/\/www.africa-press.net\/senegal\/sports\/dakar-refuse-de-ceder-le-trophee-de-la-can-2025\" \/>\n<meta property=\"og:site_name\" content=\"Senegal\" \/>\n<meta property=\"article:published_time\" content=\"2026-03-18T12:10:00+00:00\" \/>\n<meta property=\"article:modified_time\" content=\"2026-03-19T00:00:50+00:00\" \/>\n<meta property=\"og:image\" content=\"https:\/\/static.africa-press.net\/senegal\/sites\/13\/2026\/03\/sm_1773864612.669233.jpg\" \/>\n\t<meta property=\"og:image:width\" content=\"864\" \/>\n\t<meta property=\"og:image:height\" content=\"486\" \/>\n\t<meta property=\"og:image:type\" content=\"image\/jpeg\" \/>\n<meta name=\"author\" content=\"cfeditorfr\" \/>\n<meta name=\"twitter:card\" content=\"summary_large_image\" \/>\n<meta name=\"twitter:label1\" content=\"\u00c9crit par\" \/>\n\t<meta name=\"twitter:data1\" content=\"cfeditorfr\" \/>\n\t<meta name=\"twitter:label2\" content=\"Dur\u00e9e de lecture estim\u00e9e\" \/>\n\t<meta name=\"twitter:data2\" content=\"1 minute\" \/>\n<script type=\"application\/ld+json\" class=\"yoast-schema-graph\">{\"@context\":\"https:\/\/schema.org\",\"@graph\":[{\"@type\":\"Article\",\"@id\":\"https:\/\/www.africa-press.net\/senegal\/sports\/dakar-refuse-de-ceder-le-trophee-de-la-can-2025#article\",\"isPartOf\":{\"@id\":\"https:\/\/www.africa-press.net\/senegal\/sports\/dakar-refuse-de-ceder-le-trophee-de-la-can-2025\"},\"author\":{\"name\":\"cfeditorfr\",\"@id\":\"https:\/\/www.africa-press.net\/senegal\/#\/schema\/person\/2b1cf3cd81a31e3cd26889ca66d677f1\"},\"headline\":\"Dakar Refuse de C\u00e9der le Troph\u00e9e de la CAN 2025\",\"datePublished\":\"2026-03-18T12:10:00+00:00\",\"dateModified\":\"2026-03-19T00:00:50+00:00\",\"mainEntityOfPage\":{\"@id\":\"https:\/\/www.africa-press.net\/senegal\/sports\/dakar-refuse-de-ceder-le-trophee-de-la-can-2025\"},\"wordCount\":279,\"commentCount\":0,\"image\":{\"@id\":\"https:\/\/www.africa-press.net\/senegal\/sports\/dakar-refuse-de-ceder-le-trophee-de-la-can-2025#primaryimage\"},\"thumbnailUrl\":\"https:\/\/static.africa-press.net\/senegal\/sites\/13\/2026\/03\/sm_1773864612.669233.jpg\",\"keywords\":[\"Abdoulaye Sow\",\"CAN 2025\",\"Conf\u00e9d\u00e9ration Africaine de Football (CAF)\",\"dakar\",\"Senegal\"],\"articleSection\":[\"Sports\",\"Toutes les actualit\u00e9s\"],\"inLanguage\":\"fr-FR\",\"potentialAction\":[{\"@type\":\"CommentAction\",\"name\":\"Comment\",\"target\":[\"https:\/\/www.africa-press.net\/senegal\/sports\/dakar-refuse-de-ceder-le-trophee-de-la-can-2025#respond\"]}]},{\"@type\":\"WebPage\",\"@id\":\"https:\/\/www.africa-press.net\/senegal\/sports\/dakar-refuse-de-ceder-le-trophee-de-la-can-2025\",\"url\":\"https:\/\/www.africa-press.net\/senegal\/sports\/dakar-refuse-de-ceder-le-trophee-de-la-can-2025\",\"name\":\"Dakar Refuse de C\u00e9der le Troph\u00e9e de la CAN 2025 - Senegal\",\"isPartOf\":{\"@id\":\"https:\/\/www.africa-press.net\/senegal\/#website\"},\"primaryImageOfPage\":{\"@id\":\"https:\/\/www.africa-press.net\/senegal\/sports\/dakar-refuse-de-ceder-le-trophee-de-la-can-2025#primaryimage\"},\"image\":{\"@id\":\"https:\/\/www.africa-press.net\/senegal\/sports\/dakar-refuse-de-ceder-le-trophee-de-la-can-2025#primaryimage\"},\"thumbnailUrl\":\"https:\/\/static.africa-press.net\/senegal\/sites\/13\/2026\/03\/sm_1773864612.669233.jpg\",\"datePublished\":\"2026-03-18T12:10:00+00:00\",\"dateModified\":\"2026-03-19T00:00:50+00:00\",\"author\":{\"@id\":\"https:\/\/www.africa-press.net\/senegal\/#\/schema\/person\/2b1cf3cd81a31e3cd26889ca66d677f1\"},\"description\":\"Le secre\u0301taire ge\u0301ne\u0301ral de la Fe\u0301de\u0301ration se\u0301ne\u0301galaise de football, Abdoulaye Sow, a affirme\u0301 mardi que \u00ab la coupe ne ...\",\"breadcrumb\":{\"@id\":\"https:\/\/www.africa-press.net\/senegal\/sports\/dakar-refuse-de-ceder-le-trophee-de-la-can-2025#breadcrumb\"},\"inLanguage\":\"fr-FR\",\"potentialAction\":[{\"@type\":\"ReadAction\",\"target\":[\"https:\/\/www.africa-press.net\/senegal\/sports\/dakar-refuse-de-ceder-le-trophee-de-la-can-2025\"]}]},{\"@type\":\"ImageObject\",\"inLanguage\":\"fr-FR\",\"@id\":\"https:\/\/www.africa-press.net\/senegal\/sports\/dakar-refuse-de-ceder-le-trophee-de-la-can-2025#primaryimage\",\"url\":\"https:\/\/static.africa-press.net\/senegal\/sites\/13\/2026\/03\/sm_1773864612.669233.jpg\",\"contentUrl\":\"https:\/\/static.africa-press.net\/senegal\/sites\/13\/2026\/03\/sm_1773864612.669233.jpg\",\"width\":864,\"height\":486,\"caption\":\"Dakar Refuse de C\u00e9der le Troph\u00e9e de la CAN 2025\"},{\"@type\":\"BreadcrumbList\",\"@id\":\"https:\/\/www.africa-press.net\/senegal\/sports\/dakar-refuse-de-ceder-le-trophee-de-la-can-2025#breadcrumb\",\"itemListElement\":[{\"@type\":\"ListItem\",\"position\":1,\"name\":\"Accueil\",\"item\":\"https:\/\/www.africa-press.net\/senegal\/\"},{\"@type\":\"ListItem\",\"position\":2,\"name\":\"Dakar Refuse de C\u00e9der le Troph\u00e9e de la CAN 2025\"}]},{\"@type\":\"WebSite\",\"@id\":\"https:\/\/www.africa-press.net\/senegal\/#website\",\"url\":\"https:\/\/www.africa-press.net\/senegal\/\",\"name\":\"Africa Press | Senegal | Homepage\",\"description\":\"Just another Africa News Agency Sites site\",\"potentialAction\":[{\"@type\":\"SearchAction\",\"target\":{\"@type\":\"EntryPoint\",\"urlTemplate\":\"https:\/\/www.africa-press.net\/senegal\/?s={search_term_string}\"},\"query-input\":{\"@type\":\"PropertyValueSpecification\",\"valueRequired\":true,\"valueName\":\"search_term_string\"}}],\"inLanguage\":\"fr-FR\"},{\"@type\":\"Person\",\"@id\":\"https:\/\/www.africa-press.net\/senegal\/#\/schema\/person\/2b1cf3cd81a31e3cd26889ca66d677f1\",\"name\":\"cfeditorfr\",\"url\":\"https:\/\/www.africa-press.net\/senegal\/author\/cfeditorfr\"}]}<\/script>\n<!-- \/ Yoast SEO Premium plugin. -->","yoast_head_json":{"title":"Dakar Refuse de C\u00e9der le Troph\u00e9e de la CAN 2025 - Senegal","description":"Le secre\u0301taire ge\u0301ne\u0301ral de la Fe\u0301de\u0301ration se\u0301ne\u0301galaise de football, Abdoulaye Sow, a affirme\u0301 mardi que \u00ab la coupe ne ...","robots":{"index":"index","follow":"follow","max-snippet":"max-snippet:-1","max-image-preview":"max-image-preview:large","max-video-preview":"max-video-preview:-1"},"canonical":"https:\/\/www.africa-press.net\/senegal\/sports\/dakar-refuse-de-ceder-le-trophee-de-la-can-2025","og_locale":"fr_FR","og_type":"article","og_title":"Dakar Refuse de C\u00e9der le Troph\u00e9e de la CAN 2025","og_description":"Le secre\u0301taire ge\u0301ne\u0301ral de la Fe\u0301de\u0301ration se\u0301ne\u0301galaise de football, Abdoulaye Sow, a affirme\u0301 mardi que \u00ab la coupe ne ...","og_url":"https:\/\/www.africa-press.net\/senegal\/sports\/dakar-refuse-de-ceder-le-trophee-de-la-can-2025","og_site_name":"Senegal","article_published_time":"2026-03-18T12:10:00+00:00","article_modified_time":"2026-03-19T00:00:50+00:00","og_image":[{"width":864,"height":486,"url":"https:\/\/static.africa-press.net\/senegal\/sites\/13\/2026\/03\/sm_1773864612.669233.jpg","type":"image\/jpeg"}],"author":"cfeditorfr","twitter_card":"summary_large_image","twitter_misc":{"\u00c9crit par":"cfeditorfr","Dur\u00e9e de lecture estim\u00e9e":"1 minute"},"schema":{"@context":"https:\/\/schema.org","@graph":[{"@type":"Article","@id":"https:\/\/www.africa-press.net\/senegal\/sports\/dakar-refuse-de-ceder-le-trophee-de-la-can-2025#article","isPartOf":{"@id":"https:\/\/www.africa-press.net\/senegal\/sports\/dakar-refuse-de-ceder-le-trophee-de-la-can-2025"},"author":{"name":"cfeditorfr","@id":"https:\/\/www.africa-press.net\/senegal\/#\/schema\/person\/2b1cf3cd81a31e3cd26889ca66d677f1"},"headline":"Dakar Refuse de C\u00e9der le Troph\u00e9e de la CAN 2025","datePublished":"2026-03-18T12:10:00+00:00","dateModified":"2026-03-19T00:00:50+00:00","mainEntityOfPage":{"@id":"https:\/\/www.africa-press.net\/senegal\/sports\/dakar-refuse-de-ceder-le-trophee-de-la-can-2025"},"wordCount":279,"commentCount":0,"image":{"@id":"https:\/\/www.africa-press.net\/senegal\/sports\/dakar-refuse-de-ceder-le-trophee-de-la-can-2025#primaryimage"},"thumbnailUrl":"https:\/\/static.africa-press.net\/senegal\/sites\/13\/2026\/03\/sm_1773864612.669233.jpg","keywords":["Abdoulaye Sow","CAN 2025","Conf\u00e9d\u00e9ration Africaine de Football (CAF)","dakar","Senegal"],"articleSection":["Sports","Toutes les actualit\u00e9s"],"inLanguage":"fr-FR","potentialAction":[{"@type":"CommentAction","name":"Comment","target":["https:\/\/www.africa-press.net\/senegal\/sports\/dakar-refuse-de-ceder-le-trophee-de-la-can-2025#respond"]}]},{"@type":"WebPage","@id":"https:\/\/www.africa-press.net\/senegal\/sports\/dakar-refuse-de-ceder-le-trophee-de-la-can-2025","url":"https:\/\/www.africa-press.net\/senegal\/sports\/dakar-refuse-de-ceder-le-trophee-de-la-can-2025","name":"Dakar Refuse de C\u00e9der le Troph\u00e9e de la CAN 2025 - Senegal","isPartOf":{"@id":"https:\/\/www.africa-press.net\/senegal\/#website"},"primaryImageOfPage":{"@id":"https:\/\/www.africa-press.net\/senegal\/sports\/dakar-refuse-de-ceder-le-trophee-de-la-can-2025#primaryimage"},"image":{"@id":"https:\/\/www.africa-press.net\/senegal\/sports\/dakar-refuse-de-ceder-le-trophee-de-la-can-2025#primaryimage"},"thumbnailUrl":"https:\/\/static.africa-press.net\/senegal\/sites\/13\/2026\/03\/sm_1773864612.669233.jpg","datePublished":"2026-03-18T12:10:00+00:00","dateModified":"2026-03-19T00:00:50+00:00","author":{"@id":"https:\/\/www.africa-press.net\/senegal\/#\/schema\/person\/2b1cf3cd81a31e3cd26889ca66d677f1"},"description":"Le secre\u0301taire ge\u0301ne\u0301ral de la Fe\u0301de\u0301ration se\u0301ne\u0301galaise de football, Abdoulaye Sow, a affirme\u0301 mardi que \u00ab la coupe ne ...","breadcrumb":{"@id":"https:\/\/www.africa-press.net\/senegal\/sports\/dakar-refuse-de-ceder-le-trophee-de-la-can-2025#breadcrumb"},"inLanguage":"fr-FR","potentialAction":[{"@type":"ReadAction","target":["https:\/\/www.africa-press.net\/senegal\/sports\/dakar-refuse-de-ceder-le-trophee-de-la-can-2025"]}]},{"@type":"ImageObject","inLanguage":"fr-FR","@id":"https:\/\/www.africa-press.net\/senegal\/sports\/dakar-refuse-de-ceder-le-trophee-de-la-can-2025#primaryimage","url":"https:\/\/static.africa-press.net\/senegal\/sites\/13\/2026\/03\/sm_1773864612.669233.jpg","contentUrl":"https:\/\/static.africa-press.net\/senegal\/sites\/13\/2026\/03\/sm_1773864612.669233.jpg","width":864,"height":486,"caption":"Dakar Refuse de C\u00e9der le Troph\u00e9e de la CAN 2025"},{"@type":"BreadcrumbList","@id":"https:\/\/www.africa-press.net\/senegal\/sports\/dakar-refuse-de-ceder-le-trophee-de-la-can-2025#breadcrumb","itemListElement":[{"@type":"ListItem","position":1,"name":"Accueil","item":"https:\/\/www.africa-press.net\/senegal\/"},{"@type":"ListItem","position":2,"name":"Dakar Refuse de C\u00e9der le Troph\u00e9e de la CAN 2025"}]},{"@type":"WebSite","@id":"https:\/\/www.africa-press.net\/senegal\/#website","url":"https:\/\/www.africa-press.net\/senegal\/","name":"Africa Press | Senegal | Homepage","description":"Just another Africa News Agency Sites site","potentialAction":[{"@type":"SearchAction","target":{"@type":"EntryPoint","urlTemplate":"https:\/\/www.africa-press.net\/senegal\/?s={search_term_string}"},"query-input":{"@type":"PropertyValueSpecification","valueRequired":true,"valueName":"search_term_string"}}],"inLanguage":"fr-FR"},{"@type":"Person","@id":"https:\/\/www.africa-press.net\/senegal\/#\/schema\/person\/2b1cf3cd81a31e3cd26889ca66d677f1","name":"cfeditorfr","url":"https:\/\/www.africa-press.net\/senegal\/author\/cfeditorfr"}]}},"_links":{"self":[{"href":"https:\/\/www.africa-press.net\/senegal\/wp-json\/wp\/v2\/posts\/75481","targetHints":{"allow":["GET"]}}],"collection":[{"href":"https:\/\/www.africa-press.net\/senegal\/wp-json\/wp\/v2\/posts"}],"about":[{"href":"https:\/\/www.africa-press.net\/senegal\/wp-json\/wp\/v2\/types\/post"}],"author":[{"embeddable":true,"href":"https:\/\/www.africa-press.net\/senegal\/wp-json\/wp\/v2\/users\/82"}],"replies":[{"embeddable":true,"href":"https:\/\/www.africa-press.net\/senegal\/wp-json\/wp\/v2\/comments?post=75481"}],"version-history":[{"count":0,"href":"https:\/\/www.africa-press.net\/senegal\/wp-json\/wp\/v2\/posts\/75481\/revisions"}],"wp:featuredmedia":[{"embeddable":true,"href":"https:\/\/www.africa-press.net\/senegal\/wp-json\/wp\/v2\/media\/75480"}],"wp:attachment":[{"href":"https:\/\/www.africa-press.net\/senegal\/wp-json\/wp\/v2\/media?parent=75481"}],"wp:term":[{"taxonomy":"category","embeddable":true,"href":"https:\/\/www.africa-press.net\/senegal\/wp-json\/wp\/v2\/categories?post=75481"},{"taxonomy":"post_tag","embeddable":true,"href":"https:\/\/www.africa-press.net\/senegal\/wp-json\/wp\/v2\/tags?post=75481"}],"curies":[{"name":"wp","href":"https:\/\/api.w.org\/{rel}","templated":true}]}}