{"id":75483,"date":"2026-03-18T14:00:00","date_gmt":"2026-03-18T14:00:00","guid":{"rendered":"https:\/\/www.africa-press.net\/senegal\/politique\/senegal-denonce-decision-illegale-de-la-caf"},"modified":"2026-03-19T00:01:13","modified_gmt":"2026-03-19T00:01:13","slug":"senegal-denonce-decision-illegale-de-la-caf","status":"publish","type":"post","link":"https:\/\/www.africa-press.net\/senegal\/sports\/senegal-denonce-decision-illegale-de-la-caf","title":{"rendered":"S\u00e9n\u00e9gal D\u00e9nonce D\u00e9cision Ill\u00e9gale de la CAF"},"content":{"rendered":"<p><span style=\"color: #ff6600\"><strong>Africa-Press &#8211; Senegal. <\/strong><\/span>Le gouvernement se\u0301ne\u0301galais a exprime\u0301, mercredi, sa \u00ab vive consternation \u00bb a\u0300 la suite de la de\u0301cision du jury d\u2019appel de la Confe\u0301de\u0301ration africaine de football de retirer au Se\u0301ne\u0301gal son titre de champion d\u2019Afrique 2025 pour l\u2019attribuer au Maroc.<\/p>\n<p>Dans un communique\u0301 officiel publie\u0301 a\u0300 Dakar, les autorite\u0301s se\u0301ne\u0301galaises qualifient cette de\u0301cision \u00ab d\u2019ine\u0301dite \u00bb et \u00ab d\u2019une gravite\u0301 exceptionnelle \u00bb, estimant qu\u2019elle \u00ab heurte de front les principes cardinaux de l\u2019e\u0301thique sportive \u00bb, notamment l\u2019e\u0301quite\u0301, la loyaute\u0301 et le respect du re\u0301sultat acquis sur le terrain.<\/p>\n<p>Le gouvernement de\u0301nonce par ailleurs \u00ab une lecture manifestement errone\u0301e du re\u0300glement \u00bb, conduisant, selon lui, a\u0300 une de\u0301cision \u00ab grossie\u0300rement ille\u0301gale et profonde\u0301ment injuste \u00bb.<\/p>\n<p>Selon le texte, le fait de remettre en cause un re\u0301sultat issu d\u2019une rencontre \u00ab re\u0301gulie\u0300rement mene\u0301e a\u0300 son terme \u00bb porte atteinte non seulement a\u0300 la cre\u0301dibilite\u0301 de la Confe\u0301de\u0301ration africaine de football, mais e\u0301galement a\u0300 la confiance des peuples africains envers les institutions sportives du continent.<\/p>\n<p>Le Se\u0301ne\u0301gal affirme \u00ab ne pas tole\u0301rer qu\u2019une de\u0301cision administrative efface l\u2019engagement, le me\u0301rite et l\u2019excellence sportive \u00bb, rejetant \u00ab sans ambigui\u0308te\u0301 \u00bb ce qu\u2019il conside\u0300re comme une tentative de \u00ab de\u0301possession injustifie\u0301e \u00bb.<\/p>\n<p>Dans ce contexte, les autorite\u0301s se\u0301ne\u0301galaises demandent l\u2019ouverture d\u2019une enque\u0302te internationale inde\u0301pendante sur des soupc\u0327ons de corruption au sein des instances dirigeantes de la Confe\u0301de\u0301ration africaine de football.<\/p>\n<p>Le gouvernement indique e\u0301galement qu\u2019il entend utiliser \u00ab toutes les voies de recours approprie\u0301es \u00bb, y compris devant les juridictions internationales compe\u0301tentes, afin d\u2019obtenir l\u2019annulation de cette de\u0301cision et le re\u0301tablissement du re\u0301sultat sportif.<\/p>\n<p>Par ailleurs, Dakar a renouvele\u0301 sa solidarite\u0301 envers les ressortissants se\u0301ne\u0301galais de\u0301tenus au Maroc a\u0300 la suite des incidents survenus lors de la finale de la Coupe d\u2019Afrique des nations, assurant suivre de pre\u0300s ce dossier en vue d\u2019un de\u0301nouement rapide.<\/p>\n<p>\u00ab Le Se\u0301ne\u0301gal demeurera re\u0301solu, vigilant et inflexible dans la de\u0301fense des droits de sa se\u0301lection nationale et dans la restauration de l\u2019honneur du sport africain \u00bb, conclut le communique\u0301.<\/p>\n<p>En effet, le Jury d\u2019appel de la Confe\u0301de\u0301ration africaine de football (CAF) a de\u0301cide\u0301 de de\u0301clarer l\u2019e\u0301quipe nationale du Se\u0301ne\u0301gal forfait lors de la finale de la Coupe d\u2019Afrique des nations (CAN) Maroc 2025, attribuant la victoire au Maroc sur le score de 3-0, selon un communique\u0301 publie\u0301 mardi.<\/p>\n<p>Re\u0301uni le 17 mars, l\u2019organe juridictionnel de la CAF a statue\u0301 sur l\u2019appel introduit par la Fe\u0301de\u0301ration royale marocaine de football (FRMF), en lien avec l\u2019application des articles 82 et 84 du re\u0300glement de la CAN.<\/p>\n<p>Dans sa de\u0301cision, le Jury d\u2019appel a juge\u0301 l\u2019appel recevable et fonde\u0301, annulant ainsi la pre\u0301ce\u0301dente de\u0301cision du Jury disciplinaire. Il a estime\u0301 que le comportement de l\u2019e\u0301quipe se\u0301ne\u0301galaise relevait des dispositions disciplinaires en vigueur, concluant a\u0300 une infraction imputable a\u0300 la Fe\u0301de\u0301ration se\u0301ne\u0301galaise de football (FSF).<\/p>\n<p>En conse\u0301quence, le Se\u0301ne\u0301gal est de\u0301clare\u0301 forfait pour la finale, le match e\u0301tant homologue\u0301 sur le score de 3-0 en faveur de la FRMF.<\/p>\n<p>Par ailleurs, le Jury d\u2019appel s\u2019est e\u0301galement prononce\u0301 sur plusieurs incidents survenus lors de la rencontre.<\/p>\n<p>Concernant le joueur marocain Ismae\u0308l Saibari, l\u2019instance a confirme\u0301 un comportement fautif en violation du code disciplinaire de la CAF. Sa sanction a toutefois e\u0301te\u0301 re\u0301vise\u0301e a\u0300 deux matches de suspension, dont un avec sursis, tandis que l\u2019amende de 100 000 dollars a e\u0301te\u0301 annule\u0301e.<\/p>\n<p>S\u2019agissant des incidents lie\u0301s aux ramasseurs de balles, la responsabilite\u0301 de la FRMF a e\u0301te\u0301 confirme\u0301e, avec une amende re\u0301duite a\u0300 50 000 dollars. L\u2019amende de 100 000 dollars pour interfe\u0301rences autour de la zone VAR a, quant a\u0300 elle, e\u0301te\u0301 maintenue.<\/p>\n<p>Enfin, concernant l\u2019incident du laser, la sanction financie\u0300re inflige\u0301e a\u0300 la FRMF a e\u0301te\u0301 revue a\u0300 la baisse, passant a\u0300 10 000 dollars.<\/p>\n<p><strong>Pour plus d&rsquo;informations et d&rsquo;analyses sur la <span style=\"color: #ff6600\">Senegal<\/span>, suivez <span style=\"color: #ff6600\">Africa-Press<\/span><\/strong><\/p>\n","protected":false},"excerpt":{"rendered":"<p>Africa-Press &#8211; Senegal. Le gouvernement se\u0301ne\u0301galais a exprime\u0301, mercredi, sa \u00ab vive consternation \u00bb a\u0300 la suite de la de\u0301cision du jury d\u2019appel de la Confe\u0301de\u0301ration africaine de football de retirer au Se\u0301ne\u0301gal son titre de champion d\u2019Afrique 2025 pour l\u2019attribuer au Maroc. Dans un communique\u0301 officiel publie\u0301 a\u0300 Dakar, les autorite\u0301s se\u0301ne\u0301galaises qualifient cette [&hellip;]<\/p>\n","protected":false},"author":82,"featured_media":75482,"comment_status":"open","ping_status":"closed","sticky":false,"template":"","format":"standard","meta":{"footnotes":""},"categories":[6,20,10],"tags":[6073,1405,44],"class_list":["post-75483","post","type-post","status-publish","format-standard","has-post-thumbnail","hentry","category-sports","category-top-nouvelles","category-toutes-les-actualites","tag-can-maroc-2025","tag-maroc","tag-senegal-2"],"yoast_head":"<!-- This site is optimized with the Yoast SEO Premium plugin v26.1 (Yoast SEO v27.0) - https:\/\/yoast.com\/product\/yoast-seo-premium-wordpress\/ -->\n<title>S\u00e9n\u00e9gal D\u00e9nonce D\u00e9cision Ill\u00e9gale de la CAF - Senegal<\/title>\n<meta name=\"description\" content=\"Le gouvernement se\u0301ne\u0301galais a exprime\u0301, mercredi, sa \u00ab vive consternation \u00bb a\u0300 la suite de la de\u0301cision du jury d\u2019appel ...\" \/>\n<meta name=\"robots\" content=\"index, follow, max-snippet:-1, max-image-preview:large, max-video-preview:-1\" \/>\n<link rel=\"canonical\" href=\"https:\/\/www.africa-press.net\/senegal\/sports\/senegal-denonce-decision-illegale-de-la-caf\" \/>\n<meta property=\"og:locale\" content=\"fr_FR\" \/>\n<meta property=\"og:type\" content=\"article\" \/>\n<meta property=\"og:title\" content=\"S\u00e9n\u00e9gal D\u00e9nonce D\u00e9cision Ill\u00e9gale de la CAF\" \/>\n<meta property=\"og:description\" content=\"Le gouvernement se\u0301ne\u0301galais a exprime\u0301, mercredi, sa \u00ab vive consternation \u00bb a\u0300 la suite de la de\u0301cision du jury d\u2019appel ...\" \/>\n<meta property=\"og:url\" content=\"https:\/\/www.africa-press.net\/senegal\/sports\/senegal-denonce-decision-illegale-de-la-caf\" \/>\n<meta property=\"og:site_name\" content=\"Senegal\" \/>\n<meta property=\"article:published_time\" content=\"2026-03-18T14:00:00+00:00\" \/>\n<meta property=\"article:modified_time\" content=\"2026-03-19T00:01:13+00:00\" \/>\n<meta property=\"og:image\" content=\"https:\/\/static.africa-press.net\/senegal\/sites\/13\/2026\/03\/sm_1773864639.93751.jpg\" \/>\n\t<meta property=\"og:image:width\" content=\"864\" \/>\n\t<meta property=\"og:image:height\" content=\"486\" \/>\n\t<meta property=\"og:image:type\" content=\"image\/jpeg\" \/>\n<meta name=\"author\" content=\"cfeditorfr\" \/>\n<meta name=\"twitter:card\" content=\"summary_large_image\" \/>\n<meta name=\"twitter:label1\" content=\"\u00c9crit par\" \/>\n\t<meta name=\"twitter:data1\" content=\"cfeditorfr\" \/>\n\t<meta name=\"twitter:label2\" content=\"Dur\u00e9e de lecture estim\u00e9e\" \/>\n\t<meta name=\"twitter:data2\" content=\"4 minutes\" \/>\n<script type=\"application\/ld+json\" class=\"yoast-schema-graph\">{\"@context\":\"https:\/\/schema.org\",\"@graph\":[{\"@type\":\"Article\",\"@id\":\"https:\/\/www.africa-press.net\/senegal\/sports\/senegal-denonce-decision-illegale-de-la-caf#article\",\"isPartOf\":{\"@id\":\"https:\/\/www.africa-press.net\/senegal\/sports\/senegal-denonce-decision-illegale-de-la-caf\"},\"author\":{\"name\":\"cfeditorfr\",\"@id\":\"https:\/\/www.africa-press.net\/senegal\/#\/schema\/person\/2b1cf3cd81a31e3cd26889ca66d677f1\"},\"headline\":\"S\u00e9n\u00e9gal D\u00e9nonce D\u00e9cision Ill\u00e9gale de la CAF\",\"datePublished\":\"2026-03-18T14:00:00+00:00\",\"dateModified\":\"2026-03-19T00:01:13+00:00\",\"mainEntityOfPage\":{\"@id\":\"https:\/\/www.africa-press.net\/senegal\/sports\/senegal-denonce-decision-illegale-de-la-caf\"},\"wordCount\":744,\"commentCount\":0,\"image\":{\"@id\":\"https:\/\/www.africa-press.net\/senegal\/sports\/senegal-denonce-decision-illegale-de-la-caf#primaryimage\"},\"thumbnailUrl\":\"https:\/\/static.africa-press.net\/senegal\/sites\/13\/2026\/03\/sm_1773864639.93751.jpg\",\"keywords\":[\"CAN Maroc 2025\",\"Maroc\",\"Senegal\"],\"articleSection\":[\"Sports\",\"Top Nouvelles\",\"Toutes les actualit\u00e9s\"],\"inLanguage\":\"fr-FR\",\"potentialAction\":[{\"@type\":\"CommentAction\",\"name\":\"Comment\",\"target\":[\"https:\/\/www.africa-press.net\/senegal\/sports\/senegal-denonce-decision-illegale-de-la-caf#respond\"]}]},{\"@type\":\"WebPage\",\"@id\":\"https:\/\/www.africa-press.net\/senegal\/sports\/senegal-denonce-decision-illegale-de-la-caf\",\"url\":\"https:\/\/www.africa-press.net\/senegal\/sports\/senegal-denonce-decision-illegale-de-la-caf\",\"name\":\"S\u00e9n\u00e9gal D\u00e9nonce D\u00e9cision Ill\u00e9gale de la CAF - Senegal\",\"isPartOf\":{\"@id\":\"https:\/\/www.africa-press.net\/senegal\/#website\"},\"primaryImageOfPage\":{\"@id\":\"https:\/\/www.africa-press.net\/senegal\/sports\/senegal-denonce-decision-illegale-de-la-caf#primaryimage\"},\"image\":{\"@id\":\"https:\/\/www.africa-press.net\/senegal\/sports\/senegal-denonce-decision-illegale-de-la-caf#primaryimage\"},\"thumbnailUrl\":\"https:\/\/static.africa-press.net\/senegal\/sites\/13\/2026\/03\/sm_1773864639.93751.jpg\",\"datePublished\":\"2026-03-18T14:00:00+00:00\",\"dateModified\":\"2026-03-19T00:01:13+00:00\",\"author\":{\"@id\":\"https:\/\/www.africa-press.net\/senegal\/#\/schema\/person\/2b1cf3cd81a31e3cd26889ca66d677f1\"},\"description\":\"Le gouvernement se\u0301ne\u0301galais a exprime\u0301, mercredi, sa \u00ab vive consternation \u00bb a\u0300 la suite de la de\u0301cision du jury d\u2019appel ...\",\"breadcrumb\":{\"@id\":\"https:\/\/www.africa-press.net\/senegal\/sports\/senegal-denonce-decision-illegale-de-la-caf#breadcrumb\"},\"inLanguage\":\"fr-FR\",\"potentialAction\":[{\"@type\":\"ReadAction\",\"target\":[\"https:\/\/www.africa-press.net\/senegal\/sports\/senegal-denonce-decision-illegale-de-la-caf\"]}]},{\"@type\":\"ImageObject\",\"inLanguage\":\"fr-FR\",\"@id\":\"https:\/\/www.africa-press.net\/senegal\/sports\/senegal-denonce-decision-illegale-de-la-caf#primaryimage\",\"url\":\"https:\/\/static.africa-press.net\/senegal\/sites\/13\/2026\/03\/sm_1773864639.93751.jpg\",\"contentUrl\":\"https:\/\/static.africa-press.net\/senegal\/sites\/13\/2026\/03\/sm_1773864639.93751.jpg\",\"width\":864,\"height\":486,\"caption\":\"S\u00e9n\u00e9gal D\u00e9nonce D\u00e9cision Ill\u00e9gale de la CAF\"},{\"@type\":\"BreadcrumbList\",\"@id\":\"https:\/\/www.africa-press.net\/senegal\/sports\/senegal-denonce-decision-illegale-de-la-caf#breadcrumb\",\"itemListElement\":[{\"@type\":\"ListItem\",\"position\":1,\"name\":\"Accueil\",\"item\":\"https:\/\/www.africa-press.net\/senegal\/\"},{\"@type\":\"ListItem\",\"position\":2,\"name\":\"S\u00e9n\u00e9gal D\u00e9nonce D\u00e9cision Ill\u00e9gale de la CAF\"}]},{\"@type\":\"WebSite\",\"@id\":\"https:\/\/www.africa-press.net\/senegal\/#website\",\"url\":\"https:\/\/www.africa-press.net\/senegal\/\",\"name\":\"Africa Press | Senegal | Homepage\",\"description\":\"Just another Africa News Agency Sites site\",\"potentialAction\":[{\"@type\":\"SearchAction\",\"target\":{\"@type\":\"EntryPoint\",\"urlTemplate\":\"https:\/\/www.africa-press.net\/senegal\/?s={search_term_string}\"},\"query-input\":{\"@type\":\"PropertyValueSpecification\",\"valueRequired\":true,\"valueName\":\"search_term_string\"}}],\"inLanguage\":\"fr-FR\"},{\"@type\":\"Person\",\"@id\":\"https:\/\/www.africa-press.net\/senegal\/#\/schema\/person\/2b1cf3cd81a31e3cd26889ca66d677f1\",\"name\":\"cfeditorfr\",\"url\":\"https:\/\/www.africa-press.net\/senegal\/author\/cfeditorfr\"}]}<\/script>\n<!-- \/ Yoast SEO Premium plugin. -->","yoast_head_json":{"title":"S\u00e9n\u00e9gal D\u00e9nonce D\u00e9cision Ill\u00e9gale de la CAF - Senegal","description":"Le gouvernement se\u0301ne\u0301galais a exprime\u0301, mercredi, sa \u00ab vive consternation \u00bb a\u0300 la suite de la de\u0301cision du jury d\u2019appel ...","robots":{"index":"index","follow":"follow","max-snippet":"max-snippet:-1","max-image-preview":"max-image-preview:large","max-video-preview":"max-video-preview:-1"},"canonical":"https:\/\/www.africa-press.net\/senegal\/sports\/senegal-denonce-decision-illegale-de-la-caf","og_locale":"fr_FR","og_type":"article","og_title":"S\u00e9n\u00e9gal D\u00e9nonce D\u00e9cision Ill\u00e9gale de la CAF","og_description":"Le gouvernement se\u0301ne\u0301galais a exprime\u0301, mercredi, sa \u00ab vive consternation \u00bb a\u0300 la suite de la de\u0301cision du jury d\u2019appel ...","og_url":"https:\/\/www.africa-press.net\/senegal\/sports\/senegal-denonce-decision-illegale-de-la-caf","og_site_name":"Senegal","article_published_time":"2026-03-18T14:00:00+00:00","article_modified_time":"2026-03-19T00:01:13+00:00","og_image":[{"width":864,"height":486,"url":"https:\/\/static.africa-press.net\/senegal\/sites\/13\/2026\/03\/sm_1773864639.93751.jpg","type":"image\/jpeg"}],"author":"cfeditorfr","twitter_card":"summary_large_image","twitter_misc":{"\u00c9crit par":"cfeditorfr","Dur\u00e9e de lecture estim\u00e9e":"4 minutes"},"schema":{"@context":"https:\/\/schema.org","@graph":[{"@type":"Article","@id":"https:\/\/www.africa-press.net\/senegal\/sports\/senegal-denonce-decision-illegale-de-la-caf#article","isPartOf":{"@id":"https:\/\/www.africa-press.net\/senegal\/sports\/senegal-denonce-decision-illegale-de-la-caf"},"author":{"name":"cfeditorfr","@id":"https:\/\/www.africa-press.net\/senegal\/#\/schema\/person\/2b1cf3cd81a31e3cd26889ca66d677f1"},"headline":"S\u00e9n\u00e9gal D\u00e9nonce D\u00e9cision Ill\u00e9gale de la CAF","datePublished":"2026-03-18T14:00:00+00:00","dateModified":"2026-03-19T00:01:13+00:00","mainEntityOfPage":{"@id":"https:\/\/www.africa-press.net\/senegal\/sports\/senegal-denonce-decision-illegale-de-la-caf"},"wordCount":744,"commentCount":0,"image":{"@id":"https:\/\/www.africa-press.net\/senegal\/sports\/senegal-denonce-decision-illegale-de-la-caf#primaryimage"},"thumbnailUrl":"https:\/\/static.africa-press.net\/senegal\/sites\/13\/2026\/03\/sm_1773864639.93751.jpg","keywords":["CAN Maroc 2025","Maroc","Senegal"],"articleSection":["Sports","Top Nouvelles","Toutes les actualit\u00e9s"],"inLanguage":"fr-FR","potentialAction":[{"@type":"CommentAction","name":"Comment","target":["https:\/\/www.africa-press.net\/senegal\/sports\/senegal-denonce-decision-illegale-de-la-caf#respond"]}]},{"@type":"WebPage","@id":"https:\/\/www.africa-press.net\/senegal\/sports\/senegal-denonce-decision-illegale-de-la-caf","url":"https:\/\/www.africa-press.net\/senegal\/sports\/senegal-denonce-decision-illegale-de-la-caf","name":"S\u00e9n\u00e9gal D\u00e9nonce D\u00e9cision Ill\u00e9gale de la CAF - Senegal","isPartOf":{"@id":"https:\/\/www.africa-press.net\/senegal\/#website"},"primaryImageOfPage":{"@id":"https:\/\/www.africa-press.net\/senegal\/sports\/senegal-denonce-decision-illegale-de-la-caf#primaryimage"},"image":{"@id":"https:\/\/www.africa-press.net\/senegal\/sports\/senegal-denonce-decision-illegale-de-la-caf#primaryimage"},"thumbnailUrl":"https:\/\/static.africa-press.net\/senegal\/sites\/13\/2026\/03\/sm_1773864639.93751.jpg","datePublished":"2026-03-18T14:00:00+00:00","dateModified":"2026-03-19T00:01:13+00:00","author":{"@id":"https:\/\/www.africa-press.net\/senegal\/#\/schema\/person\/2b1cf3cd81a31e3cd26889ca66d677f1"},"description":"Le gouvernement se\u0301ne\u0301galais a exprime\u0301, mercredi, sa \u00ab vive consternation \u00bb a\u0300 la suite de la de\u0301cision du jury d\u2019appel ...","breadcrumb":{"@id":"https:\/\/www.africa-press.net\/senegal\/sports\/senegal-denonce-decision-illegale-de-la-caf#breadcrumb"},"inLanguage":"fr-FR","potentialAction":[{"@type":"ReadAction","target":["https:\/\/www.africa-press.net\/senegal\/sports\/senegal-denonce-decision-illegale-de-la-caf"]}]},{"@type":"ImageObject","inLanguage":"fr-FR","@id":"https:\/\/www.africa-press.net\/senegal\/sports\/senegal-denonce-decision-illegale-de-la-caf#primaryimage","url":"https:\/\/static.africa-press.net\/senegal\/sites\/13\/2026\/03\/sm_1773864639.93751.jpg","contentUrl":"https:\/\/static.africa-press.net\/senegal\/sites\/13\/2026\/03\/sm_1773864639.93751.jpg","width":864,"height":486,"caption":"S\u00e9n\u00e9gal D\u00e9nonce D\u00e9cision Ill\u00e9gale de la CAF"},{"@type":"BreadcrumbList","@id":"https:\/\/www.africa-press.net\/senegal\/sports\/senegal-denonce-decision-illegale-de-la-caf#breadcrumb","itemListElement":[{"@type":"ListItem","position":1,"name":"Accueil","item":"https:\/\/www.africa-press.net\/senegal\/"},{"@type":"ListItem","position":2,"name":"S\u00e9n\u00e9gal D\u00e9nonce D\u00e9cision Ill\u00e9gale de la CAF"}]},{"@type":"WebSite","@id":"https:\/\/www.africa-press.net\/senegal\/#website","url":"https:\/\/www.africa-press.net\/senegal\/","name":"Africa Press | Senegal | Homepage","description":"Just another Africa News Agency Sites site","potentialAction":[{"@type":"SearchAction","target":{"@type":"EntryPoint","urlTemplate":"https:\/\/www.africa-press.net\/senegal\/?s={search_term_string}"},"query-input":{"@type":"PropertyValueSpecification","valueRequired":true,"valueName":"search_term_string"}}],"inLanguage":"fr-FR"},{"@type":"Person","@id":"https:\/\/www.africa-press.net\/senegal\/#\/schema\/person\/2b1cf3cd81a31e3cd26889ca66d677f1","name":"cfeditorfr","url":"https:\/\/www.africa-press.net\/senegal\/author\/cfeditorfr"}]}},"_links":{"self":[{"href":"https:\/\/www.africa-press.net\/senegal\/wp-json\/wp\/v2\/posts\/75483","targetHints":{"allow":["GET"]}}],"collection":[{"href":"https:\/\/www.africa-press.net\/senegal\/wp-json\/wp\/v2\/posts"}],"about":[{"href":"https:\/\/www.africa-press.net\/senegal\/wp-json\/wp\/v2\/types\/post"}],"author":[{"embeddable":true,"href":"https:\/\/www.africa-press.net\/senegal\/wp-json\/wp\/v2\/users\/82"}],"replies":[{"embeddable":true,"href":"https:\/\/www.africa-press.net\/senegal\/wp-json\/wp\/v2\/comments?post=75483"}],"version-history":[{"count":0,"href":"https:\/\/www.africa-press.net\/senegal\/wp-json\/wp\/v2\/posts\/75483\/revisions"}],"wp:featuredmedia":[{"embeddable":true,"href":"https:\/\/www.africa-press.net\/senegal\/wp-json\/wp\/v2\/media\/75482"}],"wp:attachment":[{"href":"https:\/\/www.africa-press.net\/senegal\/wp-json\/wp\/v2\/media?parent=75483"}],"wp:term":[{"taxonomy":"category","embeddable":true,"href":"https:\/\/www.africa-press.net\/senegal\/wp-json\/wp\/v2\/categories?post=75483"},{"taxonomy":"post_tag","embeddable":true,"href":"https:\/\/www.africa-press.net\/senegal\/wp-json\/wp\/v2\/tags?post=75483"}],"curies":[{"name":"wp","href":"https:\/\/api.w.org\/{rel}","templated":true}]}}