{"id":75941,"date":"2026-04-29T23:32:27","date_gmt":"2026-04-29T23:32:27","guid":{"rendered":"https:\/\/www.africa-press.net\/senegal\/politique\/digitalisation-de-ladministration-sonko-exige-un-plan"},"modified":"2026-04-29T23:44:35","modified_gmt":"2026-04-29T23:44:35","slug":"digitalisation-de-ladministration-sonko-exige-un-plan","status":"publish","type":"post","link":"https:\/\/www.africa-press.net\/senegal\/politique\/digitalisation-de-ladministration-sonko-exige-un-plan","title":{"rendered":"Digitalisation de L&rsquo;Administration: Sonko Exige un Plan"},"content":{"rendered":"<p><span class=\"ap-article-header-tag\"> <strong>Africa-Press &#8211; Senegal. <\/strong> <\/span>Le Premier ministre, Ousmane Sonko, a instruit, ce mercredi en Conseil des ministres, l\u2019acce\u0301le\u0301ration de la de\u0301mate\u0301rialisation des de\u0301marches administratives, dans le cadre de la modernisation de l\u2019action publique.<\/p>\n<p>Selon le communique\u0301, cette orientation vise a\u0300 ba\u0302tir \u00ab une administration plus efficace, plus accessible et oriente\u0301e vers les usagers \u00bb.<\/p>\n<p>A\u0300 cet effet, le chef du gouvernement a demande\u0301 au ministre de la Communication, des Te\u0301le\u0301communications et du Nume\u0301rique, en relation avec les de\u0301partements concerne\u0301s, de lui soumettre \u00ab avant la fin du mois de mai 2026, un plan de de\u0301ploiement progressif des principales de\u0301marches administratives sur la plateforme nationale de services en ligne \u00bb.<\/p>\n<p>Le document attendu devra inte\u0301grer \u00ab un calendrier de mise en \u0153uvre \u00bb et cibler en priorite\u0301 des proce\u0301dures a\u0300 fort impact.<\/p>\n<p>Il s\u2019agit notamment de \u00ab la de\u0301livrance des extraits d\u2019e\u0301tat civil \u00bb et des \u00ab de\u0301marches en vue de l\u2019obtention du permis de conduire \u00bb ainsi que d\u2019autres formalite\u0301s juge\u0301es strate\u0301giques pour les citoyens et les entreprises.<\/p>\n<p class=\"ap-article-footer-note\">Retrouvez plus d\u2019actualit\u00e9s et d\u2019analyses sur <span class=\"ap-highlight-country\">Senegal<\/span> sur le site <span class=\"ap-highlight-brand\">Africa Press<\/span><\/p>\n","protected":false},"excerpt":{"rendered":"<p>Africa-Press &#8211; Senegal. Le Premier ministre, Ousmane Sonko, a instruit, ce mercredi en Conseil des ministres, l\u2019acce\u0301le\u0301ration de la de\u0301mate\u0301rialisation des de\u0301marches administratives, dans le cadre de la modernisation de l\u2019action publique. Selon le communique\u0301, cette orientation vise a\u0300 ba\u0302tir \u00ab une administration plus efficace, plus accessible et oriente\u0301e vers les usagers \u00bb. A\u0300 cet [&hellip;]<\/p>\n","protected":false},"author":82,"featured_media":75940,"comment_status":"open","ping_status":"closed","sticky":false,"template":"","format":"standard","meta":{"footnotes":""},"categories":[2,20,10],"tags":[44],"class_list":["post-75941","post","type-post","status-publish","format-standard","has-post-thumbnail","hentry","category-politique","category-top-nouvelles","category-toutes-les-actualites","tag-senegal-2"],"yoast_head":"<!-- This site is optimized with the Yoast SEO Premium plugin v26.1 (Yoast SEO v27.0) - https:\/\/yoast.com\/product\/yoast-seo-premium-wordpress\/ -->\n<title>Digitalisation de L&#039;Administration: Sonko Exige un Plan - Senegal<\/title>\n<meta name=\"description\" content=\"-article-header-tag&quot;&gt; Africa-Press - Senegal. Le Premier ministre, Ousmane So ...\" \/>\n<meta name=\"robots\" content=\"index, follow, max-snippet:-1, max-image-preview:large, max-video-preview:-1\" \/>\n<link rel=\"canonical\" href=\"https:\/\/www.africa-press.net\/senegal\/politique\/digitalisation-de-ladministration-sonko-exige-un-plan\" \/>\n<meta property=\"og:locale\" content=\"fr_FR\" \/>\n<meta property=\"og:type\" content=\"article\" \/>\n<meta property=\"og:title\" content=\"Digitalisation de L&#039;Administration: Sonko Exige un Plan\" \/>\n<meta property=\"og:description\" content=\"-article-header-tag&quot;&gt; Africa-Press - Senegal. Le Premier ministre, Ousmane So ...\" \/>\n<meta property=\"og:url\" content=\"https:\/\/www.africa-press.net\/senegal\/politique\/digitalisation-de-ladministration-sonko-exige-un-plan\" \/>\n<meta property=\"og:site_name\" content=\"Senegal\" \/>\n<meta property=\"article:published_time\" content=\"2026-04-29T23:32:27+00:00\" \/>\n<meta property=\"article:modified_time\" content=\"2026-04-29T23:44:35+00:00\" \/>\n<meta property=\"og:image\" content=\"https:\/\/static.africa-press.net\/senegal\/sites\/13\/2026\/04\/sm_1777506177.251332.jpg\" \/>\n\t<meta property=\"og:image:width\" content=\"1260\" \/>\n\t<meta property=\"og:image:height\" content=\"800\" \/>\n\t<meta property=\"og:image:type\" content=\"image\/jpeg\" \/>\n<meta name=\"author\" content=\"cfeditorfr\" \/>\n<meta name=\"twitter:card\" content=\"summary_large_image\" \/>\n<meta name=\"twitter:label1\" content=\"\u00c9crit par\" \/>\n\t<meta name=\"twitter:data1\" content=\"cfeditorfr\" \/>\n\t<meta name=\"twitter:label2\" content=\"Dur\u00e9e de lecture estim\u00e9e\" \/>\n\t<meta name=\"twitter:data2\" content=\"2 minutes\" \/>\n<script type=\"application\/ld+json\" class=\"yoast-schema-graph\">{\"@context\":\"https:\/\/schema.org\",\"@graph\":[{\"@type\":\"Article\",\"@id\":\"https:\/\/www.africa-press.net\/senegal\/politique\/digitalisation-de-ladministration-sonko-exige-un-plan#article\",\"isPartOf\":{\"@id\":\"https:\/\/www.africa-press.net\/senegal\/politique\/digitalisation-de-ladministration-sonko-exige-un-plan\"},\"author\":{\"name\":\"cfeditorfr\",\"@id\":\"https:\/\/www.africa-press.net\/senegal\/#\/schema\/person\/2b1cf3cd81a31e3cd26889ca66d677f1\"},\"headline\":\"Digitalisation de L&rsquo;Administration: Sonko Exige un Plan\",\"datePublished\":\"2026-04-29T23:32:27+00:00\",\"dateModified\":\"2026-04-29T23:44:35+00:00\",\"mainEntityOfPage\":{\"@id\":\"https:\/\/www.africa-press.net\/senegal\/politique\/digitalisation-de-ladministration-sonko-exige-un-plan\"},\"wordCount\":207,\"commentCount\":0,\"image\":{\"@id\":\"https:\/\/www.africa-press.net\/senegal\/politique\/digitalisation-de-ladministration-sonko-exige-un-plan#primaryimage\"},\"thumbnailUrl\":\"https:\/\/static.africa-press.net\/senegal\/sites\/13\/2026\/04\/sm_1777506177.251332.jpg\",\"keywords\":[\"Senegal\"],\"articleSection\":[\"Politique\",\"Top Nouvelles\",\"Toutes les actualit\u00e9s\"],\"inLanguage\":\"fr-FR\",\"potentialAction\":[{\"@type\":\"CommentAction\",\"name\":\"Comment\",\"target\":[\"https:\/\/www.africa-press.net\/senegal\/politique\/digitalisation-de-ladministration-sonko-exige-un-plan#respond\"]}]},{\"@type\":\"WebPage\",\"@id\":\"https:\/\/www.africa-press.net\/senegal\/politique\/digitalisation-de-ladministration-sonko-exige-un-plan\",\"url\":\"https:\/\/www.africa-press.net\/senegal\/politique\/digitalisation-de-ladministration-sonko-exige-un-plan\",\"name\":\"Digitalisation de L'Administration: Sonko Exige un Plan - Senegal\",\"isPartOf\":{\"@id\":\"https:\/\/www.africa-press.net\/senegal\/#website\"},\"primaryImageOfPage\":{\"@id\":\"https:\/\/www.africa-press.net\/senegal\/politique\/digitalisation-de-ladministration-sonko-exige-un-plan#primaryimage\"},\"image\":{\"@id\":\"https:\/\/www.africa-press.net\/senegal\/politique\/digitalisation-de-ladministration-sonko-exige-un-plan#primaryimage\"},\"thumbnailUrl\":\"https:\/\/static.africa-press.net\/senegal\/sites\/13\/2026\/04\/sm_1777506177.251332.jpg\",\"datePublished\":\"2026-04-29T23:32:27+00:00\",\"dateModified\":\"2026-04-29T23:44:35+00:00\",\"author\":{\"@id\":\"https:\/\/www.africa-press.net\/senegal\/#\/schema\/person\/2b1cf3cd81a31e3cd26889ca66d677f1\"},\"description\":\"-article-header-tag\\\"> Africa-Press - Senegal. Le Premier ministre, Ousmane So ...\",\"breadcrumb\":{\"@id\":\"https:\/\/www.africa-press.net\/senegal\/politique\/digitalisation-de-ladministration-sonko-exige-un-plan#breadcrumb\"},\"inLanguage\":\"fr-FR\",\"potentialAction\":[{\"@type\":\"ReadAction\",\"target\":[\"https:\/\/www.africa-press.net\/senegal\/politique\/digitalisation-de-ladministration-sonko-exige-un-plan\"]}]},{\"@type\":\"ImageObject\",\"inLanguage\":\"fr-FR\",\"@id\":\"https:\/\/www.africa-press.net\/senegal\/politique\/digitalisation-de-ladministration-sonko-exige-un-plan#primaryimage\",\"url\":\"https:\/\/static.africa-press.net\/senegal\/sites\/13\/2026\/04\/sm_1777506177.251332.jpg\",\"contentUrl\":\"https:\/\/static.africa-press.net\/senegal\/sites\/13\/2026\/04\/sm_1777506177.251332.jpg\",\"width\":1260,\"height\":800,\"caption\":\"Digitalisation de L'Administration: Sonko Exige un Plan\"},{\"@type\":\"BreadcrumbList\",\"@id\":\"https:\/\/www.africa-press.net\/senegal\/politique\/digitalisation-de-ladministration-sonko-exige-un-plan#breadcrumb\",\"itemListElement\":[{\"@type\":\"ListItem\",\"position\":1,\"name\":\"Accueil\",\"item\":\"https:\/\/www.africa-press.net\/senegal\/\"},{\"@type\":\"ListItem\",\"position\":2,\"name\":\"Digitalisation de L&#8217;Administration: Sonko Exige un Plan\"}]},{\"@type\":\"WebSite\",\"@id\":\"https:\/\/www.africa-press.net\/senegal\/#website\",\"url\":\"https:\/\/www.africa-press.net\/senegal\/\",\"name\":\"Africa Press | Senegal | Homepage\",\"description\":\"Just another Africa News Agency Sites site\",\"potentialAction\":[{\"@type\":\"SearchAction\",\"target\":{\"@type\":\"EntryPoint\",\"urlTemplate\":\"https:\/\/www.africa-press.net\/senegal\/?s={search_term_string}\"},\"query-input\":{\"@type\":\"PropertyValueSpecification\",\"valueRequired\":true,\"valueName\":\"search_term_string\"}}],\"inLanguage\":\"fr-FR\"},{\"@type\":\"Person\",\"@id\":\"https:\/\/www.africa-press.net\/senegal\/#\/schema\/person\/2b1cf3cd81a31e3cd26889ca66d677f1\",\"name\":\"cfeditorfr\",\"url\":\"https:\/\/www.africa-press.net\/senegal\/author\/cfeditorfr\"}]}<\/script>\n<!-- \/ Yoast SEO Premium plugin. -->","yoast_head_json":{"title":"Digitalisation de L'Administration: Sonko Exige un Plan - Senegal","description":"-article-header-tag\"> Africa-Press - Senegal. Le Premier ministre, Ousmane So ...","robots":{"index":"index","follow":"follow","max-snippet":"max-snippet:-1","max-image-preview":"max-image-preview:large","max-video-preview":"max-video-preview:-1"},"canonical":"https:\/\/www.africa-press.net\/senegal\/politique\/digitalisation-de-ladministration-sonko-exige-un-plan","og_locale":"fr_FR","og_type":"article","og_title":"Digitalisation de L'Administration: Sonko Exige un Plan","og_description":"-article-header-tag\"> Africa-Press - Senegal. Le Premier ministre, Ousmane So ...","og_url":"https:\/\/www.africa-press.net\/senegal\/politique\/digitalisation-de-ladministration-sonko-exige-un-plan","og_site_name":"Senegal","article_published_time":"2026-04-29T23:32:27+00:00","article_modified_time":"2026-04-29T23:44:35+00:00","og_image":[{"width":1260,"height":800,"url":"https:\/\/static.africa-press.net\/senegal\/sites\/13\/2026\/04\/sm_1777506177.251332.jpg","type":"image\/jpeg"}],"author":"cfeditorfr","twitter_card":"summary_large_image","twitter_misc":{"\u00c9crit par":"cfeditorfr","Dur\u00e9e de lecture estim\u00e9e":"2 minutes"},"schema":{"@context":"https:\/\/schema.org","@graph":[{"@type":"Article","@id":"https:\/\/www.africa-press.net\/senegal\/politique\/digitalisation-de-ladministration-sonko-exige-un-plan#article","isPartOf":{"@id":"https:\/\/www.africa-press.net\/senegal\/politique\/digitalisation-de-ladministration-sonko-exige-un-plan"},"author":{"name":"cfeditorfr","@id":"https:\/\/www.africa-press.net\/senegal\/#\/schema\/person\/2b1cf3cd81a31e3cd26889ca66d677f1"},"headline":"Digitalisation de L&rsquo;Administration: Sonko Exige un Plan","datePublished":"2026-04-29T23:32:27+00:00","dateModified":"2026-04-29T23:44:35+00:00","mainEntityOfPage":{"@id":"https:\/\/www.africa-press.net\/senegal\/politique\/digitalisation-de-ladministration-sonko-exige-un-plan"},"wordCount":207,"commentCount":0,"image":{"@id":"https:\/\/www.africa-press.net\/senegal\/politique\/digitalisation-de-ladministration-sonko-exige-un-plan#primaryimage"},"thumbnailUrl":"https:\/\/static.africa-press.net\/senegal\/sites\/13\/2026\/04\/sm_1777506177.251332.jpg","keywords":["Senegal"],"articleSection":["Politique","Top Nouvelles","Toutes les actualit\u00e9s"],"inLanguage":"fr-FR","potentialAction":[{"@type":"CommentAction","name":"Comment","target":["https:\/\/www.africa-press.net\/senegal\/politique\/digitalisation-de-ladministration-sonko-exige-un-plan#respond"]}]},{"@type":"WebPage","@id":"https:\/\/www.africa-press.net\/senegal\/politique\/digitalisation-de-ladministration-sonko-exige-un-plan","url":"https:\/\/www.africa-press.net\/senegal\/politique\/digitalisation-de-ladministration-sonko-exige-un-plan","name":"Digitalisation de L'Administration: Sonko Exige un Plan - Senegal","isPartOf":{"@id":"https:\/\/www.africa-press.net\/senegal\/#website"},"primaryImageOfPage":{"@id":"https:\/\/www.africa-press.net\/senegal\/politique\/digitalisation-de-ladministration-sonko-exige-un-plan#primaryimage"},"image":{"@id":"https:\/\/www.africa-press.net\/senegal\/politique\/digitalisation-de-ladministration-sonko-exige-un-plan#primaryimage"},"thumbnailUrl":"https:\/\/static.africa-press.net\/senegal\/sites\/13\/2026\/04\/sm_1777506177.251332.jpg","datePublished":"2026-04-29T23:32:27+00:00","dateModified":"2026-04-29T23:44:35+00:00","author":{"@id":"https:\/\/www.africa-press.net\/senegal\/#\/schema\/person\/2b1cf3cd81a31e3cd26889ca66d677f1"},"description":"-article-header-tag\"> Africa-Press - Senegal. Le Premier ministre, Ousmane So ...","breadcrumb":{"@id":"https:\/\/www.africa-press.net\/senegal\/politique\/digitalisation-de-ladministration-sonko-exige-un-plan#breadcrumb"},"inLanguage":"fr-FR","potentialAction":[{"@type":"ReadAction","target":["https:\/\/www.africa-press.net\/senegal\/politique\/digitalisation-de-ladministration-sonko-exige-un-plan"]}]},{"@type":"ImageObject","inLanguage":"fr-FR","@id":"https:\/\/www.africa-press.net\/senegal\/politique\/digitalisation-de-ladministration-sonko-exige-un-plan#primaryimage","url":"https:\/\/static.africa-press.net\/senegal\/sites\/13\/2026\/04\/sm_1777506177.251332.jpg","contentUrl":"https:\/\/static.africa-press.net\/senegal\/sites\/13\/2026\/04\/sm_1777506177.251332.jpg","width":1260,"height":800,"caption":"Digitalisation de L'Administration: Sonko Exige un Plan"},{"@type":"BreadcrumbList","@id":"https:\/\/www.africa-press.net\/senegal\/politique\/digitalisation-de-ladministration-sonko-exige-un-plan#breadcrumb","itemListElement":[{"@type":"ListItem","position":1,"name":"Accueil","item":"https:\/\/www.africa-press.net\/senegal\/"},{"@type":"ListItem","position":2,"name":"Digitalisation de L&#8217;Administration: Sonko Exige un Plan"}]},{"@type":"WebSite","@id":"https:\/\/www.africa-press.net\/senegal\/#website","url":"https:\/\/www.africa-press.net\/senegal\/","name":"Africa Press | Senegal | Homepage","description":"Just another Africa News Agency Sites site","potentialAction":[{"@type":"SearchAction","target":{"@type":"EntryPoint","urlTemplate":"https:\/\/www.africa-press.net\/senegal\/?s={search_term_string}"},"query-input":{"@type":"PropertyValueSpecification","valueRequired":true,"valueName":"search_term_string"}}],"inLanguage":"fr-FR"},{"@type":"Person","@id":"https:\/\/www.africa-press.net\/senegal\/#\/schema\/person\/2b1cf3cd81a31e3cd26889ca66d677f1","name":"cfeditorfr","url":"https:\/\/www.africa-press.net\/senegal\/author\/cfeditorfr"}]}},"_links":{"self":[{"href":"https:\/\/www.africa-press.net\/senegal\/wp-json\/wp\/v2\/posts\/75941","targetHints":{"allow":["GET"]}}],"collection":[{"href":"https:\/\/www.africa-press.net\/senegal\/wp-json\/wp\/v2\/posts"}],"about":[{"href":"https:\/\/www.africa-press.net\/senegal\/wp-json\/wp\/v2\/types\/post"}],"author":[{"embeddable":true,"href":"https:\/\/www.africa-press.net\/senegal\/wp-json\/wp\/v2\/users\/82"}],"replies":[{"embeddable":true,"href":"https:\/\/www.africa-press.net\/senegal\/wp-json\/wp\/v2\/comments?post=75941"}],"version-history":[{"count":1,"href":"https:\/\/www.africa-press.net\/senegal\/wp-json\/wp\/v2\/posts\/75941\/revisions"}],"predecessor-version":[{"id":75947,"href":"https:\/\/www.africa-press.net\/senegal\/wp-json\/wp\/v2\/posts\/75941\/revisions\/75947"}],"wp:featuredmedia":[{"embeddable":true,"href":"https:\/\/www.africa-press.net\/senegal\/wp-json\/wp\/v2\/media\/75940"}],"wp:attachment":[{"href":"https:\/\/www.africa-press.net\/senegal\/wp-json\/wp\/v2\/media?parent=75941"}],"wp:term":[{"taxonomy":"category","embeddable":true,"href":"https:\/\/www.africa-press.net\/senegal\/wp-json\/wp\/v2\/categories?post=75941"},{"taxonomy":"post_tag","embeddable":true,"href":"https:\/\/www.africa-press.net\/senegal\/wp-json\/wp\/v2\/tags?post=75941"}],"curies":[{"name":"wp","href":"https:\/\/api.w.org\/{rel}","templated":true}]}}