{"id":75961,"date":"2026-04-29T12:00:00","date_gmt":"2026-04-29T12:00:00","guid":{"rendered":"https:\/\/www.africa-press.net\/senegal\/politique\/au%e2%80%90dela-du-petrole-et-les-rentes-institutionnelles"},"modified":"2026-04-30T00:25:48","modified_gmt":"2026-04-30T00:25:48","slug":"au%e2%80%90dela-du-petrole-et-les-rentes-institutionnelles","status":"publish","type":"post","link":"https:\/\/www.africa-press.net\/senegal\/economie\/au%e2%80%90dela-du-petrole-et-les-rentes-institutionnelles","title":{"rendered":"Au\u2010Del\u00e0 du P\u00e9trole et les Rentes Institutionnelles"},"content":{"rendered":"<p><b>Aicha Fall<\/b><\/p>\n<p><span class=\"ap-article-header-tag\"> <strong>Africa-Press &#8211; Senegal. <\/strong> <\/span>Lorsqu&rsquo;on parle d&rsquo;e\u0301conomie de rente, l&rsquo;image qui vient imme\u0301diatement a\u0300 l&rsquo;esprit est souvent celle du pe\u0301trole, du gaz ou des ressources minie\u0300res. Pourtant, la rente moderne de\u0301passe largement les matie\u0300res premie\u0300res. Elle peut nai\u0302tre d&rsquo;une licence exclusive, d&rsquo;une position dominante sur un marche\u0301, d&rsquo;un acce\u0300s privile\u0301gie\u0301 a\u0300 la commande publique ou encore d&rsquo;un avantage re\u0301glementaire difficilement accessible aux nouveaux entrants.<\/p>\n<p>Le principe reste simple. Une rente correspond a\u0300 un revenu obtenu moins par l&rsquo;innovation, la productivite\u0301 ou la prise de risque que par la de\u0301tention d&rsquo;un privile\u0300ge e\u0301conomique. Celui qui be\u0301ne\u0301ficie de cette position gagne davantage non parce qu&rsquo;il produit mieux, mais parce qu&rsquo;il contro\u0302le un acce\u0300s rare.<\/p>\n<p>Dans plusieurs e\u0301conomies africaines, cette logique se retrouve bien au-dela\u0300 des industries extractives. Les concessions portuaires, certaines autorisations d&rsquo;importation, les licences de te\u0301le\u0301communications, les marche\u0301s publics re\u0301currents ou encore certains segments de la distribution peuvent fonctionner selon cette logique.<\/p>\n<p>Le secteur des te\u0301le\u0301coms en offre une illustration claire. Obtenir une licence d&rsquo;exploitation dans ce domaine donne acce\u0300s a\u0300 un marche\u0301 a\u0300 forte rentabilite\u0301 et a\u0300 de fortes barrie\u0300res a\u0300 l&rsquo;entre\u0301e. La valeur e\u0301conomique ne repose pas uniquement sur la qualite\u0301 du service, mais aussi sur la rarete\u0301 institutionnelle de l&rsquo;autorisation elle-me\u0302me. Au Se\u0301ne\u0301gal, Sonatel occupe historiquement une position majeure sur ce marche\u0301, dans un environnement ou\u0300 l&rsquo;acce\u0300s reste fortement encadre\u0301.<\/p>\n<p>Le foncier urbain produit e\u0301galement des rentes importantes. Dans certaines capitales comme Dakar ou Abidjan, la de\u0301tention de terrains bien situe\u0301s permet des gains conside\u0301rables sans ne\u0301cessairement passer par une activite\u0301 productive. La rarete\u0301 administrative, les de\u0301cisions d&rsquo;urbanisme ou l&rsquo;acce\u0300s privile\u0301gie\u0301 a\u0300 certaines zones cre\u0301ent une valeur parfois de\u0301connecte\u0301e de l&rsquo;investissement re\u0301el.<\/p>\n<p>Les marche\u0301s publics constituent un autre terrain sensible. Lorsqu&rsquo;un petit nombre d&rsquo;acteurs capte re\u0301gulie\u0300rement les grands contrats d&rsquo;infrastructures, de fourniture ou de services publics, la frontie\u0300re entre performance e\u0301conomique et rente institutionnelle devient parfois floue. La rentabilite\u0301 de\u0301pend alors autant de la proximite\u0301 avec la commande publique que de la compe\u0301titivite\u0301 re\u0301elle.<\/p>\n<p>La fiscalite\u0301 elle-me\u0302me peut parfois renforcer ces me\u0301canismes. Certaines exone\u0301rations cible\u0301es, certains re\u0301gimes de\u0301rogatoires ou protections tarifaires prolonge\u0301es peuvent pre\u0301server durablement des positions acquises sans toujours stimuler l&rsquo;innovation.<\/p>\n<p>Le proble\u0300me e\u0301conomique n&rsquo;est pas seulement moral, il est structurel. Une e\u0301conomie domine\u0301e par la rente tend a\u0300 de\u0301courager la concurrence, ralentir l&rsquo;entre\u0301e de nouveaux acteurs et orienter les investissements vers la captation de privile\u0300ges pluto\u0302t que vers la cre\u0301ation de valeur productive.<\/p>\n<p>Cela pe\u0300se directement sur l&rsquo;industrialisation. Pourquoi investir dans la transformation, la recherche ou l&rsquo;exportation lorsque des revenus plus su\u0302rs existent dans l&rsquo;importation prote\u0301ge\u0301e, la distribution captive ou les marche\u0301s garantis?<\/p>\n<p>La rente moderne ne se voit pas toujours dans les statistiques minie\u0300res ou pe\u0301trolie\u0300res. Elle se niche souvent dans les de\u0301tails re\u0301glementaires, les positions acquises et les barrie\u0300res invisibles qui organisent silencieusement l&rsquo;e\u0301conomie.<\/p>\n<p><b>Source: Seneweb<\/b><\/p>\n<p class=\"ap-article-footer-note\">Retrouvez plus d\u2019actualit\u00e9s et d\u2019analyses sur <span class=\"ap-highlight-country\">Senegal<\/span> sur le site <span class=\"ap-highlight-brand\">Africa Press<\/span><\/p>\n","protected":false},"excerpt":{"rendered":"<p>Aicha Fall Africa-Press &#8211; Senegal. Lorsqu&rsquo;on parle d&rsquo;e\u0301conomie de rente, l&rsquo;image qui vient imme\u0301diatement a\u0300 l&rsquo;esprit est souvent celle du pe\u0301trole, du gaz ou des ressources minie\u0300res. Pourtant, la rente moderne de\u0301passe largement les matie\u0300res premie\u0300res. Elle peut nai\u0302tre d&rsquo;une licence exclusive, d&rsquo;une position dominante sur un marche\u0301, d&rsquo;un acce\u0300s privile\u0301gie\u0301 a\u0300 la commande publique [&hellip;]<\/p>\n","protected":false},"author":82,"featured_media":75960,"comment_status":"open","ping_status":"closed","sticky":false,"template":"","format":"standard","meta":{"footnotes":""},"categories":[7,3,10],"tags":[44],"class_list":["post-75961","post","type-post","status-publish","format-standard","has-post-thumbnail","hentry","category-dossiers","category-economie","category-toutes-les-actualites","tag-senegal-2"],"yoast_head":"<!-- This site is optimized with the Yoast SEO Premium plugin v26.1 (Yoast SEO v27.0) - https:\/\/yoast.com\/product\/yoast-seo-premium-wordpress\/ -->\n<title>Au\u2010Del\u00e0 du P\u00e9trole et les Rentes Institutionnelles - Senegal<\/title>\n<meta name=\"description\" content=\"b&gt; Africa-Press - Senegal. Lorsqu&#039;on pa ...\" \/>\n<meta name=\"robots\" content=\"index, follow, max-snippet:-1, max-image-preview:large, max-video-preview:-1\" \/>\n<link rel=\"canonical\" href=\"https:\/\/www.africa-press.net\/senegal\/economie\/au\u2010dela-du-petrole-et-les-rentes-institutionnelles\" \/>\n<meta property=\"og:locale\" content=\"fr_FR\" \/>\n<meta property=\"og:type\" content=\"article\" \/>\n<meta property=\"og:title\" content=\"Au\u2010Del\u00e0 du P\u00e9trole et les Rentes Institutionnelles\" \/>\n<meta property=\"og:description\" content=\"b&gt; Africa-Press - Senegal. Lorsqu&#039;on pa ...\" \/>\n<meta property=\"og:url\" content=\"https:\/\/www.africa-press.net\/senegal\/economie\/au\u2010dela-du-petrole-et-les-rentes-institutionnelles\" \/>\n<meta property=\"og:site_name\" content=\"Senegal\" \/>\n<meta property=\"article:published_time\" content=\"2026-04-29T12:00:00+00:00\" \/>\n<meta property=\"article:modified_time\" content=\"2026-04-30T00:25:48+00:00\" \/>\n<meta property=\"og:image\" content=\"https:\/\/static.africa-press.net\/senegal\/sites\/13\/2026\/04\/sm_1777508439.891504.jpg\" \/>\n\t<meta property=\"og:image:width\" content=\"1260\" \/>\n\t<meta property=\"og:image:height\" content=\"800\" \/>\n\t<meta property=\"og:image:type\" content=\"image\/jpeg\" \/>\n<meta name=\"author\" content=\"cfeditorfr\" \/>\n<meta name=\"twitter:card\" content=\"summary_large_image\" \/>\n<meta name=\"twitter:label1\" content=\"\u00c9crit par\" \/>\n\t<meta name=\"twitter:data1\" content=\"cfeditorfr\" \/>\n\t<meta name=\"twitter:label2\" content=\"Dur\u00e9e de lecture estim\u00e9e\" \/>\n\t<meta name=\"twitter:data2\" content=\"3 minutes\" \/>\n<script type=\"application\/ld+json\" class=\"yoast-schema-graph\">{\"@context\":\"https:\/\/schema.org\",\"@graph\":[{\"@type\":\"Article\",\"@id\":\"https:\/\/www.africa-press.net\/senegal\/economie\/au%e2%80%90dela-du-petrole-et-les-rentes-institutionnelles#article\",\"isPartOf\":{\"@id\":\"https:\/\/www.africa-press.net\/senegal\/economie\/au%e2%80%90dela-du-petrole-et-les-rentes-institutionnelles\"},\"author\":{\"name\":\"cfeditorfr\",\"@id\":\"https:\/\/www.africa-press.net\/senegal\/#\/schema\/person\/2b1cf3cd81a31e3cd26889ca66d677f1\"},\"headline\":\"Au\u2010Del\u00e0 du P\u00e9trole et les Rentes Institutionnelles\",\"datePublished\":\"2026-04-29T12:00:00+00:00\",\"dateModified\":\"2026-04-30T00:25:48+00:00\",\"mainEntityOfPage\":{\"@id\":\"https:\/\/www.africa-press.net\/senegal\/economie\/au%e2%80%90dela-du-petrole-et-les-rentes-institutionnelles\"},\"wordCount\":599,\"commentCount\":0,\"image\":{\"@id\":\"https:\/\/www.africa-press.net\/senegal\/economie\/au%e2%80%90dela-du-petrole-et-les-rentes-institutionnelles#primaryimage\"},\"thumbnailUrl\":\"https:\/\/static.africa-press.net\/senegal\/sites\/13\/2026\/04\/sm_1777508439.891504.jpg\",\"keywords\":[\"Senegal\"],\"articleSection\":[\"Dossiers\",\"\u00c9conomie\",\"Toutes les actualit\u00e9s\"],\"inLanguage\":\"fr-FR\",\"potentialAction\":[{\"@type\":\"CommentAction\",\"name\":\"Comment\",\"target\":[\"https:\/\/www.africa-press.net\/senegal\/economie\/au%e2%80%90dela-du-petrole-et-les-rentes-institutionnelles#respond\"]}]},{\"@type\":\"WebPage\",\"@id\":\"https:\/\/www.africa-press.net\/senegal\/economie\/au%e2%80%90dela-du-petrole-et-les-rentes-institutionnelles\",\"url\":\"https:\/\/www.africa-press.net\/senegal\/economie\/au%e2%80%90dela-du-petrole-et-les-rentes-institutionnelles\",\"name\":\"Au\u2010Del\u00e0 du P\u00e9trole et les Rentes Institutionnelles - Senegal\",\"isPartOf\":{\"@id\":\"https:\/\/www.africa-press.net\/senegal\/#website\"},\"primaryImageOfPage\":{\"@id\":\"https:\/\/www.africa-press.net\/senegal\/economie\/au%e2%80%90dela-du-petrole-et-les-rentes-institutionnelles#primaryimage\"},\"image\":{\"@id\":\"https:\/\/www.africa-press.net\/senegal\/economie\/au%e2%80%90dela-du-petrole-et-les-rentes-institutionnelles#primaryimage\"},\"thumbnailUrl\":\"https:\/\/static.africa-press.net\/senegal\/sites\/13\/2026\/04\/sm_1777508439.891504.jpg\",\"datePublished\":\"2026-04-29T12:00:00+00:00\",\"dateModified\":\"2026-04-30T00:25:48+00:00\",\"author\":{\"@id\":\"https:\/\/www.africa-press.net\/senegal\/#\/schema\/person\/2b1cf3cd81a31e3cd26889ca66d677f1\"},\"description\":\"b> Africa-Press - Senegal. Lorsqu'on pa ...\",\"breadcrumb\":{\"@id\":\"https:\/\/www.africa-press.net\/senegal\/economie\/au%e2%80%90dela-du-petrole-et-les-rentes-institutionnelles#breadcrumb\"},\"inLanguage\":\"fr-FR\",\"potentialAction\":[{\"@type\":\"ReadAction\",\"target\":[\"https:\/\/www.africa-press.net\/senegal\/economie\/au%e2%80%90dela-du-petrole-et-les-rentes-institutionnelles\"]}]},{\"@type\":\"ImageObject\",\"inLanguage\":\"fr-FR\",\"@id\":\"https:\/\/www.africa-press.net\/senegal\/economie\/au%e2%80%90dela-du-petrole-et-les-rentes-institutionnelles#primaryimage\",\"url\":\"https:\/\/static.africa-press.net\/senegal\/sites\/13\/2026\/04\/sm_1777508439.891504.jpg\",\"contentUrl\":\"https:\/\/static.africa-press.net\/senegal\/sites\/13\/2026\/04\/sm_1777508439.891504.jpg\",\"width\":1260,\"height\":800,\"caption\":\"Au\u2010Del\u00e0 du P\u00e9trole et les Rentes Institutionnelles\"},{\"@type\":\"BreadcrumbList\",\"@id\":\"https:\/\/www.africa-press.net\/senegal\/economie\/au%e2%80%90dela-du-petrole-et-les-rentes-institutionnelles#breadcrumb\",\"itemListElement\":[{\"@type\":\"ListItem\",\"position\":1,\"name\":\"Accueil\",\"item\":\"https:\/\/www.africa-press.net\/senegal\/\"},{\"@type\":\"ListItem\",\"position\":2,\"name\":\"Au\u2010Del\u00e0 du P\u00e9trole et les Rentes Institutionnelles\"}]},{\"@type\":\"WebSite\",\"@id\":\"https:\/\/www.africa-press.net\/senegal\/#website\",\"url\":\"https:\/\/www.africa-press.net\/senegal\/\",\"name\":\"Africa Press | Senegal | Homepage\",\"description\":\"Just another Africa News Agency Sites site\",\"potentialAction\":[{\"@type\":\"SearchAction\",\"target\":{\"@type\":\"EntryPoint\",\"urlTemplate\":\"https:\/\/www.africa-press.net\/senegal\/?s={search_term_string}\"},\"query-input\":{\"@type\":\"PropertyValueSpecification\",\"valueRequired\":true,\"valueName\":\"search_term_string\"}}],\"inLanguage\":\"fr-FR\"},{\"@type\":\"Person\",\"@id\":\"https:\/\/www.africa-press.net\/senegal\/#\/schema\/person\/2b1cf3cd81a31e3cd26889ca66d677f1\",\"name\":\"cfeditorfr\",\"url\":\"https:\/\/www.africa-press.net\/senegal\/author\/cfeditorfr\"}]}<\/script>\n<!-- \/ Yoast SEO Premium plugin. -->","yoast_head_json":{"title":"Au\u2010Del\u00e0 du P\u00e9trole et les Rentes Institutionnelles - Senegal","description":"b> Africa-Press - Senegal. Lorsqu'on pa ...","robots":{"index":"index","follow":"follow","max-snippet":"max-snippet:-1","max-image-preview":"max-image-preview:large","max-video-preview":"max-video-preview:-1"},"canonical":"https:\/\/www.africa-press.net\/senegal\/economie\/au\u2010dela-du-petrole-et-les-rentes-institutionnelles","og_locale":"fr_FR","og_type":"article","og_title":"Au\u2010Del\u00e0 du P\u00e9trole et les Rentes Institutionnelles","og_description":"b> Africa-Press - Senegal. Lorsqu'on pa ...","og_url":"https:\/\/www.africa-press.net\/senegal\/economie\/au\u2010dela-du-petrole-et-les-rentes-institutionnelles","og_site_name":"Senegal","article_published_time":"2026-04-29T12:00:00+00:00","article_modified_time":"2026-04-30T00:25:48+00:00","og_image":[{"width":1260,"height":800,"url":"https:\/\/static.africa-press.net\/senegal\/sites\/13\/2026\/04\/sm_1777508439.891504.jpg","type":"image\/jpeg"}],"author":"cfeditorfr","twitter_card":"summary_large_image","twitter_misc":{"\u00c9crit par":"cfeditorfr","Dur\u00e9e de lecture estim\u00e9e":"3 minutes"},"schema":{"@context":"https:\/\/schema.org","@graph":[{"@type":"Article","@id":"https:\/\/www.africa-press.net\/senegal\/economie\/au%e2%80%90dela-du-petrole-et-les-rentes-institutionnelles#article","isPartOf":{"@id":"https:\/\/www.africa-press.net\/senegal\/economie\/au%e2%80%90dela-du-petrole-et-les-rentes-institutionnelles"},"author":{"name":"cfeditorfr","@id":"https:\/\/www.africa-press.net\/senegal\/#\/schema\/person\/2b1cf3cd81a31e3cd26889ca66d677f1"},"headline":"Au\u2010Del\u00e0 du P\u00e9trole et les Rentes Institutionnelles","datePublished":"2026-04-29T12:00:00+00:00","dateModified":"2026-04-30T00:25:48+00:00","mainEntityOfPage":{"@id":"https:\/\/www.africa-press.net\/senegal\/economie\/au%e2%80%90dela-du-petrole-et-les-rentes-institutionnelles"},"wordCount":599,"commentCount":0,"image":{"@id":"https:\/\/www.africa-press.net\/senegal\/economie\/au%e2%80%90dela-du-petrole-et-les-rentes-institutionnelles#primaryimage"},"thumbnailUrl":"https:\/\/static.africa-press.net\/senegal\/sites\/13\/2026\/04\/sm_1777508439.891504.jpg","keywords":["Senegal"],"articleSection":["Dossiers","\u00c9conomie","Toutes les actualit\u00e9s"],"inLanguage":"fr-FR","potentialAction":[{"@type":"CommentAction","name":"Comment","target":["https:\/\/www.africa-press.net\/senegal\/economie\/au%e2%80%90dela-du-petrole-et-les-rentes-institutionnelles#respond"]}]},{"@type":"WebPage","@id":"https:\/\/www.africa-press.net\/senegal\/economie\/au%e2%80%90dela-du-petrole-et-les-rentes-institutionnelles","url":"https:\/\/www.africa-press.net\/senegal\/economie\/au%e2%80%90dela-du-petrole-et-les-rentes-institutionnelles","name":"Au\u2010Del\u00e0 du P\u00e9trole et les Rentes Institutionnelles - Senegal","isPartOf":{"@id":"https:\/\/www.africa-press.net\/senegal\/#website"},"primaryImageOfPage":{"@id":"https:\/\/www.africa-press.net\/senegal\/economie\/au%e2%80%90dela-du-petrole-et-les-rentes-institutionnelles#primaryimage"},"image":{"@id":"https:\/\/www.africa-press.net\/senegal\/economie\/au%e2%80%90dela-du-petrole-et-les-rentes-institutionnelles#primaryimage"},"thumbnailUrl":"https:\/\/static.africa-press.net\/senegal\/sites\/13\/2026\/04\/sm_1777508439.891504.jpg","datePublished":"2026-04-29T12:00:00+00:00","dateModified":"2026-04-30T00:25:48+00:00","author":{"@id":"https:\/\/www.africa-press.net\/senegal\/#\/schema\/person\/2b1cf3cd81a31e3cd26889ca66d677f1"},"description":"b> Africa-Press - Senegal. Lorsqu'on pa ...","breadcrumb":{"@id":"https:\/\/www.africa-press.net\/senegal\/economie\/au%e2%80%90dela-du-petrole-et-les-rentes-institutionnelles#breadcrumb"},"inLanguage":"fr-FR","potentialAction":[{"@type":"ReadAction","target":["https:\/\/www.africa-press.net\/senegal\/economie\/au%e2%80%90dela-du-petrole-et-les-rentes-institutionnelles"]}]},{"@type":"ImageObject","inLanguage":"fr-FR","@id":"https:\/\/www.africa-press.net\/senegal\/economie\/au%e2%80%90dela-du-petrole-et-les-rentes-institutionnelles#primaryimage","url":"https:\/\/static.africa-press.net\/senegal\/sites\/13\/2026\/04\/sm_1777508439.891504.jpg","contentUrl":"https:\/\/static.africa-press.net\/senegal\/sites\/13\/2026\/04\/sm_1777508439.891504.jpg","width":1260,"height":800,"caption":"Au\u2010Del\u00e0 du P\u00e9trole et les Rentes Institutionnelles"},{"@type":"BreadcrumbList","@id":"https:\/\/www.africa-press.net\/senegal\/economie\/au%e2%80%90dela-du-petrole-et-les-rentes-institutionnelles#breadcrumb","itemListElement":[{"@type":"ListItem","position":1,"name":"Accueil","item":"https:\/\/www.africa-press.net\/senegal\/"},{"@type":"ListItem","position":2,"name":"Au\u2010Del\u00e0 du P\u00e9trole et les Rentes Institutionnelles"}]},{"@type":"WebSite","@id":"https:\/\/www.africa-press.net\/senegal\/#website","url":"https:\/\/www.africa-press.net\/senegal\/","name":"Africa Press | Senegal | Homepage","description":"Just another Africa News Agency Sites site","potentialAction":[{"@type":"SearchAction","target":{"@type":"EntryPoint","urlTemplate":"https:\/\/www.africa-press.net\/senegal\/?s={search_term_string}"},"query-input":{"@type":"PropertyValueSpecification","valueRequired":true,"valueName":"search_term_string"}}],"inLanguage":"fr-FR"},{"@type":"Person","@id":"https:\/\/www.africa-press.net\/senegal\/#\/schema\/person\/2b1cf3cd81a31e3cd26889ca66d677f1","name":"cfeditorfr","url":"https:\/\/www.africa-press.net\/senegal\/author\/cfeditorfr"}]}},"_links":{"self":[{"href":"https:\/\/www.africa-press.net\/senegal\/wp-json\/wp\/v2\/posts\/75961","targetHints":{"allow":["GET"]}}],"collection":[{"href":"https:\/\/www.africa-press.net\/senegal\/wp-json\/wp\/v2\/posts"}],"about":[{"href":"https:\/\/www.africa-press.net\/senegal\/wp-json\/wp\/v2\/types\/post"}],"author":[{"embeddable":true,"href":"https:\/\/www.africa-press.net\/senegal\/wp-json\/wp\/v2\/users\/82"}],"replies":[{"embeddable":true,"href":"https:\/\/www.africa-press.net\/senegal\/wp-json\/wp\/v2\/comments?post=75961"}],"version-history":[{"count":1,"href":"https:\/\/www.africa-press.net\/senegal\/wp-json\/wp\/v2\/posts\/75961\/revisions"}],"predecessor-version":[{"id":75969,"href":"https:\/\/www.africa-press.net\/senegal\/wp-json\/wp\/v2\/posts\/75961\/revisions\/75969"}],"wp:featuredmedia":[{"embeddable":true,"href":"https:\/\/www.africa-press.net\/senegal\/wp-json\/wp\/v2\/media\/75960"}],"wp:attachment":[{"href":"https:\/\/www.africa-press.net\/senegal\/wp-json\/wp\/v2\/media?parent=75961"}],"wp:term":[{"taxonomy":"category","embeddable":true,"href":"https:\/\/www.africa-press.net\/senegal\/wp-json\/wp\/v2\/categories?post=75961"},{"taxonomy":"post_tag","embeddable":true,"href":"https:\/\/www.africa-press.net\/senegal\/wp-json\/wp\/v2\/tags?post=75961"}],"curies":[{"name":"wp","href":"https:\/\/api.w.org\/{rel}","templated":true}]}}