{"id":75992,"date":"2026-04-30T12:10:00","date_gmt":"2026-04-30T12:10:00","guid":{"rendered":"https:\/\/www.africa-press.net\/senegal\/politique\/caf-et-uefa-participation-des-equipes-africaines"},"modified":"2026-04-30T18:38:46","modified_gmt":"2026-04-30T18:38:46","slug":"caf-et-uefa-participation-des-equipes-africaines","status":"publish","type":"post","link":"https:\/\/www.africa-press.net\/senegal\/sports\/caf-et-uefa-participation-des-equipes-africaines","title":{"rendered":"CAF et UEFA: Participation des E\u0301Quipes Africaines"},"content":{"rendered":"<p><span class=\"ap-article-header-tag\"> <strong>Africa-Press &#8211; Senegal. <\/strong> <\/span>Une nouvelle e\u0301tape vient d\u2019e\u0302tre franchie dans les relations entre la Confe\u0301de\u0301ration africaine de football et l&rsquo;UEFA. Les deux instances ont officialise\u0301, mercredi, un protocole d\u2019accord visant a\u0300 renforcer leur coope\u0301ration jusqu\u2019en 2031, en marge du Congre\u0300s de la FIFA a\u0300 Vancouver. Signe\u0301 par Patrice Motsepe et Aleksander Ceferin, ce partenariat couvre plusieurs domaines cle\u0301s, avec un accent particulier sur le de\u0301veloppement du football des jeunes.<\/p>\n<p>La principale innovation re\u0301side dans l\u2019ouverture potentielle des compe\u0301titions de jeunes de l\u2019UEFA a\u0300 certaines se\u0301lections africaines. A\u0300 terme, des e\u0301quipes issues des fe\u0301de\u0301rations membres de la CAF pourraient participer a\u0300 des tournois organise\u0301s conjointement avec leurs homologues europe\u0301ens. Un principe de re\u0301ciprocite\u0301 est e\u0301galement envisage\u0301, avec l\u2019inte\u0301gration d\u2019e\u0301quipes europe\u0301ennes dans des initiatives africaines, a\u0300 l\u2019image du championnat scolaire panafricain.<\/p>\n<p>Une premie\u0300re expe\u0301rimentation a de\u0301ja\u0300 vu le jour avec un tournoi U16 organise\u0301 re\u0301cemment en Serbie. Invite\u0301e pour l\u2019occasion, la Re\u0301publique de\u0301mocratique du Congo a toutefois rencontre\u0301 de se\u0301rieuses difficulte\u0301s. Prive\u0301e d\u2019une partie de ses joueurs et de son encadrement pour des raisons administratives, la se\u0301lection congolaise a subi de lourdes de\u0301faites face a\u0300 la Bie\u0301lorussie, a\u0300 la Serbie et a\u0300 la Suisse. Une expe\u0301rience qui met en lumie\u0300re les de\u0301fis logistiques et organisationnels lie\u0301s a\u0300 ce type d\u2019initiatives.<\/p>\n<p>En multipliant les confrontations entre jeunes talents africains et europe\u0301ens, la CAF espe\u0300re acce\u0301le\u0301rer la progression de ses joueurs et renforcer la compe\u0301titivite\u0301 de ses se\u0301lections. Le partenariat pre\u0301voit e\u0301galement des actions dans la formation des entrai\u0302neurs, l\u2019arbitrage et la gouvernance, avec des programmes e\u0301ducatifs communs.<\/p>\n<p class=\"ap-article-footer-note\">Retrouvez plus d\u2019actualit\u00e9s et d\u2019analyses sur <span class=\"ap-highlight-country\">Senegal<\/span> sur le site <span class=\"ap-highlight-brand\">Africa Press<\/span><\/p>\n","protected":false},"excerpt":{"rendered":"<p>Africa-Press &#8211; Senegal. Une nouvelle e\u0301tape vient d\u2019e\u0302tre franchie dans les relations entre la Confe\u0301de\u0301ration africaine de football et l&rsquo;UEFA. Les deux instances ont officialise\u0301, mercredi, un protocole d\u2019accord visant a\u0300 renforcer leur coope\u0301ration jusqu\u2019en 2031, en marge du Congre\u0300s de la FIFA a\u0300 Vancouver. Signe\u0301 par Patrice Motsepe et Aleksander Ceferin, ce partenariat couvre [&hellip;]<\/p>\n","protected":false},"author":82,"featured_media":75991,"comment_status":"open","ping_status":"closed","sticky":false,"template":"","format":"standard","meta":{"footnotes":""},"categories":[6,10],"tags":[44],"class_list":["post-75992","post","type-post","status-publish","format-standard","has-post-thumbnail","hentry","category-sports","category-toutes-les-actualites","tag-senegal-2"],"yoast_head":"<!-- This site is optimized with the Yoast SEO Premium plugin v26.1 (Yoast SEO v27.0) - https:\/\/yoast.com\/product\/yoast-seo-premium-wordpress\/ -->\n<title>CAF et UEFA: Participation des E\u0301Quipes Africaines - Senegal<\/title>\n<meta name=\"description\" content=\"-article-header-tag&quot;&gt; Africa-Press - Senegal. Une nouvelle e\u0301tape vient d\u2019e\u0302t ...\" \/>\n<meta name=\"robots\" content=\"index, follow, max-snippet:-1, max-image-preview:large, max-video-preview:-1\" \/>\n<link rel=\"canonical\" href=\"https:\/\/www.africa-press.net\/senegal\/sports\/caf-et-uefa-participation-des-equipes-africaines\" \/>\n<meta property=\"og:locale\" content=\"fr_FR\" \/>\n<meta property=\"og:type\" content=\"article\" \/>\n<meta property=\"og:title\" content=\"CAF et UEFA: Participation des E\u0301Quipes Africaines\" \/>\n<meta property=\"og:description\" content=\"-article-header-tag&quot;&gt; Africa-Press - Senegal. Une nouvelle e\u0301tape vient d\u2019e\u0302t ...\" \/>\n<meta property=\"og:url\" content=\"https:\/\/www.africa-press.net\/senegal\/sports\/caf-et-uefa-participation-des-equipes-africaines\" \/>\n<meta property=\"og:site_name\" content=\"Senegal\" \/>\n<meta property=\"article:published_time\" content=\"2026-04-30T12:10:00+00:00\" \/>\n<meta property=\"article:modified_time\" content=\"2026-04-30T18:38:46+00:00\" \/>\n<meta property=\"og:image\" content=\"https:\/\/static.africa-press.net\/senegal\/sites\/13\/2026\/04\/sm_1777574173.920439.jpg\" \/>\n\t<meta property=\"og:image:width\" content=\"1260\" \/>\n\t<meta property=\"og:image:height\" content=\"800\" \/>\n\t<meta property=\"og:image:type\" content=\"image\/jpeg\" \/>\n<meta name=\"author\" content=\"cfeditorfr\" \/>\n<meta name=\"twitter:card\" content=\"summary_large_image\" \/>\n<meta name=\"twitter:label1\" content=\"\u00c9crit par\" \/>\n\t<meta name=\"twitter:data1\" content=\"cfeditorfr\" \/>\n\t<meta name=\"twitter:label2\" content=\"Dur\u00e9e de lecture estim\u00e9e\" \/>\n\t<meta name=\"twitter:data2\" content=\"2 minutes\" \/>\n<script type=\"application\/ld+json\" class=\"yoast-schema-graph\">{\"@context\":\"https:\/\/schema.org\",\"@graph\":[{\"@type\":\"Article\",\"@id\":\"https:\/\/www.africa-press.net\/senegal\/sports\/caf-et-uefa-participation-des-equipes-africaines#article\",\"isPartOf\":{\"@id\":\"https:\/\/www.africa-press.net\/senegal\/sports\/caf-et-uefa-participation-des-equipes-africaines\"},\"author\":{\"name\":\"cfeditorfr\",\"@id\":\"https:\/\/www.africa-press.net\/senegal\/#\/schema\/person\/2b1cf3cd81a31e3cd26889ca66d677f1\"},\"headline\":\"CAF et UEFA: Participation des E\u0301Quipes Africaines\",\"datePublished\":\"2026-04-30T12:10:00+00:00\",\"dateModified\":\"2026-04-30T18:38:46+00:00\",\"mainEntityOfPage\":{\"@id\":\"https:\/\/www.africa-press.net\/senegal\/sports\/caf-et-uefa-participation-des-equipes-africaines\"},\"wordCount\":337,\"commentCount\":0,\"image\":{\"@id\":\"https:\/\/www.africa-press.net\/senegal\/sports\/caf-et-uefa-participation-des-equipes-africaines#primaryimage\"},\"thumbnailUrl\":\"https:\/\/static.africa-press.net\/senegal\/sites\/13\/2026\/04\/sm_1777574173.920439.jpg\",\"keywords\":[\"Senegal\"],\"articleSection\":[\"Sports\",\"Toutes les actualit\u00e9s\"],\"inLanguage\":\"fr-FR\",\"potentialAction\":[{\"@type\":\"CommentAction\",\"name\":\"Comment\",\"target\":[\"https:\/\/www.africa-press.net\/senegal\/sports\/caf-et-uefa-participation-des-equipes-africaines#respond\"]}]},{\"@type\":\"WebPage\",\"@id\":\"https:\/\/www.africa-press.net\/senegal\/sports\/caf-et-uefa-participation-des-equipes-africaines\",\"url\":\"https:\/\/www.africa-press.net\/senegal\/sports\/caf-et-uefa-participation-des-equipes-africaines\",\"name\":\"CAF et UEFA: Participation des E\u0301Quipes Africaines - Senegal\",\"isPartOf\":{\"@id\":\"https:\/\/www.africa-press.net\/senegal\/#website\"},\"primaryImageOfPage\":{\"@id\":\"https:\/\/www.africa-press.net\/senegal\/sports\/caf-et-uefa-participation-des-equipes-africaines#primaryimage\"},\"image\":{\"@id\":\"https:\/\/www.africa-press.net\/senegal\/sports\/caf-et-uefa-participation-des-equipes-africaines#primaryimage\"},\"thumbnailUrl\":\"https:\/\/static.africa-press.net\/senegal\/sites\/13\/2026\/04\/sm_1777574173.920439.jpg\",\"datePublished\":\"2026-04-30T12:10:00+00:00\",\"dateModified\":\"2026-04-30T18:38:46+00:00\",\"author\":{\"@id\":\"https:\/\/www.africa-press.net\/senegal\/#\/schema\/person\/2b1cf3cd81a31e3cd26889ca66d677f1\"},\"description\":\"-article-header-tag\\\"> Africa-Press - Senegal. Une nouvelle e\u0301tape vient d\u2019e\u0302t ...\",\"breadcrumb\":{\"@id\":\"https:\/\/www.africa-press.net\/senegal\/sports\/caf-et-uefa-participation-des-equipes-africaines#breadcrumb\"},\"inLanguage\":\"fr-FR\",\"potentialAction\":[{\"@type\":\"ReadAction\",\"target\":[\"https:\/\/www.africa-press.net\/senegal\/sports\/caf-et-uefa-participation-des-equipes-africaines\"]}]},{\"@type\":\"ImageObject\",\"inLanguage\":\"fr-FR\",\"@id\":\"https:\/\/www.africa-press.net\/senegal\/sports\/caf-et-uefa-participation-des-equipes-africaines#primaryimage\",\"url\":\"https:\/\/static.africa-press.net\/senegal\/sites\/13\/2026\/04\/sm_1777574173.920439.jpg\",\"contentUrl\":\"https:\/\/static.africa-press.net\/senegal\/sites\/13\/2026\/04\/sm_1777574173.920439.jpg\",\"width\":1260,\"height\":800,\"caption\":\"CAF et UEFA: Participation des E\u0301Quipes Africaines\"},{\"@type\":\"BreadcrumbList\",\"@id\":\"https:\/\/www.africa-press.net\/senegal\/sports\/caf-et-uefa-participation-des-equipes-africaines#breadcrumb\",\"itemListElement\":[{\"@type\":\"ListItem\",\"position\":1,\"name\":\"Accueil\",\"item\":\"https:\/\/www.africa-press.net\/senegal\/\"},{\"@type\":\"ListItem\",\"position\":2,\"name\":\"CAF et UEFA: Participation des E\u0301Quipes Africaines\"}]},{\"@type\":\"WebSite\",\"@id\":\"https:\/\/www.africa-press.net\/senegal\/#website\",\"url\":\"https:\/\/www.africa-press.net\/senegal\/\",\"name\":\"Africa Press | Senegal | Homepage\",\"description\":\"Just another Africa News Agency Sites site\",\"potentialAction\":[{\"@type\":\"SearchAction\",\"target\":{\"@type\":\"EntryPoint\",\"urlTemplate\":\"https:\/\/www.africa-press.net\/senegal\/?s={search_term_string}\"},\"query-input\":{\"@type\":\"PropertyValueSpecification\",\"valueRequired\":true,\"valueName\":\"search_term_string\"}}],\"inLanguage\":\"fr-FR\"},{\"@type\":\"Person\",\"@id\":\"https:\/\/www.africa-press.net\/senegal\/#\/schema\/person\/2b1cf3cd81a31e3cd26889ca66d677f1\",\"name\":\"cfeditorfr\",\"url\":\"https:\/\/www.africa-press.net\/senegal\/author\/cfeditorfr\"}]}<\/script>\n<!-- \/ Yoast SEO Premium plugin. -->","yoast_head_json":{"title":"CAF et UEFA: Participation des E\u0301Quipes Africaines - Senegal","description":"-article-header-tag\"> Africa-Press - Senegal. Une nouvelle e\u0301tape vient d\u2019e\u0302t ...","robots":{"index":"index","follow":"follow","max-snippet":"max-snippet:-1","max-image-preview":"max-image-preview:large","max-video-preview":"max-video-preview:-1"},"canonical":"https:\/\/www.africa-press.net\/senegal\/sports\/caf-et-uefa-participation-des-equipes-africaines","og_locale":"fr_FR","og_type":"article","og_title":"CAF et UEFA: Participation des E\u0301Quipes Africaines","og_description":"-article-header-tag\"> Africa-Press - Senegal. Une nouvelle e\u0301tape vient d\u2019e\u0302t ...","og_url":"https:\/\/www.africa-press.net\/senegal\/sports\/caf-et-uefa-participation-des-equipes-africaines","og_site_name":"Senegal","article_published_time":"2026-04-30T12:10:00+00:00","article_modified_time":"2026-04-30T18:38:46+00:00","og_image":[{"width":1260,"height":800,"url":"https:\/\/static.africa-press.net\/senegal\/sites\/13\/2026\/04\/sm_1777574173.920439.jpg","type":"image\/jpeg"}],"author":"cfeditorfr","twitter_card":"summary_large_image","twitter_misc":{"\u00c9crit par":"cfeditorfr","Dur\u00e9e de lecture estim\u00e9e":"2 minutes"},"schema":{"@context":"https:\/\/schema.org","@graph":[{"@type":"Article","@id":"https:\/\/www.africa-press.net\/senegal\/sports\/caf-et-uefa-participation-des-equipes-africaines#article","isPartOf":{"@id":"https:\/\/www.africa-press.net\/senegal\/sports\/caf-et-uefa-participation-des-equipes-africaines"},"author":{"name":"cfeditorfr","@id":"https:\/\/www.africa-press.net\/senegal\/#\/schema\/person\/2b1cf3cd81a31e3cd26889ca66d677f1"},"headline":"CAF et UEFA: Participation des E\u0301Quipes Africaines","datePublished":"2026-04-30T12:10:00+00:00","dateModified":"2026-04-30T18:38:46+00:00","mainEntityOfPage":{"@id":"https:\/\/www.africa-press.net\/senegal\/sports\/caf-et-uefa-participation-des-equipes-africaines"},"wordCount":337,"commentCount":0,"image":{"@id":"https:\/\/www.africa-press.net\/senegal\/sports\/caf-et-uefa-participation-des-equipes-africaines#primaryimage"},"thumbnailUrl":"https:\/\/static.africa-press.net\/senegal\/sites\/13\/2026\/04\/sm_1777574173.920439.jpg","keywords":["Senegal"],"articleSection":["Sports","Toutes les actualit\u00e9s"],"inLanguage":"fr-FR","potentialAction":[{"@type":"CommentAction","name":"Comment","target":["https:\/\/www.africa-press.net\/senegal\/sports\/caf-et-uefa-participation-des-equipes-africaines#respond"]}]},{"@type":"WebPage","@id":"https:\/\/www.africa-press.net\/senegal\/sports\/caf-et-uefa-participation-des-equipes-africaines","url":"https:\/\/www.africa-press.net\/senegal\/sports\/caf-et-uefa-participation-des-equipes-africaines","name":"CAF et UEFA: Participation des E\u0301Quipes Africaines - Senegal","isPartOf":{"@id":"https:\/\/www.africa-press.net\/senegal\/#website"},"primaryImageOfPage":{"@id":"https:\/\/www.africa-press.net\/senegal\/sports\/caf-et-uefa-participation-des-equipes-africaines#primaryimage"},"image":{"@id":"https:\/\/www.africa-press.net\/senegal\/sports\/caf-et-uefa-participation-des-equipes-africaines#primaryimage"},"thumbnailUrl":"https:\/\/static.africa-press.net\/senegal\/sites\/13\/2026\/04\/sm_1777574173.920439.jpg","datePublished":"2026-04-30T12:10:00+00:00","dateModified":"2026-04-30T18:38:46+00:00","author":{"@id":"https:\/\/www.africa-press.net\/senegal\/#\/schema\/person\/2b1cf3cd81a31e3cd26889ca66d677f1"},"description":"-article-header-tag\"> Africa-Press - Senegal. Une nouvelle e\u0301tape vient d\u2019e\u0302t ...","breadcrumb":{"@id":"https:\/\/www.africa-press.net\/senegal\/sports\/caf-et-uefa-participation-des-equipes-africaines#breadcrumb"},"inLanguage":"fr-FR","potentialAction":[{"@type":"ReadAction","target":["https:\/\/www.africa-press.net\/senegal\/sports\/caf-et-uefa-participation-des-equipes-africaines"]}]},{"@type":"ImageObject","inLanguage":"fr-FR","@id":"https:\/\/www.africa-press.net\/senegal\/sports\/caf-et-uefa-participation-des-equipes-africaines#primaryimage","url":"https:\/\/static.africa-press.net\/senegal\/sites\/13\/2026\/04\/sm_1777574173.920439.jpg","contentUrl":"https:\/\/static.africa-press.net\/senegal\/sites\/13\/2026\/04\/sm_1777574173.920439.jpg","width":1260,"height":800,"caption":"CAF et UEFA: Participation des E\u0301Quipes Africaines"},{"@type":"BreadcrumbList","@id":"https:\/\/www.africa-press.net\/senegal\/sports\/caf-et-uefa-participation-des-equipes-africaines#breadcrumb","itemListElement":[{"@type":"ListItem","position":1,"name":"Accueil","item":"https:\/\/www.africa-press.net\/senegal\/"},{"@type":"ListItem","position":2,"name":"CAF et UEFA: Participation des E\u0301Quipes Africaines"}]},{"@type":"WebSite","@id":"https:\/\/www.africa-press.net\/senegal\/#website","url":"https:\/\/www.africa-press.net\/senegal\/","name":"Africa Press | Senegal | Homepage","description":"Just another Africa News Agency Sites site","potentialAction":[{"@type":"SearchAction","target":{"@type":"EntryPoint","urlTemplate":"https:\/\/www.africa-press.net\/senegal\/?s={search_term_string}"},"query-input":{"@type":"PropertyValueSpecification","valueRequired":true,"valueName":"search_term_string"}}],"inLanguage":"fr-FR"},{"@type":"Person","@id":"https:\/\/www.africa-press.net\/senegal\/#\/schema\/person\/2b1cf3cd81a31e3cd26889ca66d677f1","name":"cfeditorfr","url":"https:\/\/www.africa-press.net\/senegal\/author\/cfeditorfr"}]}},"_links":{"self":[{"href":"https:\/\/www.africa-press.net\/senegal\/wp-json\/wp\/v2\/posts\/75992","targetHints":{"allow":["GET"]}}],"collection":[{"href":"https:\/\/www.africa-press.net\/senegal\/wp-json\/wp\/v2\/posts"}],"about":[{"href":"https:\/\/www.africa-press.net\/senegal\/wp-json\/wp\/v2\/types\/post"}],"author":[{"embeddable":true,"href":"https:\/\/www.africa-press.net\/senegal\/wp-json\/wp\/v2\/users\/82"}],"replies":[{"embeddable":true,"href":"https:\/\/www.africa-press.net\/senegal\/wp-json\/wp\/v2\/comments?post=75992"}],"version-history":[{"count":1,"href":"https:\/\/www.africa-press.net\/senegal\/wp-json\/wp\/v2\/posts\/75992\/revisions"}],"predecessor-version":[{"id":75994,"href":"https:\/\/www.africa-press.net\/senegal\/wp-json\/wp\/v2\/posts\/75992\/revisions\/75994"}],"wp:featuredmedia":[{"embeddable":true,"href":"https:\/\/www.africa-press.net\/senegal\/wp-json\/wp\/v2\/media\/75991"}],"wp:attachment":[{"href":"https:\/\/www.africa-press.net\/senegal\/wp-json\/wp\/v2\/media?parent=75992"}],"wp:term":[{"taxonomy":"category","embeddable":true,"href":"https:\/\/www.africa-press.net\/senegal\/wp-json\/wp\/v2\/categories?post=75992"},{"taxonomy":"post_tag","embeddable":true,"href":"https:\/\/www.africa-press.net\/senegal\/wp-json\/wp\/v2\/tags?post=75992"}],"curies":[{"name":"wp","href":"https:\/\/api.w.org\/{rel}","templated":true}]}}