{"id":76523,"date":"2026-08-18T20:28:51","date_gmt":"2026-08-18T20:28:51","guid":{"rendered":"https:\/\/www.africa-press.net\/senegal\/politique\/le-fmi-discute-dun-nouveau-pret-avec-le-senegal"},"modified":"2026-08-18T21:24:59","modified_gmt":"2026-08-18T21:24:59","slug":"le-fmi-discute-dun-nouveau-pret-avec-le-senegal","status":"publish","type":"post","link":"https:\/\/www.africa-press.net\/senegal\/economie\/le-fmi-discute-dun-nouveau-pret-avec-le-senegal","title":{"rendered":"Le FMI Discute D\u2019Un Nouveau Pr\u00eat avec le S\u00e9n\u00e9gal"},"content":{"rendered":"<p><span class=\"ap-article-header-tag\"> <strong>Africa-Press &#8211; Senegal. <\/strong> <\/span>Le FMI a annonce\u0301 que ses employe\u0301s visiteront le Se\u0301ne\u0301gal du 19 aou\u0302t au 1er septembre pour poursuivre les discussions sur les politiques et re\u0301formes pouvant e\u0302tre soutenues par un nouvel accord de pre\u0302t.<\/p>\n<p>Cette visite de deux semaines, effectue\u0301e par une e\u0301quipe comple\u0300te du FMI, refle\u0300te les progre\u0300s re\u0301alise\u0301s vers un nouveau programme de pre\u0302t pour le Se\u0301ne\u0301gal et comprendra des discussions techniques supple\u0301mentaires, selon une source informe\u0301e sur les discussions.<\/p>\n<p>Le 3 aou\u0302t, un porte-parole du FMI a de\u0301clare\u0301: \u00ab\u00a0Les employe\u0301s du fonds sont pre\u0302ts pour la visite de\u0300s que les autorite\u0301s annonceront leur disponibilite\u0301 pour la prochaine phase des discussions.\u00a0\u00bb<\/p>\n<p>Cette visite sera la dernie\u0300re dans le cadre des efforts pour re\u0301soudre le proble\u0300me de manipulation des rapports sur la dette, re\u0301ve\u0301le\u0301 en 2024, qui a conduit a\u0300 la suspension du programme pre\u0301ce\u0301dent du FMI.<\/p>\n<p>Deux sources ont rapporte\u0301 que le ministre des Finances se\u0301ne\u0301galais en charge de la Chine, principal cre\u0301ancier bilate\u0301ral du pays, l&rsquo;a visite\u0301e la semaine dernie\u0300re. Le Se\u0301ne\u0301gal et le FMI travaillent sur le dossier de la dette depuis 2024, lorsque les dirigeants nouvellement e\u0301lus ont re\u0301ve\u0301le\u0301 un montant de dettes beaucoup plus e\u0301leve\u0301 que ce qui avait e\u0301te\u0301 pre\u0301ce\u0301demment annonce\u0301.<\/p>\n<p class=\"ap-article-footer-note\">Retrouvez plus d\u2019actualit\u00e9s et d\u2019analyses sur <span class=\"ap-highlight-country\">Senegal<\/span> sur le site <span class=\"ap-highlight-brand\">Africa Press<\/span><\/p>\n","protected":false},"excerpt":{"rendered":"<p>Africa-Press &#8211; Senegal. Le FMI a annonce\u0301 que ses employe\u0301s visiteront le Se\u0301ne\u0301gal du 19 aou\u0302t au 1er septembre pour poursuivre les discussions sur les politiques et re\u0301formes pouvant e\u0302tre soutenues par un nouvel accord de pre\u0302t. Cette visite de deux semaines, effectue\u0301e par une e\u0301quipe comple\u0300te du FMI, refle\u0300te les progre\u0300s re\u0301alise\u0301s vers un [&hellip;]<\/p>\n","protected":false},"author":82,"featured_media":76522,"comment_status":"open","ping_status":"closed","sticky":false,"template":"","format":"standard","meta":{"footnotes":""},"categories":[3,20,10],"tags":[44],"class_list":["post-76523","post","type-post","status-publish","format-standard","has-post-thumbnail","hentry","category-economie","category-top-nouvelles","category-toutes-les-actualites","tag-senegal-2"],"yoast_head":"<!-- This site is optimized with the Yoast SEO Premium plugin v26.1 (Yoast SEO v27.0) - https:\/\/yoast.com\/product\/yoast-seo-premium-wordpress\/ -->\n<title>Le FMI Discute D\u2019Un Nouveau Pr\u00eat avec le S\u00e9n\u00e9gal - Senegal<\/title>\n<meta name=\"description\" content=\"Le FMI a annonce\u0301 que ses employe\u0301s visiteront le Se\u0301ne\u0301gal du 19 aou\u0302t au 1er septembre pour poursuivre\" \/>\n<meta name=\"robots\" content=\"index, follow, max-snippet:-1, max-image-preview:large, max-video-preview:-1\" \/>\n<link rel=\"canonical\" href=\"https:\/\/www.africa-press.net\/senegal\/economie\/le-fmi-discute-dun-nouveau-pret-avec-le-senegal\" \/>\n<meta property=\"og:locale\" content=\"fr_FR\" \/>\n<meta property=\"og:type\" content=\"article\" \/>\n<meta property=\"og:title\" content=\"Le FMI Discute D\u2019Un Nouveau Pr\u00eat avec le S\u00e9n\u00e9gal\" \/>\n<meta property=\"og:description\" content=\"Le FMI a annonce\u0301 que ses employe\u0301s visiteront le Se\u0301ne\u0301gal du 19 aou\u0302t au 1er septembre pour poursuivre\" \/>\n<meta property=\"og:url\" content=\"https:\/\/www.africa-press.net\/senegal\/economie\/le-fmi-discute-dun-nouveau-pret-avec-le-senegal\" \/>\n<meta property=\"og:site_name\" content=\"Senegal\" \/>\n<meta property=\"article:published_time\" content=\"2026-08-18T20:28:51+00:00\" \/>\n<meta property=\"article:modified_time\" content=\"2026-08-18T21:24:59+00:00\" \/>\n<meta property=\"og:image\" content=\"https:\/\/static.africa-press.net\/senegal\/sites\/13\/2026\/08\/sm_1787088148.144899.jpg\" \/>\n\t<meta property=\"og:image:width\" content=\"720\" \/>\n\t<meta property=\"og:image:height\" content=\"404\" \/>\n\t<meta property=\"og:image:type\" content=\"image\/jpeg\" \/>\n<meta name=\"author\" content=\"cfeditorfr\" \/>\n<meta name=\"twitter:card\" content=\"summary_large_image\" \/>\n<meta name=\"twitter:label1\" content=\"\u00c9crit par\" \/>\n\t<meta name=\"twitter:data1\" content=\"cfeditorfr\" \/>\n\t<meta name=\"twitter:label2\" content=\"Dur\u00e9e de lecture estim\u00e9e\" \/>\n\t<meta name=\"twitter:data2\" content=\"2 minutes\" \/>\n<script type=\"application\/ld+json\" class=\"yoast-schema-graph\">{\"@context\":\"https:\/\/schema.org\",\"@graph\":[{\"@type\":\"Article\",\"@id\":\"https:\/\/www.africa-press.net\/senegal\/economie\/le-fmi-discute-dun-nouveau-pret-avec-le-senegal#article\",\"isPartOf\":{\"@id\":\"https:\/\/www.africa-press.net\/senegal\/economie\/le-fmi-discute-dun-nouveau-pret-avec-le-senegal\"},\"author\":{\"name\":\"cfeditorfr\",\"@id\":\"https:\/\/www.africa-press.net\/senegal\/#\/schema\/person\/2b1cf3cd81a31e3cd26889ca66d677f1\"},\"headline\":\"Le FMI Discute D\u2019Un Nouveau Pr\u00eat avec le S\u00e9n\u00e9gal\",\"datePublished\":\"2026-08-18T20:28:51+00:00\",\"dateModified\":\"2026-08-18T21:24:59+00:00\",\"mainEntityOfPage\":{\"@id\":\"https:\/\/www.africa-press.net\/senegal\/economie\/le-fmi-discute-dun-nouveau-pret-avec-le-senegal\"},\"wordCount\":273,\"commentCount\":0,\"image\":{\"@id\":\"https:\/\/www.africa-press.net\/senegal\/economie\/le-fmi-discute-dun-nouveau-pret-avec-le-senegal#primaryimage\"},\"thumbnailUrl\":\"https:\/\/static.africa-press.net\/senegal\/sites\/13\/2026\/08\/sm_1787088148.144899.jpg\",\"keywords\":[\"Senegal\"],\"articleSection\":[\"\u00c9conomie\",\"Top Nouvelles\",\"Toutes les actualit\u00e9s\"],\"inLanguage\":\"fr-FR\",\"potentialAction\":[{\"@type\":\"CommentAction\",\"name\":\"Comment\",\"target\":[\"https:\/\/www.africa-press.net\/senegal\/economie\/le-fmi-discute-dun-nouveau-pret-avec-le-senegal#respond\"]}]},{\"@type\":\"WebPage\",\"@id\":\"https:\/\/www.africa-press.net\/senegal\/economie\/le-fmi-discute-dun-nouveau-pret-avec-le-senegal\",\"url\":\"https:\/\/www.africa-press.net\/senegal\/economie\/le-fmi-discute-dun-nouveau-pret-avec-le-senegal\",\"name\":\"Le FMI Discute D\u2019Un Nouveau Pr\u00eat avec le S\u00e9n\u00e9gal - Senegal\",\"isPartOf\":{\"@id\":\"https:\/\/www.africa-press.net\/senegal\/#website\"},\"primaryImageOfPage\":{\"@id\":\"https:\/\/www.africa-press.net\/senegal\/economie\/le-fmi-discute-dun-nouveau-pret-avec-le-senegal#primaryimage\"},\"image\":{\"@id\":\"https:\/\/www.africa-press.net\/senegal\/economie\/le-fmi-discute-dun-nouveau-pret-avec-le-senegal#primaryimage\"},\"thumbnailUrl\":\"https:\/\/static.africa-press.net\/senegal\/sites\/13\/2026\/08\/sm_1787088148.144899.jpg\",\"datePublished\":\"2026-08-18T20:28:51+00:00\",\"dateModified\":\"2026-08-18T21:24:59+00:00\",\"author\":{\"@id\":\"https:\/\/www.africa-press.net\/senegal\/#\/schema\/person\/2b1cf3cd81a31e3cd26889ca66d677f1\"},\"description\":\"Le FMI a annonce\u0301 que ses employe\u0301s visiteront le Se\u0301ne\u0301gal du 19 aou\u0302t au 1er septembre pour poursuivre\",\"breadcrumb\":{\"@id\":\"https:\/\/www.africa-press.net\/senegal\/economie\/le-fmi-discute-dun-nouveau-pret-avec-le-senegal#breadcrumb\"},\"inLanguage\":\"fr-FR\",\"potentialAction\":[{\"@type\":\"ReadAction\",\"target\":[\"https:\/\/www.africa-press.net\/senegal\/economie\/le-fmi-discute-dun-nouveau-pret-avec-le-senegal\"]}]},{\"@type\":\"ImageObject\",\"inLanguage\":\"fr-FR\",\"@id\":\"https:\/\/www.africa-press.net\/senegal\/economie\/le-fmi-discute-dun-nouveau-pret-avec-le-senegal#primaryimage\",\"url\":\"https:\/\/static.africa-press.net\/senegal\/sites\/13\/2026\/08\/sm_1787088148.144899.jpg\",\"contentUrl\":\"https:\/\/static.africa-press.net\/senegal\/sites\/13\/2026\/08\/sm_1787088148.144899.jpg\",\"width\":720,\"height\":404,\"caption\":\"Le FMI Discute D\u2019Un Nouveau Pr\u00eat avec le S\u00e9n\u00e9gal\"},{\"@type\":\"BreadcrumbList\",\"@id\":\"https:\/\/www.africa-press.net\/senegal\/economie\/le-fmi-discute-dun-nouveau-pret-avec-le-senegal#breadcrumb\",\"itemListElement\":[{\"@type\":\"ListItem\",\"position\":1,\"name\":\"Accueil\",\"item\":\"https:\/\/www.africa-press.net\/senegal\/\"},{\"@type\":\"ListItem\",\"position\":2,\"name\":\"Le FMI Discute D\u2019Un Nouveau Pr\u00eat avec le S\u00e9n\u00e9gal\"}]},{\"@type\":\"WebSite\",\"@id\":\"https:\/\/www.africa-press.net\/senegal\/#website\",\"url\":\"https:\/\/www.africa-press.net\/senegal\/\",\"name\":\"Africa Press | Senegal | Homepage\",\"description\":\"Just another Africa News Agency Sites site\",\"potentialAction\":[{\"@type\":\"SearchAction\",\"target\":{\"@type\":\"EntryPoint\",\"urlTemplate\":\"https:\/\/www.africa-press.net\/senegal\/?s={search_term_string}\"},\"query-input\":{\"@type\":\"PropertyValueSpecification\",\"valueRequired\":true,\"valueName\":\"search_term_string\"}}],\"inLanguage\":\"fr-FR\"},{\"@type\":\"Person\",\"@id\":\"https:\/\/www.africa-press.net\/senegal\/#\/schema\/person\/2b1cf3cd81a31e3cd26889ca66d677f1\",\"name\":\"cfeditorfr\",\"url\":\"https:\/\/www.africa-press.net\/senegal\/author\/cfeditorfr\"}]}<\/script>\n<!-- \/ Yoast SEO Premium plugin. -->","yoast_head_json":{"title":"Le FMI Discute D\u2019Un Nouveau Pr\u00eat avec le S\u00e9n\u00e9gal - Senegal","description":"Le FMI a annonce\u0301 que ses employe\u0301s visiteront le Se\u0301ne\u0301gal du 19 aou\u0302t au 1er septembre pour poursuivre","robots":{"index":"index","follow":"follow","max-snippet":"max-snippet:-1","max-image-preview":"max-image-preview:large","max-video-preview":"max-video-preview:-1"},"canonical":"https:\/\/www.africa-press.net\/senegal\/economie\/le-fmi-discute-dun-nouveau-pret-avec-le-senegal","og_locale":"fr_FR","og_type":"article","og_title":"Le FMI Discute D\u2019Un Nouveau Pr\u00eat avec le S\u00e9n\u00e9gal","og_description":"Le FMI a annonce\u0301 que ses employe\u0301s visiteront le Se\u0301ne\u0301gal du 19 aou\u0302t au 1er septembre pour poursuivre","og_url":"https:\/\/www.africa-press.net\/senegal\/economie\/le-fmi-discute-dun-nouveau-pret-avec-le-senegal","og_site_name":"Senegal","article_published_time":"2026-08-18T20:28:51+00:00","article_modified_time":"2026-08-18T21:24:59+00:00","og_image":[{"width":720,"height":404,"url":"https:\/\/static.africa-press.net\/senegal\/sites\/13\/2026\/08\/sm_1787088148.144899.jpg","type":"image\/jpeg"}],"author":"cfeditorfr","twitter_card":"summary_large_image","twitter_misc":{"\u00c9crit par":"cfeditorfr","Dur\u00e9e de lecture estim\u00e9e":"2 minutes"},"schema":{"@context":"https:\/\/schema.org","@graph":[{"@type":"Article","@id":"https:\/\/www.africa-press.net\/senegal\/economie\/le-fmi-discute-dun-nouveau-pret-avec-le-senegal#article","isPartOf":{"@id":"https:\/\/www.africa-press.net\/senegal\/economie\/le-fmi-discute-dun-nouveau-pret-avec-le-senegal"},"author":{"name":"cfeditorfr","@id":"https:\/\/www.africa-press.net\/senegal\/#\/schema\/person\/2b1cf3cd81a31e3cd26889ca66d677f1"},"headline":"Le FMI Discute D\u2019Un Nouveau Pr\u00eat avec le S\u00e9n\u00e9gal","datePublished":"2026-08-18T20:28:51+00:00","dateModified":"2026-08-18T21:24:59+00:00","mainEntityOfPage":{"@id":"https:\/\/www.africa-press.net\/senegal\/economie\/le-fmi-discute-dun-nouveau-pret-avec-le-senegal"},"wordCount":273,"commentCount":0,"image":{"@id":"https:\/\/www.africa-press.net\/senegal\/economie\/le-fmi-discute-dun-nouveau-pret-avec-le-senegal#primaryimage"},"thumbnailUrl":"https:\/\/static.africa-press.net\/senegal\/sites\/13\/2026\/08\/sm_1787088148.144899.jpg","keywords":["Senegal"],"articleSection":["\u00c9conomie","Top Nouvelles","Toutes les actualit\u00e9s"],"inLanguage":"fr-FR","potentialAction":[{"@type":"CommentAction","name":"Comment","target":["https:\/\/www.africa-press.net\/senegal\/economie\/le-fmi-discute-dun-nouveau-pret-avec-le-senegal#respond"]}]},{"@type":"WebPage","@id":"https:\/\/www.africa-press.net\/senegal\/economie\/le-fmi-discute-dun-nouveau-pret-avec-le-senegal","url":"https:\/\/www.africa-press.net\/senegal\/economie\/le-fmi-discute-dun-nouveau-pret-avec-le-senegal","name":"Le FMI Discute D\u2019Un Nouveau Pr\u00eat avec le S\u00e9n\u00e9gal - Senegal","isPartOf":{"@id":"https:\/\/www.africa-press.net\/senegal\/#website"},"primaryImageOfPage":{"@id":"https:\/\/www.africa-press.net\/senegal\/economie\/le-fmi-discute-dun-nouveau-pret-avec-le-senegal#primaryimage"},"image":{"@id":"https:\/\/www.africa-press.net\/senegal\/economie\/le-fmi-discute-dun-nouveau-pret-avec-le-senegal#primaryimage"},"thumbnailUrl":"https:\/\/static.africa-press.net\/senegal\/sites\/13\/2026\/08\/sm_1787088148.144899.jpg","datePublished":"2026-08-18T20:28:51+00:00","dateModified":"2026-08-18T21:24:59+00:00","author":{"@id":"https:\/\/www.africa-press.net\/senegal\/#\/schema\/person\/2b1cf3cd81a31e3cd26889ca66d677f1"},"description":"Le FMI a annonce\u0301 que ses employe\u0301s visiteront le Se\u0301ne\u0301gal du 19 aou\u0302t au 1er septembre pour poursuivre","breadcrumb":{"@id":"https:\/\/www.africa-press.net\/senegal\/economie\/le-fmi-discute-dun-nouveau-pret-avec-le-senegal#breadcrumb"},"inLanguage":"fr-FR","potentialAction":[{"@type":"ReadAction","target":["https:\/\/www.africa-press.net\/senegal\/economie\/le-fmi-discute-dun-nouveau-pret-avec-le-senegal"]}]},{"@type":"ImageObject","inLanguage":"fr-FR","@id":"https:\/\/www.africa-press.net\/senegal\/economie\/le-fmi-discute-dun-nouveau-pret-avec-le-senegal#primaryimage","url":"https:\/\/static.africa-press.net\/senegal\/sites\/13\/2026\/08\/sm_1787088148.144899.jpg","contentUrl":"https:\/\/static.africa-press.net\/senegal\/sites\/13\/2026\/08\/sm_1787088148.144899.jpg","width":720,"height":404,"caption":"Le FMI Discute D\u2019Un Nouveau Pr\u00eat avec le S\u00e9n\u00e9gal"},{"@type":"BreadcrumbList","@id":"https:\/\/www.africa-press.net\/senegal\/economie\/le-fmi-discute-dun-nouveau-pret-avec-le-senegal#breadcrumb","itemListElement":[{"@type":"ListItem","position":1,"name":"Accueil","item":"https:\/\/www.africa-press.net\/senegal\/"},{"@type":"ListItem","position":2,"name":"Le FMI Discute D\u2019Un Nouveau Pr\u00eat avec le S\u00e9n\u00e9gal"}]},{"@type":"WebSite","@id":"https:\/\/www.africa-press.net\/senegal\/#website","url":"https:\/\/www.africa-press.net\/senegal\/","name":"Africa Press | Senegal | Homepage","description":"Just another Africa News Agency Sites site","potentialAction":[{"@type":"SearchAction","target":{"@type":"EntryPoint","urlTemplate":"https:\/\/www.africa-press.net\/senegal\/?s={search_term_string}"},"query-input":{"@type":"PropertyValueSpecification","valueRequired":true,"valueName":"search_term_string"}}],"inLanguage":"fr-FR"},{"@type":"Person","@id":"https:\/\/www.africa-press.net\/senegal\/#\/schema\/person\/2b1cf3cd81a31e3cd26889ca66d677f1","name":"cfeditorfr","url":"https:\/\/www.africa-press.net\/senegal\/author\/cfeditorfr"}]}},"_links":{"self":[{"href":"https:\/\/www.africa-press.net\/senegal\/wp-json\/wp\/v2\/posts\/76523","targetHints":{"allow":["GET"]}}],"collection":[{"href":"https:\/\/www.africa-press.net\/senegal\/wp-json\/wp\/v2\/posts"}],"about":[{"href":"https:\/\/www.africa-press.net\/senegal\/wp-json\/wp\/v2\/types\/post"}],"author":[{"embeddable":true,"href":"https:\/\/www.africa-press.net\/senegal\/wp-json\/wp\/v2\/users\/82"}],"replies":[{"embeddable":true,"href":"https:\/\/www.africa-press.net\/senegal\/wp-json\/wp\/v2\/comments?post=76523"}],"version-history":[{"count":1,"href":"https:\/\/www.africa-press.net\/senegal\/wp-json\/wp\/v2\/posts\/76523\/revisions"}],"predecessor-version":[{"id":76524,"href":"https:\/\/www.africa-press.net\/senegal\/wp-json\/wp\/v2\/posts\/76523\/revisions\/76524"}],"wp:featuredmedia":[{"embeddable":true,"href":"https:\/\/www.africa-press.net\/senegal\/wp-json\/wp\/v2\/media\/76522"}],"wp:attachment":[{"href":"https:\/\/www.africa-press.net\/senegal\/wp-json\/wp\/v2\/media?parent=76523"}],"wp:term":[{"taxonomy":"category","embeddable":true,"href":"https:\/\/www.africa-press.net\/senegal\/wp-json\/wp\/v2\/categories?post=76523"},{"taxonomy":"post_tag","embeddable":true,"href":"https:\/\/www.africa-press.net\/senegal\/wp-json\/wp\/v2\/tags?post=76523"}],"curies":[{"name":"wp","href":"https:\/\/api.w.org\/{rel}","templated":true}]}}