{"id":7941,"date":"2021-05-31T21:30:10","date_gmt":"2021-05-31T21:30:10","guid":{"rendered":"https:\/\/www.africa-press.net\/senegal\/?p=7941"},"modified":"2021-05-31T19:01:39","modified_gmt":"2021-05-31T19:01:39","slug":"decoupage-administratif-medina-baye-veut-etre-erigee-en-commune","status":"publish","type":"post","link":"https:\/\/www.africa-press.net\/senegal\/economie\/decoupage-administratif-medina-baye-veut-etre-erigee-en-commune","title":{"rendered":"D\u00e9coupage administratif : M\u00e9dina Baye veut \u00eatre \u00e9rig\u00e9e en commune"},"content":{"rendered":"<p><span style=\"color: #ff6600\"><strong><a href=\"https:\/\/www.africa-press.net\/\">Africa-Press<\/a> &#8211; <a href=\"https:\/\/www.africa-press.net\/senegal\">Senegal<\/a>. <\/strong><\/span>Face \u00e0 la presse, ce dimanche 30 mai, le collectif pour l\u2019\u00e9rection de \u00ab M\u00e9dina Baye \u00bb en commune a plus que r\u00e9affirm\u00e9 sa volont\u00e9 de<br \/>\nfaire de la ville sainte de Kaolack en commune. Cette rencontre, regroupant les experts en mati\u00e8re de d\u00e9centralisation et d\u2019administration territoriale a permis de faire le point sur beaucoup aspects.Selon les populations de cette localit\u00e9, le nouveau d\u00e9coupage administratif pris par le chef de l&rsquo;\u00c9tat<br \/>\n\u00e0 l\u2019encontre de certains quartiers, est une occasion pour eux aussi de r\u00e9clamer \u00ab M\u00e9dina Baye \u00bb en commune. Une id\u00e9e, qui a \u00e9t\u00e9 concert\u00e9e par l\u2019ensemble des experts depuis des ann\u00e9es pour favoriser le d\u00e9veloppement dans la cit\u00e9 religieuse, en pleine expansion d\u00e9mographique.Comme chaque ann\u00e9e,\u00a0\u00bb M\u00e9dina Baye \u00a0\u00bb accueille de nombreux p\u00e8lerins venus de diff\u00e9rents pays<br \/>\ncr\u00e9ant ainsi une symbiose. Un grand rendez-vous pour la confr\u00e9rie des \u00ab niass\u00e8nes \u00bb. Pour la structure \u00ab Jamhiyatou Ansarud \u00bb, une foule immense de<br \/>\ntalib\u00e9s converge vers la ville. Mieux, 450 millions de la population repr\u00e9sentent des talib\u00e9s de Baye Niasse.Sur le plan de l\u2019\u00e9conomie, nombreux sont ceux qui quittent leur pays pour venir travailler ou s\u2019enqu\u00e9rir du coran et la science islamique. Ses fid\u00e8les, venus en masse, sont le plus souvent des nig\u00e9riens, des nig\u00e9rians, des mauritaniens, des am\u00e9ricains, entre autres.<br \/>\nLe collectif, d\u2019ajouter que cette situation est \u00e0 la base de beaucoup difficult\u00e9s auxquelles les populations sont confront\u00e9s. Parmi ses probl\u00e8mes, ces derniers citent l\u2019absence<br \/>\ndes structures d\u2019accueils, insuffisance sanitaire et d\u2019ouvrages socio\u00e9conomiques de bases adapt\u00e9s \u00e0 son envergure, manque d\u2019infrastructures routi\u00e8res, voies publiques modernes, pavage et un plan d\u2019occupation de la ville, manque de r\u00e9seau et d\u2019assainissement conforme \u00e0 l\u2019accroissement de l\u2019agglom\u00e9ration ,l\u2019absence d\u2019un dispositif et d\u2019une politique s\u00e9curitaire pour la tranquillit\u00e9 des populations et la s\u00e9curisation de leur biens.Vu<br \/>\nles enjeux d\u00e9mographiques, \u00e9conomiques et d\u2019une forte coop\u00e9ration d\u00e9centralis\u00e9e et des difficult\u00e9s, ces derniers estiment qu\u2019il est<br \/>\ncrucial que \u00ab M\u00e9dina Baye \u00bb soit une commune.Dieynaba Agne (Stagiaire)<\/p>\n","protected":false},"excerpt":{"rendered":"<p>Africa-Press &#8211; Senegal. Face \u00e0 la presse, ce dimanche 30 mai, le collectif pour l\u2019\u00e9rection de \u00ab M\u00e9dina Baye \u00bb en commune a plus que r\u00e9affirm\u00e9 sa volont\u00e9 de faire de la ville sainte de Kaolack en commune. Cette rencontre, regroupant les experts en mati\u00e8re de d\u00e9centralisation et d\u2019administration territoriale a permis de faire le [&hellip;]<\/p>\n","protected":false},"author":82,"featured_media":7939,"comment_status":"open","ping_status":"closed","sticky":false,"template":"","format":"standard","meta":{"footnotes":""},"categories":[3,11,10],"tags":[43,47,494,495,496,44],"class_list":["post-7941","post","type-post","status-publish","format-standard","has-post-thumbnail","hentry","category-economie","category-homepage-french","category-toutes-les-actualites","tag-africa-press-2","tag-africa-press-senegal","tag-commune","tag-decoupage-administratif","tag-medina-baye","tag-senegal-2"],"yoast_head":"<!-- This site is optimized with the Yoast SEO Premium plugin v26.1 (Yoast SEO v27.0) - https:\/\/yoast.com\/product\/yoast-seo-premium-wordpress\/ -->\n<title>D\u00e9coupage administratif : M\u00e9dina Baye veut \u00eatre \u00e9rig\u00e9e en commune - Senegal<\/title>\n<meta name=\"description\" content=\"Face \u00e0 la presse, ce dimanche 30 mai, le collectif pour l\u2019\u00e9rection de \u00ab M\u00e9dina Baye \u00bb en commune a plus que r\u00e9affirm\u00e9 sa ...\" \/>\n<meta name=\"robots\" content=\"index, follow, max-snippet:-1, max-image-preview:large, max-video-preview:-1\" \/>\n<link rel=\"canonical\" href=\"https:\/\/www.africa-press.net\/senegal\/economie\/decoupage-administratif-medina-baye-veut-etre-erigee-en-commune\" \/>\n<meta property=\"og:locale\" content=\"fr_FR\" \/>\n<meta property=\"og:type\" content=\"article\" \/>\n<meta property=\"og:title\" content=\"D\u00e9coupage administratif : M\u00e9dina Baye veut \u00eatre \u00e9rig\u00e9e en commune\" \/>\n<meta property=\"og:description\" content=\"Face \u00e0 la presse, ce dimanche 30 mai, le collectif pour l\u2019\u00e9rection de \u00ab M\u00e9dina Baye \u00bb en commune a plus que r\u00e9affirm\u00e9 sa ...\" \/>\n<meta property=\"og:url\" content=\"https:\/\/www.africa-press.net\/senegal\/economie\/decoupage-administratif-medina-baye-veut-etre-erigee-en-commune\" \/>\n<meta property=\"og:site_name\" content=\"Senegal\" \/>\n<meta property=\"article:published_time\" content=\"2021-05-31T21:30:10+00:00\" \/>\n<meta property=\"og:image\" content=\"https:\/\/static.africa-press.net\/senegal\/sites\/13\/2021\/05\/img-60b5326092770.jpg\" \/>\n\t<meta property=\"og:image:width\" content=\"720\" \/>\n\t<meta property=\"og:image:height\" content=\"350\" \/>\n\t<meta property=\"og:image:type\" content=\"image\/jpeg\" \/>\n<meta name=\"author\" content=\"cfeditorfr\" \/>\n<meta name=\"twitter:card\" content=\"summary_large_image\" \/>\n<meta name=\"twitter:label1\" content=\"\u00c9crit par\" \/>\n\t<meta name=\"twitter:data1\" content=\"cfeditorfr\" \/>\n\t<meta name=\"twitter:label2\" content=\"Dur\u00e9e de lecture estim\u00e9e\" \/>\n\t<meta name=\"twitter:data2\" content=\"2 minutes\" \/>\n<script type=\"application\/ld+json\" class=\"yoast-schema-graph\">{\"@context\":\"https:\/\/schema.org\",\"@graph\":[{\"@type\":\"Article\",\"@id\":\"https:\/\/www.africa-press.net\/senegal\/economie\/decoupage-administratif-medina-baye-veut-etre-erigee-en-commune#article\",\"isPartOf\":{\"@id\":\"https:\/\/www.africa-press.net\/senegal\/economie\/decoupage-administratif-medina-baye-veut-etre-erigee-en-commune\"},\"author\":{\"name\":\"cfeditorfr\",\"@id\":\"https:\/\/www.africa-press.net\/senegal\/#\/schema\/person\/2b1cf3cd81a31e3cd26889ca66d677f1\"},\"headline\":\"D\u00e9coupage administratif : M\u00e9dina Baye veut \u00eatre \u00e9rig\u00e9e en commune\",\"datePublished\":\"2021-05-31T21:30:10+00:00\",\"mainEntityOfPage\":{\"@id\":\"https:\/\/www.africa-press.net\/senegal\/economie\/decoupage-administratif-medina-baye-veut-etre-erigee-en-commune\"},\"wordCount\":386,\"commentCount\":0,\"image\":{\"@id\":\"https:\/\/www.africa-press.net\/senegal\/economie\/decoupage-administratif-medina-baye-veut-etre-erigee-en-commune#primaryimage\"},\"thumbnailUrl\":\"https:\/\/static.africa-press.net\/senegal\/sites\/13\/2021\/05\/img-60b5326092770.jpg\",\"keywords\":[\"Africa Press\",\"Africa Press-Senegal\",\"Commune\",\"D\u00e9coupage-administratif\",\"Medina-Baye\",\"Senegal\"],\"articleSection\":[\"\u00c9conomie\",\"homepage-french\",\"Toutes les actualit\u00e9s\"],\"inLanguage\":\"fr-FR\",\"potentialAction\":[{\"@type\":\"CommentAction\",\"name\":\"Comment\",\"target\":[\"https:\/\/www.africa-press.net\/senegal\/economie\/decoupage-administratif-medina-baye-veut-etre-erigee-en-commune#respond\"]}]},{\"@type\":\"WebPage\",\"@id\":\"https:\/\/www.africa-press.net\/senegal\/economie\/decoupage-administratif-medina-baye-veut-etre-erigee-en-commune\",\"url\":\"https:\/\/www.africa-press.net\/senegal\/economie\/decoupage-administratif-medina-baye-veut-etre-erigee-en-commune\",\"name\":\"D\u00e9coupage administratif : M\u00e9dina Baye veut \u00eatre \u00e9rig\u00e9e en commune - Senegal\",\"isPartOf\":{\"@id\":\"https:\/\/www.africa-press.net\/senegal\/#website\"},\"primaryImageOfPage\":{\"@id\":\"https:\/\/www.africa-press.net\/senegal\/economie\/decoupage-administratif-medina-baye-veut-etre-erigee-en-commune#primaryimage\"},\"image\":{\"@id\":\"https:\/\/www.africa-press.net\/senegal\/economie\/decoupage-administratif-medina-baye-veut-etre-erigee-en-commune#primaryimage\"},\"thumbnailUrl\":\"https:\/\/static.africa-press.net\/senegal\/sites\/13\/2021\/05\/img-60b5326092770.jpg\",\"datePublished\":\"2021-05-31T21:30:10+00:00\",\"author\":{\"@id\":\"https:\/\/www.africa-press.net\/senegal\/#\/schema\/person\/2b1cf3cd81a31e3cd26889ca66d677f1\"},\"description\":\"Face \u00e0 la presse, ce dimanche 30 mai, le collectif pour l\u2019\u00e9rection de \u00ab M\u00e9dina Baye \u00bb en commune a plus que r\u00e9affirm\u00e9 sa ...\",\"breadcrumb\":{\"@id\":\"https:\/\/www.africa-press.net\/senegal\/economie\/decoupage-administratif-medina-baye-veut-etre-erigee-en-commune#breadcrumb\"},\"inLanguage\":\"fr-FR\",\"potentialAction\":[{\"@type\":\"ReadAction\",\"target\":[\"https:\/\/www.africa-press.net\/senegal\/economie\/decoupage-administratif-medina-baye-veut-etre-erigee-en-commune\"]}]},{\"@type\":\"ImageObject\",\"inLanguage\":\"fr-FR\",\"@id\":\"https:\/\/www.africa-press.net\/senegal\/economie\/decoupage-administratif-medina-baye-veut-etre-erigee-en-commune#primaryimage\",\"url\":\"https:\/\/static.africa-press.net\/senegal\/sites\/13\/2021\/05\/img-60b5326092770.jpg\",\"contentUrl\":\"https:\/\/static.africa-press.net\/senegal\/sites\/13\/2021\/05\/img-60b5326092770.jpg\",\"width\":720,\"height\":350,\"caption\":\"D\u00e9coupage administratif : M\u00e9dina Baye veut \u00eatre \u00e9rig\u00e9e en commune\"},{\"@type\":\"BreadcrumbList\",\"@id\":\"https:\/\/www.africa-press.net\/senegal\/economie\/decoupage-administratif-medina-baye-veut-etre-erigee-en-commune#breadcrumb\",\"itemListElement\":[{\"@type\":\"ListItem\",\"position\":1,\"name\":\"Accueil\",\"item\":\"https:\/\/www.africa-press.net\/senegal\/\"},{\"@type\":\"ListItem\",\"position\":2,\"name\":\"D\u00e9coupage administratif : M\u00e9dina Baye veut \u00eatre \u00e9rig\u00e9e en commune\"}]},{\"@type\":\"WebSite\",\"@id\":\"https:\/\/www.africa-press.net\/senegal\/#website\",\"url\":\"https:\/\/www.africa-press.net\/senegal\/\",\"name\":\"Africa Press | Senegal | Homepage\",\"description\":\"Just another Africa News Agency Sites site\",\"potentialAction\":[{\"@type\":\"SearchAction\",\"target\":{\"@type\":\"EntryPoint\",\"urlTemplate\":\"https:\/\/www.africa-press.net\/senegal\/?s={search_term_string}\"},\"query-input\":{\"@type\":\"PropertyValueSpecification\",\"valueRequired\":true,\"valueName\":\"search_term_string\"}}],\"inLanguage\":\"fr-FR\"},{\"@type\":\"Person\",\"@id\":\"https:\/\/www.africa-press.net\/senegal\/#\/schema\/person\/2b1cf3cd81a31e3cd26889ca66d677f1\",\"name\":\"cfeditorfr\",\"url\":\"https:\/\/www.africa-press.net\/senegal\/author\/cfeditorfr\"}]}<\/script>\n<!-- \/ Yoast SEO Premium plugin. -->","yoast_head_json":{"title":"D\u00e9coupage administratif : M\u00e9dina Baye veut \u00eatre \u00e9rig\u00e9e en commune - Senegal","description":"Face \u00e0 la presse, ce dimanche 30 mai, le collectif pour l\u2019\u00e9rection de \u00ab M\u00e9dina Baye \u00bb en commune a plus que r\u00e9affirm\u00e9 sa ...","robots":{"index":"index","follow":"follow","max-snippet":"max-snippet:-1","max-image-preview":"max-image-preview:large","max-video-preview":"max-video-preview:-1"},"canonical":"https:\/\/www.africa-press.net\/senegal\/economie\/decoupage-administratif-medina-baye-veut-etre-erigee-en-commune","og_locale":"fr_FR","og_type":"article","og_title":"D\u00e9coupage administratif : M\u00e9dina Baye veut \u00eatre \u00e9rig\u00e9e en commune","og_description":"Face \u00e0 la presse, ce dimanche 30 mai, le collectif pour l\u2019\u00e9rection de \u00ab M\u00e9dina Baye \u00bb en commune a plus que r\u00e9affirm\u00e9 sa ...","og_url":"https:\/\/www.africa-press.net\/senegal\/economie\/decoupage-administratif-medina-baye-veut-etre-erigee-en-commune","og_site_name":"Senegal","article_published_time":"2021-05-31T21:30:10+00:00","og_image":[{"width":720,"height":350,"url":"https:\/\/static.africa-press.net\/senegal\/sites\/13\/2021\/05\/img-60b5326092770.jpg","type":"image\/jpeg"}],"author":"cfeditorfr","twitter_card":"summary_large_image","twitter_misc":{"\u00c9crit par":"cfeditorfr","Dur\u00e9e de lecture estim\u00e9e":"2 minutes"},"schema":{"@context":"https:\/\/schema.org","@graph":[{"@type":"Article","@id":"https:\/\/www.africa-press.net\/senegal\/economie\/decoupage-administratif-medina-baye-veut-etre-erigee-en-commune#article","isPartOf":{"@id":"https:\/\/www.africa-press.net\/senegal\/economie\/decoupage-administratif-medina-baye-veut-etre-erigee-en-commune"},"author":{"name":"cfeditorfr","@id":"https:\/\/www.africa-press.net\/senegal\/#\/schema\/person\/2b1cf3cd81a31e3cd26889ca66d677f1"},"headline":"D\u00e9coupage administratif : M\u00e9dina Baye veut \u00eatre \u00e9rig\u00e9e en commune","datePublished":"2021-05-31T21:30:10+00:00","mainEntityOfPage":{"@id":"https:\/\/www.africa-press.net\/senegal\/economie\/decoupage-administratif-medina-baye-veut-etre-erigee-en-commune"},"wordCount":386,"commentCount":0,"image":{"@id":"https:\/\/www.africa-press.net\/senegal\/economie\/decoupage-administratif-medina-baye-veut-etre-erigee-en-commune#primaryimage"},"thumbnailUrl":"https:\/\/static.africa-press.net\/senegal\/sites\/13\/2021\/05\/img-60b5326092770.jpg","keywords":["Africa Press","Africa Press-Senegal","Commune","D\u00e9coupage-administratif","Medina-Baye","Senegal"],"articleSection":["\u00c9conomie","homepage-french","Toutes les actualit\u00e9s"],"inLanguage":"fr-FR","potentialAction":[{"@type":"CommentAction","name":"Comment","target":["https:\/\/www.africa-press.net\/senegal\/economie\/decoupage-administratif-medina-baye-veut-etre-erigee-en-commune#respond"]}]},{"@type":"WebPage","@id":"https:\/\/www.africa-press.net\/senegal\/economie\/decoupage-administratif-medina-baye-veut-etre-erigee-en-commune","url":"https:\/\/www.africa-press.net\/senegal\/economie\/decoupage-administratif-medina-baye-veut-etre-erigee-en-commune","name":"D\u00e9coupage administratif : M\u00e9dina Baye veut \u00eatre \u00e9rig\u00e9e en commune - Senegal","isPartOf":{"@id":"https:\/\/www.africa-press.net\/senegal\/#website"},"primaryImageOfPage":{"@id":"https:\/\/www.africa-press.net\/senegal\/economie\/decoupage-administratif-medina-baye-veut-etre-erigee-en-commune#primaryimage"},"image":{"@id":"https:\/\/www.africa-press.net\/senegal\/economie\/decoupage-administratif-medina-baye-veut-etre-erigee-en-commune#primaryimage"},"thumbnailUrl":"https:\/\/static.africa-press.net\/senegal\/sites\/13\/2021\/05\/img-60b5326092770.jpg","datePublished":"2021-05-31T21:30:10+00:00","author":{"@id":"https:\/\/www.africa-press.net\/senegal\/#\/schema\/person\/2b1cf3cd81a31e3cd26889ca66d677f1"},"description":"Face \u00e0 la presse, ce dimanche 30 mai, le collectif pour l\u2019\u00e9rection de \u00ab M\u00e9dina Baye \u00bb en commune a plus que r\u00e9affirm\u00e9 sa ...","breadcrumb":{"@id":"https:\/\/www.africa-press.net\/senegal\/economie\/decoupage-administratif-medina-baye-veut-etre-erigee-en-commune#breadcrumb"},"inLanguage":"fr-FR","potentialAction":[{"@type":"ReadAction","target":["https:\/\/www.africa-press.net\/senegal\/economie\/decoupage-administratif-medina-baye-veut-etre-erigee-en-commune"]}]},{"@type":"ImageObject","inLanguage":"fr-FR","@id":"https:\/\/www.africa-press.net\/senegal\/economie\/decoupage-administratif-medina-baye-veut-etre-erigee-en-commune#primaryimage","url":"https:\/\/static.africa-press.net\/senegal\/sites\/13\/2021\/05\/img-60b5326092770.jpg","contentUrl":"https:\/\/static.africa-press.net\/senegal\/sites\/13\/2021\/05\/img-60b5326092770.jpg","width":720,"height":350,"caption":"D\u00e9coupage administratif : M\u00e9dina Baye veut \u00eatre \u00e9rig\u00e9e en commune"},{"@type":"BreadcrumbList","@id":"https:\/\/www.africa-press.net\/senegal\/economie\/decoupage-administratif-medina-baye-veut-etre-erigee-en-commune#breadcrumb","itemListElement":[{"@type":"ListItem","position":1,"name":"Accueil","item":"https:\/\/www.africa-press.net\/senegal\/"},{"@type":"ListItem","position":2,"name":"D\u00e9coupage administratif : M\u00e9dina Baye veut \u00eatre \u00e9rig\u00e9e en commune"}]},{"@type":"WebSite","@id":"https:\/\/www.africa-press.net\/senegal\/#website","url":"https:\/\/www.africa-press.net\/senegal\/","name":"Africa Press | Senegal | Homepage","description":"Just another Africa News Agency Sites site","potentialAction":[{"@type":"SearchAction","target":{"@type":"EntryPoint","urlTemplate":"https:\/\/www.africa-press.net\/senegal\/?s={search_term_string}"},"query-input":{"@type":"PropertyValueSpecification","valueRequired":true,"valueName":"search_term_string"}}],"inLanguage":"fr-FR"},{"@type":"Person","@id":"https:\/\/www.africa-press.net\/senegal\/#\/schema\/person\/2b1cf3cd81a31e3cd26889ca66d677f1","name":"cfeditorfr","url":"https:\/\/www.africa-press.net\/senegal\/author\/cfeditorfr"}]}},"_links":{"self":[{"href":"https:\/\/www.africa-press.net\/senegal\/wp-json\/wp\/v2\/posts\/7941","targetHints":{"allow":["GET"]}}],"collection":[{"href":"https:\/\/www.africa-press.net\/senegal\/wp-json\/wp\/v2\/posts"}],"about":[{"href":"https:\/\/www.africa-press.net\/senegal\/wp-json\/wp\/v2\/types\/post"}],"author":[{"embeddable":true,"href":"https:\/\/www.africa-press.net\/senegal\/wp-json\/wp\/v2\/users\/82"}],"replies":[{"embeddable":true,"href":"https:\/\/www.africa-press.net\/senegal\/wp-json\/wp\/v2\/comments?post=7941"}],"version-history":[{"count":0,"href":"https:\/\/www.africa-press.net\/senegal\/wp-json\/wp\/v2\/posts\/7941\/revisions"}],"wp:featuredmedia":[{"embeddable":true,"href":"https:\/\/www.africa-press.net\/senegal\/wp-json\/wp\/v2\/media\/7939"}],"wp:attachment":[{"href":"https:\/\/www.africa-press.net\/senegal\/wp-json\/wp\/v2\/media?parent=7941"}],"wp:term":[{"taxonomy":"category","embeddable":true,"href":"https:\/\/www.africa-press.net\/senegal\/wp-json\/wp\/v2\/categories?post=7941"},{"taxonomy":"post_tag","embeddable":true,"href":"https:\/\/www.africa-press.net\/senegal\/wp-json\/wp\/v2\/tags?post=7941"}],"curies":[{"name":"wp","href":"https:\/\/api.w.org\/{rel}","templated":true}]}}