{"id":8670,"date":"2021-06-11T19:13:47","date_gmt":"2021-06-11T19:13:47","guid":{"rendered":"https:\/\/www.africa-press.net\/senegal\/?p=8670"},"modified":"2021-06-11T18:17:04","modified_gmt":"2021-06-11T18:17:04","slug":"sa-suspension-reduite-andre-onana-apte-pour-la-can-2021-2","status":"publish","type":"post","link":"https:\/\/www.africa-press.net\/senegal\/sports\/sa-suspension-reduite-andre-onana-apte-pour-la-can-2021-2","title":{"rendered":"Sa suspension r\u00e9duite, Andr\u00e9 Onana apte pour la CAN 2021"},"content":{"rendered":"<p><span style=\"color: #ff6600\"><strong><a href=\"https:\/\/www.africa-press.net\/\">Africa-Press<\/a> &#8211; <a href=\"https:\/\/www.africa-press.net\/senegal\">Senegal<\/a>. <\/strong><\/span>Le gardien de but camerounais de l\u2019Ajax d\u2019Amsterdam (\u00e9lite n\u00e9erlandaise) Andr\u00e9 Onana, suspendu pour dopage pour une dur\u00e9e d\u2019une ann\u00e9e, pourra finalement \u00eatre pr\u00e9sent \u00e0 la prochaine Coupe d\u2019Afrique des nations (CAN) 2021, apr\u00e8s la r\u00e9duction de sa peine \u00e0 neuf mois, a appris l\u2019APS.<\/p>\n<p>Avec cette r\u00e9duction, le gardien international pourrait d\u00e9buter la comp\u00e9tition d\u00e8s le 3 novembre prochain, soit quasiment deux mois avant le d\u00e9marrage de la CAN report\u00e9e \u00e0 janvier prochain pour cause de pand\u00e9mie du coronavirus.<\/p>\n<p>Andr\u00e9 Onana a \u00e9t\u00e9 suspendu pour un an par l\u2019UEFA (Conf\u00e9d\u00e9ration europ\u00e9enne de football) en f\u00e9vrier dernier pour s\u2019\u00eatre dop\u00e9, une sanction qui concerne \u00e0 la fois les matches en club et en s\u00e9lection nationale.<\/p>\n<p>Il avait \u00e9t\u00e9 suspendu \u00ab\u00a0pour infraction aux r\u00e8gles antidopage\u00a0\u00bb, avait expliqu\u00e9 son club. Celui-ci avait pr\u00e9cis\u00e9 que \u00ab\u00a0des traces de furos\u00e9mide, un diur\u00e9tique, ont \u00e9t\u00e9 retrouv\u00e9es dans les urines de l\u2019international camerounais de 24 ans, le 30 octobre dernier, lors d\u2019un contr\u00f4le inopin\u00e9\u00a0\u00bb.<\/p>\n<p>Le portier camerounais et son club avaient annonc\u00e9 leur d\u00e9cision de faire appel de la sanction devant le Tribunal arbitral du sport (TAS).<\/p>\n","protected":false},"excerpt":{"rendered":"<p>Africa-Press &#8211; Senegal. Le gardien de but camerounais de l\u2019Ajax d\u2019Amsterdam (\u00e9lite n\u00e9erlandaise) Andr\u00e9 Onana, suspendu pour dopage pour une dur\u00e9e d\u2019une ann\u00e9e, pourra finalement \u00eatre pr\u00e9sent \u00e0 la prochaine Coupe d\u2019Afrique des nations (CAN) 2021, apr\u00e8s la r\u00e9duction de sa peine \u00e0 neuf mois, a appris l\u2019APS. Avec cette r\u00e9duction, le gardien international pourrait [&hellip;]<\/p>\n","protected":false},"author":82,"featured_media":8669,"comment_status":"open","ping_status":"closed","sticky":false,"template":"","format":"standard","meta":{"footnotes":""},"categories":[11,6,10],"tags":[43,47,821,819,44,820],"class_list":["post-8670","post","type-post","status-publish","format-standard","has-post-thumbnail","hentry","category-homepage-french","category-sports","category-toutes-les-actualites","tag-africa-press-2","tag-africa-press-senegal","tag-andre-onana","tag-can-2021","tag-senegal-2","tag-suspension"],"yoast_head":"<!-- This site is optimized with the Yoast SEO Premium plugin v26.1 (Yoast SEO v27.0) - https:\/\/yoast.com\/product\/yoast-seo-premium-wordpress\/ -->\n<title>Sa suspension r\u00e9duite, Andr\u00e9 Onana apte pour la CAN 2021 - Senegal<\/title>\n<meta name=\"description\" content=\"Le gardien de but camerounais de l\u2019Ajax d\u2019Amsterdam (\u00e9lite n\u00e9erlandaise) Andr\u00e9 Onana, suspendu pour dopage pour une dur\u00e9 ...\" \/>\n<meta name=\"robots\" content=\"index, follow, max-snippet:-1, max-image-preview:large, max-video-preview:-1\" \/>\n<link rel=\"canonical\" href=\"https:\/\/www.africa-press.net\/senegal\/sports\/sa-suspension-reduite-andre-onana-apte-pour-la-can-2021-2\" \/>\n<meta property=\"og:locale\" content=\"fr_FR\" \/>\n<meta property=\"og:type\" content=\"article\" \/>\n<meta property=\"og:title\" content=\"Sa suspension r\u00e9duite, Andr\u00e9 Onana apte pour la CAN 2021\" \/>\n<meta property=\"og:description\" content=\"Le gardien de but camerounais de l\u2019Ajax d\u2019Amsterdam (\u00e9lite n\u00e9erlandaise) Andr\u00e9 Onana, suspendu pour dopage pour une dur\u00e9 ...\" \/>\n<meta property=\"og:url\" content=\"https:\/\/www.africa-press.net\/senegal\/sports\/sa-suspension-reduite-andre-onana-apte-pour-la-can-2021-2\" \/>\n<meta property=\"og:site_name\" content=\"Senegal\" \/>\n<meta property=\"article:published_time\" content=\"2021-06-11T19:13:47+00:00\" \/>\n<meta property=\"og:image\" content=\"https:\/\/static.africa-press.net\/senegal\/sites\/13\/2021\/06\/img-60c3a883550b6.jpg\" \/>\n\t<meta property=\"og:image:width\" content=\"720\" \/>\n\t<meta property=\"og:image:height\" content=\"350\" \/>\n\t<meta property=\"og:image:type\" content=\"image\/jpeg\" \/>\n<meta name=\"author\" content=\"cfeditorfr\" \/>\n<meta name=\"twitter:card\" content=\"summary_large_image\" \/>\n<meta name=\"twitter:label1\" content=\"\u00c9crit par\" \/>\n\t<meta name=\"twitter:data1\" content=\"cfeditorfr\" \/>\n\t<meta name=\"twitter:label2\" content=\"Dur\u00e9e de lecture estim\u00e9e\" \/>\n\t<meta name=\"twitter:data2\" content=\"1 minute\" \/>\n<script type=\"application\/ld+json\" class=\"yoast-schema-graph\">{\"@context\":\"https:\/\/schema.org\",\"@graph\":[{\"@type\":\"Article\",\"@id\":\"https:\/\/www.africa-press.net\/senegal\/sports\/sa-suspension-reduite-andre-onana-apte-pour-la-can-2021-2#article\",\"isPartOf\":{\"@id\":\"https:\/\/www.africa-press.net\/senegal\/sports\/sa-suspension-reduite-andre-onana-apte-pour-la-can-2021-2\"},\"author\":{\"name\":\"cfeditorfr\",\"@id\":\"https:\/\/www.africa-press.net\/senegal\/#\/schema\/person\/2b1cf3cd81a31e3cd26889ca66d677f1\"},\"headline\":\"Sa suspension r\u00e9duite, Andr\u00e9 Onana apte pour la CAN 2021\",\"datePublished\":\"2021-06-11T19:13:47+00:00\",\"mainEntityOfPage\":{\"@id\":\"https:\/\/www.africa-press.net\/senegal\/sports\/sa-suspension-reduite-andre-onana-apte-pour-la-can-2021-2\"},\"wordCount\":220,\"commentCount\":0,\"image\":{\"@id\":\"https:\/\/www.africa-press.net\/senegal\/sports\/sa-suspension-reduite-andre-onana-apte-pour-la-can-2021-2#primaryimage\"},\"thumbnailUrl\":\"https:\/\/static.africa-press.net\/senegal\/sites\/13\/2021\/06\/img-60c3a883550b6.jpg\",\"keywords\":[\"Africa Press\",\"Africa Press-Senegal\",\"Andr\u00e9 Onana\",\"CAN 2021\",\"Senegal\",\"suspension\"],\"articleSection\":[\"homepage-french\",\"Sports\",\"Toutes les actualit\u00e9s\"],\"inLanguage\":\"fr-FR\",\"potentialAction\":[{\"@type\":\"CommentAction\",\"name\":\"Comment\",\"target\":[\"https:\/\/www.africa-press.net\/senegal\/sports\/sa-suspension-reduite-andre-onana-apte-pour-la-can-2021-2#respond\"]}]},{\"@type\":\"WebPage\",\"@id\":\"https:\/\/www.africa-press.net\/senegal\/sports\/sa-suspension-reduite-andre-onana-apte-pour-la-can-2021-2\",\"url\":\"https:\/\/www.africa-press.net\/senegal\/sports\/sa-suspension-reduite-andre-onana-apte-pour-la-can-2021-2\",\"name\":\"Sa suspension r\u00e9duite, Andr\u00e9 Onana apte pour la CAN 2021 - Senegal\",\"isPartOf\":{\"@id\":\"https:\/\/www.africa-press.net\/senegal\/#website\"},\"primaryImageOfPage\":{\"@id\":\"https:\/\/www.africa-press.net\/senegal\/sports\/sa-suspension-reduite-andre-onana-apte-pour-la-can-2021-2#primaryimage\"},\"image\":{\"@id\":\"https:\/\/www.africa-press.net\/senegal\/sports\/sa-suspension-reduite-andre-onana-apte-pour-la-can-2021-2#primaryimage\"},\"thumbnailUrl\":\"https:\/\/static.africa-press.net\/senegal\/sites\/13\/2021\/06\/img-60c3a883550b6.jpg\",\"datePublished\":\"2021-06-11T19:13:47+00:00\",\"author\":{\"@id\":\"https:\/\/www.africa-press.net\/senegal\/#\/schema\/person\/2b1cf3cd81a31e3cd26889ca66d677f1\"},\"description\":\"Le gardien de but camerounais de l\u2019Ajax d\u2019Amsterdam (\u00e9lite n\u00e9erlandaise) Andr\u00e9 Onana, suspendu pour dopage pour une dur\u00e9 ...\",\"breadcrumb\":{\"@id\":\"https:\/\/www.africa-press.net\/senegal\/sports\/sa-suspension-reduite-andre-onana-apte-pour-la-can-2021-2#breadcrumb\"},\"inLanguage\":\"fr-FR\",\"potentialAction\":[{\"@type\":\"ReadAction\",\"target\":[\"https:\/\/www.africa-press.net\/senegal\/sports\/sa-suspension-reduite-andre-onana-apte-pour-la-can-2021-2\"]}]},{\"@type\":\"ImageObject\",\"inLanguage\":\"fr-FR\",\"@id\":\"https:\/\/www.africa-press.net\/senegal\/sports\/sa-suspension-reduite-andre-onana-apte-pour-la-can-2021-2#primaryimage\",\"url\":\"https:\/\/static.africa-press.net\/senegal\/sites\/13\/2021\/06\/img-60c3a883550b6.jpg\",\"contentUrl\":\"https:\/\/static.africa-press.net\/senegal\/sites\/13\/2021\/06\/img-60c3a883550b6.jpg\",\"width\":720,\"height\":350,\"caption\":\"Sa suspension r\u00e9duite, Andr\u00e9 Onana apte pour la CAN 2021\"},{\"@type\":\"BreadcrumbList\",\"@id\":\"https:\/\/www.africa-press.net\/senegal\/sports\/sa-suspension-reduite-andre-onana-apte-pour-la-can-2021-2#breadcrumb\",\"itemListElement\":[{\"@type\":\"ListItem\",\"position\":1,\"name\":\"Accueil\",\"item\":\"https:\/\/www.africa-press.net\/senegal\/\"},{\"@type\":\"ListItem\",\"position\":2,\"name\":\"Sa suspension r\u00e9duite, Andr\u00e9 Onana apte pour la CAN 2021\"}]},{\"@type\":\"WebSite\",\"@id\":\"https:\/\/www.africa-press.net\/senegal\/#website\",\"url\":\"https:\/\/www.africa-press.net\/senegal\/\",\"name\":\"Africa Press | Senegal | Homepage\",\"description\":\"Just another Africa News Agency Sites site\",\"potentialAction\":[{\"@type\":\"SearchAction\",\"target\":{\"@type\":\"EntryPoint\",\"urlTemplate\":\"https:\/\/www.africa-press.net\/senegal\/?s={search_term_string}\"},\"query-input\":{\"@type\":\"PropertyValueSpecification\",\"valueRequired\":true,\"valueName\":\"search_term_string\"}}],\"inLanguage\":\"fr-FR\"},{\"@type\":\"Person\",\"@id\":\"https:\/\/www.africa-press.net\/senegal\/#\/schema\/person\/2b1cf3cd81a31e3cd26889ca66d677f1\",\"name\":\"cfeditorfr\",\"url\":\"https:\/\/www.africa-press.net\/senegal\/author\/cfeditorfr\"}]}<\/script>\n<!-- \/ Yoast SEO Premium plugin. -->","yoast_head_json":{"title":"Sa suspension r\u00e9duite, Andr\u00e9 Onana apte pour la CAN 2021 - Senegal","description":"Le gardien de but camerounais de l\u2019Ajax d\u2019Amsterdam (\u00e9lite n\u00e9erlandaise) Andr\u00e9 Onana, suspendu pour dopage pour une dur\u00e9 ...","robots":{"index":"index","follow":"follow","max-snippet":"max-snippet:-1","max-image-preview":"max-image-preview:large","max-video-preview":"max-video-preview:-1"},"canonical":"https:\/\/www.africa-press.net\/senegal\/sports\/sa-suspension-reduite-andre-onana-apte-pour-la-can-2021-2","og_locale":"fr_FR","og_type":"article","og_title":"Sa suspension r\u00e9duite, Andr\u00e9 Onana apte pour la CAN 2021","og_description":"Le gardien de but camerounais de l\u2019Ajax d\u2019Amsterdam (\u00e9lite n\u00e9erlandaise) Andr\u00e9 Onana, suspendu pour dopage pour une dur\u00e9 ...","og_url":"https:\/\/www.africa-press.net\/senegal\/sports\/sa-suspension-reduite-andre-onana-apte-pour-la-can-2021-2","og_site_name":"Senegal","article_published_time":"2021-06-11T19:13:47+00:00","og_image":[{"width":720,"height":350,"url":"https:\/\/static.africa-press.net\/senegal\/sites\/13\/2021\/06\/img-60c3a883550b6.jpg","type":"image\/jpeg"}],"author":"cfeditorfr","twitter_card":"summary_large_image","twitter_misc":{"\u00c9crit par":"cfeditorfr","Dur\u00e9e de lecture estim\u00e9e":"1 minute"},"schema":{"@context":"https:\/\/schema.org","@graph":[{"@type":"Article","@id":"https:\/\/www.africa-press.net\/senegal\/sports\/sa-suspension-reduite-andre-onana-apte-pour-la-can-2021-2#article","isPartOf":{"@id":"https:\/\/www.africa-press.net\/senegal\/sports\/sa-suspension-reduite-andre-onana-apte-pour-la-can-2021-2"},"author":{"name":"cfeditorfr","@id":"https:\/\/www.africa-press.net\/senegal\/#\/schema\/person\/2b1cf3cd81a31e3cd26889ca66d677f1"},"headline":"Sa suspension r\u00e9duite, Andr\u00e9 Onana apte pour la CAN 2021","datePublished":"2021-06-11T19:13:47+00:00","mainEntityOfPage":{"@id":"https:\/\/www.africa-press.net\/senegal\/sports\/sa-suspension-reduite-andre-onana-apte-pour-la-can-2021-2"},"wordCount":220,"commentCount":0,"image":{"@id":"https:\/\/www.africa-press.net\/senegal\/sports\/sa-suspension-reduite-andre-onana-apte-pour-la-can-2021-2#primaryimage"},"thumbnailUrl":"https:\/\/static.africa-press.net\/senegal\/sites\/13\/2021\/06\/img-60c3a883550b6.jpg","keywords":["Africa Press","Africa Press-Senegal","Andr\u00e9 Onana","CAN 2021","Senegal","suspension"],"articleSection":["homepage-french","Sports","Toutes les actualit\u00e9s"],"inLanguage":"fr-FR","potentialAction":[{"@type":"CommentAction","name":"Comment","target":["https:\/\/www.africa-press.net\/senegal\/sports\/sa-suspension-reduite-andre-onana-apte-pour-la-can-2021-2#respond"]}]},{"@type":"WebPage","@id":"https:\/\/www.africa-press.net\/senegal\/sports\/sa-suspension-reduite-andre-onana-apte-pour-la-can-2021-2","url":"https:\/\/www.africa-press.net\/senegal\/sports\/sa-suspension-reduite-andre-onana-apte-pour-la-can-2021-2","name":"Sa suspension r\u00e9duite, Andr\u00e9 Onana apte pour la CAN 2021 - Senegal","isPartOf":{"@id":"https:\/\/www.africa-press.net\/senegal\/#website"},"primaryImageOfPage":{"@id":"https:\/\/www.africa-press.net\/senegal\/sports\/sa-suspension-reduite-andre-onana-apte-pour-la-can-2021-2#primaryimage"},"image":{"@id":"https:\/\/www.africa-press.net\/senegal\/sports\/sa-suspension-reduite-andre-onana-apte-pour-la-can-2021-2#primaryimage"},"thumbnailUrl":"https:\/\/static.africa-press.net\/senegal\/sites\/13\/2021\/06\/img-60c3a883550b6.jpg","datePublished":"2021-06-11T19:13:47+00:00","author":{"@id":"https:\/\/www.africa-press.net\/senegal\/#\/schema\/person\/2b1cf3cd81a31e3cd26889ca66d677f1"},"description":"Le gardien de but camerounais de l\u2019Ajax d\u2019Amsterdam (\u00e9lite n\u00e9erlandaise) Andr\u00e9 Onana, suspendu pour dopage pour une dur\u00e9 ...","breadcrumb":{"@id":"https:\/\/www.africa-press.net\/senegal\/sports\/sa-suspension-reduite-andre-onana-apte-pour-la-can-2021-2#breadcrumb"},"inLanguage":"fr-FR","potentialAction":[{"@type":"ReadAction","target":["https:\/\/www.africa-press.net\/senegal\/sports\/sa-suspension-reduite-andre-onana-apte-pour-la-can-2021-2"]}]},{"@type":"ImageObject","inLanguage":"fr-FR","@id":"https:\/\/www.africa-press.net\/senegal\/sports\/sa-suspension-reduite-andre-onana-apte-pour-la-can-2021-2#primaryimage","url":"https:\/\/static.africa-press.net\/senegal\/sites\/13\/2021\/06\/img-60c3a883550b6.jpg","contentUrl":"https:\/\/static.africa-press.net\/senegal\/sites\/13\/2021\/06\/img-60c3a883550b6.jpg","width":720,"height":350,"caption":"Sa suspension r\u00e9duite, Andr\u00e9 Onana apte pour la CAN 2021"},{"@type":"BreadcrumbList","@id":"https:\/\/www.africa-press.net\/senegal\/sports\/sa-suspension-reduite-andre-onana-apte-pour-la-can-2021-2#breadcrumb","itemListElement":[{"@type":"ListItem","position":1,"name":"Accueil","item":"https:\/\/www.africa-press.net\/senegal\/"},{"@type":"ListItem","position":2,"name":"Sa suspension r\u00e9duite, Andr\u00e9 Onana apte pour la CAN 2021"}]},{"@type":"WebSite","@id":"https:\/\/www.africa-press.net\/senegal\/#website","url":"https:\/\/www.africa-press.net\/senegal\/","name":"Africa Press | Senegal | Homepage","description":"Just another Africa News Agency Sites site","potentialAction":[{"@type":"SearchAction","target":{"@type":"EntryPoint","urlTemplate":"https:\/\/www.africa-press.net\/senegal\/?s={search_term_string}"},"query-input":{"@type":"PropertyValueSpecification","valueRequired":true,"valueName":"search_term_string"}}],"inLanguage":"fr-FR"},{"@type":"Person","@id":"https:\/\/www.africa-press.net\/senegal\/#\/schema\/person\/2b1cf3cd81a31e3cd26889ca66d677f1","name":"cfeditorfr","url":"https:\/\/www.africa-press.net\/senegal\/author\/cfeditorfr"}]}},"_links":{"self":[{"href":"https:\/\/www.africa-press.net\/senegal\/wp-json\/wp\/v2\/posts\/8670","targetHints":{"allow":["GET"]}}],"collection":[{"href":"https:\/\/www.africa-press.net\/senegal\/wp-json\/wp\/v2\/posts"}],"about":[{"href":"https:\/\/www.africa-press.net\/senegal\/wp-json\/wp\/v2\/types\/post"}],"author":[{"embeddable":true,"href":"https:\/\/www.africa-press.net\/senegal\/wp-json\/wp\/v2\/users\/82"}],"replies":[{"embeddable":true,"href":"https:\/\/www.africa-press.net\/senegal\/wp-json\/wp\/v2\/comments?post=8670"}],"version-history":[{"count":0,"href":"https:\/\/www.africa-press.net\/senegal\/wp-json\/wp\/v2\/posts\/8670\/revisions"}],"wp:featuredmedia":[{"embeddable":true,"href":"https:\/\/www.africa-press.net\/senegal\/wp-json\/wp\/v2\/media\/8669"}],"wp:attachment":[{"href":"https:\/\/www.africa-press.net\/senegal\/wp-json\/wp\/v2\/media?parent=8670"}],"wp:term":[{"taxonomy":"category","embeddable":true,"href":"https:\/\/www.africa-press.net\/senegal\/wp-json\/wp\/v2\/categories?post=8670"},{"taxonomy":"post_tag","embeddable":true,"href":"https:\/\/www.africa-press.net\/senegal\/wp-json\/wp\/v2\/tags?post=8670"}],"curies":[{"name":"wp","href":"https:\/\/api.w.org\/{rel}","templated":true}]}}