{"id":9483,"date":"2021-06-22T17:17:37","date_gmt":"2021-06-22T17:17:37","guid":{"rendered":"https:\/\/www.africa-press.net\/senegal\/?p=9483"},"modified":"2021-06-22T16:31:58","modified_gmt":"2021-06-22T16:31:58","slug":"national-1-oslo-fc-promu-en-ligue-2","status":"publish","type":"post","link":"https:\/\/www.africa-press.net\/senegal\/sports\/national-1-oslo-fc-promu-en-ligue-2","title":{"rendered":"National 1 : Oslo FC promu en Ligue 2"},"content":{"rendered":"<p><span style=\"color: #ff6600\"><strong><a href=\"https:\/\/www.africa-press.net\/\">Africa-Press<\/a> &#8211; <a href=\"https:\/\/www.africa-press.net\/senegal\">Senegal<\/a>. <\/strong><\/span>L\u2019\u00e9quipe d\u2019Oslo FC, victorieuse ce lundi du Racing de Dakar 2-1, lors de la 21-\u00e8me journ\u00e9e de National 1, a assur\u00e9 sa promotion en Ligue 2 s\u00e9n\u00e9galaise.<\/p>\n<p>Avec 47 points au compteur et \u00e0 une journ\u00e9e de la fin, l\u2019\u00e9quipe coach\u00e9e par l\u2019ancien entra\u00eeneur de l\u2019\u00e9quipe nationale locale, Moustapha Seck, ne peut plus \u00eatre rejointe par ses adversaires dont la Jeanne d\u2019Arc, 2-\u00e8me avec 43 points.<\/p>\n<p>Ancien entra\u00eeneur national, Moustapha Seck est en passe de se construire une r\u00e9putation de technicien sp\u00e9cialis\u00e9 dans l\u2019art faire monter les \u00e9quipes en division sup\u00e9rieure.<\/p>\n<p>Seck qui a dirig\u00e9 l\u2019AS Saloum de Kaolack, a par exemple r\u00e9ussi \u00e0 faire passer Teungueth FC du football amateur au monde professionnel.<\/p>\n<p>Cette \u00e9quipe rel\u00e9gu\u00e9e en National 1 (D3), est pass\u00e9e en Ligue 2 puis en Ligue 1 en 2016 sous les ordres toujours dirig\u00e9e par le coach Seck.<\/p>\n<p>Quelques ann\u00e9es plus t\u00f4t, il avait r\u00e9ussi le m\u00eame challenge avec Gu\u00e9diawaye FC, \u00e0 l\u2019\u00e9poque pr\u00e9sid\u00e9 par Djamil Faye et qu\u2019il a fait remonter dans l\u2019\u00e9lite tout en gagnant la Coupe de la Ligue.<\/p>\n<p>S\u2019il n\u2019a pas r\u00e9ussi \u00e0 qualifier l\u2019\u00e9quipe nationale locale \u00e0 l\u2019\u00e9dition 2016 du Championnat d\u2019Afrique des nations (CHAN), Moustapha Seck a connu une exp\u00e9rience \u00e0 l\u2019\u00e9tranger. Il coach\u00e9 le Soumba FC en Guin\u00e9e et le Tevra Zeinah en Mauritanie.<\/p>\n","protected":false},"excerpt":{"rendered":"<p>Africa-Press &#8211; Senegal. L\u2019\u00e9quipe d\u2019Oslo FC, victorieuse ce lundi du Racing de Dakar 2-1, lors de la 21-\u00e8me journ\u00e9e de National 1, a assur\u00e9 sa promotion en Ligue 2 s\u00e9n\u00e9galaise. Avec 47 points au compteur et \u00e0 une journ\u00e9e de la fin, l\u2019\u00e9quipe coach\u00e9e par l\u2019ancien entra\u00eeneur de l\u2019\u00e9quipe nationale locale, Moustapha Seck, ne peut [&hellip;]<\/p>\n","protected":false},"author":82,"featured_media":9482,"comment_status":"open","ping_status":"closed","sticky":false,"template":"","format":"standard","meta":{"footnotes":""},"categories":[11,6,10],"tags":[43,47,1200,1199,1198,1201,44],"class_list":["post-9483","post","type-post","status-publish","format-standard","has-post-thumbnail","hentry","category-homepage-french","category-sports","category-toutes-les-actualites","tag-africa-press-2","tag-africa-press-senegal","tag-ligue-2","tag-national-1","tag-oslo-fc","tag-promu","tag-senegal-2"],"yoast_head":"<!-- This site is optimized with the Yoast SEO Premium plugin v26.1 (Yoast SEO v27.0) - https:\/\/yoast.com\/product\/yoast-seo-premium-wordpress\/ -->\n<title>National 1 : Oslo FC promu en Ligue 2 - Senegal<\/title>\n<meta name=\"description\" content=\"L\u2019\u00e9quipe d\u2019Oslo FC, victorieuse ce lundi du Racing de Dakar 2-1, lors de la 21-\u00e8me journ\u00e9e de National 1, a assur\u00e9 sa pr ...\" \/>\n<meta name=\"robots\" content=\"index, follow, max-snippet:-1, max-image-preview:large, max-video-preview:-1\" \/>\n<link rel=\"canonical\" href=\"https:\/\/www.africa-press.net\/senegal\/sports\/national-1-oslo-fc-promu-en-ligue-2\" \/>\n<meta property=\"og:locale\" content=\"fr_FR\" \/>\n<meta property=\"og:type\" content=\"article\" \/>\n<meta property=\"og:title\" content=\"National 1 : Oslo FC promu en Ligue 2\" \/>\n<meta property=\"og:description\" content=\"L\u2019\u00e9quipe d\u2019Oslo FC, victorieuse ce lundi du Racing de Dakar 2-1, lors de la 21-\u00e8me journ\u00e9e de National 1, a assur\u00e9 sa pr ...\" \/>\n<meta property=\"og:url\" content=\"https:\/\/www.africa-press.net\/senegal\/sports\/national-1-oslo-fc-promu-en-ligue-2\" \/>\n<meta property=\"og:site_name\" content=\"Senegal\" \/>\n<meta property=\"article:published_time\" content=\"2021-06-22T17:17:37+00:00\" \/>\n<meta property=\"og:image\" content=\"https:\/\/static.africa-press.net\/senegal\/sites\/13\/2021\/06\/img-60d2105373937.jpg\" \/>\n\t<meta property=\"og:image:width\" content=\"720\" \/>\n\t<meta property=\"og:image:height\" content=\"350\" \/>\n\t<meta property=\"og:image:type\" content=\"image\/jpeg\" \/>\n<meta name=\"author\" content=\"cfeditorfr\" \/>\n<meta name=\"twitter:card\" content=\"summary_large_image\" \/>\n<meta name=\"twitter:label1\" content=\"\u00c9crit par\" \/>\n\t<meta name=\"twitter:data1\" content=\"cfeditorfr\" \/>\n\t<meta name=\"twitter:label2\" content=\"Dur\u00e9e de lecture estim\u00e9e\" \/>\n\t<meta name=\"twitter:data2\" content=\"1 minute\" \/>\n<script type=\"application\/ld+json\" class=\"yoast-schema-graph\">{\"@context\":\"https:\/\/schema.org\",\"@graph\":[{\"@type\":\"Article\",\"@id\":\"https:\/\/www.africa-press.net\/senegal\/sports\/national-1-oslo-fc-promu-en-ligue-2#article\",\"isPartOf\":{\"@id\":\"https:\/\/www.africa-press.net\/senegal\/sports\/national-1-oslo-fc-promu-en-ligue-2\"},\"author\":{\"name\":\"cfeditorfr\",\"@id\":\"https:\/\/www.africa-press.net\/senegal\/#\/schema\/person\/2b1cf3cd81a31e3cd26889ca66d677f1\"},\"headline\":\"National 1 : Oslo FC promu en Ligue 2\",\"datePublished\":\"2021-06-22T17:17:37+00:00\",\"mainEntityOfPage\":{\"@id\":\"https:\/\/www.africa-press.net\/senegal\/sports\/national-1-oslo-fc-promu-en-ligue-2\"},\"wordCount\":251,\"commentCount\":0,\"image\":{\"@id\":\"https:\/\/www.africa-press.net\/senegal\/sports\/national-1-oslo-fc-promu-en-ligue-2#primaryimage\"},\"thumbnailUrl\":\"https:\/\/static.africa-press.net\/senegal\/sites\/13\/2021\/06\/img-60d2105373937.jpg\",\"keywords\":[\"Africa Press\",\"Africa Press-Senegal\",\"Ligue 2\",\"National 1\",\"Oslo FC\",\"Promu\",\"Senegal\"],\"articleSection\":[\"homepage-french\",\"Sports\",\"Toutes les actualit\u00e9s\"],\"inLanguage\":\"fr-FR\",\"potentialAction\":[{\"@type\":\"CommentAction\",\"name\":\"Comment\",\"target\":[\"https:\/\/www.africa-press.net\/senegal\/sports\/national-1-oslo-fc-promu-en-ligue-2#respond\"]}]},{\"@type\":\"WebPage\",\"@id\":\"https:\/\/www.africa-press.net\/senegal\/sports\/national-1-oslo-fc-promu-en-ligue-2\",\"url\":\"https:\/\/www.africa-press.net\/senegal\/sports\/national-1-oslo-fc-promu-en-ligue-2\",\"name\":\"National 1 : Oslo FC promu en Ligue 2 - Senegal\",\"isPartOf\":{\"@id\":\"https:\/\/www.africa-press.net\/senegal\/#website\"},\"primaryImageOfPage\":{\"@id\":\"https:\/\/www.africa-press.net\/senegal\/sports\/national-1-oslo-fc-promu-en-ligue-2#primaryimage\"},\"image\":{\"@id\":\"https:\/\/www.africa-press.net\/senegal\/sports\/national-1-oslo-fc-promu-en-ligue-2#primaryimage\"},\"thumbnailUrl\":\"https:\/\/static.africa-press.net\/senegal\/sites\/13\/2021\/06\/img-60d2105373937.jpg\",\"datePublished\":\"2021-06-22T17:17:37+00:00\",\"author\":{\"@id\":\"https:\/\/www.africa-press.net\/senegal\/#\/schema\/person\/2b1cf3cd81a31e3cd26889ca66d677f1\"},\"description\":\"L\u2019\u00e9quipe d\u2019Oslo FC, victorieuse ce lundi du Racing de Dakar 2-1, lors de la 21-\u00e8me journ\u00e9e de National 1, a assur\u00e9 sa pr ...\",\"breadcrumb\":{\"@id\":\"https:\/\/www.africa-press.net\/senegal\/sports\/national-1-oslo-fc-promu-en-ligue-2#breadcrumb\"},\"inLanguage\":\"fr-FR\",\"potentialAction\":[{\"@type\":\"ReadAction\",\"target\":[\"https:\/\/www.africa-press.net\/senegal\/sports\/national-1-oslo-fc-promu-en-ligue-2\"]}]},{\"@type\":\"ImageObject\",\"inLanguage\":\"fr-FR\",\"@id\":\"https:\/\/www.africa-press.net\/senegal\/sports\/national-1-oslo-fc-promu-en-ligue-2#primaryimage\",\"url\":\"https:\/\/static.africa-press.net\/senegal\/sites\/13\/2021\/06\/img-60d2105373937.jpg\",\"contentUrl\":\"https:\/\/static.africa-press.net\/senegal\/sites\/13\/2021\/06\/img-60d2105373937.jpg\",\"width\":720,\"height\":350,\"caption\":\"National 1 : Oslo FC promu en Ligue 2\"},{\"@type\":\"BreadcrumbList\",\"@id\":\"https:\/\/www.africa-press.net\/senegal\/sports\/national-1-oslo-fc-promu-en-ligue-2#breadcrumb\",\"itemListElement\":[{\"@type\":\"ListItem\",\"position\":1,\"name\":\"Accueil\",\"item\":\"https:\/\/www.africa-press.net\/senegal\/\"},{\"@type\":\"ListItem\",\"position\":2,\"name\":\"National 1 : Oslo FC promu en Ligue 2\"}]},{\"@type\":\"WebSite\",\"@id\":\"https:\/\/www.africa-press.net\/senegal\/#website\",\"url\":\"https:\/\/www.africa-press.net\/senegal\/\",\"name\":\"Africa Press | Senegal | Homepage\",\"description\":\"Just another Africa News Agency Sites site\",\"potentialAction\":[{\"@type\":\"SearchAction\",\"target\":{\"@type\":\"EntryPoint\",\"urlTemplate\":\"https:\/\/www.africa-press.net\/senegal\/?s={search_term_string}\"},\"query-input\":{\"@type\":\"PropertyValueSpecification\",\"valueRequired\":true,\"valueName\":\"search_term_string\"}}],\"inLanguage\":\"fr-FR\"},{\"@type\":\"Person\",\"@id\":\"https:\/\/www.africa-press.net\/senegal\/#\/schema\/person\/2b1cf3cd81a31e3cd26889ca66d677f1\",\"name\":\"cfeditorfr\",\"url\":\"https:\/\/www.africa-press.net\/senegal\/author\/cfeditorfr\"}]}<\/script>\n<!-- \/ Yoast SEO Premium plugin. -->","yoast_head_json":{"title":"National 1 : Oslo FC promu en Ligue 2 - Senegal","description":"L\u2019\u00e9quipe d\u2019Oslo FC, victorieuse ce lundi du Racing de Dakar 2-1, lors de la 21-\u00e8me journ\u00e9e de National 1, a assur\u00e9 sa pr ...","robots":{"index":"index","follow":"follow","max-snippet":"max-snippet:-1","max-image-preview":"max-image-preview:large","max-video-preview":"max-video-preview:-1"},"canonical":"https:\/\/www.africa-press.net\/senegal\/sports\/national-1-oslo-fc-promu-en-ligue-2","og_locale":"fr_FR","og_type":"article","og_title":"National 1 : Oslo FC promu en Ligue 2","og_description":"L\u2019\u00e9quipe d\u2019Oslo FC, victorieuse ce lundi du Racing de Dakar 2-1, lors de la 21-\u00e8me journ\u00e9e de National 1, a assur\u00e9 sa pr ...","og_url":"https:\/\/www.africa-press.net\/senegal\/sports\/national-1-oslo-fc-promu-en-ligue-2","og_site_name":"Senegal","article_published_time":"2021-06-22T17:17:37+00:00","og_image":[{"width":720,"height":350,"url":"https:\/\/static.africa-press.net\/senegal\/sites\/13\/2021\/06\/img-60d2105373937.jpg","type":"image\/jpeg"}],"author":"cfeditorfr","twitter_card":"summary_large_image","twitter_misc":{"\u00c9crit par":"cfeditorfr","Dur\u00e9e de lecture estim\u00e9e":"1 minute"},"schema":{"@context":"https:\/\/schema.org","@graph":[{"@type":"Article","@id":"https:\/\/www.africa-press.net\/senegal\/sports\/national-1-oslo-fc-promu-en-ligue-2#article","isPartOf":{"@id":"https:\/\/www.africa-press.net\/senegal\/sports\/national-1-oslo-fc-promu-en-ligue-2"},"author":{"name":"cfeditorfr","@id":"https:\/\/www.africa-press.net\/senegal\/#\/schema\/person\/2b1cf3cd81a31e3cd26889ca66d677f1"},"headline":"National 1 : Oslo FC promu en Ligue 2","datePublished":"2021-06-22T17:17:37+00:00","mainEntityOfPage":{"@id":"https:\/\/www.africa-press.net\/senegal\/sports\/national-1-oslo-fc-promu-en-ligue-2"},"wordCount":251,"commentCount":0,"image":{"@id":"https:\/\/www.africa-press.net\/senegal\/sports\/national-1-oslo-fc-promu-en-ligue-2#primaryimage"},"thumbnailUrl":"https:\/\/static.africa-press.net\/senegal\/sites\/13\/2021\/06\/img-60d2105373937.jpg","keywords":["Africa Press","Africa Press-Senegal","Ligue 2","National 1","Oslo FC","Promu","Senegal"],"articleSection":["homepage-french","Sports","Toutes les actualit\u00e9s"],"inLanguage":"fr-FR","potentialAction":[{"@type":"CommentAction","name":"Comment","target":["https:\/\/www.africa-press.net\/senegal\/sports\/national-1-oslo-fc-promu-en-ligue-2#respond"]}]},{"@type":"WebPage","@id":"https:\/\/www.africa-press.net\/senegal\/sports\/national-1-oslo-fc-promu-en-ligue-2","url":"https:\/\/www.africa-press.net\/senegal\/sports\/national-1-oslo-fc-promu-en-ligue-2","name":"National 1 : Oslo FC promu en Ligue 2 - Senegal","isPartOf":{"@id":"https:\/\/www.africa-press.net\/senegal\/#website"},"primaryImageOfPage":{"@id":"https:\/\/www.africa-press.net\/senegal\/sports\/national-1-oslo-fc-promu-en-ligue-2#primaryimage"},"image":{"@id":"https:\/\/www.africa-press.net\/senegal\/sports\/national-1-oslo-fc-promu-en-ligue-2#primaryimage"},"thumbnailUrl":"https:\/\/static.africa-press.net\/senegal\/sites\/13\/2021\/06\/img-60d2105373937.jpg","datePublished":"2021-06-22T17:17:37+00:00","author":{"@id":"https:\/\/www.africa-press.net\/senegal\/#\/schema\/person\/2b1cf3cd81a31e3cd26889ca66d677f1"},"description":"L\u2019\u00e9quipe d\u2019Oslo FC, victorieuse ce lundi du Racing de Dakar 2-1, lors de la 21-\u00e8me journ\u00e9e de National 1, a assur\u00e9 sa pr ...","breadcrumb":{"@id":"https:\/\/www.africa-press.net\/senegal\/sports\/national-1-oslo-fc-promu-en-ligue-2#breadcrumb"},"inLanguage":"fr-FR","potentialAction":[{"@type":"ReadAction","target":["https:\/\/www.africa-press.net\/senegal\/sports\/national-1-oslo-fc-promu-en-ligue-2"]}]},{"@type":"ImageObject","inLanguage":"fr-FR","@id":"https:\/\/www.africa-press.net\/senegal\/sports\/national-1-oslo-fc-promu-en-ligue-2#primaryimage","url":"https:\/\/static.africa-press.net\/senegal\/sites\/13\/2021\/06\/img-60d2105373937.jpg","contentUrl":"https:\/\/static.africa-press.net\/senegal\/sites\/13\/2021\/06\/img-60d2105373937.jpg","width":720,"height":350,"caption":"National 1 : Oslo FC promu en Ligue 2"},{"@type":"BreadcrumbList","@id":"https:\/\/www.africa-press.net\/senegal\/sports\/national-1-oslo-fc-promu-en-ligue-2#breadcrumb","itemListElement":[{"@type":"ListItem","position":1,"name":"Accueil","item":"https:\/\/www.africa-press.net\/senegal\/"},{"@type":"ListItem","position":2,"name":"National 1 : Oslo FC promu en Ligue 2"}]},{"@type":"WebSite","@id":"https:\/\/www.africa-press.net\/senegal\/#website","url":"https:\/\/www.africa-press.net\/senegal\/","name":"Africa Press | Senegal | Homepage","description":"Just another Africa News Agency Sites site","potentialAction":[{"@type":"SearchAction","target":{"@type":"EntryPoint","urlTemplate":"https:\/\/www.africa-press.net\/senegal\/?s={search_term_string}"},"query-input":{"@type":"PropertyValueSpecification","valueRequired":true,"valueName":"search_term_string"}}],"inLanguage":"fr-FR"},{"@type":"Person","@id":"https:\/\/www.africa-press.net\/senegal\/#\/schema\/person\/2b1cf3cd81a31e3cd26889ca66d677f1","name":"cfeditorfr","url":"https:\/\/www.africa-press.net\/senegal\/author\/cfeditorfr"}]}},"_links":{"self":[{"href":"https:\/\/www.africa-press.net\/senegal\/wp-json\/wp\/v2\/posts\/9483","targetHints":{"allow":["GET"]}}],"collection":[{"href":"https:\/\/www.africa-press.net\/senegal\/wp-json\/wp\/v2\/posts"}],"about":[{"href":"https:\/\/www.africa-press.net\/senegal\/wp-json\/wp\/v2\/types\/post"}],"author":[{"embeddable":true,"href":"https:\/\/www.africa-press.net\/senegal\/wp-json\/wp\/v2\/users\/82"}],"replies":[{"embeddable":true,"href":"https:\/\/www.africa-press.net\/senegal\/wp-json\/wp\/v2\/comments?post=9483"}],"version-history":[{"count":0,"href":"https:\/\/www.africa-press.net\/senegal\/wp-json\/wp\/v2\/posts\/9483\/revisions"}],"wp:featuredmedia":[{"embeddable":true,"href":"https:\/\/www.africa-press.net\/senegal\/wp-json\/wp\/v2\/media\/9482"}],"wp:attachment":[{"href":"https:\/\/www.africa-press.net\/senegal\/wp-json\/wp\/v2\/media?parent=9483"}],"wp:term":[{"taxonomy":"category","embeddable":true,"href":"https:\/\/www.africa-press.net\/senegal\/wp-json\/wp\/v2\/categories?post=9483"},{"taxonomy":"post_tag","embeddable":true,"href":"https:\/\/www.africa-press.net\/senegal\/wp-json\/wp\/v2\/tags?post=9483"}],"curies":[{"name":"wp","href":"https:\/\/api.w.org\/{rel}","templated":true}]}}