{"id":9788,"date":"2021-06-27T17:46:40","date_gmt":"2021-06-27T17:46:40","guid":{"rendered":"https:\/\/www.africa-press.net\/senegal\/?p=9788"},"modified":"2021-06-27T16:48:58","modified_gmt":"2021-06-27T16:48:58","slug":"le-guediawaye-fc-promu-officiellement-en-ligue-1","status":"publish","type":"post","link":"https:\/\/www.africa-press.net\/senegal\/sports\/le-guediawaye-fc-promu-officiellement-en-ligue-1","title":{"rendered":"Le Gu\u00e9diawaye FC promu officiellement en Ligue 1 !"},"content":{"rendered":"<p><span style=\"color: #ff6600\"><strong><a href=\"https:\/\/www.africa-press.net\/\">Africa-Press<\/a> &#8211; <a href=\"https:\/\/www.africa-press.net\/senegal\">Senegal<\/a>. <\/strong><\/span>Gr\u00e2ce \u00e0 son succ\u00e8s cet apr\u00e8s-midi au Stade Alassane Djigo de Pikine contre la Renaissance de Dakar (1-0), le Gu\u00e9diawaye FC est d\u00e9sormais certain de finir parmi les deux premiers et d\u2019\u00e9voluer en Ligue 1 la saison prochaine.Adieux la Ligue 2 ! Bonjour la Ligue 1. GFC est de retour apr\u00e8s un brillantissime parcours en Ligue 2. Trois ans. Il aura donc fallu attendre tout ce temps pour que Gu\u00e9diawaye FC, habitu\u00e9 du Championnat de premi\u00e8re division, parvienne \u00e0 se hisser en haut du classement de Ligue 2 et acc\u00e8dent de nouveau \u00e0 l\u2019\u00e9lite. Les Banlieusards s ont vaincu le signe indien pour revenir dans une Ligue 1 qu\u2019ils avaient quitt\u00e9s en mai 2018.<\/p>\n<p>Le Gu\u00e9diawaye FC aura men\u00e9 la danse pratiquement tout au long de la saison, jusqu\u2019\u00e0 devancer une \u00e9quipe de la Lingu\u00e8re qui semblait intouchable apr\u00e8s la phase aller. D\u00e9sormais, le Jaunes visent \u00e0 remporter le titre de Champion de Ligue 2 qu\u2019ils vont disputer avec la Lingu\u00e8re. A quatre journ\u00e9es de la fin, GFC compte sept points d\u2019avance que l\u2019\u00e9quipe saint-louisienne, battue cet apr\u00e8s-midi par l\u2019EJ Fatick (0-1).<\/p>\n","protected":false},"excerpt":{"rendered":"<p>Africa-Press &#8211; Senegal. Gr\u00e2ce \u00e0 son succ\u00e8s cet apr\u00e8s-midi au Stade Alassane Djigo de Pikine contre la Renaissance de Dakar (1-0), le Gu\u00e9diawaye FC est d\u00e9sormais certain de finir parmi les deux premiers et d\u2019\u00e9voluer en Ligue 1 la saison prochaine.Adieux la Ligue 2 ! Bonjour la Ligue 1. GFC est de retour apr\u00e8s un [&hellip;]<\/p>\n","protected":false},"author":82,"featured_media":9787,"comment_status":"open","ping_status":"closed","sticky":false,"template":"","format":"standard","meta":{"footnotes":""},"categories":[11,6,10],"tags":[43,47,1357,423,1201,44],"class_list":["post-9788","post","type-post","status-publish","format-standard","has-post-thumbnail","hentry","category-homepage-french","category-sports","category-toutes-les-actualites","tag-africa-press-2","tag-africa-press-senegal","tag-guediawaye-fc","tag-ligue-1","tag-promu","tag-senegal-2"],"yoast_head":"<!-- This site is optimized with the Yoast SEO Premium plugin v26.1 (Yoast SEO v27.0) - https:\/\/yoast.com\/product\/yoast-seo-premium-wordpress\/ -->\n<title>Le Gu\u00e9diawaye FC promu officiellement en Ligue 1 ! - Senegal<\/title>\n<meta name=\"description\" content=\"Gr\u00e2ce \u00e0 son succ\u00e8s cet apr\u00e8s-midi au Stade Alassane Djigo de Pikine contre la Renaissance de Dakar (1-0), le Gu\u00e9diawaye ...\" \/>\n<meta name=\"robots\" content=\"index, follow, max-snippet:-1, max-image-preview:large, max-video-preview:-1\" \/>\n<link rel=\"canonical\" href=\"https:\/\/www.africa-press.net\/senegal\/sports\/le-guediawaye-fc-promu-officiellement-en-ligue-1\" \/>\n<meta property=\"og:locale\" content=\"fr_FR\" \/>\n<meta property=\"og:type\" content=\"article\" \/>\n<meta property=\"og:title\" content=\"Le Gu\u00e9diawaye FC promu officiellement en Ligue 1 !\" \/>\n<meta property=\"og:description\" content=\"Gr\u00e2ce \u00e0 son succ\u00e8s cet apr\u00e8s-midi au Stade Alassane Djigo de Pikine contre la Renaissance de Dakar (1-0), le Gu\u00e9diawaye ...\" \/>\n<meta property=\"og:url\" content=\"https:\/\/www.africa-press.net\/senegal\/sports\/le-guediawaye-fc-promu-officiellement-en-ligue-1\" \/>\n<meta property=\"og:site_name\" content=\"Senegal\" \/>\n<meta property=\"article:published_time\" content=\"2021-06-27T17:46:40+00:00\" \/>\n<meta property=\"og:image\" content=\"https:\/\/static.africa-press.net\/senegal\/sites\/13\/2021\/06\/img-60d8abd4b4eda.jpg\" \/>\n\t<meta property=\"og:image:width\" content=\"720\" \/>\n\t<meta property=\"og:image:height\" content=\"350\" \/>\n\t<meta property=\"og:image:type\" content=\"image\/jpeg\" \/>\n<meta name=\"author\" content=\"cfeditorfr\" \/>\n<meta name=\"twitter:card\" content=\"summary_large_image\" \/>\n<meta name=\"twitter:label1\" content=\"\u00c9crit par\" \/>\n\t<meta name=\"twitter:data1\" content=\"cfeditorfr\" \/>\n\t<meta name=\"twitter:label2\" content=\"Dur\u00e9e de lecture estim\u00e9e\" \/>\n\t<meta name=\"twitter:data2\" content=\"1 minute\" \/>\n<script type=\"application\/ld+json\" class=\"yoast-schema-graph\">{\"@context\":\"https:\/\/schema.org\",\"@graph\":[{\"@type\":\"Article\",\"@id\":\"https:\/\/www.africa-press.net\/senegal\/sports\/le-guediawaye-fc-promu-officiellement-en-ligue-1#article\",\"isPartOf\":{\"@id\":\"https:\/\/www.africa-press.net\/senegal\/sports\/le-guediawaye-fc-promu-officiellement-en-ligue-1\"},\"author\":{\"name\":\"cfeditorfr\",\"@id\":\"https:\/\/www.africa-press.net\/senegal\/#\/schema\/person\/2b1cf3cd81a31e3cd26889ca66d677f1\"},\"headline\":\"Le Gu\u00e9diawaye FC promu officiellement en Ligue 1 !\",\"datePublished\":\"2021-06-27T17:46:40+00:00\",\"mainEntityOfPage\":{\"@id\":\"https:\/\/www.africa-press.net\/senegal\/sports\/le-guediawaye-fc-promu-officiellement-en-ligue-1\"},\"wordCount\":205,\"commentCount\":0,\"image\":{\"@id\":\"https:\/\/www.africa-press.net\/senegal\/sports\/le-guediawaye-fc-promu-officiellement-en-ligue-1#primaryimage\"},\"thumbnailUrl\":\"https:\/\/static.africa-press.net\/senegal\/sites\/13\/2021\/06\/img-60d8abd4b4eda.jpg\",\"keywords\":[\"Africa Press\",\"Africa Press-Senegal\",\"Gu\u00e9diawaye FC\",\"Ligue 1\",\"Promu\",\"Senegal\"],\"articleSection\":[\"homepage-french\",\"Sports\",\"Toutes les actualit\u00e9s\"],\"inLanguage\":\"fr-FR\",\"potentialAction\":[{\"@type\":\"CommentAction\",\"name\":\"Comment\",\"target\":[\"https:\/\/www.africa-press.net\/senegal\/sports\/le-guediawaye-fc-promu-officiellement-en-ligue-1#respond\"]}]},{\"@type\":\"WebPage\",\"@id\":\"https:\/\/www.africa-press.net\/senegal\/sports\/le-guediawaye-fc-promu-officiellement-en-ligue-1\",\"url\":\"https:\/\/www.africa-press.net\/senegal\/sports\/le-guediawaye-fc-promu-officiellement-en-ligue-1\",\"name\":\"Le Gu\u00e9diawaye FC promu officiellement en Ligue 1 ! - Senegal\",\"isPartOf\":{\"@id\":\"https:\/\/www.africa-press.net\/senegal\/#website\"},\"primaryImageOfPage\":{\"@id\":\"https:\/\/www.africa-press.net\/senegal\/sports\/le-guediawaye-fc-promu-officiellement-en-ligue-1#primaryimage\"},\"image\":{\"@id\":\"https:\/\/www.africa-press.net\/senegal\/sports\/le-guediawaye-fc-promu-officiellement-en-ligue-1#primaryimage\"},\"thumbnailUrl\":\"https:\/\/static.africa-press.net\/senegal\/sites\/13\/2021\/06\/img-60d8abd4b4eda.jpg\",\"datePublished\":\"2021-06-27T17:46:40+00:00\",\"author\":{\"@id\":\"https:\/\/www.africa-press.net\/senegal\/#\/schema\/person\/2b1cf3cd81a31e3cd26889ca66d677f1\"},\"description\":\"Gr\u00e2ce \u00e0 son succ\u00e8s cet apr\u00e8s-midi au Stade Alassane Djigo de Pikine contre la Renaissance de Dakar (1-0), le Gu\u00e9diawaye ...\",\"breadcrumb\":{\"@id\":\"https:\/\/www.africa-press.net\/senegal\/sports\/le-guediawaye-fc-promu-officiellement-en-ligue-1#breadcrumb\"},\"inLanguage\":\"fr-FR\",\"potentialAction\":[{\"@type\":\"ReadAction\",\"target\":[\"https:\/\/www.africa-press.net\/senegal\/sports\/le-guediawaye-fc-promu-officiellement-en-ligue-1\"]}]},{\"@type\":\"ImageObject\",\"inLanguage\":\"fr-FR\",\"@id\":\"https:\/\/www.africa-press.net\/senegal\/sports\/le-guediawaye-fc-promu-officiellement-en-ligue-1#primaryimage\",\"url\":\"https:\/\/static.africa-press.net\/senegal\/sites\/13\/2021\/06\/img-60d8abd4b4eda.jpg\",\"contentUrl\":\"https:\/\/static.africa-press.net\/senegal\/sites\/13\/2021\/06\/img-60d8abd4b4eda.jpg\",\"width\":720,\"height\":350,\"caption\":\"Le Gu\u00e9diawaye FC promu officiellement en Ligue 1 !\"},{\"@type\":\"BreadcrumbList\",\"@id\":\"https:\/\/www.africa-press.net\/senegal\/sports\/le-guediawaye-fc-promu-officiellement-en-ligue-1#breadcrumb\",\"itemListElement\":[{\"@type\":\"ListItem\",\"position\":1,\"name\":\"Accueil\",\"item\":\"https:\/\/www.africa-press.net\/senegal\/\"},{\"@type\":\"ListItem\",\"position\":2,\"name\":\"Le Gu\u00e9diawaye FC promu officiellement en Ligue 1 !\"}]},{\"@type\":\"WebSite\",\"@id\":\"https:\/\/www.africa-press.net\/senegal\/#website\",\"url\":\"https:\/\/www.africa-press.net\/senegal\/\",\"name\":\"Africa Press | Senegal | Homepage\",\"description\":\"Just another Africa News Agency Sites site\",\"potentialAction\":[{\"@type\":\"SearchAction\",\"target\":{\"@type\":\"EntryPoint\",\"urlTemplate\":\"https:\/\/www.africa-press.net\/senegal\/?s={search_term_string}\"},\"query-input\":{\"@type\":\"PropertyValueSpecification\",\"valueRequired\":true,\"valueName\":\"search_term_string\"}}],\"inLanguage\":\"fr-FR\"},{\"@type\":\"Person\",\"@id\":\"https:\/\/www.africa-press.net\/senegal\/#\/schema\/person\/2b1cf3cd81a31e3cd26889ca66d677f1\",\"name\":\"cfeditorfr\",\"url\":\"https:\/\/www.africa-press.net\/senegal\/author\/cfeditorfr\"}]}<\/script>\n<!-- \/ Yoast SEO Premium plugin. -->","yoast_head_json":{"title":"Le Gu\u00e9diawaye FC promu officiellement en Ligue 1 ! - Senegal","description":"Gr\u00e2ce \u00e0 son succ\u00e8s cet apr\u00e8s-midi au Stade Alassane Djigo de Pikine contre la Renaissance de Dakar (1-0), le Gu\u00e9diawaye ...","robots":{"index":"index","follow":"follow","max-snippet":"max-snippet:-1","max-image-preview":"max-image-preview:large","max-video-preview":"max-video-preview:-1"},"canonical":"https:\/\/www.africa-press.net\/senegal\/sports\/le-guediawaye-fc-promu-officiellement-en-ligue-1","og_locale":"fr_FR","og_type":"article","og_title":"Le Gu\u00e9diawaye FC promu officiellement en Ligue 1 !","og_description":"Gr\u00e2ce \u00e0 son succ\u00e8s cet apr\u00e8s-midi au Stade Alassane Djigo de Pikine contre la Renaissance de Dakar (1-0), le Gu\u00e9diawaye ...","og_url":"https:\/\/www.africa-press.net\/senegal\/sports\/le-guediawaye-fc-promu-officiellement-en-ligue-1","og_site_name":"Senegal","article_published_time":"2021-06-27T17:46:40+00:00","og_image":[{"width":720,"height":350,"url":"https:\/\/static.africa-press.net\/senegal\/sites\/13\/2021\/06\/img-60d8abd4b4eda.jpg","type":"image\/jpeg"}],"author":"cfeditorfr","twitter_card":"summary_large_image","twitter_misc":{"\u00c9crit par":"cfeditorfr","Dur\u00e9e de lecture estim\u00e9e":"1 minute"},"schema":{"@context":"https:\/\/schema.org","@graph":[{"@type":"Article","@id":"https:\/\/www.africa-press.net\/senegal\/sports\/le-guediawaye-fc-promu-officiellement-en-ligue-1#article","isPartOf":{"@id":"https:\/\/www.africa-press.net\/senegal\/sports\/le-guediawaye-fc-promu-officiellement-en-ligue-1"},"author":{"name":"cfeditorfr","@id":"https:\/\/www.africa-press.net\/senegal\/#\/schema\/person\/2b1cf3cd81a31e3cd26889ca66d677f1"},"headline":"Le Gu\u00e9diawaye FC promu officiellement en Ligue 1 !","datePublished":"2021-06-27T17:46:40+00:00","mainEntityOfPage":{"@id":"https:\/\/www.africa-press.net\/senegal\/sports\/le-guediawaye-fc-promu-officiellement-en-ligue-1"},"wordCount":205,"commentCount":0,"image":{"@id":"https:\/\/www.africa-press.net\/senegal\/sports\/le-guediawaye-fc-promu-officiellement-en-ligue-1#primaryimage"},"thumbnailUrl":"https:\/\/static.africa-press.net\/senegal\/sites\/13\/2021\/06\/img-60d8abd4b4eda.jpg","keywords":["Africa Press","Africa Press-Senegal","Gu\u00e9diawaye FC","Ligue 1","Promu","Senegal"],"articleSection":["homepage-french","Sports","Toutes les actualit\u00e9s"],"inLanguage":"fr-FR","potentialAction":[{"@type":"CommentAction","name":"Comment","target":["https:\/\/www.africa-press.net\/senegal\/sports\/le-guediawaye-fc-promu-officiellement-en-ligue-1#respond"]}]},{"@type":"WebPage","@id":"https:\/\/www.africa-press.net\/senegal\/sports\/le-guediawaye-fc-promu-officiellement-en-ligue-1","url":"https:\/\/www.africa-press.net\/senegal\/sports\/le-guediawaye-fc-promu-officiellement-en-ligue-1","name":"Le Gu\u00e9diawaye FC promu officiellement en Ligue 1 ! - Senegal","isPartOf":{"@id":"https:\/\/www.africa-press.net\/senegal\/#website"},"primaryImageOfPage":{"@id":"https:\/\/www.africa-press.net\/senegal\/sports\/le-guediawaye-fc-promu-officiellement-en-ligue-1#primaryimage"},"image":{"@id":"https:\/\/www.africa-press.net\/senegal\/sports\/le-guediawaye-fc-promu-officiellement-en-ligue-1#primaryimage"},"thumbnailUrl":"https:\/\/static.africa-press.net\/senegal\/sites\/13\/2021\/06\/img-60d8abd4b4eda.jpg","datePublished":"2021-06-27T17:46:40+00:00","author":{"@id":"https:\/\/www.africa-press.net\/senegal\/#\/schema\/person\/2b1cf3cd81a31e3cd26889ca66d677f1"},"description":"Gr\u00e2ce \u00e0 son succ\u00e8s cet apr\u00e8s-midi au Stade Alassane Djigo de Pikine contre la Renaissance de Dakar (1-0), le Gu\u00e9diawaye ...","breadcrumb":{"@id":"https:\/\/www.africa-press.net\/senegal\/sports\/le-guediawaye-fc-promu-officiellement-en-ligue-1#breadcrumb"},"inLanguage":"fr-FR","potentialAction":[{"@type":"ReadAction","target":["https:\/\/www.africa-press.net\/senegal\/sports\/le-guediawaye-fc-promu-officiellement-en-ligue-1"]}]},{"@type":"ImageObject","inLanguage":"fr-FR","@id":"https:\/\/www.africa-press.net\/senegal\/sports\/le-guediawaye-fc-promu-officiellement-en-ligue-1#primaryimage","url":"https:\/\/static.africa-press.net\/senegal\/sites\/13\/2021\/06\/img-60d8abd4b4eda.jpg","contentUrl":"https:\/\/static.africa-press.net\/senegal\/sites\/13\/2021\/06\/img-60d8abd4b4eda.jpg","width":720,"height":350,"caption":"Le Gu\u00e9diawaye FC promu officiellement en Ligue 1 !"},{"@type":"BreadcrumbList","@id":"https:\/\/www.africa-press.net\/senegal\/sports\/le-guediawaye-fc-promu-officiellement-en-ligue-1#breadcrumb","itemListElement":[{"@type":"ListItem","position":1,"name":"Accueil","item":"https:\/\/www.africa-press.net\/senegal\/"},{"@type":"ListItem","position":2,"name":"Le Gu\u00e9diawaye FC promu officiellement en Ligue 1 !"}]},{"@type":"WebSite","@id":"https:\/\/www.africa-press.net\/senegal\/#website","url":"https:\/\/www.africa-press.net\/senegal\/","name":"Africa Press | Senegal | Homepage","description":"Just another Africa News Agency Sites site","potentialAction":[{"@type":"SearchAction","target":{"@type":"EntryPoint","urlTemplate":"https:\/\/www.africa-press.net\/senegal\/?s={search_term_string}"},"query-input":{"@type":"PropertyValueSpecification","valueRequired":true,"valueName":"search_term_string"}}],"inLanguage":"fr-FR"},{"@type":"Person","@id":"https:\/\/www.africa-press.net\/senegal\/#\/schema\/person\/2b1cf3cd81a31e3cd26889ca66d677f1","name":"cfeditorfr","url":"https:\/\/www.africa-press.net\/senegal\/author\/cfeditorfr"}]}},"_links":{"self":[{"href":"https:\/\/www.africa-press.net\/senegal\/wp-json\/wp\/v2\/posts\/9788","targetHints":{"allow":["GET"]}}],"collection":[{"href":"https:\/\/www.africa-press.net\/senegal\/wp-json\/wp\/v2\/posts"}],"about":[{"href":"https:\/\/www.africa-press.net\/senegal\/wp-json\/wp\/v2\/types\/post"}],"author":[{"embeddable":true,"href":"https:\/\/www.africa-press.net\/senegal\/wp-json\/wp\/v2\/users\/82"}],"replies":[{"embeddable":true,"href":"https:\/\/www.africa-press.net\/senegal\/wp-json\/wp\/v2\/comments?post=9788"}],"version-history":[{"count":0,"href":"https:\/\/www.africa-press.net\/senegal\/wp-json\/wp\/v2\/posts\/9788\/revisions"}],"wp:featuredmedia":[{"embeddable":true,"href":"https:\/\/www.africa-press.net\/senegal\/wp-json\/wp\/v2\/media\/9787"}],"wp:attachment":[{"href":"https:\/\/www.africa-press.net\/senegal\/wp-json\/wp\/v2\/media?parent=9788"}],"wp:term":[{"taxonomy":"category","embeddable":true,"href":"https:\/\/www.africa-press.net\/senegal\/wp-json\/wp\/v2\/categories?post=9788"},{"taxonomy":"post_tag","embeddable":true,"href":"https:\/\/www.africa-press.net\/senegal\/wp-json\/wp\/v2\/tags?post=9788"}],"curies":[{"name":"wp","href":"https:\/\/api.w.org\/{rel}","templated":true}]}}