{"id":1233,"date":"2022-01-16T14:36:08","date_gmt":"2022-01-16T14:36:08","guid":{"rendered":"https:\/\/www.africa-press.net\/seychelles\/all-news\/president-ramkalawan-to-attend-abu-dhabi-sustainability-week-adsw-summit-2022"},"modified":"2022-01-16T15:30:18","modified_gmt":"2022-01-16T15:30:18","slug":"president-ramkalawan-to-attend-abu-dhabi-sustainability-week-adsw-summit-2022","status":"publish","type":"post","link":"https:\/\/www.africa-press.net\/seychelles\/all-news\/president-ramkalawan-to-attend-abu-dhabi-sustainability-week-adsw-summit-2022","title":{"rendered":"President Ramkalawan to attend Abu Dhabi Sustainability Week (ADSW) Summit 2022"},"content":{"rendered":"<p><span style=\"color: #ff6600\"><strong>Africa-Press &#8211; Seychelles. <\/strong><\/span>President Wavel Ramkalawan will take part in the upcoming Abu Dhabi Sustainability Week (ADSW) Summit 2022, the department of Foreign Affairs announced yesterday.<\/p>\n<p>During the mission, the President will attend the official opening ceremony on January 17, the Zayed Sustainability Prize Award Ceremony as well other events on the sidelines of the summit.<br \/>\nThe ADSW Summit provides a platform for global leaders to discuss the latest trends shaping the world\u2019s sustainability agenda. It brings together heads of states, senior policymakers, chief executives, entrepreneurs and members of academia to identify pathways to accelerate global leadership, economic development and the implementation of the technologies and innovations needed to deliver the world\u2019s climate and sustainability goals.<\/p>\n<p>President Ramkalawan will be participating in the summit alongside other heads of state including the President of South Korea, Moon Jae-in; the President of the Maldives, Ibrahim Mohamed Solih; the President of Montenegro, Milo \u0110ukanovi\u0107; the President of Zanzibar, Dr Hussein Mwinyi; President of Singapore, Halimah Yacob; the President of Rwanda, Paul Kagame; the President of Serbia, Aleksandar Vu\u010di\u0107; the President of Armenia, Armen Sarkissian and President of Argentina, Alberto Fern\u00e1ndez.<\/p>\n<p>The President leaves Seychelles tomorrow and will resume office on Friday January 21. He will be accompanied by the Minister for Foreign Affairs and Tourism, Sylvestre Radegonde.<br \/>\nDuring President Ramkalawan\u2019s absence from the country, his duties and responsibilities will be discharged by Vice-President Ahmed Afif.<\/p>\n<p><strong>For More News And Analysis About <a href=\"https:\/\/www.africa-press.net\/seychelles\">Seychelles<\/a> Follow <a href=\"https:\/\/www.africa-press.net\/\">Africa-Press<\/a><\/strong><\/p>\n","protected":false},"excerpt":{"rendered":"<p>Africa-Press &#8211; Seychelles. President Wavel Ramkalawan will take part in the upcoming Abu Dhabi Sustainability Week (ADSW) Summit 2022, the department of Foreign Affairs announced yesterday. During the mission, the President will attend the official opening ceremony on January 17, the Zayed Sustainability Prize Award Ceremony as well other events on the sidelines of the [&hellip;]<\/p>\n","protected":false},"author":84,"featured_media":1232,"comment_status":"open","ping_status":"open","sticky":false,"template":"","format":"standard","meta":{"footnotes":""},"categories":[2,8,12,16],"tags":[234,268,233],"class_list":["post-1233","post","type-post","status-publish","format-standard","has-post-thumbnail","hentry","category-all-news","category-homepage-english","category-policy","category-twitter","tag-africa-press","tag-africa-press-seychelles","tag-seychelles"],"yoast_head":"<!-- This site is optimized with the Yoast SEO Premium plugin v26.1 (Yoast SEO v27.0) - https:\/\/yoast.com\/product\/yoast-seo-premium-wordpress\/ -->\n<title>President Ramkalawan to attend Abu Dhabi Sustainability Week (ADSW) Summit 2022 - Seychelles<\/title>\n<meta name=\"description\" content=\"President Wavel Ramkalawan will take part in the upcoming Abu Dhabi Sustainability Week (ADSW) Summit 2022, the departme ...\" \/>\n<meta name=\"robots\" content=\"index, follow, max-snippet:-1, max-image-preview:large, max-video-preview:-1\" \/>\n<link rel=\"canonical\" href=\"https:\/\/www.africa-press.net\/seychelles\/all-news\/president-ramkalawan-to-attend-abu-dhabi-sustainability-week-adsw-summit-2022\" \/>\n<meta property=\"og:locale\" content=\"en_US\" \/>\n<meta property=\"og:type\" content=\"article\" \/>\n<meta property=\"og:title\" content=\"President Ramkalawan to attend Abu Dhabi Sustainability Week (ADSW) Summit 2022\" \/>\n<meta property=\"og:description\" content=\"President Wavel Ramkalawan will take part in the upcoming Abu Dhabi Sustainability Week (ADSW) Summit 2022, the departme ...\" \/>\n<meta property=\"og:url\" content=\"https:\/\/www.africa-press.net\/seychelles\/all-news\/president-ramkalawan-to-attend-abu-dhabi-sustainability-week-adsw-summit-2022\" \/>\n<meta property=\"og:site_name\" content=\"Seychelles\" \/>\n<meta property=\"article:publisher\" content=\"https:\/\/www.facebook.com\/AfricaPressTunisiaa\" \/>\n<meta property=\"article:published_time\" content=\"2022-01-16T14:36:08+00:00\" \/>\n<meta property=\"article:modified_time\" content=\"2022-01-16T15:30:18+00:00\" \/>\n<meta property=\"og:image\" content=\"https:\/\/static.africa-press.net\/seychelles\/sites\/30\/2022\/01\/img-61e439f23ef4c.jpg\" \/>\n\t<meta property=\"og:image:width\" content=\"710\" \/>\n\t<meta property=\"og:image:height\" content=\"876\" \/>\n\t<meta property=\"og:image:type\" content=\"image\/jpeg\" \/>\n<meta name=\"author\" content=\"cfeditoren\" \/>\n<meta name=\"twitter:card\" content=\"summary_large_image\" \/>\n<meta name=\"twitter:label1\" content=\"Written by\" \/>\n\t<meta name=\"twitter:data1\" content=\"cfeditoren\" \/>\n\t<meta name=\"twitter:label2\" content=\"Est. reading time\" \/>\n\t<meta name=\"twitter:data2\" content=\"1 minute\" \/>\n<script type=\"application\/ld+json\" class=\"yoast-schema-graph\">{\"@context\":\"https:\/\/schema.org\",\"@graph\":[{\"@type\":\"Article\",\"@id\":\"https:\/\/www.africa-press.net\/seychelles\/all-news\/president-ramkalawan-to-attend-abu-dhabi-sustainability-week-adsw-summit-2022#article\",\"isPartOf\":{\"@id\":\"https:\/\/www.africa-press.net\/seychelles\/all-news\/president-ramkalawan-to-attend-abu-dhabi-sustainability-week-adsw-summit-2022\"},\"author\":{\"name\":\"cfeditoren\",\"@id\":\"https:\/\/www.africa-press.net\/seychelles\/#\/schema\/person\/068c7ab4e9634ae78ec5d54ec46598bb\"},\"headline\":\"President Ramkalawan to attend Abu Dhabi Sustainability Week (ADSW) Summit 2022\",\"datePublished\":\"2022-01-16T14:36:08+00:00\",\"dateModified\":\"2022-01-16T15:30:18+00:00\",\"mainEntityOfPage\":{\"@id\":\"https:\/\/www.africa-press.net\/seychelles\/all-news\/president-ramkalawan-to-attend-abu-dhabi-sustainability-week-adsw-summit-2022\"},\"wordCount\":253,\"commentCount\":0,\"image\":{\"@id\":\"https:\/\/www.africa-press.net\/seychelles\/all-news\/president-ramkalawan-to-attend-abu-dhabi-sustainability-week-adsw-summit-2022#primaryimage\"},\"thumbnailUrl\":\"https:\/\/static.africa-press.net\/seychelles\/sites\/30\/2022\/01\/img-61e439f23ef4c.jpg\",\"keywords\":[\"Africa Press\",\"Africa Press-Seychelles\",\"Seychelles\"],\"articleSection\":[\"all news\",\"homepage-english\",\"policy\",\"twitter\"],\"inLanguage\":\"en-US\",\"potentialAction\":[{\"@type\":\"CommentAction\",\"name\":\"Comment\",\"target\":[\"https:\/\/www.africa-press.net\/seychelles\/all-news\/president-ramkalawan-to-attend-abu-dhabi-sustainability-week-adsw-summit-2022#respond\"]}]},{\"@type\":\"WebPage\",\"@id\":\"https:\/\/www.africa-press.net\/seychelles\/all-news\/president-ramkalawan-to-attend-abu-dhabi-sustainability-week-adsw-summit-2022\",\"url\":\"https:\/\/www.africa-press.net\/seychelles\/all-news\/president-ramkalawan-to-attend-abu-dhabi-sustainability-week-adsw-summit-2022\",\"name\":\"President Ramkalawan to attend Abu Dhabi Sustainability Week (ADSW) Summit 2022 - Seychelles\",\"isPartOf\":{\"@id\":\"https:\/\/www.africa-press.net\/seychelles\/#website\"},\"primaryImageOfPage\":{\"@id\":\"https:\/\/www.africa-press.net\/seychelles\/all-news\/president-ramkalawan-to-attend-abu-dhabi-sustainability-week-adsw-summit-2022#primaryimage\"},\"image\":{\"@id\":\"https:\/\/www.africa-press.net\/seychelles\/all-news\/president-ramkalawan-to-attend-abu-dhabi-sustainability-week-adsw-summit-2022#primaryimage\"},\"thumbnailUrl\":\"https:\/\/static.africa-press.net\/seychelles\/sites\/30\/2022\/01\/img-61e439f23ef4c.jpg\",\"datePublished\":\"2022-01-16T14:36:08+00:00\",\"dateModified\":\"2022-01-16T15:30:18+00:00\",\"author\":{\"@id\":\"https:\/\/www.africa-press.net\/seychelles\/#\/schema\/person\/068c7ab4e9634ae78ec5d54ec46598bb\"},\"description\":\"President Wavel Ramkalawan will take part in the upcoming Abu Dhabi Sustainability Week (ADSW) Summit 2022, the departme ...\",\"breadcrumb\":{\"@id\":\"https:\/\/www.africa-press.net\/seychelles\/all-news\/president-ramkalawan-to-attend-abu-dhabi-sustainability-week-adsw-summit-2022#breadcrumb\"},\"inLanguage\":\"en-US\",\"potentialAction\":[{\"@type\":\"ReadAction\",\"target\":[\"https:\/\/www.africa-press.net\/seychelles\/all-news\/president-ramkalawan-to-attend-abu-dhabi-sustainability-week-adsw-summit-2022\"]}]},{\"@type\":\"ImageObject\",\"inLanguage\":\"en-US\",\"@id\":\"https:\/\/www.africa-press.net\/seychelles\/all-news\/president-ramkalawan-to-attend-abu-dhabi-sustainability-week-adsw-summit-2022#primaryimage\",\"url\":\"https:\/\/static.africa-press.net\/seychelles\/sites\/30\/2022\/01\/img-61e439f23ef4c.jpg\",\"contentUrl\":\"https:\/\/static.africa-press.net\/seychelles\/sites\/30\/2022\/01\/img-61e439f23ef4c.jpg\",\"width\":710,\"height\":876,\"caption\":\"President Ramkalawan to attend Abu Dhabi Sustainability Week (ADSW) Summit 2022\"},{\"@type\":\"BreadcrumbList\",\"@id\":\"https:\/\/www.africa-press.net\/seychelles\/all-news\/president-ramkalawan-to-attend-abu-dhabi-sustainability-week-adsw-summit-2022#breadcrumb\",\"itemListElement\":[{\"@type\":\"ListItem\",\"position\":1,\"name\":\"Home\",\"item\":\"https:\/\/www.africa-press.net\/seychelles\/\"},{\"@type\":\"ListItem\",\"position\":2,\"name\":\"President Ramkalawan to attend Abu Dhabi Sustainability Week (ADSW) Summit 2022\"}]},{\"@type\":\"WebSite\",\"@id\":\"https:\/\/www.africa-press.net\/seychelles\/#website\",\"url\":\"https:\/\/www.africa-press.net\/seychelles\/\",\"name\":\"Seychelles\",\"description\":\"Just another Africa News Agency Sites site\",\"potentialAction\":[{\"@type\":\"SearchAction\",\"target\":{\"@type\":\"EntryPoint\",\"urlTemplate\":\"https:\/\/www.africa-press.net\/seychelles\/?s={search_term_string}\"},\"query-input\":{\"@type\":\"PropertyValueSpecification\",\"valueRequired\":true,\"valueName\":\"search_term_string\"}}],\"inLanguage\":\"en-US\"},{\"@type\":\"Person\",\"@id\":\"https:\/\/www.africa-press.net\/seychelles\/#\/schema\/person\/068c7ab4e9634ae78ec5d54ec46598bb\",\"name\":\"cfeditoren\",\"image\":{\"@type\":\"ImageObject\",\"inLanguage\":\"en-US\",\"@id\":\"https:\/\/www.africa-press.net\/seychelles\/#\/schema\/person\/image\/\",\"url\":\"https:\/\/secure.gravatar.com\/avatar\/7417380fa9e23b5c57fdbfdaf3fdf92ee478f759a084addda5faa3732853e74a?s=96&d=mm&r=g\",\"contentUrl\":\"https:\/\/secure.gravatar.com\/avatar\/7417380fa9e23b5c57fdbfdaf3fdf92ee478f759a084addda5faa3732853e74a?s=96&d=mm&r=g\",\"caption\":\"cfeditoren\"}}]}<\/script>\n<!-- \/ Yoast SEO Premium plugin. -->","yoast_head_json":{"title":"President Ramkalawan to attend Abu Dhabi Sustainability Week (ADSW) Summit 2022 - Seychelles","description":"President Wavel Ramkalawan will take part in the upcoming Abu Dhabi Sustainability Week (ADSW) Summit 2022, the departme ...","robots":{"index":"index","follow":"follow","max-snippet":"max-snippet:-1","max-image-preview":"max-image-preview:large","max-video-preview":"max-video-preview:-1"},"canonical":"https:\/\/www.africa-press.net\/seychelles\/all-news\/president-ramkalawan-to-attend-abu-dhabi-sustainability-week-adsw-summit-2022","og_locale":"en_US","og_type":"article","og_title":"President Ramkalawan to attend Abu Dhabi Sustainability Week (ADSW) Summit 2022","og_description":"President Wavel Ramkalawan will take part in the upcoming Abu Dhabi Sustainability Week (ADSW) Summit 2022, the departme ...","og_url":"https:\/\/www.africa-press.net\/seychelles\/all-news\/president-ramkalawan-to-attend-abu-dhabi-sustainability-week-adsw-summit-2022","og_site_name":"Seychelles","article_publisher":"https:\/\/www.facebook.com\/AfricaPressTunisiaa","article_published_time":"2022-01-16T14:36:08+00:00","article_modified_time":"2022-01-16T15:30:18+00:00","og_image":[{"width":710,"height":876,"url":"https:\/\/static.africa-press.net\/seychelles\/sites\/30\/2022\/01\/img-61e439f23ef4c.jpg","type":"image\/jpeg"}],"author":"cfeditoren","twitter_card":"summary_large_image","twitter_misc":{"Written by":"cfeditoren","Est. reading time":"1 minute"},"schema":{"@context":"https:\/\/schema.org","@graph":[{"@type":"Article","@id":"https:\/\/www.africa-press.net\/seychelles\/all-news\/president-ramkalawan-to-attend-abu-dhabi-sustainability-week-adsw-summit-2022#article","isPartOf":{"@id":"https:\/\/www.africa-press.net\/seychelles\/all-news\/president-ramkalawan-to-attend-abu-dhabi-sustainability-week-adsw-summit-2022"},"author":{"name":"cfeditoren","@id":"https:\/\/www.africa-press.net\/seychelles\/#\/schema\/person\/068c7ab4e9634ae78ec5d54ec46598bb"},"headline":"President Ramkalawan to attend Abu Dhabi Sustainability Week (ADSW) Summit 2022","datePublished":"2022-01-16T14:36:08+00:00","dateModified":"2022-01-16T15:30:18+00:00","mainEntityOfPage":{"@id":"https:\/\/www.africa-press.net\/seychelles\/all-news\/president-ramkalawan-to-attend-abu-dhabi-sustainability-week-adsw-summit-2022"},"wordCount":253,"commentCount":0,"image":{"@id":"https:\/\/www.africa-press.net\/seychelles\/all-news\/president-ramkalawan-to-attend-abu-dhabi-sustainability-week-adsw-summit-2022#primaryimage"},"thumbnailUrl":"https:\/\/static.africa-press.net\/seychelles\/sites\/30\/2022\/01\/img-61e439f23ef4c.jpg","keywords":["Africa Press","Africa Press-Seychelles","Seychelles"],"articleSection":["all news","homepage-english","policy","twitter"],"inLanguage":"en-US","potentialAction":[{"@type":"CommentAction","name":"Comment","target":["https:\/\/www.africa-press.net\/seychelles\/all-news\/president-ramkalawan-to-attend-abu-dhabi-sustainability-week-adsw-summit-2022#respond"]}]},{"@type":"WebPage","@id":"https:\/\/www.africa-press.net\/seychelles\/all-news\/president-ramkalawan-to-attend-abu-dhabi-sustainability-week-adsw-summit-2022","url":"https:\/\/www.africa-press.net\/seychelles\/all-news\/president-ramkalawan-to-attend-abu-dhabi-sustainability-week-adsw-summit-2022","name":"President Ramkalawan to attend Abu Dhabi Sustainability Week (ADSW) Summit 2022 - Seychelles","isPartOf":{"@id":"https:\/\/www.africa-press.net\/seychelles\/#website"},"primaryImageOfPage":{"@id":"https:\/\/www.africa-press.net\/seychelles\/all-news\/president-ramkalawan-to-attend-abu-dhabi-sustainability-week-adsw-summit-2022#primaryimage"},"image":{"@id":"https:\/\/www.africa-press.net\/seychelles\/all-news\/president-ramkalawan-to-attend-abu-dhabi-sustainability-week-adsw-summit-2022#primaryimage"},"thumbnailUrl":"https:\/\/static.africa-press.net\/seychelles\/sites\/30\/2022\/01\/img-61e439f23ef4c.jpg","datePublished":"2022-01-16T14:36:08+00:00","dateModified":"2022-01-16T15:30:18+00:00","author":{"@id":"https:\/\/www.africa-press.net\/seychelles\/#\/schema\/person\/068c7ab4e9634ae78ec5d54ec46598bb"},"description":"President Wavel Ramkalawan will take part in the upcoming Abu Dhabi Sustainability Week (ADSW) Summit 2022, the departme ...","breadcrumb":{"@id":"https:\/\/www.africa-press.net\/seychelles\/all-news\/president-ramkalawan-to-attend-abu-dhabi-sustainability-week-adsw-summit-2022#breadcrumb"},"inLanguage":"en-US","potentialAction":[{"@type":"ReadAction","target":["https:\/\/www.africa-press.net\/seychelles\/all-news\/president-ramkalawan-to-attend-abu-dhabi-sustainability-week-adsw-summit-2022"]}]},{"@type":"ImageObject","inLanguage":"en-US","@id":"https:\/\/www.africa-press.net\/seychelles\/all-news\/president-ramkalawan-to-attend-abu-dhabi-sustainability-week-adsw-summit-2022#primaryimage","url":"https:\/\/static.africa-press.net\/seychelles\/sites\/30\/2022\/01\/img-61e439f23ef4c.jpg","contentUrl":"https:\/\/static.africa-press.net\/seychelles\/sites\/30\/2022\/01\/img-61e439f23ef4c.jpg","width":710,"height":876,"caption":"President Ramkalawan to attend Abu Dhabi Sustainability Week (ADSW) Summit 2022"},{"@type":"BreadcrumbList","@id":"https:\/\/www.africa-press.net\/seychelles\/all-news\/president-ramkalawan-to-attend-abu-dhabi-sustainability-week-adsw-summit-2022#breadcrumb","itemListElement":[{"@type":"ListItem","position":1,"name":"Home","item":"https:\/\/www.africa-press.net\/seychelles\/"},{"@type":"ListItem","position":2,"name":"President Ramkalawan to attend Abu Dhabi Sustainability Week (ADSW) Summit 2022"}]},{"@type":"WebSite","@id":"https:\/\/www.africa-press.net\/seychelles\/#website","url":"https:\/\/www.africa-press.net\/seychelles\/","name":"Seychelles","description":"Just another Africa News Agency Sites site","potentialAction":[{"@type":"SearchAction","target":{"@type":"EntryPoint","urlTemplate":"https:\/\/www.africa-press.net\/seychelles\/?s={search_term_string}"},"query-input":{"@type":"PropertyValueSpecification","valueRequired":true,"valueName":"search_term_string"}}],"inLanguage":"en-US"},{"@type":"Person","@id":"https:\/\/www.africa-press.net\/seychelles\/#\/schema\/person\/068c7ab4e9634ae78ec5d54ec46598bb","name":"cfeditoren","image":{"@type":"ImageObject","inLanguage":"en-US","@id":"https:\/\/www.africa-press.net\/seychelles\/#\/schema\/person\/image\/","url":"https:\/\/secure.gravatar.com\/avatar\/7417380fa9e23b5c57fdbfdaf3fdf92ee478f759a084addda5faa3732853e74a?s=96&d=mm&r=g","contentUrl":"https:\/\/secure.gravatar.com\/avatar\/7417380fa9e23b5c57fdbfdaf3fdf92ee478f759a084addda5faa3732853e74a?s=96&d=mm&r=g","caption":"cfeditoren"}}]}},"_links":{"self":[{"href":"https:\/\/www.africa-press.net\/seychelles\/wp-json\/wp\/v2\/posts\/1233","targetHints":{"allow":["GET"]}}],"collection":[{"href":"https:\/\/www.africa-press.net\/seychelles\/wp-json\/wp\/v2\/posts"}],"about":[{"href":"https:\/\/www.africa-press.net\/seychelles\/wp-json\/wp\/v2\/types\/post"}],"author":[{"embeddable":true,"href":"https:\/\/www.africa-press.net\/seychelles\/wp-json\/wp\/v2\/users\/84"}],"replies":[{"embeddable":true,"href":"https:\/\/www.africa-press.net\/seychelles\/wp-json\/wp\/v2\/comments?post=1233"}],"version-history":[{"count":0,"href":"https:\/\/www.africa-press.net\/seychelles\/wp-json\/wp\/v2\/posts\/1233\/revisions"}],"wp:featuredmedia":[{"embeddable":true,"href":"https:\/\/www.africa-press.net\/seychelles\/wp-json\/wp\/v2\/media\/1232"}],"wp:attachment":[{"href":"https:\/\/www.africa-press.net\/seychelles\/wp-json\/wp\/v2\/media?parent=1233"}],"wp:term":[{"taxonomy":"category","embeddable":true,"href":"https:\/\/www.africa-press.net\/seychelles\/wp-json\/wp\/v2\/categories?post=1233"},{"taxonomy":"post_tag","embeddable":true,"href":"https:\/\/www.africa-press.net\/seychelles\/wp-json\/wp\/v2\/tags?post=1233"}],"curies":[{"name":"wp","href":"https:\/\/api.w.org\/{rel}","templated":true}]}}