{"id":10018,"date":"2021-08-24T15:51:35","date_gmt":"2021-08-24T15:51:35","guid":{"rendered":"https:\/\/www.africa-press.net\/tchad\/?p=10018"},"modified":"2021-08-26T18:51:24","modified_gmt":"2021-08-26T18:51:24","slug":"mort-de-hissene-habre-au-tchad-lex-president-incarcere-au-senegal-est-mort-a-79-ans","status":"publish","type":"post","link":"https:\/\/www.africa-press.net\/tchad\/video\/mort-de-hissene-habre-au-tchad-lex-president-incarcere-au-senegal-est-mort-a-79-ans","title":{"rendered":"Mort de Hiss\u00e8ne Habr\u00e9 au Tchad : l&rsquo;ex-pr\u00e9sident, incarc\u00e9r\u00e9 au S\u00e9n\u00e9gal, est mort \u00e0 79 ans"},"content":{"rendered":"<p><span style=\"color: #ff6600\"><strong><a href=\"https:\/\/www.africa-press.net\/\">Africa-Press<\/a> &#8211; <a href=\"https:\/\/www.africa-press.net\/tchad\">Tchad<\/a>. <\/strong><\/span><b>Hiss\u00e8ne Habr\u00e9 est d\u00e9c\u00e9d\u00e9 mardi \u00e0 l&rsquo;\u00e2ge de 79 ans. Ancien chef militaire, il acc\u00e9da \u00e0 la pr\u00e9sidence en renversant Goukouni Oueddei en 1982. Il fut \u00e0 son tour renvers\u00e9 par Idriss D\u00e9by en 1990. Il fut ensuite poursuivi et condamn\u00e9 \u00e0 la prison \u00e0 perp\u00e9tuit\u00e9 pour crimes contre l\u2019humanit\u00e9, crimes de guerre et actes de torture. Hiss\u00e8ne Habr\u00e9 est mort \u00e0 Dakar, au S\u00e9n\u00e9gal. La correspondante France 24, Sarah Sakho, revient sur cette information depuis Dakar<\/b><\/p>\n<p><span style=\"color: #ff6600\"><b>vid\u00e9o: <\/b><\/span><\/p>\n<p><iframe loading=\"lazy\" title=\"Mort de Hiss\u00e8ne Habr\u00e9 : l&#039;ex-pr\u00e9sident, incarc\u00e9r\u00e9 au S\u00e9n\u00e9gal, est mort \u00e0 79 ans\" width=\"696\" height=\"392\" src=\"https:\/\/www.youtube.com\/embed\/brxCEcOCii8?feature=oembed\" frameborder=\"0\" allow=\"accelerometer; autoplay; clipboard-write; encrypted-media; gyroscope; picture-in-picture\" allowfullscreen><\/iframe><\/p>\n","protected":false},"excerpt":{"rendered":"<p>Africa-Press &#8211; Tchad. Hiss\u00e8ne Habr\u00e9 est d\u00e9c\u00e9d\u00e9 mardi \u00e0 l&rsquo;\u00e2ge de 79 ans. Ancien chef militaire, il acc\u00e9da \u00e0 la pr\u00e9sidence en renversant Goukouni Oueddei en 1982. Il fut \u00e0 son tour renvers\u00e9 par Idriss D\u00e9by en 1990. Il fut ensuite poursuivi et condamn\u00e9 \u00e0 la prison \u00e0 perp\u00e9tuit\u00e9 pour crimes contre l\u2019humanit\u00e9, crimes de [&hellip;]<\/p>\n","protected":false},"author":82,"featured_media":10017,"comment_status":"open","ping_status":"closed","sticky":false,"template":"","format":"standard","meta":{"footnotes":""},"categories":[11,20,10,9],"tags":[37,292,692,385,29],"class_list":["post-10018","post","type-post","status-publish","format-standard","has-post-thumbnail","hentry","category-homepage-french","category-top-nouvelles","category-toutes-les-actualites","category-video","tag-africa-press","tag-africa-press-tchad","tag-france-24","tag-senegal","tag-tchad"],"yoast_head":"<!-- This site is optimized with the Yoast SEO Premium plugin v26.1 (Yoast SEO v27.0) - https:\/\/yoast.com\/product\/yoast-seo-premium-wordpress\/ -->\n<title>Mort de Hiss\u00e8ne Habr\u00e9 au Tchad : l&#039;ex-pr\u00e9sident, incarc\u00e9r\u00e9 au S\u00e9n\u00e9gal, est mort \u00e0 79 ans - tchad<\/title>\n<meta name=\"description\" content=\"Hiss\u00e8ne Habr\u00e9 est d\u00e9c\u00e9d\u00e9 mardi \u00e0 l&#039;\u00e2ge de 79 ans. Ancien chef militaire, il acc\u00e9da \u00e0 la pr\u00e9sidence en renversant Gouk ...\" \/>\n<meta name=\"robots\" content=\"index, follow, max-snippet:-1, max-image-preview:large, max-video-preview:-1\" \/>\n<link rel=\"canonical\" href=\"https:\/\/www.africa-press.net\/tchad\/video\/mort-de-hissene-habre-au-tchad-lex-president-incarcere-au-senegal-est-mort-a-79-ans\" \/>\n<meta property=\"og:locale\" content=\"fr_FR\" \/>\n<meta property=\"og:type\" content=\"article\" \/>\n<meta property=\"og:title\" content=\"Mort de Hiss\u00e8ne Habr\u00e9 au Tchad : l&#039;ex-pr\u00e9sident, incarc\u00e9r\u00e9 au S\u00e9n\u00e9gal, est mort \u00e0 79 ans\" \/>\n<meta property=\"og:description\" content=\"Hiss\u00e8ne Habr\u00e9 est d\u00e9c\u00e9d\u00e9 mardi \u00e0 l&#039;\u00e2ge de 79 ans. Ancien chef militaire, il acc\u00e9da \u00e0 la pr\u00e9sidence en renversant Gouk ...\" \/>\n<meta property=\"og:url\" content=\"https:\/\/www.africa-press.net\/tchad\/video\/mort-de-hissene-habre-au-tchad-lex-president-incarcere-au-senegal-est-mort-a-79-ans\" \/>\n<meta property=\"og:site_name\" content=\"tchad\" \/>\n<meta property=\"article:published_time\" content=\"2021-08-24T15:51:35+00:00\" \/>\n<meta property=\"article:modified_time\" content=\"2021-08-26T18:51:24+00:00\" \/>\n<meta property=\"og:image\" content=\"https:\/\/static.africa-press.net\/tchad\/sites\/41\/2021\/08\/img-6124ff2f01e11.jpg\" \/>\n\t<meta property=\"og:image:width\" content=\"1024\" \/>\n\t<meta property=\"og:image:height\" content=\"576\" \/>\n\t<meta property=\"og:image:type\" content=\"image\/jpeg\" \/>\n<meta name=\"author\" content=\"cfeditorfr\" \/>\n<meta name=\"twitter:card\" content=\"summary_large_image\" \/>\n<meta name=\"twitter:label1\" content=\"\u00c9crit par\" \/>\n\t<meta name=\"twitter:data1\" content=\"cfeditorfr\" \/>\n<script type=\"application\/ld+json\" class=\"yoast-schema-graph\">{\"@context\":\"https:\/\/schema.org\",\"@graph\":[{\"@type\":\"Article\",\"@id\":\"https:\/\/www.africa-press.net\/tchad\/video\/mort-de-hissene-habre-au-tchad-lex-president-incarcere-au-senegal-est-mort-a-79-ans#article\",\"isPartOf\":{\"@id\":\"https:\/\/www.africa-press.net\/tchad\/video\/mort-de-hissene-habre-au-tchad-lex-president-incarcere-au-senegal-est-mort-a-79-ans\"},\"author\":{\"name\":\"cfeditorfr\",\"@id\":\"https:\/\/www.africa-press.net\/tchad\/#\/schema\/person\/2b1cf3cd81a31e3cd26889ca66d677f1\"},\"headline\":\"Mort de Hiss\u00e8ne Habr\u00e9 au Tchad : l&rsquo;ex-pr\u00e9sident, incarc\u00e9r\u00e9 au S\u00e9n\u00e9gal, est mort \u00e0 79 ans\",\"datePublished\":\"2021-08-24T15:51:35+00:00\",\"dateModified\":\"2021-08-26T18:51:24+00:00\",\"mainEntityOfPage\":{\"@id\":\"https:\/\/www.africa-press.net\/tchad\/video\/mort-de-hissene-habre-au-tchad-lex-president-incarcere-au-senegal-est-mort-a-79-ans\"},\"wordCount\":110,\"commentCount\":0,\"image\":{\"@id\":\"https:\/\/www.africa-press.net\/tchad\/video\/mort-de-hissene-habre-au-tchad-lex-president-incarcere-au-senegal-est-mort-a-79-ans#primaryimage\"},\"thumbnailUrl\":\"https:\/\/static.africa-press.net\/tchad\/sites\/41\/2021\/08\/img-6124ff2f01e11.jpg\",\"keywords\":[\"Africa Press\",\"Africa Press-Tchad\",\"FRANCE 24\",\"SENEGAL\",\"Tchad\"],\"articleSection\":[\"homepage-french\",\"Top Nouvelles\",\"Toutes les actualit\u00e9s\",\"vid\u00e9o\"],\"inLanguage\":\"fr-FR\",\"potentialAction\":[{\"@type\":\"CommentAction\",\"name\":\"Comment\",\"target\":[\"https:\/\/www.africa-press.net\/tchad\/video\/mort-de-hissene-habre-au-tchad-lex-president-incarcere-au-senegal-est-mort-a-79-ans#respond\"]}]},{\"@type\":\"WebPage\",\"@id\":\"https:\/\/www.africa-press.net\/tchad\/video\/mort-de-hissene-habre-au-tchad-lex-president-incarcere-au-senegal-est-mort-a-79-ans\",\"url\":\"https:\/\/www.africa-press.net\/tchad\/video\/mort-de-hissene-habre-au-tchad-lex-president-incarcere-au-senegal-est-mort-a-79-ans\",\"name\":\"Mort de Hiss\u00e8ne Habr\u00e9 au Tchad : l'ex-pr\u00e9sident, incarc\u00e9r\u00e9 au S\u00e9n\u00e9gal, est mort \u00e0 79 ans - tchad\",\"isPartOf\":{\"@id\":\"https:\/\/www.africa-press.net\/tchad\/#website\"},\"primaryImageOfPage\":{\"@id\":\"https:\/\/www.africa-press.net\/tchad\/video\/mort-de-hissene-habre-au-tchad-lex-president-incarcere-au-senegal-est-mort-a-79-ans#primaryimage\"},\"image\":{\"@id\":\"https:\/\/www.africa-press.net\/tchad\/video\/mort-de-hissene-habre-au-tchad-lex-president-incarcere-au-senegal-est-mort-a-79-ans#primaryimage\"},\"thumbnailUrl\":\"https:\/\/static.africa-press.net\/tchad\/sites\/41\/2021\/08\/img-6124ff2f01e11.jpg\",\"datePublished\":\"2021-08-24T15:51:35+00:00\",\"dateModified\":\"2021-08-26T18:51:24+00:00\",\"author\":{\"@id\":\"https:\/\/www.africa-press.net\/tchad\/#\/schema\/person\/2b1cf3cd81a31e3cd26889ca66d677f1\"},\"description\":\"Hiss\u00e8ne Habr\u00e9 est d\u00e9c\u00e9d\u00e9 mardi \u00e0 l'\u00e2ge de 79 ans. Ancien chef militaire, il acc\u00e9da \u00e0 la pr\u00e9sidence en renversant Gouk ...\",\"breadcrumb\":{\"@id\":\"https:\/\/www.africa-press.net\/tchad\/video\/mort-de-hissene-habre-au-tchad-lex-president-incarcere-au-senegal-est-mort-a-79-ans#breadcrumb\"},\"inLanguage\":\"fr-FR\",\"potentialAction\":[{\"@type\":\"ReadAction\",\"target\":[\"https:\/\/www.africa-press.net\/tchad\/video\/mort-de-hissene-habre-au-tchad-lex-president-incarcere-au-senegal-est-mort-a-79-ans\"]}]},{\"@type\":\"ImageObject\",\"inLanguage\":\"fr-FR\",\"@id\":\"https:\/\/www.africa-press.net\/tchad\/video\/mort-de-hissene-habre-au-tchad-lex-president-incarcere-au-senegal-est-mort-a-79-ans#primaryimage\",\"url\":\"https:\/\/static.africa-press.net\/tchad\/sites\/41\/2021\/08\/img-6124ff2f01e11.jpg\",\"contentUrl\":\"https:\/\/static.africa-press.net\/tchad\/sites\/41\/2021\/08\/img-6124ff2f01e11.jpg\",\"width\":1024,\"height\":576,\"caption\":\"Mort de Hiss\u00e8ne Habr\u00e9 au Tchad : l'ex-pr\u00e9sident, incarc\u00e9r\u00e9 au S\u00e9n\u00e9gal, est mort \u00e0 79 ans\"},{\"@type\":\"BreadcrumbList\",\"@id\":\"https:\/\/www.africa-press.net\/tchad\/video\/mort-de-hissene-habre-au-tchad-lex-president-incarcere-au-senegal-est-mort-a-79-ans#breadcrumb\",\"itemListElement\":[{\"@type\":\"ListItem\",\"position\":1,\"name\":\"Accueil\",\"item\":\"https:\/\/www.africa-press.net\/tchad\/\"},{\"@type\":\"ListItem\",\"position\":2,\"name\":\"Mort de Hiss\u00e8ne Habr\u00e9 au Tchad : l&#8217;ex-pr\u00e9sident, incarc\u00e9r\u00e9 au S\u00e9n\u00e9gal, est mort \u00e0 79 ans\"}]},{\"@type\":\"WebSite\",\"@id\":\"https:\/\/www.africa-press.net\/tchad\/#website\",\"url\":\"https:\/\/www.africa-press.net\/tchad\/\",\"name\":\"tchad\",\"description\":\"Just another Africa News Agency Sites site\",\"potentialAction\":[{\"@type\":\"SearchAction\",\"target\":{\"@type\":\"EntryPoint\",\"urlTemplate\":\"https:\/\/www.africa-press.net\/tchad\/?s={search_term_string}\"},\"query-input\":{\"@type\":\"PropertyValueSpecification\",\"valueRequired\":true,\"valueName\":\"search_term_string\"}}],\"inLanguage\":\"fr-FR\"},{\"@type\":\"Person\",\"@id\":\"https:\/\/www.africa-press.net\/tchad\/#\/schema\/person\/2b1cf3cd81a31e3cd26889ca66d677f1\",\"name\":\"cfeditorfr\"}]}<\/script>\n<!-- \/ Yoast SEO Premium plugin. -->","yoast_head_json":{"title":"Mort de Hiss\u00e8ne Habr\u00e9 au Tchad : l'ex-pr\u00e9sident, incarc\u00e9r\u00e9 au S\u00e9n\u00e9gal, est mort \u00e0 79 ans - tchad","description":"Hiss\u00e8ne Habr\u00e9 est d\u00e9c\u00e9d\u00e9 mardi \u00e0 l'\u00e2ge de 79 ans. Ancien chef militaire, il acc\u00e9da \u00e0 la pr\u00e9sidence en renversant Gouk ...","robots":{"index":"index","follow":"follow","max-snippet":"max-snippet:-1","max-image-preview":"max-image-preview:large","max-video-preview":"max-video-preview:-1"},"canonical":"https:\/\/www.africa-press.net\/tchad\/video\/mort-de-hissene-habre-au-tchad-lex-president-incarcere-au-senegal-est-mort-a-79-ans","og_locale":"fr_FR","og_type":"article","og_title":"Mort de Hiss\u00e8ne Habr\u00e9 au Tchad : l'ex-pr\u00e9sident, incarc\u00e9r\u00e9 au S\u00e9n\u00e9gal, est mort \u00e0 79 ans","og_description":"Hiss\u00e8ne Habr\u00e9 est d\u00e9c\u00e9d\u00e9 mardi \u00e0 l'\u00e2ge de 79 ans. Ancien chef militaire, il acc\u00e9da \u00e0 la pr\u00e9sidence en renversant Gouk ...","og_url":"https:\/\/www.africa-press.net\/tchad\/video\/mort-de-hissene-habre-au-tchad-lex-president-incarcere-au-senegal-est-mort-a-79-ans","og_site_name":"tchad","article_published_time":"2021-08-24T15:51:35+00:00","article_modified_time":"2021-08-26T18:51:24+00:00","og_image":[{"width":1024,"height":576,"url":"https:\/\/static.africa-press.net\/tchad\/sites\/41\/2021\/08\/img-6124ff2f01e11.jpg","type":"image\/jpeg"}],"author":"cfeditorfr","twitter_card":"summary_large_image","twitter_misc":{"\u00c9crit par":"cfeditorfr"},"schema":{"@context":"https:\/\/schema.org","@graph":[{"@type":"Article","@id":"https:\/\/www.africa-press.net\/tchad\/video\/mort-de-hissene-habre-au-tchad-lex-president-incarcere-au-senegal-est-mort-a-79-ans#article","isPartOf":{"@id":"https:\/\/www.africa-press.net\/tchad\/video\/mort-de-hissene-habre-au-tchad-lex-president-incarcere-au-senegal-est-mort-a-79-ans"},"author":{"name":"cfeditorfr","@id":"https:\/\/www.africa-press.net\/tchad\/#\/schema\/person\/2b1cf3cd81a31e3cd26889ca66d677f1"},"headline":"Mort de Hiss\u00e8ne Habr\u00e9 au Tchad : l&rsquo;ex-pr\u00e9sident, incarc\u00e9r\u00e9 au S\u00e9n\u00e9gal, est mort \u00e0 79 ans","datePublished":"2021-08-24T15:51:35+00:00","dateModified":"2021-08-26T18:51:24+00:00","mainEntityOfPage":{"@id":"https:\/\/www.africa-press.net\/tchad\/video\/mort-de-hissene-habre-au-tchad-lex-president-incarcere-au-senegal-est-mort-a-79-ans"},"wordCount":110,"commentCount":0,"image":{"@id":"https:\/\/www.africa-press.net\/tchad\/video\/mort-de-hissene-habre-au-tchad-lex-president-incarcere-au-senegal-est-mort-a-79-ans#primaryimage"},"thumbnailUrl":"https:\/\/static.africa-press.net\/tchad\/sites\/41\/2021\/08\/img-6124ff2f01e11.jpg","keywords":["Africa Press","Africa Press-Tchad","FRANCE 24","SENEGAL","Tchad"],"articleSection":["homepage-french","Top Nouvelles","Toutes les actualit\u00e9s","vid\u00e9o"],"inLanguage":"fr-FR","potentialAction":[{"@type":"CommentAction","name":"Comment","target":["https:\/\/www.africa-press.net\/tchad\/video\/mort-de-hissene-habre-au-tchad-lex-president-incarcere-au-senegal-est-mort-a-79-ans#respond"]}]},{"@type":"WebPage","@id":"https:\/\/www.africa-press.net\/tchad\/video\/mort-de-hissene-habre-au-tchad-lex-president-incarcere-au-senegal-est-mort-a-79-ans","url":"https:\/\/www.africa-press.net\/tchad\/video\/mort-de-hissene-habre-au-tchad-lex-president-incarcere-au-senegal-est-mort-a-79-ans","name":"Mort de Hiss\u00e8ne Habr\u00e9 au Tchad : l'ex-pr\u00e9sident, incarc\u00e9r\u00e9 au S\u00e9n\u00e9gal, est mort \u00e0 79 ans - tchad","isPartOf":{"@id":"https:\/\/www.africa-press.net\/tchad\/#website"},"primaryImageOfPage":{"@id":"https:\/\/www.africa-press.net\/tchad\/video\/mort-de-hissene-habre-au-tchad-lex-president-incarcere-au-senegal-est-mort-a-79-ans#primaryimage"},"image":{"@id":"https:\/\/www.africa-press.net\/tchad\/video\/mort-de-hissene-habre-au-tchad-lex-president-incarcere-au-senegal-est-mort-a-79-ans#primaryimage"},"thumbnailUrl":"https:\/\/static.africa-press.net\/tchad\/sites\/41\/2021\/08\/img-6124ff2f01e11.jpg","datePublished":"2021-08-24T15:51:35+00:00","dateModified":"2021-08-26T18:51:24+00:00","author":{"@id":"https:\/\/www.africa-press.net\/tchad\/#\/schema\/person\/2b1cf3cd81a31e3cd26889ca66d677f1"},"description":"Hiss\u00e8ne Habr\u00e9 est d\u00e9c\u00e9d\u00e9 mardi \u00e0 l'\u00e2ge de 79 ans. Ancien chef militaire, il acc\u00e9da \u00e0 la pr\u00e9sidence en renversant Gouk ...","breadcrumb":{"@id":"https:\/\/www.africa-press.net\/tchad\/video\/mort-de-hissene-habre-au-tchad-lex-president-incarcere-au-senegal-est-mort-a-79-ans#breadcrumb"},"inLanguage":"fr-FR","potentialAction":[{"@type":"ReadAction","target":["https:\/\/www.africa-press.net\/tchad\/video\/mort-de-hissene-habre-au-tchad-lex-president-incarcere-au-senegal-est-mort-a-79-ans"]}]},{"@type":"ImageObject","inLanguage":"fr-FR","@id":"https:\/\/www.africa-press.net\/tchad\/video\/mort-de-hissene-habre-au-tchad-lex-president-incarcere-au-senegal-est-mort-a-79-ans#primaryimage","url":"https:\/\/static.africa-press.net\/tchad\/sites\/41\/2021\/08\/img-6124ff2f01e11.jpg","contentUrl":"https:\/\/static.africa-press.net\/tchad\/sites\/41\/2021\/08\/img-6124ff2f01e11.jpg","width":1024,"height":576,"caption":"Mort de Hiss\u00e8ne Habr\u00e9 au Tchad : l'ex-pr\u00e9sident, incarc\u00e9r\u00e9 au S\u00e9n\u00e9gal, est mort \u00e0 79 ans"},{"@type":"BreadcrumbList","@id":"https:\/\/www.africa-press.net\/tchad\/video\/mort-de-hissene-habre-au-tchad-lex-president-incarcere-au-senegal-est-mort-a-79-ans#breadcrumb","itemListElement":[{"@type":"ListItem","position":1,"name":"Accueil","item":"https:\/\/www.africa-press.net\/tchad\/"},{"@type":"ListItem","position":2,"name":"Mort de Hiss\u00e8ne Habr\u00e9 au Tchad : l&#8217;ex-pr\u00e9sident, incarc\u00e9r\u00e9 au S\u00e9n\u00e9gal, est mort \u00e0 79 ans"}]},{"@type":"WebSite","@id":"https:\/\/www.africa-press.net\/tchad\/#website","url":"https:\/\/www.africa-press.net\/tchad\/","name":"tchad","description":"Just another Africa News Agency Sites site","potentialAction":[{"@type":"SearchAction","target":{"@type":"EntryPoint","urlTemplate":"https:\/\/www.africa-press.net\/tchad\/?s={search_term_string}"},"query-input":{"@type":"PropertyValueSpecification","valueRequired":true,"valueName":"search_term_string"}}],"inLanguage":"fr-FR"},{"@type":"Person","@id":"https:\/\/www.africa-press.net\/tchad\/#\/schema\/person\/2b1cf3cd81a31e3cd26889ca66d677f1","name":"cfeditorfr"}]}},"_links":{"self":[{"href":"https:\/\/www.africa-press.net\/tchad\/wp-json\/wp\/v2\/posts\/10018","targetHints":{"allow":["GET"]}}],"collection":[{"href":"https:\/\/www.africa-press.net\/tchad\/wp-json\/wp\/v2\/posts"}],"about":[{"href":"https:\/\/www.africa-press.net\/tchad\/wp-json\/wp\/v2\/types\/post"}],"author":[{"embeddable":true,"href":"https:\/\/www.africa-press.net\/tchad\/wp-json\/wp\/v2\/users\/82"}],"replies":[{"embeddable":true,"href":"https:\/\/www.africa-press.net\/tchad\/wp-json\/wp\/v2\/comments?post=10018"}],"version-history":[{"count":0,"href":"https:\/\/www.africa-press.net\/tchad\/wp-json\/wp\/v2\/posts\/10018\/revisions"}],"wp:featuredmedia":[{"embeddable":true,"href":"https:\/\/www.africa-press.net\/tchad\/wp-json\/wp\/v2\/media\/10017"}],"wp:attachment":[{"href":"https:\/\/www.africa-press.net\/tchad\/wp-json\/wp\/v2\/media?parent=10018"}],"wp:term":[{"taxonomy":"category","embeddable":true,"href":"https:\/\/www.africa-press.net\/tchad\/wp-json\/wp\/v2\/categories?post=10018"},{"taxonomy":"post_tag","embeddable":true,"href":"https:\/\/www.africa-press.net\/tchad\/wp-json\/wp\/v2\/tags?post=10018"}],"curies":[{"name":"wp","href":"https:\/\/api.w.org\/{rel}","templated":true}]}}