{"id":101424,"date":"2026-04-26T15:45:41","date_gmt":"2026-04-26T15:45:41","guid":{"rendered":"https:\/\/www.africa-press.net\/tchad\/politique\/ludp-exige-la-liberation-de-max-kemkoye-et-de-ses-camarades"},"modified":"2026-04-26T15:50:33","modified_gmt":"2026-04-26T15:50:33","slug":"ludp-exige-la-liberation-de-max-kemkoye-et-de-ses-camarades","status":"publish","type":"post","link":"https:\/\/www.africa-press.net\/tchad\/parties\/ludp-exige-la-liberation-de-max-kemkoye-et-de-ses-camarades","title":{"rendered":"L\u2019UDP exige la lib\u00e9ration de Max Kemkoye et de ses camarades"},"content":{"rendered":"<p><span style=\"color: #ff6600\"><strong>Africa-Press &#8211; Tchad. <\/strong><\/span>Dans un communique\u0301, l\u2018Union des de\u0301mocrates pour le de\u0301veloppement et le progre\u0300s (UDP) condamne l\u2019arrestation de son pre\u0301sident, Max Kemkoye et de ses camarades, intervenue ce 25 avril a\u0300 N\u2019Djame\u0301na.<\/p>\n<p>Ces interpellations, visant des responsables politiques engage\u0301s dans la vie publique, \u2018\u2019constituent un fait grave sur le respect et les principes fondamentaux de l\u2019E\u0301tat de droit, notamment les liberte\u0301s d\u2019expression, d\u2019association et d\u2019opinion\u2019\u2019, de\u0301nonce le parti.<\/p>\n<p>L\u2019UDP condamne fermement ces arrestations \u2018\u2019que rien ne semble justifier\u2019\u2019 dans un E\u0301tat de droit ; exige la libe\u0301ration \u2018\u2019imme\u0301diate et sans condition\u2019\u2019 du pre\u0301sident Max Kemkoye et de ses camarades pre\u0301sidents des partis membres du Groupe de concertation des acteurs politiques (GCAP).<\/p>\n<p>Par ailleurs, le parti invite l\u2019ensemble de la population tchadienne et les militants a\u0300 rester calme. Il affirme prendre a\u0300 te\u0301moin la communaute\u0301 internationale de tout ce qui adviendrait a\u0300 ces leaders politiques.<\/p>\n<p>Il faut rappeler que le GCAP a pre\u0301vu une marche le 2 mai prochain. Hier, le ministe\u0300re de la Se\u0301curite\u0301 publique a informe\u0301 que la Cour supre\u0302me a de\u0301clare\u0301 la \u00bbnullite\u0301 \u00bb de ce regroupement politique et a mis en garde les auteurs de cette manifestation.<\/p>\n<p><strong>Pour plus d&rsquo;informations et d&rsquo;analyses sur la <span style=\"color: #ff6600\">Tchad<\/span>, suivez <span style=\"color: #ff6600\">Africa-Press<\/span><\/strong><\/p>\n","protected":false},"excerpt":{"rendered":"<p>Africa-Press &#8211; Tchad. Dans un communique\u0301, l\u2018Union des de\u0301mocrates pour le de\u0301veloppement et le progre\u0300s (UDP) condamne l\u2019arrestation de son pre\u0301sident, Max Kemkoye et de ses camarades, intervenue ce 25 avril a\u0300 N\u2019Djame\u0301na. Ces interpellations, visant des responsables politiques engage\u0301s dans la vie publique, \u2018\u2019constituent un fait grave sur le respect et les principes fondamentaux [&hellip;]<\/p>\n","protected":false},"author":82,"featured_media":101423,"comment_status":"open","ping_status":"closed","sticky":false,"template":"","format":"standard","meta":{"footnotes":""},"categories":[4,10],"tags":[29],"class_list":["post-101424","post","type-post","status-publish","format-standard","has-post-thumbnail","hentry","category-parties","category-toutes-les-actualites","tag-tchad"],"yoast_head":"<!-- This site is optimized with the Yoast SEO Premium plugin v26.1 (Yoast SEO v27.0) - https:\/\/yoast.com\/product\/yoast-seo-premium-wordpress\/ -->\n<title>L\u2019UDP exige la lib\u00e9ration de Max Kemkoye et de ses camarades - tchad<\/title>\n<meta name=\"description\" content=\"Dans un communique\u0301, l\u2018Union des de\u0301mocrates pour le de\u0301veloppement et le progre\u0300s (UDP) condamne l\u2019arrestation de son p ...\" \/>\n<meta name=\"robots\" content=\"index, follow, max-snippet:-1, max-image-preview:large, max-video-preview:-1\" \/>\n<link rel=\"canonical\" href=\"https:\/\/www.africa-press.net\/tchad\/parties\/ludp-exige-la-liberation-de-max-kemkoye-et-de-ses-camarades\" \/>\n<meta property=\"og:locale\" content=\"fr_FR\" \/>\n<meta property=\"og:type\" content=\"article\" \/>\n<meta property=\"og:title\" content=\"L\u2019UDP exige la lib\u00e9ration de Max Kemkoye et de ses camarades\" \/>\n<meta property=\"og:description\" content=\"Dans un communique\u0301, l\u2018Union des de\u0301mocrates pour le de\u0301veloppement et le progre\u0300s (UDP) condamne l\u2019arrestation de son p ...\" \/>\n<meta property=\"og:url\" content=\"https:\/\/www.africa-press.net\/tchad\/parties\/ludp-exige-la-liberation-de-max-kemkoye-et-de-ses-camarades\" \/>\n<meta property=\"og:site_name\" content=\"tchad\" \/>\n<meta property=\"article:published_time\" content=\"2026-04-26T15:45:41+00:00\" \/>\n<meta property=\"article:modified_time\" content=\"2026-04-26T15:50:33+00:00\" \/>\n<meta property=\"og:image\" content=\"https:\/\/static.africa-press.net\/tchad\/sites\/41\/2026\/04\/sm_1777206014.22848.jpg\" \/>\n\t<meta property=\"og:image:width\" content=\"1080\" \/>\n\t<meta property=\"og:image:height\" content=\"835\" \/>\n\t<meta property=\"og:image:type\" content=\"image\/jpeg\" \/>\n<meta name=\"author\" content=\"cfeditorfr\" \/>\n<meta name=\"twitter:card\" content=\"summary_large_image\" \/>\n<meta name=\"twitter:label1\" content=\"\u00c9crit par\" \/>\n\t<meta name=\"twitter:data1\" content=\"cfeditorfr\" \/>\n\t<meta name=\"twitter:label2\" content=\"Dur\u00e9e de lecture estim\u00e9e\" \/>\n\t<meta name=\"twitter:data2\" content=\"2 minutes\" \/>\n<script type=\"application\/ld+json\" class=\"yoast-schema-graph\">{\"@context\":\"https:\/\/schema.org\",\"@graph\":[{\"@type\":\"Article\",\"@id\":\"https:\/\/www.africa-press.net\/tchad\/parties\/ludp-exige-la-liberation-de-max-kemkoye-et-de-ses-camarades#article\",\"isPartOf\":{\"@id\":\"https:\/\/www.africa-press.net\/tchad\/parties\/ludp-exige-la-liberation-de-max-kemkoye-et-de-ses-camarades\"},\"author\":{\"name\":\"cfeditorfr\",\"@id\":\"https:\/\/www.africa-press.net\/tchad\/#\/schema\/person\/2b1cf3cd81a31e3cd26889ca66d677f1\"},\"headline\":\"L\u2019UDP exige la lib\u00e9ration de Max Kemkoye et de ses camarades\",\"datePublished\":\"2026-04-26T15:45:41+00:00\",\"dateModified\":\"2026-04-26T15:50:33+00:00\",\"mainEntityOfPage\":{\"@id\":\"https:\/\/www.africa-press.net\/tchad\/parties\/ludp-exige-la-liberation-de-max-kemkoye-et-de-ses-camarades\"},\"wordCount\":241,\"commentCount\":0,\"image\":{\"@id\":\"https:\/\/www.africa-press.net\/tchad\/parties\/ludp-exige-la-liberation-de-max-kemkoye-et-de-ses-camarades#primaryimage\"},\"thumbnailUrl\":\"https:\/\/static.africa-press.net\/tchad\/sites\/41\/2026\/04\/sm_1777206014.22848.jpg\",\"keywords\":[\"Tchad\"],\"articleSection\":[\"Parties\",\"Toutes les actualit\u00e9s\"],\"inLanguage\":\"fr-FR\",\"potentialAction\":[{\"@type\":\"CommentAction\",\"name\":\"Comment\",\"target\":[\"https:\/\/www.africa-press.net\/tchad\/parties\/ludp-exige-la-liberation-de-max-kemkoye-et-de-ses-camarades#respond\"]}]},{\"@type\":\"WebPage\",\"@id\":\"https:\/\/www.africa-press.net\/tchad\/parties\/ludp-exige-la-liberation-de-max-kemkoye-et-de-ses-camarades\",\"url\":\"https:\/\/www.africa-press.net\/tchad\/parties\/ludp-exige-la-liberation-de-max-kemkoye-et-de-ses-camarades\",\"name\":\"L\u2019UDP exige la lib\u00e9ration de Max Kemkoye et de ses camarades - tchad\",\"isPartOf\":{\"@id\":\"https:\/\/www.africa-press.net\/tchad\/#website\"},\"primaryImageOfPage\":{\"@id\":\"https:\/\/www.africa-press.net\/tchad\/parties\/ludp-exige-la-liberation-de-max-kemkoye-et-de-ses-camarades#primaryimage\"},\"image\":{\"@id\":\"https:\/\/www.africa-press.net\/tchad\/parties\/ludp-exige-la-liberation-de-max-kemkoye-et-de-ses-camarades#primaryimage\"},\"thumbnailUrl\":\"https:\/\/static.africa-press.net\/tchad\/sites\/41\/2026\/04\/sm_1777206014.22848.jpg\",\"datePublished\":\"2026-04-26T15:45:41+00:00\",\"dateModified\":\"2026-04-26T15:50:33+00:00\",\"author\":{\"@id\":\"https:\/\/www.africa-press.net\/tchad\/#\/schema\/person\/2b1cf3cd81a31e3cd26889ca66d677f1\"},\"description\":\"Dans un communique\u0301, l\u2018Union des de\u0301mocrates pour le de\u0301veloppement et le progre\u0300s (UDP) condamne l\u2019arrestation de son p ...\",\"breadcrumb\":{\"@id\":\"https:\/\/www.africa-press.net\/tchad\/parties\/ludp-exige-la-liberation-de-max-kemkoye-et-de-ses-camarades#breadcrumb\"},\"inLanguage\":\"fr-FR\",\"potentialAction\":[{\"@type\":\"ReadAction\",\"target\":[\"https:\/\/www.africa-press.net\/tchad\/parties\/ludp-exige-la-liberation-de-max-kemkoye-et-de-ses-camarades\"]}]},{\"@type\":\"ImageObject\",\"inLanguage\":\"fr-FR\",\"@id\":\"https:\/\/www.africa-press.net\/tchad\/parties\/ludp-exige-la-liberation-de-max-kemkoye-et-de-ses-camarades#primaryimage\",\"url\":\"https:\/\/static.africa-press.net\/tchad\/sites\/41\/2026\/04\/sm_1777206014.22848.jpg\",\"contentUrl\":\"https:\/\/static.africa-press.net\/tchad\/sites\/41\/2026\/04\/sm_1777206014.22848.jpg\",\"width\":1080,\"height\":835,\"caption\":\"L\u2019UDP exige la lib\u00e9ration de Max Kemkoye et de ses camarades\"},{\"@type\":\"BreadcrumbList\",\"@id\":\"https:\/\/www.africa-press.net\/tchad\/parties\/ludp-exige-la-liberation-de-max-kemkoye-et-de-ses-camarades#breadcrumb\",\"itemListElement\":[{\"@type\":\"ListItem\",\"position\":1,\"name\":\"Accueil\",\"item\":\"https:\/\/www.africa-press.net\/tchad\/\"},{\"@type\":\"ListItem\",\"position\":2,\"name\":\"L\u2019UDP exige la lib\u00e9ration de Max Kemkoye et de ses camarades\"}]},{\"@type\":\"WebSite\",\"@id\":\"https:\/\/www.africa-press.net\/tchad\/#website\",\"url\":\"https:\/\/www.africa-press.net\/tchad\/\",\"name\":\"tchad\",\"description\":\"Just another Africa News Agency Sites site\",\"potentialAction\":[{\"@type\":\"SearchAction\",\"target\":{\"@type\":\"EntryPoint\",\"urlTemplate\":\"https:\/\/www.africa-press.net\/tchad\/?s={search_term_string}\"},\"query-input\":{\"@type\":\"PropertyValueSpecification\",\"valueRequired\":true,\"valueName\":\"search_term_string\"}}],\"inLanguage\":\"fr-FR\"},{\"@type\":\"Person\",\"@id\":\"https:\/\/www.africa-press.net\/tchad\/#\/schema\/person\/2b1cf3cd81a31e3cd26889ca66d677f1\",\"name\":\"cfeditorfr\"}]}<\/script>\n<!-- \/ Yoast SEO Premium plugin. -->","yoast_head_json":{"title":"L\u2019UDP exige la lib\u00e9ration de Max Kemkoye et de ses camarades - tchad","description":"Dans un communique\u0301, l\u2018Union des de\u0301mocrates pour le de\u0301veloppement et le progre\u0300s (UDP) condamne l\u2019arrestation de son p ...","robots":{"index":"index","follow":"follow","max-snippet":"max-snippet:-1","max-image-preview":"max-image-preview:large","max-video-preview":"max-video-preview:-1"},"canonical":"https:\/\/www.africa-press.net\/tchad\/parties\/ludp-exige-la-liberation-de-max-kemkoye-et-de-ses-camarades","og_locale":"fr_FR","og_type":"article","og_title":"L\u2019UDP exige la lib\u00e9ration de Max Kemkoye et de ses camarades","og_description":"Dans un communique\u0301, l\u2018Union des de\u0301mocrates pour le de\u0301veloppement et le progre\u0300s (UDP) condamne l\u2019arrestation de son p ...","og_url":"https:\/\/www.africa-press.net\/tchad\/parties\/ludp-exige-la-liberation-de-max-kemkoye-et-de-ses-camarades","og_site_name":"tchad","article_published_time":"2026-04-26T15:45:41+00:00","article_modified_time":"2026-04-26T15:50:33+00:00","og_image":[{"width":1080,"height":835,"url":"https:\/\/static.africa-press.net\/tchad\/sites\/41\/2026\/04\/sm_1777206014.22848.jpg","type":"image\/jpeg"}],"author":"cfeditorfr","twitter_card":"summary_large_image","twitter_misc":{"\u00c9crit par":"cfeditorfr","Dur\u00e9e de lecture estim\u00e9e":"2 minutes"},"schema":{"@context":"https:\/\/schema.org","@graph":[{"@type":"Article","@id":"https:\/\/www.africa-press.net\/tchad\/parties\/ludp-exige-la-liberation-de-max-kemkoye-et-de-ses-camarades#article","isPartOf":{"@id":"https:\/\/www.africa-press.net\/tchad\/parties\/ludp-exige-la-liberation-de-max-kemkoye-et-de-ses-camarades"},"author":{"name":"cfeditorfr","@id":"https:\/\/www.africa-press.net\/tchad\/#\/schema\/person\/2b1cf3cd81a31e3cd26889ca66d677f1"},"headline":"L\u2019UDP exige la lib\u00e9ration de Max Kemkoye et de ses camarades","datePublished":"2026-04-26T15:45:41+00:00","dateModified":"2026-04-26T15:50:33+00:00","mainEntityOfPage":{"@id":"https:\/\/www.africa-press.net\/tchad\/parties\/ludp-exige-la-liberation-de-max-kemkoye-et-de-ses-camarades"},"wordCount":241,"commentCount":0,"image":{"@id":"https:\/\/www.africa-press.net\/tchad\/parties\/ludp-exige-la-liberation-de-max-kemkoye-et-de-ses-camarades#primaryimage"},"thumbnailUrl":"https:\/\/static.africa-press.net\/tchad\/sites\/41\/2026\/04\/sm_1777206014.22848.jpg","keywords":["Tchad"],"articleSection":["Parties","Toutes les actualit\u00e9s"],"inLanguage":"fr-FR","potentialAction":[{"@type":"CommentAction","name":"Comment","target":["https:\/\/www.africa-press.net\/tchad\/parties\/ludp-exige-la-liberation-de-max-kemkoye-et-de-ses-camarades#respond"]}]},{"@type":"WebPage","@id":"https:\/\/www.africa-press.net\/tchad\/parties\/ludp-exige-la-liberation-de-max-kemkoye-et-de-ses-camarades","url":"https:\/\/www.africa-press.net\/tchad\/parties\/ludp-exige-la-liberation-de-max-kemkoye-et-de-ses-camarades","name":"L\u2019UDP exige la lib\u00e9ration de Max Kemkoye et de ses camarades - tchad","isPartOf":{"@id":"https:\/\/www.africa-press.net\/tchad\/#website"},"primaryImageOfPage":{"@id":"https:\/\/www.africa-press.net\/tchad\/parties\/ludp-exige-la-liberation-de-max-kemkoye-et-de-ses-camarades#primaryimage"},"image":{"@id":"https:\/\/www.africa-press.net\/tchad\/parties\/ludp-exige-la-liberation-de-max-kemkoye-et-de-ses-camarades#primaryimage"},"thumbnailUrl":"https:\/\/static.africa-press.net\/tchad\/sites\/41\/2026\/04\/sm_1777206014.22848.jpg","datePublished":"2026-04-26T15:45:41+00:00","dateModified":"2026-04-26T15:50:33+00:00","author":{"@id":"https:\/\/www.africa-press.net\/tchad\/#\/schema\/person\/2b1cf3cd81a31e3cd26889ca66d677f1"},"description":"Dans un communique\u0301, l\u2018Union des de\u0301mocrates pour le de\u0301veloppement et le progre\u0300s (UDP) condamne l\u2019arrestation de son p ...","breadcrumb":{"@id":"https:\/\/www.africa-press.net\/tchad\/parties\/ludp-exige-la-liberation-de-max-kemkoye-et-de-ses-camarades#breadcrumb"},"inLanguage":"fr-FR","potentialAction":[{"@type":"ReadAction","target":["https:\/\/www.africa-press.net\/tchad\/parties\/ludp-exige-la-liberation-de-max-kemkoye-et-de-ses-camarades"]}]},{"@type":"ImageObject","inLanguage":"fr-FR","@id":"https:\/\/www.africa-press.net\/tchad\/parties\/ludp-exige-la-liberation-de-max-kemkoye-et-de-ses-camarades#primaryimage","url":"https:\/\/static.africa-press.net\/tchad\/sites\/41\/2026\/04\/sm_1777206014.22848.jpg","contentUrl":"https:\/\/static.africa-press.net\/tchad\/sites\/41\/2026\/04\/sm_1777206014.22848.jpg","width":1080,"height":835,"caption":"L\u2019UDP exige la lib\u00e9ration de Max Kemkoye et de ses camarades"},{"@type":"BreadcrumbList","@id":"https:\/\/www.africa-press.net\/tchad\/parties\/ludp-exige-la-liberation-de-max-kemkoye-et-de-ses-camarades#breadcrumb","itemListElement":[{"@type":"ListItem","position":1,"name":"Accueil","item":"https:\/\/www.africa-press.net\/tchad\/"},{"@type":"ListItem","position":2,"name":"L\u2019UDP exige la lib\u00e9ration de Max Kemkoye et de ses camarades"}]},{"@type":"WebSite","@id":"https:\/\/www.africa-press.net\/tchad\/#website","url":"https:\/\/www.africa-press.net\/tchad\/","name":"tchad","description":"Just another Africa News Agency Sites site","potentialAction":[{"@type":"SearchAction","target":{"@type":"EntryPoint","urlTemplate":"https:\/\/www.africa-press.net\/tchad\/?s={search_term_string}"},"query-input":{"@type":"PropertyValueSpecification","valueRequired":true,"valueName":"search_term_string"}}],"inLanguage":"fr-FR"},{"@type":"Person","@id":"https:\/\/www.africa-press.net\/tchad\/#\/schema\/person\/2b1cf3cd81a31e3cd26889ca66d677f1","name":"cfeditorfr"}]}},"_links":{"self":[{"href":"https:\/\/www.africa-press.net\/tchad\/wp-json\/wp\/v2\/posts\/101424","targetHints":{"allow":["GET"]}}],"collection":[{"href":"https:\/\/www.africa-press.net\/tchad\/wp-json\/wp\/v2\/posts"}],"about":[{"href":"https:\/\/www.africa-press.net\/tchad\/wp-json\/wp\/v2\/types\/post"}],"author":[{"embeddable":true,"href":"https:\/\/www.africa-press.net\/tchad\/wp-json\/wp\/v2\/users\/82"}],"replies":[{"embeddable":true,"href":"https:\/\/www.africa-press.net\/tchad\/wp-json\/wp\/v2\/comments?post=101424"}],"version-history":[{"count":1,"href":"https:\/\/www.africa-press.net\/tchad\/wp-json\/wp\/v2\/posts\/101424\/revisions"}],"predecessor-version":[{"id":101427,"href":"https:\/\/www.africa-press.net\/tchad\/wp-json\/wp\/v2\/posts\/101424\/revisions\/101427"}],"wp:featuredmedia":[{"embeddable":true,"href":"https:\/\/www.africa-press.net\/tchad\/wp-json\/wp\/v2\/media\/101423"}],"wp:attachment":[{"href":"https:\/\/www.africa-press.net\/tchad\/wp-json\/wp\/v2\/media?parent=101424"}],"wp:term":[{"taxonomy":"category","embeddable":true,"href":"https:\/\/www.africa-press.net\/tchad\/wp-json\/wp\/v2\/categories?post=101424"},{"taxonomy":"post_tag","embeddable":true,"href":"https:\/\/www.africa-press.net\/tchad\/wp-json\/wp\/v2\/tags?post=101424"}],"curies":[{"name":"wp","href":"https:\/\/api.w.org\/{rel}","templated":true}]}}