{"id":101441,"date":"2026-04-26T15:47:35","date_gmt":"2026-04-26T15:47:35","guid":{"rendered":"https:\/\/www.africa-press.net\/tchad\/politique\/inauguration-dinfrastructures-hydrauliques-a-wadi-fira"},"modified":"2026-04-26T15:52:00","modified_gmt":"2026-04-26T15:52:00","slug":"inauguration-dinfrastructures-hydrauliques-a-wadi-fira","status":"publish","type":"post","link":"https:\/\/www.africa-press.net\/tchad\/economie\/inauguration-dinfrastructures-hydrauliques-a-wadi-fira","title":{"rendered":"Inauguration D&rsquo;Infrastructures Hydrauliques \u00c0 Wadi-Fira"},"content":{"rendered":"<p><span style=\"color: #ff6600\"><strong>Africa-Press &#8211; Tchad. <\/strong><\/span>Le samedi 25 avril 2026, le ministre de l\u2019Eau et de l\u2019E\u0301nergie Passale\u0301 Kanabe\u0301 Marcelin, a inaugure\u0301 un cha\u0302teau d\u2019eau de 150 m3 a\u0300 Wee et un autre syste\u0300me d\u2019alimentation en eau potable a\u0300 Ourda, situe\u0301s dans la province du Wadi-Fira. La ce\u0301re\u0301monie s\u2019est de\u0301roule\u0301e en pre\u0301sence du de\u0301le\u0301gue\u0301 ge\u0301ne\u0301ral du gouvernement aupre\u0300s de la province, le ge\u0301ne\u0301ral Brahim Issa Galmaye.<\/p>\n<p>Cette re\u0301alisation constitue un soulagement pour les populations de Wee, longtemps confronte\u0301es a\u0300 des difficulte\u0301s d\u2019acce\u0300s a\u0300 l\u2019eau potable. Dans son allocution, le ministre a salue\u0301 un projet a\u0300 la fois historique et symbolique pour la localite\u0301 et ses environs.<\/p>\n<p>\u00ab Nous ne gouvernons pas depuis les bureaux, mais sur le terrain, au contact des re\u0301alite\u0301s, comme nous le recommande le pre\u0301sident de la Re\u0301publique. L\u2019eau n\u2019est pas un privile\u0300ge, c\u2019est un droit que nous sommes de\u0301termine\u0301s a\u0300 garantir a\u0300 chaque citoyen \u00bb, a-t-il de\u0301clare\u0301.<\/p>\n<p>Le cha\u0302teau d\u2019eau, d\u2019une capacite\u0301 de 150 m3 et e\u0301quipe\u0301 d\u2019un syste\u0300me hybride de production, a e\u0301te\u0301 re\u0301alise\u0301 sur fonds propres de l\u2019E\u0301tat pour un cou\u0302t de plus de 719 millions de FCFA. Le ministre a e\u0301galement salue\u0301 le professionnalisme de l\u2019entreprise TEM, qui a mene\u0301 a\u0300 bien les travaux malgre\u0301 les contraintes, tout en appelant les entrepreneurs nationaux a\u0300 s\u2019engager davantage dans les projets d\u2019acce\u0300s a\u0300 l\u2019eau potable.<\/p>\n<p>Le de\u0301le\u0301gue\u0301 ge\u0301ne\u0301ral du gouvernement, le ge\u0301ne\u0301ral Brahim Issa Gamai\u0308, a pour sa part souligne\u0301 l\u2019importance de cette infrastructure, qui vient re\u0301pondre aux besoins pressants des populations en eau potable.<\/p>\n<p>Dans la continuite\u0301 de cette mission, le ministre et sa de\u0301le\u0301gation se sont rendus a\u0300 Ourda, ou\u0300 ils ont e\u0301galement inaugure\u0301 un syste\u0300me d\u2019alimentation en eau potable destine\u0301 a\u0300 desservir la localite\u0301.<\/p>\n<p><strong>Pour plus d&rsquo;informations et d&rsquo;analyses sur la <span style=\"color: #ff6600\">Tchad<\/span>, suivez <span style=\"color: #ff6600\">Africa-Press<\/span><\/strong><\/p>\n","protected":false},"excerpt":{"rendered":"<p>Africa-Press &#8211; Tchad. Le samedi 25 avril 2026, le ministre de l\u2019Eau et de l\u2019E\u0301nergie Passale\u0301 Kanabe\u0301 Marcelin, a inaugure\u0301 un cha\u0302teau d\u2019eau de 150 m3 a\u0300 Wee et un autre syste\u0300me d\u2019alimentation en eau potable a\u0300 Ourda, situe\u0301s dans la province du Wadi-Fira. La ce\u0301re\u0301monie s\u2019est de\u0301roule\u0301e en pre\u0301sence du de\u0301le\u0301gue\u0301 ge\u0301ne\u0301ral du gouvernement [&hellip;]<\/p>\n","protected":false},"author":82,"featured_media":101440,"comment_status":"open","ping_status":"closed","sticky":false,"template":"","format":"standard","meta":{"footnotes":""},"categories":[3,10],"tags":[29],"class_list":["post-101441","post","type-post","status-publish","format-standard","has-post-thumbnail","hentry","category-economie","category-toutes-les-actualites","tag-tchad"],"yoast_head":"<!-- This site is optimized with the Yoast SEO Premium plugin v26.1 (Yoast SEO v27.0) - https:\/\/yoast.com\/product\/yoast-seo-premium-wordpress\/ -->\n<title>Inauguration D&#039;Infrastructures Hydrauliques \u00c0 Wadi-Fira - tchad<\/title>\n<meta name=\"description\" content=\"Le samedi 25 avril 2026, le ministre de l\u2019Eau et de l\u2019E\u0301nergie Passale\u0301 Kanabe\u0301 Marcelin, a inaugure\u0301 un cha\u0302teau d\u2019eau ...\" \/>\n<meta name=\"robots\" content=\"index, follow, max-snippet:-1, max-image-preview:large, max-video-preview:-1\" \/>\n<link rel=\"canonical\" href=\"https:\/\/www.africa-press.net\/tchad\/economie\/inauguration-dinfrastructures-hydrauliques-a-wadi-fira\" \/>\n<meta property=\"og:locale\" content=\"fr_FR\" \/>\n<meta property=\"og:type\" content=\"article\" \/>\n<meta property=\"og:title\" content=\"Inauguration D&#039;Infrastructures Hydrauliques \u00c0 Wadi-Fira\" \/>\n<meta property=\"og:description\" content=\"Le samedi 25 avril 2026, le ministre de l\u2019Eau et de l\u2019E\u0301nergie Passale\u0301 Kanabe\u0301 Marcelin, a inaugure\u0301 un cha\u0302teau d\u2019eau ...\" \/>\n<meta property=\"og:url\" content=\"https:\/\/www.africa-press.net\/tchad\/economie\/inauguration-dinfrastructures-hydrauliques-a-wadi-fira\" \/>\n<meta property=\"og:site_name\" content=\"tchad\" \/>\n<meta property=\"article:published_time\" content=\"2026-04-26T15:47:35+00:00\" \/>\n<meta property=\"article:modified_time\" content=\"2026-04-26T15:52:00+00:00\" \/>\n<meta property=\"og:image\" content=\"https:\/\/static.africa-press.net\/tchad\/sites\/41\/2026\/04\/sm_1777206101.862864.jpg\" \/>\n\t<meta property=\"og:image:width\" content=\"996\" \/>\n\t<meta property=\"og:image:height\" content=\"664\" \/>\n\t<meta property=\"og:image:type\" content=\"image\/jpeg\" \/>\n<meta name=\"author\" content=\"cfeditorfr\" \/>\n<meta name=\"twitter:card\" content=\"summary_large_image\" \/>\n<meta name=\"twitter:label1\" content=\"\u00c9crit par\" \/>\n\t<meta name=\"twitter:data1\" content=\"cfeditorfr\" \/>\n\t<meta name=\"twitter:label2\" content=\"Dur\u00e9e de lecture estim\u00e9e\" \/>\n\t<meta name=\"twitter:data2\" content=\"2 minutes\" \/>\n<script type=\"application\/ld+json\" class=\"yoast-schema-graph\">{\"@context\":\"https:\/\/schema.org\",\"@graph\":[{\"@type\":\"Article\",\"@id\":\"https:\/\/www.africa-press.net\/tchad\/economie\/inauguration-dinfrastructures-hydrauliques-a-wadi-fira#article\",\"isPartOf\":{\"@id\":\"https:\/\/www.africa-press.net\/tchad\/economie\/inauguration-dinfrastructures-hydrauliques-a-wadi-fira\"},\"author\":{\"name\":\"cfeditorfr\",\"@id\":\"https:\/\/www.africa-press.net\/tchad\/#\/schema\/person\/2b1cf3cd81a31e3cd26889ca66d677f1\"},\"headline\":\"Inauguration D&rsquo;Infrastructures Hydrauliques \u00c0 Wadi-Fira\",\"datePublished\":\"2026-04-26T15:47:35+00:00\",\"dateModified\":\"2026-04-26T15:52:00+00:00\",\"mainEntityOfPage\":{\"@id\":\"https:\/\/www.africa-press.net\/tchad\/economie\/inauguration-dinfrastructures-hydrauliques-a-wadi-fira\"},\"wordCount\":358,\"commentCount\":0,\"image\":{\"@id\":\"https:\/\/www.africa-press.net\/tchad\/economie\/inauguration-dinfrastructures-hydrauliques-a-wadi-fira#primaryimage\"},\"thumbnailUrl\":\"https:\/\/static.africa-press.net\/tchad\/sites\/41\/2026\/04\/sm_1777206101.862864.jpg\",\"keywords\":[\"Tchad\"],\"articleSection\":[\"\u00c9conomie\",\"Toutes les actualit\u00e9s\"],\"inLanguage\":\"fr-FR\",\"potentialAction\":[{\"@type\":\"CommentAction\",\"name\":\"Comment\",\"target\":[\"https:\/\/www.africa-press.net\/tchad\/economie\/inauguration-dinfrastructures-hydrauliques-a-wadi-fira#respond\"]}]},{\"@type\":\"WebPage\",\"@id\":\"https:\/\/www.africa-press.net\/tchad\/economie\/inauguration-dinfrastructures-hydrauliques-a-wadi-fira\",\"url\":\"https:\/\/www.africa-press.net\/tchad\/economie\/inauguration-dinfrastructures-hydrauliques-a-wadi-fira\",\"name\":\"Inauguration D'Infrastructures Hydrauliques \u00c0 Wadi-Fira - tchad\",\"isPartOf\":{\"@id\":\"https:\/\/www.africa-press.net\/tchad\/#website\"},\"primaryImageOfPage\":{\"@id\":\"https:\/\/www.africa-press.net\/tchad\/economie\/inauguration-dinfrastructures-hydrauliques-a-wadi-fira#primaryimage\"},\"image\":{\"@id\":\"https:\/\/www.africa-press.net\/tchad\/economie\/inauguration-dinfrastructures-hydrauliques-a-wadi-fira#primaryimage\"},\"thumbnailUrl\":\"https:\/\/static.africa-press.net\/tchad\/sites\/41\/2026\/04\/sm_1777206101.862864.jpg\",\"datePublished\":\"2026-04-26T15:47:35+00:00\",\"dateModified\":\"2026-04-26T15:52:00+00:00\",\"author\":{\"@id\":\"https:\/\/www.africa-press.net\/tchad\/#\/schema\/person\/2b1cf3cd81a31e3cd26889ca66d677f1\"},\"description\":\"Le samedi 25 avril 2026, le ministre de l\u2019Eau et de l\u2019E\u0301nergie Passale\u0301 Kanabe\u0301 Marcelin, a inaugure\u0301 un cha\u0302teau d\u2019eau ...\",\"breadcrumb\":{\"@id\":\"https:\/\/www.africa-press.net\/tchad\/economie\/inauguration-dinfrastructures-hydrauliques-a-wadi-fira#breadcrumb\"},\"inLanguage\":\"fr-FR\",\"potentialAction\":[{\"@type\":\"ReadAction\",\"target\":[\"https:\/\/www.africa-press.net\/tchad\/economie\/inauguration-dinfrastructures-hydrauliques-a-wadi-fira\"]}]},{\"@type\":\"ImageObject\",\"inLanguage\":\"fr-FR\",\"@id\":\"https:\/\/www.africa-press.net\/tchad\/economie\/inauguration-dinfrastructures-hydrauliques-a-wadi-fira#primaryimage\",\"url\":\"https:\/\/static.africa-press.net\/tchad\/sites\/41\/2026\/04\/sm_1777206101.862864.jpg\",\"contentUrl\":\"https:\/\/static.africa-press.net\/tchad\/sites\/41\/2026\/04\/sm_1777206101.862864.jpg\",\"width\":996,\"height\":664,\"caption\":\"Inauguration D'Infrastructures Hydrauliques \u00c0 Wadi-Fira\"},{\"@type\":\"BreadcrumbList\",\"@id\":\"https:\/\/www.africa-press.net\/tchad\/economie\/inauguration-dinfrastructures-hydrauliques-a-wadi-fira#breadcrumb\",\"itemListElement\":[{\"@type\":\"ListItem\",\"position\":1,\"name\":\"Accueil\",\"item\":\"https:\/\/www.africa-press.net\/tchad\/\"},{\"@type\":\"ListItem\",\"position\":2,\"name\":\"Inauguration D&#8217;Infrastructures Hydrauliques \u00c0 Wadi-Fira\"}]},{\"@type\":\"WebSite\",\"@id\":\"https:\/\/www.africa-press.net\/tchad\/#website\",\"url\":\"https:\/\/www.africa-press.net\/tchad\/\",\"name\":\"tchad\",\"description\":\"Just another Africa News Agency Sites site\",\"potentialAction\":[{\"@type\":\"SearchAction\",\"target\":{\"@type\":\"EntryPoint\",\"urlTemplate\":\"https:\/\/www.africa-press.net\/tchad\/?s={search_term_string}\"},\"query-input\":{\"@type\":\"PropertyValueSpecification\",\"valueRequired\":true,\"valueName\":\"search_term_string\"}}],\"inLanguage\":\"fr-FR\"},{\"@type\":\"Person\",\"@id\":\"https:\/\/www.africa-press.net\/tchad\/#\/schema\/person\/2b1cf3cd81a31e3cd26889ca66d677f1\",\"name\":\"cfeditorfr\"}]}<\/script>\n<!-- \/ Yoast SEO Premium plugin. -->","yoast_head_json":{"title":"Inauguration D'Infrastructures Hydrauliques \u00c0 Wadi-Fira - tchad","description":"Le samedi 25 avril 2026, le ministre de l\u2019Eau et de l\u2019E\u0301nergie Passale\u0301 Kanabe\u0301 Marcelin, a inaugure\u0301 un cha\u0302teau d\u2019eau ...","robots":{"index":"index","follow":"follow","max-snippet":"max-snippet:-1","max-image-preview":"max-image-preview:large","max-video-preview":"max-video-preview:-1"},"canonical":"https:\/\/www.africa-press.net\/tchad\/economie\/inauguration-dinfrastructures-hydrauliques-a-wadi-fira","og_locale":"fr_FR","og_type":"article","og_title":"Inauguration D'Infrastructures Hydrauliques \u00c0 Wadi-Fira","og_description":"Le samedi 25 avril 2026, le ministre de l\u2019Eau et de l\u2019E\u0301nergie Passale\u0301 Kanabe\u0301 Marcelin, a inaugure\u0301 un cha\u0302teau d\u2019eau ...","og_url":"https:\/\/www.africa-press.net\/tchad\/economie\/inauguration-dinfrastructures-hydrauliques-a-wadi-fira","og_site_name":"tchad","article_published_time":"2026-04-26T15:47:35+00:00","article_modified_time":"2026-04-26T15:52:00+00:00","og_image":[{"width":996,"height":664,"url":"https:\/\/static.africa-press.net\/tchad\/sites\/41\/2026\/04\/sm_1777206101.862864.jpg","type":"image\/jpeg"}],"author":"cfeditorfr","twitter_card":"summary_large_image","twitter_misc":{"\u00c9crit par":"cfeditorfr","Dur\u00e9e de lecture estim\u00e9e":"2 minutes"},"schema":{"@context":"https:\/\/schema.org","@graph":[{"@type":"Article","@id":"https:\/\/www.africa-press.net\/tchad\/economie\/inauguration-dinfrastructures-hydrauliques-a-wadi-fira#article","isPartOf":{"@id":"https:\/\/www.africa-press.net\/tchad\/economie\/inauguration-dinfrastructures-hydrauliques-a-wadi-fira"},"author":{"name":"cfeditorfr","@id":"https:\/\/www.africa-press.net\/tchad\/#\/schema\/person\/2b1cf3cd81a31e3cd26889ca66d677f1"},"headline":"Inauguration D&rsquo;Infrastructures Hydrauliques \u00c0 Wadi-Fira","datePublished":"2026-04-26T15:47:35+00:00","dateModified":"2026-04-26T15:52:00+00:00","mainEntityOfPage":{"@id":"https:\/\/www.africa-press.net\/tchad\/economie\/inauguration-dinfrastructures-hydrauliques-a-wadi-fira"},"wordCount":358,"commentCount":0,"image":{"@id":"https:\/\/www.africa-press.net\/tchad\/economie\/inauguration-dinfrastructures-hydrauliques-a-wadi-fira#primaryimage"},"thumbnailUrl":"https:\/\/static.africa-press.net\/tchad\/sites\/41\/2026\/04\/sm_1777206101.862864.jpg","keywords":["Tchad"],"articleSection":["\u00c9conomie","Toutes les actualit\u00e9s"],"inLanguage":"fr-FR","potentialAction":[{"@type":"CommentAction","name":"Comment","target":["https:\/\/www.africa-press.net\/tchad\/economie\/inauguration-dinfrastructures-hydrauliques-a-wadi-fira#respond"]}]},{"@type":"WebPage","@id":"https:\/\/www.africa-press.net\/tchad\/economie\/inauguration-dinfrastructures-hydrauliques-a-wadi-fira","url":"https:\/\/www.africa-press.net\/tchad\/economie\/inauguration-dinfrastructures-hydrauliques-a-wadi-fira","name":"Inauguration D'Infrastructures Hydrauliques \u00c0 Wadi-Fira - tchad","isPartOf":{"@id":"https:\/\/www.africa-press.net\/tchad\/#website"},"primaryImageOfPage":{"@id":"https:\/\/www.africa-press.net\/tchad\/economie\/inauguration-dinfrastructures-hydrauliques-a-wadi-fira#primaryimage"},"image":{"@id":"https:\/\/www.africa-press.net\/tchad\/economie\/inauguration-dinfrastructures-hydrauliques-a-wadi-fira#primaryimage"},"thumbnailUrl":"https:\/\/static.africa-press.net\/tchad\/sites\/41\/2026\/04\/sm_1777206101.862864.jpg","datePublished":"2026-04-26T15:47:35+00:00","dateModified":"2026-04-26T15:52:00+00:00","author":{"@id":"https:\/\/www.africa-press.net\/tchad\/#\/schema\/person\/2b1cf3cd81a31e3cd26889ca66d677f1"},"description":"Le samedi 25 avril 2026, le ministre de l\u2019Eau et de l\u2019E\u0301nergie Passale\u0301 Kanabe\u0301 Marcelin, a inaugure\u0301 un cha\u0302teau d\u2019eau ...","breadcrumb":{"@id":"https:\/\/www.africa-press.net\/tchad\/economie\/inauguration-dinfrastructures-hydrauliques-a-wadi-fira#breadcrumb"},"inLanguage":"fr-FR","potentialAction":[{"@type":"ReadAction","target":["https:\/\/www.africa-press.net\/tchad\/economie\/inauguration-dinfrastructures-hydrauliques-a-wadi-fira"]}]},{"@type":"ImageObject","inLanguage":"fr-FR","@id":"https:\/\/www.africa-press.net\/tchad\/economie\/inauguration-dinfrastructures-hydrauliques-a-wadi-fira#primaryimage","url":"https:\/\/static.africa-press.net\/tchad\/sites\/41\/2026\/04\/sm_1777206101.862864.jpg","contentUrl":"https:\/\/static.africa-press.net\/tchad\/sites\/41\/2026\/04\/sm_1777206101.862864.jpg","width":996,"height":664,"caption":"Inauguration D'Infrastructures Hydrauliques \u00c0 Wadi-Fira"},{"@type":"BreadcrumbList","@id":"https:\/\/www.africa-press.net\/tchad\/economie\/inauguration-dinfrastructures-hydrauliques-a-wadi-fira#breadcrumb","itemListElement":[{"@type":"ListItem","position":1,"name":"Accueil","item":"https:\/\/www.africa-press.net\/tchad\/"},{"@type":"ListItem","position":2,"name":"Inauguration D&#8217;Infrastructures Hydrauliques \u00c0 Wadi-Fira"}]},{"@type":"WebSite","@id":"https:\/\/www.africa-press.net\/tchad\/#website","url":"https:\/\/www.africa-press.net\/tchad\/","name":"tchad","description":"Just another Africa News Agency Sites site","potentialAction":[{"@type":"SearchAction","target":{"@type":"EntryPoint","urlTemplate":"https:\/\/www.africa-press.net\/tchad\/?s={search_term_string}"},"query-input":{"@type":"PropertyValueSpecification","valueRequired":true,"valueName":"search_term_string"}}],"inLanguage":"fr-FR"},{"@type":"Person","@id":"https:\/\/www.africa-press.net\/tchad\/#\/schema\/person\/2b1cf3cd81a31e3cd26889ca66d677f1","name":"cfeditorfr"}]}},"_links":{"self":[{"href":"https:\/\/www.africa-press.net\/tchad\/wp-json\/wp\/v2\/posts\/101441","targetHints":{"allow":["GET"]}}],"collection":[{"href":"https:\/\/www.africa-press.net\/tchad\/wp-json\/wp\/v2\/posts"}],"about":[{"href":"https:\/\/www.africa-press.net\/tchad\/wp-json\/wp\/v2\/types\/post"}],"author":[{"embeddable":true,"href":"https:\/\/www.africa-press.net\/tchad\/wp-json\/wp\/v2\/users\/82"}],"replies":[{"embeddable":true,"href":"https:\/\/www.africa-press.net\/tchad\/wp-json\/wp\/v2\/comments?post=101441"}],"version-history":[{"count":1,"href":"https:\/\/www.africa-press.net\/tchad\/wp-json\/wp\/v2\/posts\/101441\/revisions"}],"predecessor-version":[{"id":101444,"href":"https:\/\/www.africa-press.net\/tchad\/wp-json\/wp\/v2\/posts\/101441\/revisions\/101444"}],"wp:featuredmedia":[{"embeddable":true,"href":"https:\/\/www.africa-press.net\/tchad\/wp-json\/wp\/v2\/media\/101440"}],"wp:attachment":[{"href":"https:\/\/www.africa-press.net\/tchad\/wp-json\/wp\/v2\/media?parent=101441"}],"wp:term":[{"taxonomy":"category","embeddable":true,"href":"https:\/\/www.africa-press.net\/tchad\/wp-json\/wp\/v2\/categories?post=101441"},{"taxonomy":"post_tag","embeddable":true,"href":"https:\/\/www.africa-press.net\/tchad\/wp-json\/wp\/v2\/tags?post=101441"}],"curies":[{"name":"wp","href":"https:\/\/api.w.org\/{rel}","templated":true}]}}