{"id":101445,"date":"2026-04-26T15:47:57","date_gmt":"2026-04-26T15:47:57","guid":{"rendered":"https:\/\/www.africa-press.net\/tchad\/politique\/moyen-chari-autonomisation-des-femmes-a-sarh"},"modified":"2026-04-26T15:52:17","modified_gmt":"2026-04-26T15:52:17","slug":"moyen-chari-autonomisation-des-femmes-a-sarh","status":"publish","type":"post","link":"https:\/\/www.africa-press.net\/tchad\/toutes-les-actualites\/moyen-chari-autonomisation-des-femmes-a-sarh","title":{"rendered":"Moyen-Chari: Autonomisation des Femmes a\u0300 Sarh"},"content":{"rendered":"<p><span style=\"color: #ff6600\"><strong>Africa-Press &#8211; Tchad. <\/strong><\/span><b>Ce samedi 25 avril 2026, la ville de Sarh a accueilli un atelier de disse\u0301mination de\u0301die\u0301 aux supports de communication sur le dividende de\u0301mographique et l\u2019autonomisation des femmes. Cette rencontre vise a\u0300 consolider les politiques publiques en faveur de la jeunesse et de l\u2019e\u0301quite\u0301 de genre.<\/b><\/p>\n<p>C\u2019est au Palais des arts et de la culture Ngarta Tombalbaye que les acteurs locaux et les experts se sont re\u0301unis pour cette session de travail, qui s\u2019inscrit dans la mise en \u0153uvre de la composante 3 du projet SWEDD+ (Autonomisation des femmes et dividende de\u0301mographique au Sahel).<\/p>\n<p>Cette composante ambitionne de renforcer l\u2019engagement politique, d\u2019ame\u0301liorer les capacite\u0301s d\u2019analyse de\u0301mographique et d\u2019optimiser le suivi-e\u0301valuation des questions lie\u0301es au genre. Pour y parvenir, le projet mise notamment sur le plaidoyer et la concertation de haut niveau entre les de\u0301cideurs.<\/p>\n<p>Damkitna Zina, expert de\u0301mographe et chef de mission, a insiste\u0301 sur les enjeux de cette de\u0301marche. Il a souligne\u0301 que cet atelier se veut un appel a\u0300 la responsabilite\u0301 collective autour de la vision porte\u0301e par les plus hautes autorite\u0301s du pays, rappelant que chaque levier compte dans le processus de capture du dividende de\u0301mographique.<\/p>\n<p>De son co\u0302te\u0301, le secre\u0301taire ge\u0301ne\u0301ral de la province du Moyen-Chari, Fide\u0300le Kode\u0301 Ngolo, a exprime\u0301 le souhait de voir cet atelier jeter les bases d\u2019une dynamique nouvelle dans les interactions institutionnelles et citoyennes. \u00ab L\u2019objectif ultime e\u0301tant de mate\u0301rialiser les engagements pris par l\u2019ensemble des parties prenantes afin de tirer pleinement profit de ce dividende de\u0301mographique, avec comme priorite\u0301 absolue l\u2019investissement massif dans la jeunesse \u00bb, a-t-il conclu.<\/p>\n<p><strong>Pour plus d&rsquo;informations et d&rsquo;analyses sur la <span style=\"color: #ff6600\">Tchad<\/span>, suivez <span style=\"color: #ff6600\">Africa-Press<\/span><\/strong><\/p>\n","protected":false},"excerpt":{"rendered":"<p>Africa-Press &#8211; Tchad. Ce samedi 25 avril 2026, la ville de Sarh a accueilli un atelier de disse\u0301mination de\u0301die\u0301 aux supports de communication sur le dividende de\u0301mographique et l\u2019autonomisation des femmes. Cette rencontre vise a\u0300 consolider les politiques publiques en faveur de la jeunesse et de l\u2019e\u0301quite\u0301 de genre. C\u2019est au Palais des arts et [&hellip;]<\/p>\n","protected":false},"author":82,"featured_media":101443,"comment_status":"open","ping_status":"closed","sticky":false,"template":"","format":"standard","meta":{"footnotes":""},"categories":[21,10],"tags":[29],"class_list":["post-101445","post","type-post","status-publish","format-standard","has-post-thumbnail","hentry","category-communaute","category-toutes-les-actualites","tag-tchad"],"yoast_head":"<!-- This site is optimized with the Yoast SEO Premium plugin v26.1 (Yoast SEO v27.0) - https:\/\/yoast.com\/product\/yoast-seo-premium-wordpress\/ -->\n<title>Moyen-Chari: Autonomisation des Femmes a\u0300 Sarh - tchad<\/title>\n<meta name=\"description\" content=\"Ce samedi 25 avril 2026, la ville de Sarh a accueilli un atelier de disse\u0301mination de\u0301die\u0301 aux supports de communicat ...\" \/>\n<meta name=\"robots\" content=\"index, follow, max-snippet:-1, max-image-preview:large, max-video-preview:-1\" \/>\n<link rel=\"canonical\" href=\"https:\/\/www.africa-press.net\/tchad\/toutes-les-actualites\/moyen-chari-autonomisation-des-femmes-a-sarh\" \/>\n<meta property=\"og:locale\" content=\"fr_FR\" \/>\n<meta property=\"og:type\" content=\"article\" \/>\n<meta property=\"og:title\" content=\"Moyen-Chari: Autonomisation des Femmes a\u0300 Sarh\" \/>\n<meta property=\"og:description\" content=\"Ce samedi 25 avril 2026, la ville de Sarh a accueilli un atelier de disse\u0301mination de\u0301die\u0301 aux supports de communicat ...\" \/>\n<meta property=\"og:url\" content=\"https:\/\/www.africa-press.net\/tchad\/toutes-les-actualites\/moyen-chari-autonomisation-des-femmes-a-sarh\" \/>\n<meta property=\"og:site_name\" content=\"tchad\" \/>\n<meta property=\"article:published_time\" content=\"2026-04-26T15:47:57+00:00\" \/>\n<meta property=\"article:modified_time\" content=\"2026-04-26T15:52:17+00:00\" \/>\n<meta property=\"og:image\" content=\"https:\/\/static.africa-press.net\/tchad\/sites\/41\/2026\/04\/sm_1777206116.933539.jpg\" \/>\n\t<meta property=\"og:image:width\" content=\"1280\" \/>\n\t<meta property=\"og:image:height\" content=\"720\" \/>\n\t<meta property=\"og:image:type\" content=\"image\/jpeg\" \/>\n<meta name=\"author\" content=\"cfeditorfr\" \/>\n<meta name=\"twitter:card\" content=\"summary_large_image\" \/>\n<meta name=\"twitter:label1\" content=\"\u00c9crit par\" \/>\n\t<meta name=\"twitter:data1\" content=\"cfeditorfr\" \/>\n\t<meta name=\"twitter:label2\" content=\"Dur\u00e9e de lecture estim\u00e9e\" \/>\n\t<meta name=\"twitter:data2\" content=\"2 minutes\" \/>\n<script type=\"application\/ld+json\" class=\"yoast-schema-graph\">{\"@context\":\"https:\/\/schema.org\",\"@graph\":[{\"@type\":\"Article\",\"@id\":\"https:\/\/www.africa-press.net\/tchad\/toutes-les-actualites\/moyen-chari-autonomisation-des-femmes-a-sarh#article\",\"isPartOf\":{\"@id\":\"https:\/\/www.africa-press.net\/tchad\/toutes-les-actualites\/moyen-chari-autonomisation-des-femmes-a-sarh\"},\"author\":{\"name\":\"cfeditorfr\",\"@id\":\"https:\/\/www.africa-press.net\/tchad\/#\/schema\/person\/2b1cf3cd81a31e3cd26889ca66d677f1\"},\"headline\":\"Moyen-Chari: Autonomisation des Femmes a\u0300 Sarh\",\"datePublished\":\"2026-04-26T15:47:57+00:00\",\"dateModified\":\"2026-04-26T15:52:17+00:00\",\"mainEntityOfPage\":{\"@id\":\"https:\/\/www.africa-press.net\/tchad\/toutes-les-actualites\/moyen-chari-autonomisation-des-femmes-a-sarh\"},\"wordCount\":311,\"commentCount\":0,\"image\":{\"@id\":\"https:\/\/www.africa-press.net\/tchad\/toutes-les-actualites\/moyen-chari-autonomisation-des-femmes-a-sarh#primaryimage\"},\"thumbnailUrl\":\"https:\/\/static.africa-press.net\/tchad\/sites\/41\/2026\/04\/sm_1777206116.933539.jpg\",\"keywords\":[\"Tchad\"],\"articleSection\":[\"Communaut\u00e9\",\"Toutes les actualit\u00e9s\"],\"inLanguage\":\"fr-FR\",\"potentialAction\":[{\"@type\":\"CommentAction\",\"name\":\"Comment\",\"target\":[\"https:\/\/www.africa-press.net\/tchad\/toutes-les-actualites\/moyen-chari-autonomisation-des-femmes-a-sarh#respond\"]}]},{\"@type\":\"WebPage\",\"@id\":\"https:\/\/www.africa-press.net\/tchad\/toutes-les-actualites\/moyen-chari-autonomisation-des-femmes-a-sarh\",\"url\":\"https:\/\/www.africa-press.net\/tchad\/toutes-les-actualites\/moyen-chari-autonomisation-des-femmes-a-sarh\",\"name\":\"Moyen-Chari: Autonomisation des Femmes a\u0300 Sarh - tchad\",\"isPartOf\":{\"@id\":\"https:\/\/www.africa-press.net\/tchad\/#website\"},\"primaryImageOfPage\":{\"@id\":\"https:\/\/www.africa-press.net\/tchad\/toutes-les-actualites\/moyen-chari-autonomisation-des-femmes-a-sarh#primaryimage\"},\"image\":{\"@id\":\"https:\/\/www.africa-press.net\/tchad\/toutes-les-actualites\/moyen-chari-autonomisation-des-femmes-a-sarh#primaryimage\"},\"thumbnailUrl\":\"https:\/\/static.africa-press.net\/tchad\/sites\/41\/2026\/04\/sm_1777206116.933539.jpg\",\"datePublished\":\"2026-04-26T15:47:57+00:00\",\"dateModified\":\"2026-04-26T15:52:17+00:00\",\"author\":{\"@id\":\"https:\/\/www.africa-press.net\/tchad\/#\/schema\/person\/2b1cf3cd81a31e3cd26889ca66d677f1\"},\"description\":\"Ce samedi 25 avril 2026, la ville de Sarh a accueilli un atelier de disse\u0301mination de\u0301die\u0301 aux supports de communicat ...\",\"breadcrumb\":{\"@id\":\"https:\/\/www.africa-press.net\/tchad\/toutes-les-actualites\/moyen-chari-autonomisation-des-femmes-a-sarh#breadcrumb\"},\"inLanguage\":\"fr-FR\",\"potentialAction\":[{\"@type\":\"ReadAction\",\"target\":[\"https:\/\/www.africa-press.net\/tchad\/toutes-les-actualites\/moyen-chari-autonomisation-des-femmes-a-sarh\"]}]},{\"@type\":\"ImageObject\",\"inLanguage\":\"fr-FR\",\"@id\":\"https:\/\/www.africa-press.net\/tchad\/toutes-les-actualites\/moyen-chari-autonomisation-des-femmes-a-sarh#primaryimage\",\"url\":\"https:\/\/static.africa-press.net\/tchad\/sites\/41\/2026\/04\/sm_1777206116.933539.jpg\",\"contentUrl\":\"https:\/\/static.africa-press.net\/tchad\/sites\/41\/2026\/04\/sm_1777206116.933539.jpg\",\"width\":1280,\"height\":720,\"caption\":\"Moyen-Chari: Autonomisation des Femmes a\u0300 Sarh\"},{\"@type\":\"BreadcrumbList\",\"@id\":\"https:\/\/www.africa-press.net\/tchad\/toutes-les-actualites\/moyen-chari-autonomisation-des-femmes-a-sarh#breadcrumb\",\"itemListElement\":[{\"@type\":\"ListItem\",\"position\":1,\"name\":\"Accueil\",\"item\":\"https:\/\/www.africa-press.net\/tchad\/\"},{\"@type\":\"ListItem\",\"position\":2,\"name\":\"Moyen-Chari: Autonomisation des Femmes a\u0300 Sarh\"}]},{\"@type\":\"WebSite\",\"@id\":\"https:\/\/www.africa-press.net\/tchad\/#website\",\"url\":\"https:\/\/www.africa-press.net\/tchad\/\",\"name\":\"tchad\",\"description\":\"Just another Africa News Agency Sites site\",\"potentialAction\":[{\"@type\":\"SearchAction\",\"target\":{\"@type\":\"EntryPoint\",\"urlTemplate\":\"https:\/\/www.africa-press.net\/tchad\/?s={search_term_string}\"},\"query-input\":{\"@type\":\"PropertyValueSpecification\",\"valueRequired\":true,\"valueName\":\"search_term_string\"}}],\"inLanguage\":\"fr-FR\"},{\"@type\":\"Person\",\"@id\":\"https:\/\/www.africa-press.net\/tchad\/#\/schema\/person\/2b1cf3cd81a31e3cd26889ca66d677f1\",\"name\":\"cfeditorfr\"}]}<\/script>\n<!-- \/ Yoast SEO Premium plugin. -->","yoast_head_json":{"title":"Moyen-Chari: Autonomisation des Femmes a\u0300 Sarh - tchad","description":"Ce samedi 25 avril 2026, la ville de Sarh a accueilli un atelier de disse\u0301mination de\u0301die\u0301 aux supports de communicat ...","robots":{"index":"index","follow":"follow","max-snippet":"max-snippet:-1","max-image-preview":"max-image-preview:large","max-video-preview":"max-video-preview:-1"},"canonical":"https:\/\/www.africa-press.net\/tchad\/toutes-les-actualites\/moyen-chari-autonomisation-des-femmes-a-sarh","og_locale":"fr_FR","og_type":"article","og_title":"Moyen-Chari: Autonomisation des Femmes a\u0300 Sarh","og_description":"Ce samedi 25 avril 2026, la ville de Sarh a accueilli un atelier de disse\u0301mination de\u0301die\u0301 aux supports de communicat ...","og_url":"https:\/\/www.africa-press.net\/tchad\/toutes-les-actualites\/moyen-chari-autonomisation-des-femmes-a-sarh","og_site_name":"tchad","article_published_time":"2026-04-26T15:47:57+00:00","article_modified_time":"2026-04-26T15:52:17+00:00","og_image":[{"width":1280,"height":720,"url":"https:\/\/static.africa-press.net\/tchad\/sites\/41\/2026\/04\/sm_1777206116.933539.jpg","type":"image\/jpeg"}],"author":"cfeditorfr","twitter_card":"summary_large_image","twitter_misc":{"\u00c9crit par":"cfeditorfr","Dur\u00e9e de lecture estim\u00e9e":"2 minutes"},"schema":{"@context":"https:\/\/schema.org","@graph":[{"@type":"Article","@id":"https:\/\/www.africa-press.net\/tchad\/toutes-les-actualites\/moyen-chari-autonomisation-des-femmes-a-sarh#article","isPartOf":{"@id":"https:\/\/www.africa-press.net\/tchad\/toutes-les-actualites\/moyen-chari-autonomisation-des-femmes-a-sarh"},"author":{"name":"cfeditorfr","@id":"https:\/\/www.africa-press.net\/tchad\/#\/schema\/person\/2b1cf3cd81a31e3cd26889ca66d677f1"},"headline":"Moyen-Chari: Autonomisation des Femmes a\u0300 Sarh","datePublished":"2026-04-26T15:47:57+00:00","dateModified":"2026-04-26T15:52:17+00:00","mainEntityOfPage":{"@id":"https:\/\/www.africa-press.net\/tchad\/toutes-les-actualites\/moyen-chari-autonomisation-des-femmes-a-sarh"},"wordCount":311,"commentCount":0,"image":{"@id":"https:\/\/www.africa-press.net\/tchad\/toutes-les-actualites\/moyen-chari-autonomisation-des-femmes-a-sarh#primaryimage"},"thumbnailUrl":"https:\/\/static.africa-press.net\/tchad\/sites\/41\/2026\/04\/sm_1777206116.933539.jpg","keywords":["Tchad"],"articleSection":["Communaut\u00e9","Toutes les actualit\u00e9s"],"inLanguage":"fr-FR","potentialAction":[{"@type":"CommentAction","name":"Comment","target":["https:\/\/www.africa-press.net\/tchad\/toutes-les-actualites\/moyen-chari-autonomisation-des-femmes-a-sarh#respond"]}]},{"@type":"WebPage","@id":"https:\/\/www.africa-press.net\/tchad\/toutes-les-actualites\/moyen-chari-autonomisation-des-femmes-a-sarh","url":"https:\/\/www.africa-press.net\/tchad\/toutes-les-actualites\/moyen-chari-autonomisation-des-femmes-a-sarh","name":"Moyen-Chari: Autonomisation des Femmes a\u0300 Sarh - tchad","isPartOf":{"@id":"https:\/\/www.africa-press.net\/tchad\/#website"},"primaryImageOfPage":{"@id":"https:\/\/www.africa-press.net\/tchad\/toutes-les-actualites\/moyen-chari-autonomisation-des-femmes-a-sarh#primaryimage"},"image":{"@id":"https:\/\/www.africa-press.net\/tchad\/toutes-les-actualites\/moyen-chari-autonomisation-des-femmes-a-sarh#primaryimage"},"thumbnailUrl":"https:\/\/static.africa-press.net\/tchad\/sites\/41\/2026\/04\/sm_1777206116.933539.jpg","datePublished":"2026-04-26T15:47:57+00:00","dateModified":"2026-04-26T15:52:17+00:00","author":{"@id":"https:\/\/www.africa-press.net\/tchad\/#\/schema\/person\/2b1cf3cd81a31e3cd26889ca66d677f1"},"description":"Ce samedi 25 avril 2026, la ville de Sarh a accueilli un atelier de disse\u0301mination de\u0301die\u0301 aux supports de communicat ...","breadcrumb":{"@id":"https:\/\/www.africa-press.net\/tchad\/toutes-les-actualites\/moyen-chari-autonomisation-des-femmes-a-sarh#breadcrumb"},"inLanguage":"fr-FR","potentialAction":[{"@type":"ReadAction","target":["https:\/\/www.africa-press.net\/tchad\/toutes-les-actualites\/moyen-chari-autonomisation-des-femmes-a-sarh"]}]},{"@type":"ImageObject","inLanguage":"fr-FR","@id":"https:\/\/www.africa-press.net\/tchad\/toutes-les-actualites\/moyen-chari-autonomisation-des-femmes-a-sarh#primaryimage","url":"https:\/\/static.africa-press.net\/tchad\/sites\/41\/2026\/04\/sm_1777206116.933539.jpg","contentUrl":"https:\/\/static.africa-press.net\/tchad\/sites\/41\/2026\/04\/sm_1777206116.933539.jpg","width":1280,"height":720,"caption":"Moyen-Chari: Autonomisation des Femmes a\u0300 Sarh"},{"@type":"BreadcrumbList","@id":"https:\/\/www.africa-press.net\/tchad\/toutes-les-actualites\/moyen-chari-autonomisation-des-femmes-a-sarh#breadcrumb","itemListElement":[{"@type":"ListItem","position":1,"name":"Accueil","item":"https:\/\/www.africa-press.net\/tchad\/"},{"@type":"ListItem","position":2,"name":"Moyen-Chari: Autonomisation des Femmes a\u0300 Sarh"}]},{"@type":"WebSite","@id":"https:\/\/www.africa-press.net\/tchad\/#website","url":"https:\/\/www.africa-press.net\/tchad\/","name":"tchad","description":"Just another Africa News Agency Sites site","potentialAction":[{"@type":"SearchAction","target":{"@type":"EntryPoint","urlTemplate":"https:\/\/www.africa-press.net\/tchad\/?s={search_term_string}"},"query-input":{"@type":"PropertyValueSpecification","valueRequired":true,"valueName":"search_term_string"}}],"inLanguage":"fr-FR"},{"@type":"Person","@id":"https:\/\/www.africa-press.net\/tchad\/#\/schema\/person\/2b1cf3cd81a31e3cd26889ca66d677f1","name":"cfeditorfr"}]}},"_links":{"self":[{"href":"https:\/\/www.africa-press.net\/tchad\/wp-json\/wp\/v2\/posts\/101445","targetHints":{"allow":["GET"]}}],"collection":[{"href":"https:\/\/www.africa-press.net\/tchad\/wp-json\/wp\/v2\/posts"}],"about":[{"href":"https:\/\/www.africa-press.net\/tchad\/wp-json\/wp\/v2\/types\/post"}],"author":[{"embeddable":true,"href":"https:\/\/www.africa-press.net\/tchad\/wp-json\/wp\/v2\/users\/82"}],"replies":[{"embeddable":true,"href":"https:\/\/www.africa-press.net\/tchad\/wp-json\/wp\/v2\/comments?post=101445"}],"version-history":[{"count":1,"href":"https:\/\/www.africa-press.net\/tchad\/wp-json\/wp\/v2\/posts\/101445\/revisions"}],"predecessor-version":[{"id":101447,"href":"https:\/\/www.africa-press.net\/tchad\/wp-json\/wp\/v2\/posts\/101445\/revisions\/101447"}],"wp:featuredmedia":[{"embeddable":true,"href":"https:\/\/www.africa-press.net\/tchad\/wp-json\/wp\/v2\/media\/101443"}],"wp:attachment":[{"href":"https:\/\/www.africa-press.net\/tchad\/wp-json\/wp\/v2\/media?parent=101445"}],"wp:term":[{"taxonomy":"category","embeddable":true,"href":"https:\/\/www.africa-press.net\/tchad\/wp-json\/wp\/v2\/categories?post=101445"},{"taxonomy":"post_tag","embeddable":true,"href":"https:\/\/www.africa-press.net\/tchad\/wp-json\/wp\/v2\/tags?post=101445"}],"curies":[{"name":"wp","href":"https:\/\/api.w.org\/{rel}","templated":true}]}}