{"id":101448,"date":"2026-04-26T15:48:16","date_gmt":"2026-04-26T15:48:16","guid":{"rendered":"https:\/\/www.africa-press.net\/tchad\/politique\/installation-du-comite-de-quartier-de-zaraf-a-ndjamena"},"modified":"2026-04-26T15:52:36","modified_gmt":"2026-04-26T15:52:36","slug":"installation-du-comite-de-quartier-de-zaraf-a-ndjamena","status":"publish","type":"post","link":"https:\/\/www.africa-press.net\/tchad\/toutes-les-actualites\/installation-du-comite-de-quartier-de-zaraf-a-ndjamena","title":{"rendered":"Installation Du Comit\u00e9 De Quartier De Zaraf \u00c0 N&rsquo;Djamena"},"content":{"rendered":"<p><span style=\"color: #ff6600\"><strong>Africa-Press &#8211; Tchad. <\/strong><\/span>Le 1er adjoint au maire du 1er arrondissement de N\u2019Djamena, Mahamat Hassan Mahamat, a officiellement lance\u0301, ce 24 avril 2026, les activite\u0301s du comite\u0301 de quartier de Zaraf, a\u0300 l\u2019e\u0301cole publique de la localite\u0301.<\/p>\n<p>Mis en place a\u0300 l\u2019issue des forums de quartiers initie\u0301s par la commune, ce comite\u0301 a pour mission de rapprocher l\u2019administration des habitants et de servir de relais pour les pre\u0301occupations quotidiennes des populations.<\/p>\n<p>La ce\u0301re\u0301monie s\u2019est de\u0301roule\u0301e en pre\u0301sence du de\u0301le\u0301gue\u0301 de quartier ainsi que des membres du comite\u0301, en marge d\u2019une ope\u0301ration de salubrite\u0301 organise\u0301e au sein de l\u2019e\u0301tablissement.<\/p>\n<p><strong>Pour plus d&rsquo;informations et d&rsquo;analyses sur la <span style=\"color: #ff6600\">Tchad<\/span>, suivez <span style=\"color: #ff6600\">Africa-Press<\/span><\/strong><\/p>\n","protected":false},"excerpt":{"rendered":"<p>Africa-Press &#8211; Tchad. Le 1er adjoint au maire du 1er arrondissement de N\u2019Djamena, Mahamat Hassan Mahamat, a officiellement lance\u0301, ce 24 avril 2026, les activite\u0301s du comite\u0301 de quartier de Zaraf, a\u0300 l\u2019e\u0301cole publique de la localite\u0301. Mis en place a\u0300 l\u2019issue des forums de quartiers initie\u0301s par la commune, ce comite\u0301 a pour mission [&hellip;]<\/p>\n","protected":false},"author":82,"featured_media":101446,"comment_status":"open","ping_status":"closed","sticky":false,"template":"","format":"standard","meta":{"footnotes":""},"categories":[21,10],"tags":[29],"class_list":["post-101448","post","type-post","status-publish","format-standard","has-post-thumbnail","hentry","category-communaute","category-toutes-les-actualites","tag-tchad"],"yoast_head":"<!-- This site is optimized with the Yoast SEO Premium plugin v26.1 (Yoast SEO v27.0) - https:\/\/yoast.com\/product\/yoast-seo-premium-wordpress\/ -->\n<title>Installation Du Comit\u00e9 De Quartier De Zaraf \u00c0 N&#039;Djamena - tchad<\/title>\n<meta name=\"description\" content=\"Le 1er adjoint au maire du 1er arrondissement de N\u2019Djamena, Mahamat Hassan Mahamat, a officiellement lance\u0301, ce 24 avril ...\" \/>\n<meta name=\"robots\" content=\"index, follow, max-snippet:-1, max-image-preview:large, max-video-preview:-1\" \/>\n<link rel=\"canonical\" href=\"https:\/\/www.africa-press.net\/tchad\/toutes-les-actualites\/installation-du-comite-de-quartier-de-zaraf-a-ndjamena\" \/>\n<meta property=\"og:locale\" content=\"fr_FR\" \/>\n<meta property=\"og:type\" content=\"article\" \/>\n<meta property=\"og:title\" content=\"Installation Du Comit\u00e9 De Quartier De Zaraf \u00c0 N&#039;Djamena\" \/>\n<meta property=\"og:description\" content=\"Le 1er adjoint au maire du 1er arrondissement de N\u2019Djamena, Mahamat Hassan Mahamat, a officiellement lance\u0301, ce 24 avril ...\" \/>\n<meta property=\"og:url\" content=\"https:\/\/www.africa-press.net\/tchad\/toutes-les-actualites\/installation-du-comite-de-quartier-de-zaraf-a-ndjamena\" \/>\n<meta property=\"og:site_name\" content=\"tchad\" \/>\n<meta property=\"article:published_time\" content=\"2026-04-26T15:48:16+00:00\" \/>\n<meta property=\"article:modified_time\" content=\"2026-04-26T15:52:36+00:00\" \/>\n<meta property=\"og:image\" content=\"https:\/\/static.africa-press.net\/tchad\/sites\/41\/2026\/04\/sm_1777206130.493885.jpg\" \/>\n\t<meta property=\"og:image:width\" content=\"1280\" \/>\n\t<meta property=\"og:image:height\" content=\"720\" \/>\n\t<meta property=\"og:image:type\" content=\"image\/jpeg\" \/>\n<meta name=\"author\" content=\"cfeditorfr\" \/>\n<meta name=\"twitter:card\" content=\"summary_large_image\" \/>\n<meta name=\"twitter:label1\" content=\"\u00c9crit par\" \/>\n\t<meta name=\"twitter:data1\" content=\"cfeditorfr\" \/>\n\t<meta name=\"twitter:label2\" content=\"Dur\u00e9e de lecture estim\u00e9e\" \/>\n\t<meta name=\"twitter:data2\" content=\"1 minute\" \/>\n<script type=\"application\/ld+json\" class=\"yoast-schema-graph\">{\"@context\":\"https:\/\/schema.org\",\"@graph\":[{\"@type\":\"Article\",\"@id\":\"https:\/\/www.africa-press.net\/tchad\/toutes-les-actualites\/installation-du-comite-de-quartier-de-zaraf-a-ndjamena#article\",\"isPartOf\":{\"@id\":\"https:\/\/www.africa-press.net\/tchad\/toutes-les-actualites\/installation-du-comite-de-quartier-de-zaraf-a-ndjamena\"},\"author\":{\"name\":\"cfeditorfr\",\"@id\":\"https:\/\/www.africa-press.net\/tchad\/#\/schema\/person\/2b1cf3cd81a31e3cd26889ca66d677f1\"},\"headline\":\"Installation Du Comit\u00e9 De Quartier De Zaraf \u00c0 N&rsquo;Djamena\",\"datePublished\":\"2026-04-26T15:48:16+00:00\",\"dateModified\":\"2026-04-26T15:52:36+00:00\",\"mainEntityOfPage\":{\"@id\":\"https:\/\/www.africa-press.net\/tchad\/toutes-les-actualites\/installation-du-comite-de-quartier-de-zaraf-a-ndjamena\"},\"wordCount\":138,\"commentCount\":0,\"image\":{\"@id\":\"https:\/\/www.africa-press.net\/tchad\/toutes-les-actualites\/installation-du-comite-de-quartier-de-zaraf-a-ndjamena#primaryimage\"},\"thumbnailUrl\":\"https:\/\/static.africa-press.net\/tchad\/sites\/41\/2026\/04\/sm_1777206130.493885.jpg\",\"keywords\":[\"Tchad\"],\"articleSection\":[\"Communaut\u00e9\",\"Toutes les actualit\u00e9s\"],\"inLanguage\":\"fr-FR\",\"potentialAction\":[{\"@type\":\"CommentAction\",\"name\":\"Comment\",\"target\":[\"https:\/\/www.africa-press.net\/tchad\/toutes-les-actualites\/installation-du-comite-de-quartier-de-zaraf-a-ndjamena#respond\"]}]},{\"@type\":\"WebPage\",\"@id\":\"https:\/\/www.africa-press.net\/tchad\/toutes-les-actualites\/installation-du-comite-de-quartier-de-zaraf-a-ndjamena\",\"url\":\"https:\/\/www.africa-press.net\/tchad\/toutes-les-actualites\/installation-du-comite-de-quartier-de-zaraf-a-ndjamena\",\"name\":\"Installation Du Comit\u00e9 De Quartier De Zaraf \u00c0 N'Djamena - tchad\",\"isPartOf\":{\"@id\":\"https:\/\/www.africa-press.net\/tchad\/#website\"},\"primaryImageOfPage\":{\"@id\":\"https:\/\/www.africa-press.net\/tchad\/toutes-les-actualites\/installation-du-comite-de-quartier-de-zaraf-a-ndjamena#primaryimage\"},\"image\":{\"@id\":\"https:\/\/www.africa-press.net\/tchad\/toutes-les-actualites\/installation-du-comite-de-quartier-de-zaraf-a-ndjamena#primaryimage\"},\"thumbnailUrl\":\"https:\/\/static.africa-press.net\/tchad\/sites\/41\/2026\/04\/sm_1777206130.493885.jpg\",\"datePublished\":\"2026-04-26T15:48:16+00:00\",\"dateModified\":\"2026-04-26T15:52:36+00:00\",\"author\":{\"@id\":\"https:\/\/www.africa-press.net\/tchad\/#\/schema\/person\/2b1cf3cd81a31e3cd26889ca66d677f1\"},\"description\":\"Le 1er adjoint au maire du 1er arrondissement de N\u2019Djamena, Mahamat Hassan Mahamat, a officiellement lance\u0301, ce 24 avril ...\",\"breadcrumb\":{\"@id\":\"https:\/\/www.africa-press.net\/tchad\/toutes-les-actualites\/installation-du-comite-de-quartier-de-zaraf-a-ndjamena#breadcrumb\"},\"inLanguage\":\"fr-FR\",\"potentialAction\":[{\"@type\":\"ReadAction\",\"target\":[\"https:\/\/www.africa-press.net\/tchad\/toutes-les-actualites\/installation-du-comite-de-quartier-de-zaraf-a-ndjamena\"]}]},{\"@type\":\"ImageObject\",\"inLanguage\":\"fr-FR\",\"@id\":\"https:\/\/www.africa-press.net\/tchad\/toutes-les-actualites\/installation-du-comite-de-quartier-de-zaraf-a-ndjamena#primaryimage\",\"url\":\"https:\/\/static.africa-press.net\/tchad\/sites\/41\/2026\/04\/sm_1777206130.493885.jpg\",\"contentUrl\":\"https:\/\/static.africa-press.net\/tchad\/sites\/41\/2026\/04\/sm_1777206130.493885.jpg\",\"width\":1280,\"height\":720,\"caption\":\"Installation Du Comit\u00e9 De Quartier De Zaraf \u00c0 N'Djamena\"},{\"@type\":\"BreadcrumbList\",\"@id\":\"https:\/\/www.africa-press.net\/tchad\/toutes-les-actualites\/installation-du-comite-de-quartier-de-zaraf-a-ndjamena#breadcrumb\",\"itemListElement\":[{\"@type\":\"ListItem\",\"position\":1,\"name\":\"Accueil\",\"item\":\"https:\/\/www.africa-press.net\/tchad\/\"},{\"@type\":\"ListItem\",\"position\":2,\"name\":\"Installation Du Comit\u00e9 De Quartier De Zaraf \u00c0 N&#8217;Djamena\"}]},{\"@type\":\"WebSite\",\"@id\":\"https:\/\/www.africa-press.net\/tchad\/#website\",\"url\":\"https:\/\/www.africa-press.net\/tchad\/\",\"name\":\"tchad\",\"description\":\"Just another Africa News Agency Sites site\",\"potentialAction\":[{\"@type\":\"SearchAction\",\"target\":{\"@type\":\"EntryPoint\",\"urlTemplate\":\"https:\/\/www.africa-press.net\/tchad\/?s={search_term_string}\"},\"query-input\":{\"@type\":\"PropertyValueSpecification\",\"valueRequired\":true,\"valueName\":\"search_term_string\"}}],\"inLanguage\":\"fr-FR\"},{\"@type\":\"Person\",\"@id\":\"https:\/\/www.africa-press.net\/tchad\/#\/schema\/person\/2b1cf3cd81a31e3cd26889ca66d677f1\",\"name\":\"cfeditorfr\"}]}<\/script>\n<!-- \/ Yoast SEO Premium plugin. -->","yoast_head_json":{"title":"Installation Du Comit\u00e9 De Quartier De Zaraf \u00c0 N'Djamena - tchad","description":"Le 1er adjoint au maire du 1er arrondissement de N\u2019Djamena, Mahamat Hassan Mahamat, a officiellement lance\u0301, ce 24 avril ...","robots":{"index":"index","follow":"follow","max-snippet":"max-snippet:-1","max-image-preview":"max-image-preview:large","max-video-preview":"max-video-preview:-1"},"canonical":"https:\/\/www.africa-press.net\/tchad\/toutes-les-actualites\/installation-du-comite-de-quartier-de-zaraf-a-ndjamena","og_locale":"fr_FR","og_type":"article","og_title":"Installation Du Comit\u00e9 De Quartier De Zaraf \u00c0 N'Djamena","og_description":"Le 1er adjoint au maire du 1er arrondissement de N\u2019Djamena, Mahamat Hassan Mahamat, a officiellement lance\u0301, ce 24 avril ...","og_url":"https:\/\/www.africa-press.net\/tchad\/toutes-les-actualites\/installation-du-comite-de-quartier-de-zaraf-a-ndjamena","og_site_name":"tchad","article_published_time":"2026-04-26T15:48:16+00:00","article_modified_time":"2026-04-26T15:52:36+00:00","og_image":[{"width":1280,"height":720,"url":"https:\/\/static.africa-press.net\/tchad\/sites\/41\/2026\/04\/sm_1777206130.493885.jpg","type":"image\/jpeg"}],"author":"cfeditorfr","twitter_card":"summary_large_image","twitter_misc":{"\u00c9crit par":"cfeditorfr","Dur\u00e9e de lecture estim\u00e9e":"1 minute"},"schema":{"@context":"https:\/\/schema.org","@graph":[{"@type":"Article","@id":"https:\/\/www.africa-press.net\/tchad\/toutes-les-actualites\/installation-du-comite-de-quartier-de-zaraf-a-ndjamena#article","isPartOf":{"@id":"https:\/\/www.africa-press.net\/tchad\/toutes-les-actualites\/installation-du-comite-de-quartier-de-zaraf-a-ndjamena"},"author":{"name":"cfeditorfr","@id":"https:\/\/www.africa-press.net\/tchad\/#\/schema\/person\/2b1cf3cd81a31e3cd26889ca66d677f1"},"headline":"Installation Du Comit\u00e9 De Quartier De Zaraf \u00c0 N&rsquo;Djamena","datePublished":"2026-04-26T15:48:16+00:00","dateModified":"2026-04-26T15:52:36+00:00","mainEntityOfPage":{"@id":"https:\/\/www.africa-press.net\/tchad\/toutes-les-actualites\/installation-du-comite-de-quartier-de-zaraf-a-ndjamena"},"wordCount":138,"commentCount":0,"image":{"@id":"https:\/\/www.africa-press.net\/tchad\/toutes-les-actualites\/installation-du-comite-de-quartier-de-zaraf-a-ndjamena#primaryimage"},"thumbnailUrl":"https:\/\/static.africa-press.net\/tchad\/sites\/41\/2026\/04\/sm_1777206130.493885.jpg","keywords":["Tchad"],"articleSection":["Communaut\u00e9","Toutes les actualit\u00e9s"],"inLanguage":"fr-FR","potentialAction":[{"@type":"CommentAction","name":"Comment","target":["https:\/\/www.africa-press.net\/tchad\/toutes-les-actualites\/installation-du-comite-de-quartier-de-zaraf-a-ndjamena#respond"]}]},{"@type":"WebPage","@id":"https:\/\/www.africa-press.net\/tchad\/toutes-les-actualites\/installation-du-comite-de-quartier-de-zaraf-a-ndjamena","url":"https:\/\/www.africa-press.net\/tchad\/toutes-les-actualites\/installation-du-comite-de-quartier-de-zaraf-a-ndjamena","name":"Installation Du Comit\u00e9 De Quartier De Zaraf \u00c0 N'Djamena - tchad","isPartOf":{"@id":"https:\/\/www.africa-press.net\/tchad\/#website"},"primaryImageOfPage":{"@id":"https:\/\/www.africa-press.net\/tchad\/toutes-les-actualites\/installation-du-comite-de-quartier-de-zaraf-a-ndjamena#primaryimage"},"image":{"@id":"https:\/\/www.africa-press.net\/tchad\/toutes-les-actualites\/installation-du-comite-de-quartier-de-zaraf-a-ndjamena#primaryimage"},"thumbnailUrl":"https:\/\/static.africa-press.net\/tchad\/sites\/41\/2026\/04\/sm_1777206130.493885.jpg","datePublished":"2026-04-26T15:48:16+00:00","dateModified":"2026-04-26T15:52:36+00:00","author":{"@id":"https:\/\/www.africa-press.net\/tchad\/#\/schema\/person\/2b1cf3cd81a31e3cd26889ca66d677f1"},"description":"Le 1er adjoint au maire du 1er arrondissement de N\u2019Djamena, Mahamat Hassan Mahamat, a officiellement lance\u0301, ce 24 avril ...","breadcrumb":{"@id":"https:\/\/www.africa-press.net\/tchad\/toutes-les-actualites\/installation-du-comite-de-quartier-de-zaraf-a-ndjamena#breadcrumb"},"inLanguage":"fr-FR","potentialAction":[{"@type":"ReadAction","target":["https:\/\/www.africa-press.net\/tchad\/toutes-les-actualites\/installation-du-comite-de-quartier-de-zaraf-a-ndjamena"]}]},{"@type":"ImageObject","inLanguage":"fr-FR","@id":"https:\/\/www.africa-press.net\/tchad\/toutes-les-actualites\/installation-du-comite-de-quartier-de-zaraf-a-ndjamena#primaryimage","url":"https:\/\/static.africa-press.net\/tchad\/sites\/41\/2026\/04\/sm_1777206130.493885.jpg","contentUrl":"https:\/\/static.africa-press.net\/tchad\/sites\/41\/2026\/04\/sm_1777206130.493885.jpg","width":1280,"height":720,"caption":"Installation Du Comit\u00e9 De Quartier De Zaraf \u00c0 N'Djamena"},{"@type":"BreadcrumbList","@id":"https:\/\/www.africa-press.net\/tchad\/toutes-les-actualites\/installation-du-comite-de-quartier-de-zaraf-a-ndjamena#breadcrumb","itemListElement":[{"@type":"ListItem","position":1,"name":"Accueil","item":"https:\/\/www.africa-press.net\/tchad\/"},{"@type":"ListItem","position":2,"name":"Installation Du Comit\u00e9 De Quartier De Zaraf \u00c0 N&#8217;Djamena"}]},{"@type":"WebSite","@id":"https:\/\/www.africa-press.net\/tchad\/#website","url":"https:\/\/www.africa-press.net\/tchad\/","name":"tchad","description":"Just another Africa News Agency Sites site","potentialAction":[{"@type":"SearchAction","target":{"@type":"EntryPoint","urlTemplate":"https:\/\/www.africa-press.net\/tchad\/?s={search_term_string}"},"query-input":{"@type":"PropertyValueSpecification","valueRequired":true,"valueName":"search_term_string"}}],"inLanguage":"fr-FR"},{"@type":"Person","@id":"https:\/\/www.africa-press.net\/tchad\/#\/schema\/person\/2b1cf3cd81a31e3cd26889ca66d677f1","name":"cfeditorfr"}]}},"_links":{"self":[{"href":"https:\/\/www.africa-press.net\/tchad\/wp-json\/wp\/v2\/posts\/101448","targetHints":{"allow":["GET"]}}],"collection":[{"href":"https:\/\/www.africa-press.net\/tchad\/wp-json\/wp\/v2\/posts"}],"about":[{"href":"https:\/\/www.africa-press.net\/tchad\/wp-json\/wp\/v2\/types\/post"}],"author":[{"embeddable":true,"href":"https:\/\/www.africa-press.net\/tchad\/wp-json\/wp\/v2\/users\/82"}],"replies":[{"embeddable":true,"href":"https:\/\/www.africa-press.net\/tchad\/wp-json\/wp\/v2\/comments?post=101448"}],"version-history":[{"count":1,"href":"https:\/\/www.africa-press.net\/tchad\/wp-json\/wp\/v2\/posts\/101448\/revisions"}],"predecessor-version":[{"id":101451,"href":"https:\/\/www.africa-press.net\/tchad\/wp-json\/wp\/v2\/posts\/101448\/revisions\/101451"}],"wp:featuredmedia":[{"embeddable":true,"href":"https:\/\/www.africa-press.net\/tchad\/wp-json\/wp\/v2\/media\/101446"}],"wp:attachment":[{"href":"https:\/\/www.africa-press.net\/tchad\/wp-json\/wp\/v2\/media?parent=101448"}],"wp:term":[{"taxonomy":"category","embeddable":true,"href":"https:\/\/www.africa-press.net\/tchad\/wp-json\/wp\/v2\/categories?post=101448"},{"taxonomy":"post_tag","embeddable":true,"href":"https:\/\/www.africa-press.net\/tchad\/wp-json\/wp\/v2\/tags?post=101448"}],"curies":[{"name":"wp","href":"https:\/\/api.w.org\/{rel}","templated":true}]}}