{"id":101456,"date":"2026-04-27T12:54:18","date_gmt":"2026-04-27T12:54:18","guid":{"rendered":"https:\/\/www.africa-press.net\/tchad\/politique\/ministre-de-lelevage-invite-au-bresil-par-globoaves-agecoop"},"modified":"2026-04-27T13:25:35","modified_gmt":"2026-04-27T13:25:35","slug":"ministre-de-lelevage-invite-au-bresil-par-globoaves-agecoop","status":"publish","type":"post","link":"https:\/\/www.africa-press.net\/tchad\/economie\/ministre-de-lelevage-invite-au-bresil-par-globoaves-agecoop","title":{"rendered":"Ministre De L&rsquo;\u00c9levage Invit\u00e9 Au Br\u00e9sil Par Globoaves-Agecoop"},"content":{"rendered":"<p><span style=\"color: #ff6600\"><strong>Africa-Press &#8211; Tchad. <\/strong><\/span><b>Abderahim Awat Atteib, a quitte\u0301 N\u2019Djame\u0301na le 26 avril 2026 pour se rendre a\u0300 Cascavel, dans l\u2019Etat de Parana au Bresil, sur invitation du groupe Globoaves-Agecoop.<\/b><\/p>\n<p>Le de\u0301placement du ministre de l\u2019Elevage et de la Production animale, Abderahim Awat Atteib a pour objectif de renforcer la coope\u0301ration entre le Tchad et le Bre\u0301sil dans le domaine agro-industriel et a\u0300 la mobilisation des partenaires techniques et financiers dans un contexte de Partenariat \u00ab Public-Prive\u0301 \u00bb.<\/p>\n<p>Le de\u0301partement renseigne que ladite mission s\u2019inscrit dans la dynamique du Plan National de De\u0301veloppement \u00ab Tchad Connexion 2030 \u00bb, avec pour ambition d\u2019acce\u0301le\u0301rer l\u2019industrialisation du secteur de l\u2019e\u0301levage a\u0300 travers l\u2019implication du secteur prive\u0301.<\/p>\n<p><strong>Pour plus d&rsquo;informations et d&rsquo;analyses sur la <span style=\"color: #ff6600\">Tchad<\/span>, suivez <span style=\"color: #ff6600\">Africa-Press<\/span><\/strong><\/p>\n","protected":false},"excerpt":{"rendered":"<p>Africa-Press &#8211; Tchad. Abderahim Awat Atteib, a quitte\u0301 N\u2019Djame\u0301na le 26 avril 2026 pour se rendre a\u0300 Cascavel, dans l\u2019Etat de Parana au Bresil, sur invitation du groupe Globoaves-Agecoop. Le de\u0301placement du ministre de l\u2019Elevage et de la Production animale, Abderahim Awat Atteib a pour objectif de renforcer la coope\u0301ration entre le Tchad et le [&hellip;]<\/p>\n","protected":false},"author":82,"featured_media":101455,"comment_status":"open","ping_status":"closed","sticky":false,"template":"","format":"standard","meta":{"footnotes":""},"categories":[3,10],"tags":[29],"class_list":["post-101456","post","type-post","status-publish","format-standard","has-post-thumbnail","hentry","category-economie","category-toutes-les-actualites","tag-tchad"],"yoast_head":"<!-- This site is optimized with the Yoast SEO Premium plugin v26.1 (Yoast SEO v27.0) - https:\/\/yoast.com\/product\/yoast-seo-premium-wordpress\/ -->\n<title>Ministre De L&#039;\u00c9levage Invit\u00e9 Au Br\u00e9sil Par Globoaves-Agecoop - tchad<\/title>\n<meta name=\"description\" content=\"Abderahim Awat Atteib, a quitte\u0301 N\u2019Djame\u0301na le 26 avril 2026 pour se rendre a\u0300 Cascavel, dans l\u2019Etat de Parana au Bre ...\" \/>\n<meta name=\"robots\" content=\"index, follow, max-snippet:-1, max-image-preview:large, max-video-preview:-1\" \/>\n<link rel=\"canonical\" href=\"https:\/\/www.africa-press.net\/tchad\/economie\/ministre-de-lelevage-invite-au-bresil-par-globoaves-agecoop\" \/>\n<meta property=\"og:locale\" content=\"fr_FR\" \/>\n<meta property=\"og:type\" content=\"article\" \/>\n<meta property=\"og:title\" content=\"Ministre De L&#039;\u00c9levage Invit\u00e9 Au Br\u00e9sil Par Globoaves-Agecoop\" \/>\n<meta property=\"og:description\" content=\"Abderahim Awat Atteib, a quitte\u0301 N\u2019Djame\u0301na le 26 avril 2026 pour se rendre a\u0300 Cascavel, dans l\u2019Etat de Parana au Bre ...\" \/>\n<meta property=\"og:url\" content=\"https:\/\/www.africa-press.net\/tchad\/economie\/ministre-de-lelevage-invite-au-bresil-par-globoaves-agecoop\" \/>\n<meta property=\"og:site_name\" content=\"tchad\" \/>\n<meta property=\"article:published_time\" content=\"2026-04-27T12:54:18+00:00\" \/>\n<meta property=\"article:modified_time\" content=\"2026-04-27T13:25:35+00:00\" \/>\n<meta property=\"og:image\" content=\"https:\/\/static.africa-press.net\/tchad\/sites\/41\/2026\/04\/sm_1777283505.813797.jpg\" \/>\n\t<meta property=\"og:image:width\" content=\"780\" \/>\n\t<meta property=\"og:image:height\" content=\"440\" \/>\n\t<meta property=\"og:image:type\" content=\"image\/jpeg\" \/>\n<meta name=\"author\" content=\"cfeditorfr\" \/>\n<meta name=\"twitter:card\" content=\"summary_large_image\" \/>\n<meta name=\"twitter:label1\" content=\"\u00c9crit par\" \/>\n\t<meta name=\"twitter:data1\" content=\"cfeditorfr\" \/>\n\t<meta name=\"twitter:label2\" content=\"Dur\u00e9e de lecture estim\u00e9e\" \/>\n\t<meta name=\"twitter:data2\" content=\"1 minute\" \/>\n<script type=\"application\/ld+json\" class=\"yoast-schema-graph\">{\"@context\":\"https:\/\/schema.org\",\"@graph\":[{\"@type\":\"Article\",\"@id\":\"https:\/\/www.africa-press.net\/tchad\/economie\/ministre-de-lelevage-invite-au-bresil-par-globoaves-agecoop#article\",\"isPartOf\":{\"@id\":\"https:\/\/www.africa-press.net\/tchad\/economie\/ministre-de-lelevage-invite-au-bresil-par-globoaves-agecoop\"},\"author\":{\"name\":\"cfeditorfr\",\"@id\":\"https:\/\/www.africa-press.net\/tchad\/#\/schema\/person\/2b1cf3cd81a31e3cd26889ca66d677f1\"},\"headline\":\"Ministre De L&rsquo;\u00c9levage Invit\u00e9 Au Br\u00e9sil Par Globoaves-Agecoop\",\"datePublished\":\"2026-04-27T12:54:18+00:00\",\"dateModified\":\"2026-04-27T13:25:35+00:00\",\"mainEntityOfPage\":{\"@id\":\"https:\/\/www.africa-press.net\/tchad\/economie\/ministre-de-lelevage-invite-au-bresil-par-globoaves-agecoop\"},\"wordCount\":144,\"commentCount\":0,\"image\":{\"@id\":\"https:\/\/www.africa-press.net\/tchad\/economie\/ministre-de-lelevage-invite-au-bresil-par-globoaves-agecoop#primaryimage\"},\"thumbnailUrl\":\"https:\/\/static.africa-press.net\/tchad\/sites\/41\/2026\/04\/sm_1777283505.813797.jpg\",\"keywords\":[\"Tchad\"],\"articleSection\":[\"\u00c9conomie\",\"Toutes les actualit\u00e9s\"],\"inLanguage\":\"fr-FR\",\"potentialAction\":[{\"@type\":\"CommentAction\",\"name\":\"Comment\",\"target\":[\"https:\/\/www.africa-press.net\/tchad\/economie\/ministre-de-lelevage-invite-au-bresil-par-globoaves-agecoop#respond\"]}]},{\"@type\":\"WebPage\",\"@id\":\"https:\/\/www.africa-press.net\/tchad\/economie\/ministre-de-lelevage-invite-au-bresil-par-globoaves-agecoop\",\"url\":\"https:\/\/www.africa-press.net\/tchad\/economie\/ministre-de-lelevage-invite-au-bresil-par-globoaves-agecoop\",\"name\":\"Ministre De L'\u00c9levage Invit\u00e9 Au Br\u00e9sil Par Globoaves-Agecoop - tchad\",\"isPartOf\":{\"@id\":\"https:\/\/www.africa-press.net\/tchad\/#website\"},\"primaryImageOfPage\":{\"@id\":\"https:\/\/www.africa-press.net\/tchad\/economie\/ministre-de-lelevage-invite-au-bresil-par-globoaves-agecoop#primaryimage\"},\"image\":{\"@id\":\"https:\/\/www.africa-press.net\/tchad\/economie\/ministre-de-lelevage-invite-au-bresil-par-globoaves-agecoop#primaryimage\"},\"thumbnailUrl\":\"https:\/\/static.africa-press.net\/tchad\/sites\/41\/2026\/04\/sm_1777283505.813797.jpg\",\"datePublished\":\"2026-04-27T12:54:18+00:00\",\"dateModified\":\"2026-04-27T13:25:35+00:00\",\"author\":{\"@id\":\"https:\/\/www.africa-press.net\/tchad\/#\/schema\/person\/2b1cf3cd81a31e3cd26889ca66d677f1\"},\"description\":\"Abderahim Awat Atteib, a quitte\u0301 N\u2019Djame\u0301na le 26 avril 2026 pour se rendre a\u0300 Cascavel, dans l\u2019Etat de Parana au Bre ...\",\"breadcrumb\":{\"@id\":\"https:\/\/www.africa-press.net\/tchad\/economie\/ministre-de-lelevage-invite-au-bresil-par-globoaves-agecoop#breadcrumb\"},\"inLanguage\":\"fr-FR\",\"potentialAction\":[{\"@type\":\"ReadAction\",\"target\":[\"https:\/\/www.africa-press.net\/tchad\/economie\/ministre-de-lelevage-invite-au-bresil-par-globoaves-agecoop\"]}]},{\"@type\":\"ImageObject\",\"inLanguage\":\"fr-FR\",\"@id\":\"https:\/\/www.africa-press.net\/tchad\/economie\/ministre-de-lelevage-invite-au-bresil-par-globoaves-agecoop#primaryimage\",\"url\":\"https:\/\/static.africa-press.net\/tchad\/sites\/41\/2026\/04\/sm_1777283505.813797.jpg\",\"contentUrl\":\"https:\/\/static.africa-press.net\/tchad\/sites\/41\/2026\/04\/sm_1777283505.813797.jpg\",\"width\":780,\"height\":440,\"caption\":\"Ministre De L'\u00c9levage Invit\u00e9 Au Br\u00e9sil Par Globoaves-Agecoop\"},{\"@type\":\"BreadcrumbList\",\"@id\":\"https:\/\/www.africa-press.net\/tchad\/economie\/ministre-de-lelevage-invite-au-bresil-par-globoaves-agecoop#breadcrumb\",\"itemListElement\":[{\"@type\":\"ListItem\",\"position\":1,\"name\":\"Accueil\",\"item\":\"https:\/\/www.africa-press.net\/tchad\/\"},{\"@type\":\"ListItem\",\"position\":2,\"name\":\"Ministre De L&#8217;\u00c9levage Invit\u00e9 Au Br\u00e9sil Par Globoaves-Agecoop\"}]},{\"@type\":\"WebSite\",\"@id\":\"https:\/\/www.africa-press.net\/tchad\/#website\",\"url\":\"https:\/\/www.africa-press.net\/tchad\/\",\"name\":\"tchad\",\"description\":\"Just another Africa News Agency Sites site\",\"potentialAction\":[{\"@type\":\"SearchAction\",\"target\":{\"@type\":\"EntryPoint\",\"urlTemplate\":\"https:\/\/www.africa-press.net\/tchad\/?s={search_term_string}\"},\"query-input\":{\"@type\":\"PropertyValueSpecification\",\"valueRequired\":true,\"valueName\":\"search_term_string\"}}],\"inLanguage\":\"fr-FR\"},{\"@type\":\"Person\",\"@id\":\"https:\/\/www.africa-press.net\/tchad\/#\/schema\/person\/2b1cf3cd81a31e3cd26889ca66d677f1\",\"name\":\"cfeditorfr\"}]}<\/script>\n<!-- \/ Yoast SEO Premium plugin. -->","yoast_head_json":{"title":"Ministre De L'\u00c9levage Invit\u00e9 Au Br\u00e9sil Par Globoaves-Agecoop - tchad","description":"Abderahim Awat Atteib, a quitte\u0301 N\u2019Djame\u0301na le 26 avril 2026 pour se rendre a\u0300 Cascavel, dans l\u2019Etat de Parana au Bre ...","robots":{"index":"index","follow":"follow","max-snippet":"max-snippet:-1","max-image-preview":"max-image-preview:large","max-video-preview":"max-video-preview:-1"},"canonical":"https:\/\/www.africa-press.net\/tchad\/economie\/ministre-de-lelevage-invite-au-bresil-par-globoaves-agecoop","og_locale":"fr_FR","og_type":"article","og_title":"Ministre De L'\u00c9levage Invit\u00e9 Au Br\u00e9sil Par Globoaves-Agecoop","og_description":"Abderahim Awat Atteib, a quitte\u0301 N\u2019Djame\u0301na le 26 avril 2026 pour se rendre a\u0300 Cascavel, dans l\u2019Etat de Parana au Bre ...","og_url":"https:\/\/www.africa-press.net\/tchad\/economie\/ministre-de-lelevage-invite-au-bresil-par-globoaves-agecoop","og_site_name":"tchad","article_published_time":"2026-04-27T12:54:18+00:00","article_modified_time":"2026-04-27T13:25:35+00:00","og_image":[{"width":780,"height":440,"url":"https:\/\/static.africa-press.net\/tchad\/sites\/41\/2026\/04\/sm_1777283505.813797.jpg","type":"image\/jpeg"}],"author":"cfeditorfr","twitter_card":"summary_large_image","twitter_misc":{"\u00c9crit par":"cfeditorfr","Dur\u00e9e de lecture estim\u00e9e":"1 minute"},"schema":{"@context":"https:\/\/schema.org","@graph":[{"@type":"Article","@id":"https:\/\/www.africa-press.net\/tchad\/economie\/ministre-de-lelevage-invite-au-bresil-par-globoaves-agecoop#article","isPartOf":{"@id":"https:\/\/www.africa-press.net\/tchad\/economie\/ministre-de-lelevage-invite-au-bresil-par-globoaves-agecoop"},"author":{"name":"cfeditorfr","@id":"https:\/\/www.africa-press.net\/tchad\/#\/schema\/person\/2b1cf3cd81a31e3cd26889ca66d677f1"},"headline":"Ministre De L&rsquo;\u00c9levage Invit\u00e9 Au Br\u00e9sil Par Globoaves-Agecoop","datePublished":"2026-04-27T12:54:18+00:00","dateModified":"2026-04-27T13:25:35+00:00","mainEntityOfPage":{"@id":"https:\/\/www.africa-press.net\/tchad\/economie\/ministre-de-lelevage-invite-au-bresil-par-globoaves-agecoop"},"wordCount":144,"commentCount":0,"image":{"@id":"https:\/\/www.africa-press.net\/tchad\/economie\/ministre-de-lelevage-invite-au-bresil-par-globoaves-agecoop#primaryimage"},"thumbnailUrl":"https:\/\/static.africa-press.net\/tchad\/sites\/41\/2026\/04\/sm_1777283505.813797.jpg","keywords":["Tchad"],"articleSection":["\u00c9conomie","Toutes les actualit\u00e9s"],"inLanguage":"fr-FR","potentialAction":[{"@type":"CommentAction","name":"Comment","target":["https:\/\/www.africa-press.net\/tchad\/economie\/ministre-de-lelevage-invite-au-bresil-par-globoaves-agecoop#respond"]}]},{"@type":"WebPage","@id":"https:\/\/www.africa-press.net\/tchad\/economie\/ministre-de-lelevage-invite-au-bresil-par-globoaves-agecoop","url":"https:\/\/www.africa-press.net\/tchad\/economie\/ministre-de-lelevage-invite-au-bresil-par-globoaves-agecoop","name":"Ministre De L'\u00c9levage Invit\u00e9 Au Br\u00e9sil Par Globoaves-Agecoop - tchad","isPartOf":{"@id":"https:\/\/www.africa-press.net\/tchad\/#website"},"primaryImageOfPage":{"@id":"https:\/\/www.africa-press.net\/tchad\/economie\/ministre-de-lelevage-invite-au-bresil-par-globoaves-agecoop#primaryimage"},"image":{"@id":"https:\/\/www.africa-press.net\/tchad\/economie\/ministre-de-lelevage-invite-au-bresil-par-globoaves-agecoop#primaryimage"},"thumbnailUrl":"https:\/\/static.africa-press.net\/tchad\/sites\/41\/2026\/04\/sm_1777283505.813797.jpg","datePublished":"2026-04-27T12:54:18+00:00","dateModified":"2026-04-27T13:25:35+00:00","author":{"@id":"https:\/\/www.africa-press.net\/tchad\/#\/schema\/person\/2b1cf3cd81a31e3cd26889ca66d677f1"},"description":"Abderahim Awat Atteib, a quitte\u0301 N\u2019Djame\u0301na le 26 avril 2026 pour se rendre a\u0300 Cascavel, dans l\u2019Etat de Parana au Bre ...","breadcrumb":{"@id":"https:\/\/www.africa-press.net\/tchad\/economie\/ministre-de-lelevage-invite-au-bresil-par-globoaves-agecoop#breadcrumb"},"inLanguage":"fr-FR","potentialAction":[{"@type":"ReadAction","target":["https:\/\/www.africa-press.net\/tchad\/economie\/ministre-de-lelevage-invite-au-bresil-par-globoaves-agecoop"]}]},{"@type":"ImageObject","inLanguage":"fr-FR","@id":"https:\/\/www.africa-press.net\/tchad\/economie\/ministre-de-lelevage-invite-au-bresil-par-globoaves-agecoop#primaryimage","url":"https:\/\/static.africa-press.net\/tchad\/sites\/41\/2026\/04\/sm_1777283505.813797.jpg","contentUrl":"https:\/\/static.africa-press.net\/tchad\/sites\/41\/2026\/04\/sm_1777283505.813797.jpg","width":780,"height":440,"caption":"Ministre De L'\u00c9levage Invit\u00e9 Au Br\u00e9sil Par Globoaves-Agecoop"},{"@type":"BreadcrumbList","@id":"https:\/\/www.africa-press.net\/tchad\/economie\/ministre-de-lelevage-invite-au-bresil-par-globoaves-agecoop#breadcrumb","itemListElement":[{"@type":"ListItem","position":1,"name":"Accueil","item":"https:\/\/www.africa-press.net\/tchad\/"},{"@type":"ListItem","position":2,"name":"Ministre De L&#8217;\u00c9levage Invit\u00e9 Au Br\u00e9sil Par Globoaves-Agecoop"}]},{"@type":"WebSite","@id":"https:\/\/www.africa-press.net\/tchad\/#website","url":"https:\/\/www.africa-press.net\/tchad\/","name":"tchad","description":"Just another Africa News Agency Sites site","potentialAction":[{"@type":"SearchAction","target":{"@type":"EntryPoint","urlTemplate":"https:\/\/www.africa-press.net\/tchad\/?s={search_term_string}"},"query-input":{"@type":"PropertyValueSpecification","valueRequired":true,"valueName":"search_term_string"}}],"inLanguage":"fr-FR"},{"@type":"Person","@id":"https:\/\/www.africa-press.net\/tchad\/#\/schema\/person\/2b1cf3cd81a31e3cd26889ca66d677f1","name":"cfeditorfr"}]}},"_links":{"self":[{"href":"https:\/\/www.africa-press.net\/tchad\/wp-json\/wp\/v2\/posts\/101456","targetHints":{"allow":["GET"]}}],"collection":[{"href":"https:\/\/www.africa-press.net\/tchad\/wp-json\/wp\/v2\/posts"}],"about":[{"href":"https:\/\/www.africa-press.net\/tchad\/wp-json\/wp\/v2\/types\/post"}],"author":[{"embeddable":true,"href":"https:\/\/www.africa-press.net\/tchad\/wp-json\/wp\/v2\/users\/82"}],"replies":[{"embeddable":true,"href":"https:\/\/www.africa-press.net\/tchad\/wp-json\/wp\/v2\/comments?post=101456"}],"version-history":[{"count":1,"href":"https:\/\/www.africa-press.net\/tchad\/wp-json\/wp\/v2\/posts\/101456\/revisions"}],"predecessor-version":[{"id":101472,"href":"https:\/\/www.africa-press.net\/tchad\/wp-json\/wp\/v2\/posts\/101456\/revisions\/101472"}],"wp:featuredmedia":[{"embeddable":true,"href":"https:\/\/www.africa-press.net\/tchad\/wp-json\/wp\/v2\/media\/101455"}],"wp:attachment":[{"href":"https:\/\/www.africa-press.net\/tchad\/wp-json\/wp\/v2\/media?parent=101456"}],"wp:term":[{"taxonomy":"category","embeddable":true,"href":"https:\/\/www.africa-press.net\/tchad\/wp-json\/wp\/v2\/categories?post=101456"},{"taxonomy":"post_tag","embeddable":true,"href":"https:\/\/www.africa-press.net\/tchad\/wp-json\/wp\/v2\/tags?post=101456"}],"curies":[{"name":"wp","href":"https:\/\/api.w.org\/{rel}","templated":true}]}}