{"id":101460,"date":"2026-04-27T12:55:51","date_gmt":"2026-04-27T12:55:51","guid":{"rendered":"https:\/\/www.africa-press.net\/tchad\/politique\/quarante-deux-morts-dans-un-affrontement-intercommunautaire"},"modified":"2026-04-27T13:26:07","modified_gmt":"2026-04-27T13:26:07","slug":"quarante-deux-morts-dans-un-affrontement-intercommunautaire","status":"publish","type":"post","link":"https:\/\/www.africa-press.net\/tchad\/politique\/quarante-deux-morts-dans-un-affrontement-intercommunautaire","title":{"rendered":"Quarante-deux Morts Dans Un Affrontement Intercommunautaire"},"content":{"rendered":"<p><span style=\"color: #ff6600\"><strong>Africa-Press &#8211; Tchad. <\/strong><\/span><b>Une altercation entre deux hommes autour d\u2019un puit de\u0301ge\u0301ne\u0300re au village Igote, sous-pre\u0301fecture de Guereda rural, de\u0301partement de Dar-Tama, canton de Troua, province de Wadi Fira, occasionnant 42 morts et 10 blesse\u0301s.<\/b><\/p>\n<p>Informe\u0301 du drame le 26 avril 2026, le de\u0301le\u0301gue\u0301 ge\u0301ne\u0301ral du gouvernement aupre\u0300s de la province du Wadi Fira, Brahim Issa Galmaye, a s\u2019est rendu sur place pour constater de visu. Le patron de la circonscription, apre\u0300s le constat a fait le point de la situation. Les premie\u0300res informations font e\u0301tat de 42 morts et 10 blesse\u0301s. L\u2019affrontement qui a commence\u0301 autour d\u2019un puit d\u2019eau s\u2019est e\u0301largie a\u0300 une plus grande proportion.<\/p>\n<p>De\u0301pe\u0302che\u0301 sur les lieux, le vice-premier ministre, charge\u0301 de l\u2019Administration du territoire et de la De\u0301centralisation, Limane Mahamat a fourni les me\u0302mes informations. \u00ab Malheureusement nous de\u0301plorons 42 morts et 10 blesse\u0301s, e\u0301vacue\u0301s dans le centre de la province. Au nom du pre\u0301sident de la Re\u0301publique, Mare\u0301chal, Mahamat Idriss Deby Itno, au nom du gouvernement et au nom de la nation nous adressons nos since\u0300res condole\u0301ances aux e\u0301plore\u0301es\u00bb, regrette le ministre.<\/p>\n<p>Il a e\u0301te\u0301 releve\u0301 que c\u2019est gra\u0302ce a\u0300 la re\u0301action des Forces de de\u0301fense et de se\u0301curite\u0301 qui a permis de stopper les de\u0301ga\u0302ts.<\/p>\n<p><strong>Pour plus d&rsquo;informations et d&rsquo;analyses sur la <span style=\"color: #ff6600\">Tchad<\/span>, suivez <span style=\"color: #ff6600\">Africa-Press<\/span><\/strong><\/p>\n","protected":false},"excerpt":{"rendered":"<p>Africa-Press &#8211; Tchad. Une altercation entre deux hommes autour d\u2019un puit de\u0301ge\u0301ne\u0300re au village Igote, sous-pre\u0301fecture de Guereda rural, de\u0301partement de Dar-Tama, canton de Troua, province de Wadi Fira, occasionnant 42 morts et 10 blesse\u0301s. Informe\u0301 du drame le 26 avril 2026, le de\u0301le\u0301gue\u0301 ge\u0301ne\u0301ral du gouvernement aupre\u0300s de la province du Wadi Fira, Brahim [&hellip;]<\/p>\n","protected":false},"author":82,"featured_media":101459,"comment_status":"open","ping_status":"closed","sticky":false,"template":"","format":"standard","meta":{"footnotes":""},"categories":[2,426,20,10],"tags":[29],"class_list":["post-101460","post","type-post","status-publish","format-standard","has-post-thumbnail","hentry","category-politique","category-to-homepage","category-top-nouvelles","category-toutes-les-actualites","tag-tchad"],"yoast_head":"<!-- This site is optimized with the Yoast SEO Premium plugin v26.1 (Yoast SEO v27.0) - https:\/\/yoast.com\/product\/yoast-seo-premium-wordpress\/ -->\n<title>Quarante-deux Morts Dans Un Affrontement Intercommunautaire - tchad<\/title>\n<meta name=\"description\" content=\"Une altercation entre deux hommes autour d\u2019un puit de\u0301ge\u0301ne\u0300re au village Igote, sous-pre\u0301fecture de Guereda rural, d ...\" \/>\n<meta name=\"robots\" content=\"index, follow, max-snippet:-1, max-image-preview:large, max-video-preview:-1\" \/>\n<link rel=\"canonical\" href=\"https:\/\/www.africa-press.net\/tchad\/politique\/quarante-deux-morts-dans-un-affrontement-intercommunautaire\" \/>\n<meta property=\"og:locale\" content=\"fr_FR\" \/>\n<meta property=\"og:type\" content=\"article\" \/>\n<meta property=\"og:title\" content=\"Quarante-deux Morts Dans Un Affrontement Intercommunautaire\" \/>\n<meta property=\"og:description\" content=\"Une altercation entre deux hommes autour d\u2019un puit de\u0301ge\u0301ne\u0300re au village Igote, sous-pre\u0301fecture de Guereda rural, d ...\" \/>\n<meta property=\"og:url\" content=\"https:\/\/www.africa-press.net\/tchad\/politique\/quarante-deux-morts-dans-un-affrontement-intercommunautaire\" \/>\n<meta property=\"og:site_name\" content=\"tchad\" \/>\n<meta property=\"article:published_time\" content=\"2026-04-27T12:55:51+00:00\" \/>\n<meta property=\"article:modified_time\" content=\"2026-04-27T13:26:07+00:00\" \/>\n<meta property=\"og:image\" content=\"https:\/\/static.africa-press.net\/tchad\/sites\/41\/2026\/04\/sm_1777283532.921547.jpg\" \/>\n\t<meta property=\"og:image:width\" content=\"780\" \/>\n\t<meta property=\"og:image:height\" content=\"440\" \/>\n\t<meta property=\"og:image:type\" content=\"image\/jpeg\" \/>\n<meta name=\"author\" content=\"cfeditorfr\" \/>\n<meta name=\"twitter:card\" content=\"summary_large_image\" \/>\n<meta name=\"twitter:label1\" content=\"\u00c9crit par\" \/>\n\t<meta name=\"twitter:data1\" content=\"cfeditorfr\" \/>\n\t<meta name=\"twitter:label2\" content=\"Dur\u00e9e de lecture estim\u00e9e\" \/>\n\t<meta name=\"twitter:data2\" content=\"2 minutes\" \/>\n<script type=\"application\/ld+json\" class=\"yoast-schema-graph\">{\"@context\":\"https:\/\/schema.org\",\"@graph\":[{\"@type\":\"Article\",\"@id\":\"https:\/\/www.africa-press.net\/tchad\/politique\/quarante-deux-morts-dans-un-affrontement-intercommunautaire#article\",\"isPartOf\":{\"@id\":\"https:\/\/www.africa-press.net\/tchad\/politique\/quarante-deux-morts-dans-un-affrontement-intercommunautaire\"},\"author\":{\"name\":\"cfeditorfr\",\"@id\":\"https:\/\/www.africa-press.net\/tchad\/#\/schema\/person\/2b1cf3cd81a31e3cd26889ca66d677f1\"},\"headline\":\"Quarante-deux Morts Dans Un Affrontement Intercommunautaire\",\"datePublished\":\"2026-04-27T12:55:51+00:00\",\"dateModified\":\"2026-04-27T13:26:07+00:00\",\"mainEntityOfPage\":{\"@id\":\"https:\/\/www.africa-press.net\/tchad\/politique\/quarante-deux-morts-dans-un-affrontement-intercommunautaire\"},\"wordCount\":257,\"commentCount\":0,\"image\":{\"@id\":\"https:\/\/www.africa-press.net\/tchad\/politique\/quarante-deux-morts-dans-un-affrontement-intercommunautaire#primaryimage\"},\"thumbnailUrl\":\"https:\/\/static.africa-press.net\/tchad\/sites\/41\/2026\/04\/sm_1777283532.921547.jpg\",\"keywords\":[\"Tchad\"],\"articleSection\":[\"Politique\",\"to-homepage\",\"Top Nouvelles\",\"Toutes les actualit\u00e9s\"],\"inLanguage\":\"fr-FR\",\"potentialAction\":[{\"@type\":\"CommentAction\",\"name\":\"Comment\",\"target\":[\"https:\/\/www.africa-press.net\/tchad\/politique\/quarante-deux-morts-dans-un-affrontement-intercommunautaire#respond\"]}]},{\"@type\":\"WebPage\",\"@id\":\"https:\/\/www.africa-press.net\/tchad\/politique\/quarante-deux-morts-dans-un-affrontement-intercommunautaire\",\"url\":\"https:\/\/www.africa-press.net\/tchad\/politique\/quarante-deux-morts-dans-un-affrontement-intercommunautaire\",\"name\":\"Quarante-deux Morts Dans Un Affrontement Intercommunautaire - tchad\",\"isPartOf\":{\"@id\":\"https:\/\/www.africa-press.net\/tchad\/#website\"},\"primaryImageOfPage\":{\"@id\":\"https:\/\/www.africa-press.net\/tchad\/politique\/quarante-deux-morts-dans-un-affrontement-intercommunautaire#primaryimage\"},\"image\":{\"@id\":\"https:\/\/www.africa-press.net\/tchad\/politique\/quarante-deux-morts-dans-un-affrontement-intercommunautaire#primaryimage\"},\"thumbnailUrl\":\"https:\/\/static.africa-press.net\/tchad\/sites\/41\/2026\/04\/sm_1777283532.921547.jpg\",\"datePublished\":\"2026-04-27T12:55:51+00:00\",\"dateModified\":\"2026-04-27T13:26:07+00:00\",\"author\":{\"@id\":\"https:\/\/www.africa-press.net\/tchad\/#\/schema\/person\/2b1cf3cd81a31e3cd26889ca66d677f1\"},\"description\":\"Une altercation entre deux hommes autour d\u2019un puit de\u0301ge\u0301ne\u0300re au village Igote, sous-pre\u0301fecture de Guereda rural, d ...\",\"breadcrumb\":{\"@id\":\"https:\/\/www.africa-press.net\/tchad\/politique\/quarante-deux-morts-dans-un-affrontement-intercommunautaire#breadcrumb\"},\"inLanguage\":\"fr-FR\",\"potentialAction\":[{\"@type\":\"ReadAction\",\"target\":[\"https:\/\/www.africa-press.net\/tchad\/politique\/quarante-deux-morts-dans-un-affrontement-intercommunautaire\"]}]},{\"@type\":\"ImageObject\",\"inLanguage\":\"fr-FR\",\"@id\":\"https:\/\/www.africa-press.net\/tchad\/politique\/quarante-deux-morts-dans-un-affrontement-intercommunautaire#primaryimage\",\"url\":\"https:\/\/static.africa-press.net\/tchad\/sites\/41\/2026\/04\/sm_1777283532.921547.jpg\",\"contentUrl\":\"https:\/\/static.africa-press.net\/tchad\/sites\/41\/2026\/04\/sm_1777283532.921547.jpg\",\"width\":780,\"height\":440,\"caption\":\"Quarante-deux Morts Dans Un Affrontement Intercommunautaire\"},{\"@type\":\"BreadcrumbList\",\"@id\":\"https:\/\/www.africa-press.net\/tchad\/politique\/quarante-deux-morts-dans-un-affrontement-intercommunautaire#breadcrumb\",\"itemListElement\":[{\"@type\":\"ListItem\",\"position\":1,\"name\":\"Accueil\",\"item\":\"https:\/\/www.africa-press.net\/tchad\/\"},{\"@type\":\"ListItem\",\"position\":2,\"name\":\"Quarante-deux Morts Dans Un Affrontement Intercommunautaire\"}]},{\"@type\":\"WebSite\",\"@id\":\"https:\/\/www.africa-press.net\/tchad\/#website\",\"url\":\"https:\/\/www.africa-press.net\/tchad\/\",\"name\":\"tchad\",\"description\":\"Just another Africa News Agency Sites site\",\"potentialAction\":[{\"@type\":\"SearchAction\",\"target\":{\"@type\":\"EntryPoint\",\"urlTemplate\":\"https:\/\/www.africa-press.net\/tchad\/?s={search_term_string}\"},\"query-input\":{\"@type\":\"PropertyValueSpecification\",\"valueRequired\":true,\"valueName\":\"search_term_string\"}}],\"inLanguage\":\"fr-FR\"},{\"@type\":\"Person\",\"@id\":\"https:\/\/www.africa-press.net\/tchad\/#\/schema\/person\/2b1cf3cd81a31e3cd26889ca66d677f1\",\"name\":\"cfeditorfr\"}]}<\/script>\n<!-- \/ Yoast SEO Premium plugin. -->","yoast_head_json":{"title":"Quarante-deux Morts Dans Un Affrontement Intercommunautaire - tchad","description":"Une altercation entre deux hommes autour d\u2019un puit de\u0301ge\u0301ne\u0300re au village Igote, sous-pre\u0301fecture de Guereda rural, d ...","robots":{"index":"index","follow":"follow","max-snippet":"max-snippet:-1","max-image-preview":"max-image-preview:large","max-video-preview":"max-video-preview:-1"},"canonical":"https:\/\/www.africa-press.net\/tchad\/politique\/quarante-deux-morts-dans-un-affrontement-intercommunautaire","og_locale":"fr_FR","og_type":"article","og_title":"Quarante-deux Morts Dans Un Affrontement Intercommunautaire","og_description":"Une altercation entre deux hommes autour d\u2019un puit de\u0301ge\u0301ne\u0300re au village Igote, sous-pre\u0301fecture de Guereda rural, d ...","og_url":"https:\/\/www.africa-press.net\/tchad\/politique\/quarante-deux-morts-dans-un-affrontement-intercommunautaire","og_site_name":"tchad","article_published_time":"2026-04-27T12:55:51+00:00","article_modified_time":"2026-04-27T13:26:07+00:00","og_image":[{"width":780,"height":440,"url":"https:\/\/static.africa-press.net\/tchad\/sites\/41\/2026\/04\/sm_1777283532.921547.jpg","type":"image\/jpeg"}],"author":"cfeditorfr","twitter_card":"summary_large_image","twitter_misc":{"\u00c9crit par":"cfeditorfr","Dur\u00e9e de lecture estim\u00e9e":"2 minutes"},"schema":{"@context":"https:\/\/schema.org","@graph":[{"@type":"Article","@id":"https:\/\/www.africa-press.net\/tchad\/politique\/quarante-deux-morts-dans-un-affrontement-intercommunautaire#article","isPartOf":{"@id":"https:\/\/www.africa-press.net\/tchad\/politique\/quarante-deux-morts-dans-un-affrontement-intercommunautaire"},"author":{"name":"cfeditorfr","@id":"https:\/\/www.africa-press.net\/tchad\/#\/schema\/person\/2b1cf3cd81a31e3cd26889ca66d677f1"},"headline":"Quarante-deux Morts Dans Un Affrontement Intercommunautaire","datePublished":"2026-04-27T12:55:51+00:00","dateModified":"2026-04-27T13:26:07+00:00","mainEntityOfPage":{"@id":"https:\/\/www.africa-press.net\/tchad\/politique\/quarante-deux-morts-dans-un-affrontement-intercommunautaire"},"wordCount":257,"commentCount":0,"image":{"@id":"https:\/\/www.africa-press.net\/tchad\/politique\/quarante-deux-morts-dans-un-affrontement-intercommunautaire#primaryimage"},"thumbnailUrl":"https:\/\/static.africa-press.net\/tchad\/sites\/41\/2026\/04\/sm_1777283532.921547.jpg","keywords":["Tchad"],"articleSection":["Politique","to-homepage","Top Nouvelles","Toutes les actualit\u00e9s"],"inLanguage":"fr-FR","potentialAction":[{"@type":"CommentAction","name":"Comment","target":["https:\/\/www.africa-press.net\/tchad\/politique\/quarante-deux-morts-dans-un-affrontement-intercommunautaire#respond"]}]},{"@type":"WebPage","@id":"https:\/\/www.africa-press.net\/tchad\/politique\/quarante-deux-morts-dans-un-affrontement-intercommunautaire","url":"https:\/\/www.africa-press.net\/tchad\/politique\/quarante-deux-morts-dans-un-affrontement-intercommunautaire","name":"Quarante-deux Morts Dans Un Affrontement Intercommunautaire - tchad","isPartOf":{"@id":"https:\/\/www.africa-press.net\/tchad\/#website"},"primaryImageOfPage":{"@id":"https:\/\/www.africa-press.net\/tchad\/politique\/quarante-deux-morts-dans-un-affrontement-intercommunautaire#primaryimage"},"image":{"@id":"https:\/\/www.africa-press.net\/tchad\/politique\/quarante-deux-morts-dans-un-affrontement-intercommunautaire#primaryimage"},"thumbnailUrl":"https:\/\/static.africa-press.net\/tchad\/sites\/41\/2026\/04\/sm_1777283532.921547.jpg","datePublished":"2026-04-27T12:55:51+00:00","dateModified":"2026-04-27T13:26:07+00:00","author":{"@id":"https:\/\/www.africa-press.net\/tchad\/#\/schema\/person\/2b1cf3cd81a31e3cd26889ca66d677f1"},"description":"Une altercation entre deux hommes autour d\u2019un puit de\u0301ge\u0301ne\u0300re au village Igote, sous-pre\u0301fecture de Guereda rural, d ...","breadcrumb":{"@id":"https:\/\/www.africa-press.net\/tchad\/politique\/quarante-deux-morts-dans-un-affrontement-intercommunautaire#breadcrumb"},"inLanguage":"fr-FR","potentialAction":[{"@type":"ReadAction","target":["https:\/\/www.africa-press.net\/tchad\/politique\/quarante-deux-morts-dans-un-affrontement-intercommunautaire"]}]},{"@type":"ImageObject","inLanguage":"fr-FR","@id":"https:\/\/www.africa-press.net\/tchad\/politique\/quarante-deux-morts-dans-un-affrontement-intercommunautaire#primaryimage","url":"https:\/\/static.africa-press.net\/tchad\/sites\/41\/2026\/04\/sm_1777283532.921547.jpg","contentUrl":"https:\/\/static.africa-press.net\/tchad\/sites\/41\/2026\/04\/sm_1777283532.921547.jpg","width":780,"height":440,"caption":"Quarante-deux Morts Dans Un Affrontement Intercommunautaire"},{"@type":"BreadcrumbList","@id":"https:\/\/www.africa-press.net\/tchad\/politique\/quarante-deux-morts-dans-un-affrontement-intercommunautaire#breadcrumb","itemListElement":[{"@type":"ListItem","position":1,"name":"Accueil","item":"https:\/\/www.africa-press.net\/tchad\/"},{"@type":"ListItem","position":2,"name":"Quarante-deux Morts Dans Un Affrontement Intercommunautaire"}]},{"@type":"WebSite","@id":"https:\/\/www.africa-press.net\/tchad\/#website","url":"https:\/\/www.africa-press.net\/tchad\/","name":"tchad","description":"Just another Africa News Agency Sites site","potentialAction":[{"@type":"SearchAction","target":{"@type":"EntryPoint","urlTemplate":"https:\/\/www.africa-press.net\/tchad\/?s={search_term_string}"},"query-input":{"@type":"PropertyValueSpecification","valueRequired":true,"valueName":"search_term_string"}}],"inLanguage":"fr-FR"},{"@type":"Person","@id":"https:\/\/www.africa-press.net\/tchad\/#\/schema\/person\/2b1cf3cd81a31e3cd26889ca66d677f1","name":"cfeditorfr"}]}},"_links":{"self":[{"href":"https:\/\/www.africa-press.net\/tchad\/wp-json\/wp\/v2\/posts\/101460","targetHints":{"allow":["GET"]}}],"collection":[{"href":"https:\/\/www.africa-press.net\/tchad\/wp-json\/wp\/v2\/posts"}],"about":[{"href":"https:\/\/www.africa-press.net\/tchad\/wp-json\/wp\/v2\/types\/post"}],"author":[{"embeddable":true,"href":"https:\/\/www.africa-press.net\/tchad\/wp-json\/wp\/v2\/users\/82"}],"replies":[{"embeddable":true,"href":"https:\/\/www.africa-press.net\/tchad\/wp-json\/wp\/v2\/comments?post=101460"}],"version-history":[{"count":1,"href":"https:\/\/www.africa-press.net\/tchad\/wp-json\/wp\/v2\/posts\/101460\/revisions"}],"predecessor-version":[{"id":101474,"href":"https:\/\/www.africa-press.net\/tchad\/wp-json\/wp\/v2\/posts\/101460\/revisions\/101474"}],"wp:featuredmedia":[{"embeddable":true,"href":"https:\/\/www.africa-press.net\/tchad\/wp-json\/wp\/v2\/media\/101459"}],"wp:attachment":[{"href":"https:\/\/www.africa-press.net\/tchad\/wp-json\/wp\/v2\/media?parent=101460"}],"wp:term":[{"taxonomy":"category","embeddable":true,"href":"https:\/\/www.africa-press.net\/tchad\/wp-json\/wp\/v2\/categories?post=101460"},{"taxonomy":"post_tag","embeddable":true,"href":"https:\/\/www.africa-press.net\/tchad\/wp-json\/wp\/v2\/tags?post=101460"}],"curies":[{"name":"wp","href":"https:\/\/api.w.org\/{rel}","templated":true}]}}