{"id":101464,"date":"2026-04-27T13:00:03","date_gmt":"2026-04-27T13:00:03","guid":{"rendered":"https:\/\/www.africa-press.net\/tchad\/politique\/violences-intercommunautaires-au-tchad-fait-42-morts"},"modified":"2026-04-27T13:26:46","modified_gmt":"2026-04-27T13:26:46","slug":"violences-intercommunautaires-au-tchad-fait-42-morts","status":"publish","type":"post","link":"https:\/\/www.africa-press.net\/tchad\/politique\/violences-intercommunautaires-au-tchad-fait-42-morts","title":{"rendered":"Violences Intercommunautaires au Tchad Fait 42 Morts"},"content":{"rendered":"<p><span style=\"color: #ff6600\"><strong>Africa-Press &#8211; Tchad. <\/strong><\/span>Au moins 42 personnes ont e\u0301te\u0301 tue\u0301es et 10 blesse\u0301es dans des violences survenues dans l\u2019est du Tchad, ou\u0300 une de\u0301le\u0301gation gouvernementale de haut niveau s\u2019est rendue dimanche pour tenter de re\u0301tablir le calme, selon les autorite\u0301s.<\/p>\n<p>Les affrontements ont eu lieu dans la zone d\u2019Igote, relevant du de\u0301partement de Dar Tama, dans la province du Wadi Fira, pre\u0300s de Gue\u0301re\u0301da.<\/p>\n<p>Le pre\u0301sident Mahamat Idriss Deby Itno a de\u0301pe\u0302che\u0301 sur place une mission compose\u0301e notamment du vice-Premier ministre Limane Mahamat, du ministre de la De\u0301fense Issaka Maloua Djamous et du chef d\u2019e\u0301tat-major ge\u0301ne\u0301ral des arme\u0301es Abakar Abdelkerim Daoud.<\/p>\n<p>Selon Limane Mahamat, les violences ne rele\u0300vent \u00ab pas d\u2019affrontements communautaires classiques \u00bb, mais d\u2019 \u00bbune altercation entre deux familles \u00bb autour d\u2019un point d\u2019eau, qui a ensuite de\u0301ge\u0301ne\u0301re\u0301 en cycle de repre\u0301sailles sur une zone e\u0301tendue.<\/p>\n<p>Le Vice-Premier Ministre a affirme\u0301 que la re\u0301action rapide des Forces de de\u0301fense et de se\u0301curite\u0301 avait permis de contenir les affrontements et que la situation e\u0301tait de\u0301sormais \u00ab sous contro\u0302le \u00bb sur les diffe\u0301rents sites concerne\u0301s.<\/p>\n<p>Les blesse\u0301s ont e\u0301te\u0301 e\u0301vacue\u0301s vers des centres de sante\u0301 de la province, selon les autorite\u0301s, qui ont e\u0301galement annonce\u0301 l\u2019ouverture d\u2019un double processus de re\u0300glement: une me\u0301diation coutumie\u0300re pour le volet civil et des proce\u0301dures judiciaires pour e\u0301tablir les responsabilite\u0301s pe\u0301nales.<\/p>\n<p>Le vice-Premier ministre a en outre mis en garde contre tout risque de contagion du conflit en cours au Soudan voisin, estimant que le gouvernement prendrait \u00ab toutes les dispositions \u00bb pour empe\u0302cher toute de\u0301stabilisation de la zone frontalie\u0300re.<\/p>\n<p>Les provinces orientales du Tchad accueillent depuis plusieurs mois des re\u0301fugie\u0301s fuyant la guerre au Soudan et font face a\u0300 des tensions croissantes sur les ressources et la se\u0301curite\u0301.<\/p>\n<p><strong>Pour plus d&rsquo;informations et d&rsquo;analyses sur la <span style=\"color: #ff6600\">Tchad<\/span>, suivez <span style=\"color: #ff6600\">Africa-Press<\/span><\/strong><\/p>\n","protected":false},"excerpt":{"rendered":"<p>Africa-Press &#8211; Tchad. Au moins 42 personnes ont e\u0301te\u0301 tue\u0301es et 10 blesse\u0301es dans des violences survenues dans l\u2019est du Tchad, ou\u0300 une de\u0301le\u0301gation gouvernementale de haut niveau s\u2019est rendue dimanche pour tenter de re\u0301tablir le calme, selon les autorite\u0301s. Les affrontements ont eu lieu dans la zone d\u2019Igote, relevant du de\u0301partement de Dar Tama, [&hellip;]<\/p>\n","protected":false},"author":82,"featured_media":101463,"comment_status":"open","ping_status":"closed","sticky":false,"template":"","format":"standard","meta":{"footnotes":""},"categories":[2,10],"tags":[29],"class_list":["post-101464","post","type-post","status-publish","format-standard","has-post-thumbnail","hentry","category-politique","category-toutes-les-actualites","tag-tchad"],"yoast_head":"<!-- This site is optimized with the Yoast SEO Premium plugin v26.1 (Yoast SEO v27.0) - https:\/\/yoast.com\/product\/yoast-seo-premium-wordpress\/ -->\n<title>Violences Intercommunautaires au Tchad Fait 42 Morts - tchad<\/title>\n<meta name=\"description\" content=\"Au moins 42 personnes ont e\u0301te\u0301 tue\u0301es et 10 blesse\u0301es dans des violences survenues dans l\u2019est du Tchad, ou\u0300 une de\u0301le\u0301g ...\" \/>\n<meta name=\"robots\" content=\"index, follow, max-snippet:-1, max-image-preview:large, max-video-preview:-1\" \/>\n<link rel=\"canonical\" href=\"https:\/\/www.africa-press.net\/tchad\/politique\/violences-intercommunautaires-au-tchad-fait-42-morts\" \/>\n<meta property=\"og:locale\" content=\"fr_FR\" \/>\n<meta property=\"og:type\" content=\"article\" \/>\n<meta property=\"og:title\" content=\"Violences Intercommunautaires au Tchad Fait 42 Morts\" \/>\n<meta property=\"og:description\" content=\"Au moins 42 personnes ont e\u0301te\u0301 tue\u0301es et 10 blesse\u0301es dans des violences survenues dans l\u2019est du Tchad, ou\u0300 une de\u0301le\u0301g ...\" \/>\n<meta property=\"og:url\" content=\"https:\/\/www.africa-press.net\/tchad\/politique\/violences-intercommunautaires-au-tchad-fait-42-morts\" \/>\n<meta property=\"og:site_name\" content=\"tchad\" \/>\n<meta property=\"article:published_time\" content=\"2026-04-27T13:00:03+00:00\" \/>\n<meta property=\"article:modified_time\" content=\"2026-04-27T13:26:46+00:00\" \/>\n<meta property=\"og:image\" content=\"https:\/\/static.africa-press.net\/tchad\/sites\/41\/2026\/04\/sm_1777283563.954725.jpg\" \/>\n\t<meta property=\"og:image:width\" content=\"1250\" \/>\n\t<meta property=\"og:image:height\" content=\"672\" \/>\n\t<meta property=\"og:image:type\" content=\"image\/jpeg\" \/>\n<meta name=\"author\" content=\"cfeditorfr\" \/>\n<meta name=\"twitter:card\" content=\"summary_large_image\" \/>\n<meta name=\"twitter:label1\" content=\"\u00c9crit par\" \/>\n\t<meta name=\"twitter:data1\" content=\"cfeditorfr\" \/>\n\t<meta name=\"twitter:label2\" content=\"Dur\u00e9e de lecture estim\u00e9e\" \/>\n\t<meta name=\"twitter:data2\" content=\"2 minutes\" \/>\n<script type=\"application\/ld+json\" class=\"yoast-schema-graph\">{\"@context\":\"https:\/\/schema.org\",\"@graph\":[{\"@type\":\"Article\",\"@id\":\"https:\/\/www.africa-press.net\/tchad\/politique\/violences-intercommunautaires-au-tchad-fait-42-morts#article\",\"isPartOf\":{\"@id\":\"https:\/\/www.africa-press.net\/tchad\/politique\/violences-intercommunautaires-au-tchad-fait-42-morts\"},\"author\":{\"name\":\"cfeditorfr\",\"@id\":\"https:\/\/www.africa-press.net\/tchad\/#\/schema\/person\/2b1cf3cd81a31e3cd26889ca66d677f1\"},\"headline\":\"Violences Intercommunautaires au Tchad Fait 42 Morts\",\"datePublished\":\"2026-04-27T13:00:03+00:00\",\"dateModified\":\"2026-04-27T13:26:46+00:00\",\"mainEntityOfPage\":{\"@id\":\"https:\/\/www.africa-press.net\/tchad\/politique\/violences-intercommunautaires-au-tchad-fait-42-morts\"},\"wordCount\":356,\"commentCount\":0,\"image\":{\"@id\":\"https:\/\/www.africa-press.net\/tchad\/politique\/violences-intercommunautaires-au-tchad-fait-42-morts#primaryimage\"},\"thumbnailUrl\":\"https:\/\/static.africa-press.net\/tchad\/sites\/41\/2026\/04\/sm_1777283563.954725.jpg\",\"keywords\":[\"Tchad\"],\"articleSection\":[\"Politique\",\"Toutes les actualit\u00e9s\"],\"inLanguage\":\"fr-FR\",\"potentialAction\":[{\"@type\":\"CommentAction\",\"name\":\"Comment\",\"target\":[\"https:\/\/www.africa-press.net\/tchad\/politique\/violences-intercommunautaires-au-tchad-fait-42-morts#respond\"]}]},{\"@type\":\"WebPage\",\"@id\":\"https:\/\/www.africa-press.net\/tchad\/politique\/violences-intercommunautaires-au-tchad-fait-42-morts\",\"url\":\"https:\/\/www.africa-press.net\/tchad\/politique\/violences-intercommunautaires-au-tchad-fait-42-morts\",\"name\":\"Violences Intercommunautaires au Tchad Fait 42 Morts - tchad\",\"isPartOf\":{\"@id\":\"https:\/\/www.africa-press.net\/tchad\/#website\"},\"primaryImageOfPage\":{\"@id\":\"https:\/\/www.africa-press.net\/tchad\/politique\/violences-intercommunautaires-au-tchad-fait-42-morts#primaryimage\"},\"image\":{\"@id\":\"https:\/\/www.africa-press.net\/tchad\/politique\/violences-intercommunautaires-au-tchad-fait-42-morts#primaryimage\"},\"thumbnailUrl\":\"https:\/\/static.africa-press.net\/tchad\/sites\/41\/2026\/04\/sm_1777283563.954725.jpg\",\"datePublished\":\"2026-04-27T13:00:03+00:00\",\"dateModified\":\"2026-04-27T13:26:46+00:00\",\"author\":{\"@id\":\"https:\/\/www.africa-press.net\/tchad\/#\/schema\/person\/2b1cf3cd81a31e3cd26889ca66d677f1\"},\"description\":\"Au moins 42 personnes ont e\u0301te\u0301 tue\u0301es et 10 blesse\u0301es dans des violences survenues dans l\u2019est du Tchad, ou\u0300 une de\u0301le\u0301g ...\",\"breadcrumb\":{\"@id\":\"https:\/\/www.africa-press.net\/tchad\/politique\/violences-intercommunautaires-au-tchad-fait-42-morts#breadcrumb\"},\"inLanguage\":\"fr-FR\",\"potentialAction\":[{\"@type\":\"ReadAction\",\"target\":[\"https:\/\/www.africa-press.net\/tchad\/politique\/violences-intercommunautaires-au-tchad-fait-42-morts\"]}]},{\"@type\":\"ImageObject\",\"inLanguage\":\"fr-FR\",\"@id\":\"https:\/\/www.africa-press.net\/tchad\/politique\/violences-intercommunautaires-au-tchad-fait-42-morts#primaryimage\",\"url\":\"https:\/\/static.africa-press.net\/tchad\/sites\/41\/2026\/04\/sm_1777283563.954725.jpg\",\"contentUrl\":\"https:\/\/static.africa-press.net\/tchad\/sites\/41\/2026\/04\/sm_1777283563.954725.jpg\",\"width\":1250,\"height\":672,\"caption\":\"Violences Intercommunautaires au Tchad Fait 42 Morts\"},{\"@type\":\"BreadcrumbList\",\"@id\":\"https:\/\/www.africa-press.net\/tchad\/politique\/violences-intercommunautaires-au-tchad-fait-42-morts#breadcrumb\",\"itemListElement\":[{\"@type\":\"ListItem\",\"position\":1,\"name\":\"Accueil\",\"item\":\"https:\/\/www.africa-press.net\/tchad\/\"},{\"@type\":\"ListItem\",\"position\":2,\"name\":\"Violences Intercommunautaires au Tchad Fait 42 Morts\"}]},{\"@type\":\"WebSite\",\"@id\":\"https:\/\/www.africa-press.net\/tchad\/#website\",\"url\":\"https:\/\/www.africa-press.net\/tchad\/\",\"name\":\"tchad\",\"description\":\"Just another Africa News Agency Sites site\",\"potentialAction\":[{\"@type\":\"SearchAction\",\"target\":{\"@type\":\"EntryPoint\",\"urlTemplate\":\"https:\/\/www.africa-press.net\/tchad\/?s={search_term_string}\"},\"query-input\":{\"@type\":\"PropertyValueSpecification\",\"valueRequired\":true,\"valueName\":\"search_term_string\"}}],\"inLanguage\":\"fr-FR\"},{\"@type\":\"Person\",\"@id\":\"https:\/\/www.africa-press.net\/tchad\/#\/schema\/person\/2b1cf3cd81a31e3cd26889ca66d677f1\",\"name\":\"cfeditorfr\"}]}<\/script>\n<!-- \/ Yoast SEO Premium plugin. -->","yoast_head_json":{"title":"Violences Intercommunautaires au Tchad Fait 42 Morts - tchad","description":"Au moins 42 personnes ont e\u0301te\u0301 tue\u0301es et 10 blesse\u0301es dans des violences survenues dans l\u2019est du Tchad, ou\u0300 une de\u0301le\u0301g ...","robots":{"index":"index","follow":"follow","max-snippet":"max-snippet:-1","max-image-preview":"max-image-preview:large","max-video-preview":"max-video-preview:-1"},"canonical":"https:\/\/www.africa-press.net\/tchad\/politique\/violences-intercommunautaires-au-tchad-fait-42-morts","og_locale":"fr_FR","og_type":"article","og_title":"Violences Intercommunautaires au Tchad Fait 42 Morts","og_description":"Au moins 42 personnes ont e\u0301te\u0301 tue\u0301es et 10 blesse\u0301es dans des violences survenues dans l\u2019est du Tchad, ou\u0300 une de\u0301le\u0301g ...","og_url":"https:\/\/www.africa-press.net\/tchad\/politique\/violences-intercommunautaires-au-tchad-fait-42-morts","og_site_name":"tchad","article_published_time":"2026-04-27T13:00:03+00:00","article_modified_time":"2026-04-27T13:26:46+00:00","og_image":[{"width":1250,"height":672,"url":"https:\/\/static.africa-press.net\/tchad\/sites\/41\/2026\/04\/sm_1777283563.954725.jpg","type":"image\/jpeg"}],"author":"cfeditorfr","twitter_card":"summary_large_image","twitter_misc":{"\u00c9crit par":"cfeditorfr","Dur\u00e9e de lecture estim\u00e9e":"2 minutes"},"schema":{"@context":"https:\/\/schema.org","@graph":[{"@type":"Article","@id":"https:\/\/www.africa-press.net\/tchad\/politique\/violences-intercommunautaires-au-tchad-fait-42-morts#article","isPartOf":{"@id":"https:\/\/www.africa-press.net\/tchad\/politique\/violences-intercommunautaires-au-tchad-fait-42-morts"},"author":{"name":"cfeditorfr","@id":"https:\/\/www.africa-press.net\/tchad\/#\/schema\/person\/2b1cf3cd81a31e3cd26889ca66d677f1"},"headline":"Violences Intercommunautaires au Tchad Fait 42 Morts","datePublished":"2026-04-27T13:00:03+00:00","dateModified":"2026-04-27T13:26:46+00:00","mainEntityOfPage":{"@id":"https:\/\/www.africa-press.net\/tchad\/politique\/violences-intercommunautaires-au-tchad-fait-42-morts"},"wordCount":356,"commentCount":0,"image":{"@id":"https:\/\/www.africa-press.net\/tchad\/politique\/violences-intercommunautaires-au-tchad-fait-42-morts#primaryimage"},"thumbnailUrl":"https:\/\/static.africa-press.net\/tchad\/sites\/41\/2026\/04\/sm_1777283563.954725.jpg","keywords":["Tchad"],"articleSection":["Politique","Toutes les actualit\u00e9s"],"inLanguage":"fr-FR","potentialAction":[{"@type":"CommentAction","name":"Comment","target":["https:\/\/www.africa-press.net\/tchad\/politique\/violences-intercommunautaires-au-tchad-fait-42-morts#respond"]}]},{"@type":"WebPage","@id":"https:\/\/www.africa-press.net\/tchad\/politique\/violences-intercommunautaires-au-tchad-fait-42-morts","url":"https:\/\/www.africa-press.net\/tchad\/politique\/violences-intercommunautaires-au-tchad-fait-42-morts","name":"Violences Intercommunautaires au Tchad Fait 42 Morts - tchad","isPartOf":{"@id":"https:\/\/www.africa-press.net\/tchad\/#website"},"primaryImageOfPage":{"@id":"https:\/\/www.africa-press.net\/tchad\/politique\/violences-intercommunautaires-au-tchad-fait-42-morts#primaryimage"},"image":{"@id":"https:\/\/www.africa-press.net\/tchad\/politique\/violences-intercommunautaires-au-tchad-fait-42-morts#primaryimage"},"thumbnailUrl":"https:\/\/static.africa-press.net\/tchad\/sites\/41\/2026\/04\/sm_1777283563.954725.jpg","datePublished":"2026-04-27T13:00:03+00:00","dateModified":"2026-04-27T13:26:46+00:00","author":{"@id":"https:\/\/www.africa-press.net\/tchad\/#\/schema\/person\/2b1cf3cd81a31e3cd26889ca66d677f1"},"description":"Au moins 42 personnes ont e\u0301te\u0301 tue\u0301es et 10 blesse\u0301es dans des violences survenues dans l\u2019est du Tchad, ou\u0300 une de\u0301le\u0301g ...","breadcrumb":{"@id":"https:\/\/www.africa-press.net\/tchad\/politique\/violences-intercommunautaires-au-tchad-fait-42-morts#breadcrumb"},"inLanguage":"fr-FR","potentialAction":[{"@type":"ReadAction","target":["https:\/\/www.africa-press.net\/tchad\/politique\/violences-intercommunautaires-au-tchad-fait-42-morts"]}]},{"@type":"ImageObject","inLanguage":"fr-FR","@id":"https:\/\/www.africa-press.net\/tchad\/politique\/violences-intercommunautaires-au-tchad-fait-42-morts#primaryimage","url":"https:\/\/static.africa-press.net\/tchad\/sites\/41\/2026\/04\/sm_1777283563.954725.jpg","contentUrl":"https:\/\/static.africa-press.net\/tchad\/sites\/41\/2026\/04\/sm_1777283563.954725.jpg","width":1250,"height":672,"caption":"Violences Intercommunautaires au Tchad Fait 42 Morts"},{"@type":"BreadcrumbList","@id":"https:\/\/www.africa-press.net\/tchad\/politique\/violences-intercommunautaires-au-tchad-fait-42-morts#breadcrumb","itemListElement":[{"@type":"ListItem","position":1,"name":"Accueil","item":"https:\/\/www.africa-press.net\/tchad\/"},{"@type":"ListItem","position":2,"name":"Violences Intercommunautaires au Tchad Fait 42 Morts"}]},{"@type":"WebSite","@id":"https:\/\/www.africa-press.net\/tchad\/#website","url":"https:\/\/www.africa-press.net\/tchad\/","name":"tchad","description":"Just another Africa News Agency Sites site","potentialAction":[{"@type":"SearchAction","target":{"@type":"EntryPoint","urlTemplate":"https:\/\/www.africa-press.net\/tchad\/?s={search_term_string}"},"query-input":{"@type":"PropertyValueSpecification","valueRequired":true,"valueName":"search_term_string"}}],"inLanguage":"fr-FR"},{"@type":"Person","@id":"https:\/\/www.africa-press.net\/tchad\/#\/schema\/person\/2b1cf3cd81a31e3cd26889ca66d677f1","name":"cfeditorfr"}]}},"_links":{"self":[{"href":"https:\/\/www.africa-press.net\/tchad\/wp-json\/wp\/v2\/posts\/101464","targetHints":{"allow":["GET"]}}],"collection":[{"href":"https:\/\/www.africa-press.net\/tchad\/wp-json\/wp\/v2\/posts"}],"about":[{"href":"https:\/\/www.africa-press.net\/tchad\/wp-json\/wp\/v2\/types\/post"}],"author":[{"embeddable":true,"href":"https:\/\/www.africa-press.net\/tchad\/wp-json\/wp\/v2\/users\/82"}],"replies":[{"embeddable":true,"href":"https:\/\/www.africa-press.net\/tchad\/wp-json\/wp\/v2\/comments?post=101464"}],"version-history":[{"count":1,"href":"https:\/\/www.africa-press.net\/tchad\/wp-json\/wp\/v2\/posts\/101464\/revisions"}],"predecessor-version":[{"id":101476,"href":"https:\/\/www.africa-press.net\/tchad\/wp-json\/wp\/v2\/posts\/101464\/revisions\/101476"}],"wp:featuredmedia":[{"embeddable":true,"href":"https:\/\/www.africa-press.net\/tchad\/wp-json\/wp\/v2\/media\/101463"}],"wp:attachment":[{"href":"https:\/\/www.africa-press.net\/tchad\/wp-json\/wp\/v2\/media?parent=101464"}],"wp:term":[{"taxonomy":"category","embeddable":true,"href":"https:\/\/www.africa-press.net\/tchad\/wp-json\/wp\/v2\/categories?post=101464"},{"taxonomy":"post_tag","embeddable":true,"href":"https:\/\/www.africa-press.net\/tchad\/wp-json\/wp\/v2\/tags?post=101464"}],"curies":[{"name":"wp","href":"https:\/\/api.w.org\/{rel}","templated":true}]}}