{"id":101488,"date":"2026-04-28T13:35:47","date_gmt":"2026-04-28T13:35:47","guid":{"rendered":"https:\/\/www.africa-press.net\/tchad\/politique\/lancement-de-campagne-agricole-2026-2027-a-moundou"},"modified":"2026-04-28T14:02:43","modified_gmt":"2026-04-28T14:02:43","slug":"lancement-de-campagne-agricole-2026-2027-a-moundou","status":"publish","type":"post","link":"https:\/\/www.africa-press.net\/tchad\/economie\/lancement-de-campagne-agricole-2026-2027-a-moundou","title":{"rendered":"lancement de campagne agricole 2026-2027 \u00e0 Moundou"},"content":{"rendered":"<p><span style=\"color: #ff6600\"><strong>Africa-Press &#8211; Tchad. <\/strong><\/span><b>Le ministre de la Production et de l\u2019Industrialisation Agricole Keda Ballah, a lance\u0301 le 27 avril 2026 a\u0300 Moundou, chef-lieu de la province du logone Occidental, la campagne agricole 2026-2027.<\/b><\/p>\n<p>Cette campagne est place\u0301e sous le the\u0300me \u00ab Promouvoir un changement de paradigme vers une pratique agricole durable appuye\u0301e par des nouvelles technologies et structure\u0301e autour des chai\u0302nes de valeur, des coope\u0301ratives et du secteur prive\u0301 \u00bb. La ce\u0301re\u0301monie a e\u0301te\u0301 couple\u0301e a\u0300 la remise des kits agricoles aux coope\u0301ratives et groupements des femmes de cette province par le ministre Keda Ballah et les autorite\u0301s pre\u0301sentes.<\/p>\n<p>Le membre du gouvernement a indique\u0301 que le changement de paradigme voulu, exige de toutes les parties prenantes, de tous les acteurs du secteur rural, un changement de comportement, une volonte\u0301 de modifier fondamentalement la manie\u0300re de penser et de pratiquer l\u2019agriculture.<\/p>\n<p>Faisant le bilan de la Campagne agricole 2025-2026 lance\u0301e a\u0300 Biltine dans la province du Wadi Fira, Keda Ballah a signifie\u0301 que, \u00ab dans l\u2019ensemble, les productions agricoles ont, non seulement de\u0301passe\u0301es celles de l\u2019anne\u0301e dernie\u0300re, mais e\u0301galement le moyenne des cinq dernie\u0300res anne\u0301es \u00bb. Il a pre\u0301cise\u0301 que \u00ab les ce\u0301re\u0301ales ont atteint une production remarquable de 3 035 000 tonnes. Ce chiffre repre\u0301sente une progression de 12% par rapport aux re\u0301sultats de la campagne agricole de 2024-2025 et les cultures de rente a\u0300 savoir les arachides, le se\u0301same et le nie\u0301be\u0301 ont atteint un niveau de production de 1 433 000 tonnes de\u0301passant de 6%, les objectifs fixe\u0301s \u00bb.<\/p>\n<p><strong>Pour plus d&rsquo;informations et d&rsquo;analyses sur la <span style=\"color: #ff6600\">Tchad<\/span>, suivez <span style=\"color: #ff6600\">Africa-Press<\/span><\/strong><\/p>\n","protected":false},"excerpt":{"rendered":"<p>Africa-Press &#8211; Tchad. Le ministre de la Production et de l\u2019Industrialisation Agricole Keda Ballah, a lance\u0301 le 27 avril 2026 a\u0300 Moundou, chef-lieu de la province du logone Occidental, la campagne agricole 2026-2027. Cette campagne est place\u0301e sous le the\u0300me \u00ab Promouvoir un changement de paradigme vers une pratique agricole durable appuye\u0301e par des nouvelles [&hellip;]<\/p>\n","protected":false},"author":82,"featured_media":101487,"comment_status":"open","ping_status":"closed","sticky":false,"template":"","format":"standard","meta":{"footnotes":""},"categories":[3,10],"tags":[29],"class_list":["post-101488","post","type-post","status-publish","format-standard","has-post-thumbnail","hentry","category-economie","category-toutes-les-actualites","tag-tchad"],"yoast_head":"<!-- This site is optimized with the Yoast SEO Premium plugin v26.1 (Yoast SEO v27.0) - https:\/\/yoast.com\/product\/yoast-seo-premium-wordpress\/ -->\n<title>lancement de campagne agricole 2026-2027 \u00e0 Moundou - tchad<\/title>\n<meta name=\"description\" content=\"Le ministre de la Production et de l\u2019Industrialisation Agricole Keda Ballah, a lance\u0301 le 27 avril 2026 a\u0300 Moundou, ch ...\" \/>\n<meta name=\"robots\" content=\"index, follow, max-snippet:-1, max-image-preview:large, max-video-preview:-1\" \/>\n<link rel=\"canonical\" href=\"https:\/\/www.africa-press.net\/tchad\/economie\/lancement-de-campagne-agricole-2026-2027-a-moundou\" \/>\n<meta property=\"og:locale\" content=\"fr_FR\" \/>\n<meta property=\"og:type\" content=\"article\" \/>\n<meta property=\"og:title\" content=\"lancement de campagne agricole 2026-2027 \u00e0 Moundou\" \/>\n<meta property=\"og:description\" content=\"Le ministre de la Production et de l\u2019Industrialisation Agricole Keda Ballah, a lance\u0301 le 27 avril 2026 a\u0300 Moundou, ch ...\" \/>\n<meta property=\"og:url\" content=\"https:\/\/www.africa-press.net\/tchad\/economie\/lancement-de-campagne-agricole-2026-2027-a-moundou\" \/>\n<meta property=\"og:site_name\" content=\"tchad\" \/>\n<meta property=\"article:published_time\" content=\"2026-04-28T13:35:47+00:00\" \/>\n<meta property=\"article:modified_time\" content=\"2026-04-28T14:02:43+00:00\" \/>\n<meta property=\"og:image\" content=\"https:\/\/static.africa-press.net\/tchad\/sites\/41\/2026\/04\/sm_1777372334.623225.jpg\" \/>\n\t<meta property=\"og:image:width\" content=\"780\" \/>\n\t<meta property=\"og:image:height\" content=\"440\" \/>\n\t<meta property=\"og:image:type\" content=\"image\/jpeg\" \/>\n<meta name=\"author\" content=\"cfeditorfr\" \/>\n<meta name=\"twitter:card\" content=\"summary_large_image\" \/>\n<meta name=\"twitter:label1\" content=\"\u00c9crit par\" \/>\n\t<meta name=\"twitter:data1\" content=\"cfeditorfr\" \/>\n\t<meta name=\"twitter:label2\" content=\"Dur\u00e9e de lecture estim\u00e9e\" \/>\n\t<meta name=\"twitter:data2\" content=\"2 minutes\" \/>\n<script type=\"application\/ld+json\" class=\"yoast-schema-graph\">{\"@context\":\"https:\/\/schema.org\",\"@graph\":[{\"@type\":\"Article\",\"@id\":\"https:\/\/www.africa-press.net\/tchad\/economie\/lancement-de-campagne-agricole-2026-2027-a-moundou#article\",\"isPartOf\":{\"@id\":\"https:\/\/www.africa-press.net\/tchad\/economie\/lancement-de-campagne-agricole-2026-2027-a-moundou\"},\"author\":{\"name\":\"cfeditorfr\",\"@id\":\"https:\/\/www.africa-press.net\/tchad\/#\/schema\/person\/2b1cf3cd81a31e3cd26889ca66d677f1\"},\"headline\":\"lancement de campagne agricole 2026-2027 \u00e0 Moundou\",\"datePublished\":\"2026-04-28T13:35:47+00:00\",\"dateModified\":\"2026-04-28T14:02:43+00:00\",\"mainEntityOfPage\":{\"@id\":\"https:\/\/www.africa-press.net\/tchad\/economie\/lancement-de-campagne-agricole-2026-2027-a-moundou\"},\"wordCount\":289,\"commentCount\":0,\"image\":{\"@id\":\"https:\/\/www.africa-press.net\/tchad\/economie\/lancement-de-campagne-agricole-2026-2027-a-moundou#primaryimage\"},\"thumbnailUrl\":\"https:\/\/static.africa-press.net\/tchad\/sites\/41\/2026\/04\/sm_1777372334.623225.jpg\",\"keywords\":[\"Tchad\"],\"articleSection\":[\"\u00c9conomie\",\"Toutes les actualit\u00e9s\"],\"inLanguage\":\"fr-FR\",\"potentialAction\":[{\"@type\":\"CommentAction\",\"name\":\"Comment\",\"target\":[\"https:\/\/www.africa-press.net\/tchad\/economie\/lancement-de-campagne-agricole-2026-2027-a-moundou#respond\"]}]},{\"@type\":\"WebPage\",\"@id\":\"https:\/\/www.africa-press.net\/tchad\/economie\/lancement-de-campagne-agricole-2026-2027-a-moundou\",\"url\":\"https:\/\/www.africa-press.net\/tchad\/economie\/lancement-de-campagne-agricole-2026-2027-a-moundou\",\"name\":\"lancement de campagne agricole 2026-2027 \u00e0 Moundou - tchad\",\"isPartOf\":{\"@id\":\"https:\/\/www.africa-press.net\/tchad\/#website\"},\"primaryImageOfPage\":{\"@id\":\"https:\/\/www.africa-press.net\/tchad\/economie\/lancement-de-campagne-agricole-2026-2027-a-moundou#primaryimage\"},\"image\":{\"@id\":\"https:\/\/www.africa-press.net\/tchad\/economie\/lancement-de-campagne-agricole-2026-2027-a-moundou#primaryimage\"},\"thumbnailUrl\":\"https:\/\/static.africa-press.net\/tchad\/sites\/41\/2026\/04\/sm_1777372334.623225.jpg\",\"datePublished\":\"2026-04-28T13:35:47+00:00\",\"dateModified\":\"2026-04-28T14:02:43+00:00\",\"author\":{\"@id\":\"https:\/\/www.africa-press.net\/tchad\/#\/schema\/person\/2b1cf3cd81a31e3cd26889ca66d677f1\"},\"description\":\"Le ministre de la Production et de l\u2019Industrialisation Agricole Keda Ballah, a lance\u0301 le 27 avril 2026 a\u0300 Moundou, ch ...\",\"breadcrumb\":{\"@id\":\"https:\/\/www.africa-press.net\/tchad\/economie\/lancement-de-campagne-agricole-2026-2027-a-moundou#breadcrumb\"},\"inLanguage\":\"fr-FR\",\"potentialAction\":[{\"@type\":\"ReadAction\",\"target\":[\"https:\/\/www.africa-press.net\/tchad\/economie\/lancement-de-campagne-agricole-2026-2027-a-moundou\"]}]},{\"@type\":\"ImageObject\",\"inLanguage\":\"fr-FR\",\"@id\":\"https:\/\/www.africa-press.net\/tchad\/economie\/lancement-de-campagne-agricole-2026-2027-a-moundou#primaryimage\",\"url\":\"https:\/\/static.africa-press.net\/tchad\/sites\/41\/2026\/04\/sm_1777372334.623225.jpg\",\"contentUrl\":\"https:\/\/static.africa-press.net\/tchad\/sites\/41\/2026\/04\/sm_1777372334.623225.jpg\",\"width\":780,\"height\":440,\"caption\":\"lancement de campagne agricole 2026-2027 \u00e0 Moundou\"},{\"@type\":\"BreadcrumbList\",\"@id\":\"https:\/\/www.africa-press.net\/tchad\/economie\/lancement-de-campagne-agricole-2026-2027-a-moundou#breadcrumb\",\"itemListElement\":[{\"@type\":\"ListItem\",\"position\":1,\"name\":\"Accueil\",\"item\":\"https:\/\/www.africa-press.net\/tchad\/\"},{\"@type\":\"ListItem\",\"position\":2,\"name\":\"lancement de campagne agricole 2026-2027 \u00e0 Moundou\"}]},{\"@type\":\"WebSite\",\"@id\":\"https:\/\/www.africa-press.net\/tchad\/#website\",\"url\":\"https:\/\/www.africa-press.net\/tchad\/\",\"name\":\"tchad\",\"description\":\"Just another Africa News Agency Sites site\",\"potentialAction\":[{\"@type\":\"SearchAction\",\"target\":{\"@type\":\"EntryPoint\",\"urlTemplate\":\"https:\/\/www.africa-press.net\/tchad\/?s={search_term_string}\"},\"query-input\":{\"@type\":\"PropertyValueSpecification\",\"valueRequired\":true,\"valueName\":\"search_term_string\"}}],\"inLanguage\":\"fr-FR\"},{\"@type\":\"Person\",\"@id\":\"https:\/\/www.africa-press.net\/tchad\/#\/schema\/person\/2b1cf3cd81a31e3cd26889ca66d677f1\",\"name\":\"cfeditorfr\"}]}<\/script>\n<!-- \/ Yoast SEO Premium plugin. -->","yoast_head_json":{"title":"lancement de campagne agricole 2026-2027 \u00e0 Moundou - tchad","description":"Le ministre de la Production et de l\u2019Industrialisation Agricole Keda Ballah, a lance\u0301 le 27 avril 2026 a\u0300 Moundou, ch ...","robots":{"index":"index","follow":"follow","max-snippet":"max-snippet:-1","max-image-preview":"max-image-preview:large","max-video-preview":"max-video-preview:-1"},"canonical":"https:\/\/www.africa-press.net\/tchad\/economie\/lancement-de-campagne-agricole-2026-2027-a-moundou","og_locale":"fr_FR","og_type":"article","og_title":"lancement de campagne agricole 2026-2027 \u00e0 Moundou","og_description":"Le ministre de la Production et de l\u2019Industrialisation Agricole Keda Ballah, a lance\u0301 le 27 avril 2026 a\u0300 Moundou, ch ...","og_url":"https:\/\/www.africa-press.net\/tchad\/economie\/lancement-de-campagne-agricole-2026-2027-a-moundou","og_site_name":"tchad","article_published_time":"2026-04-28T13:35:47+00:00","article_modified_time":"2026-04-28T14:02:43+00:00","og_image":[{"width":780,"height":440,"url":"https:\/\/static.africa-press.net\/tchad\/sites\/41\/2026\/04\/sm_1777372334.623225.jpg","type":"image\/jpeg"}],"author":"cfeditorfr","twitter_card":"summary_large_image","twitter_misc":{"\u00c9crit par":"cfeditorfr","Dur\u00e9e de lecture estim\u00e9e":"2 minutes"},"schema":{"@context":"https:\/\/schema.org","@graph":[{"@type":"Article","@id":"https:\/\/www.africa-press.net\/tchad\/economie\/lancement-de-campagne-agricole-2026-2027-a-moundou#article","isPartOf":{"@id":"https:\/\/www.africa-press.net\/tchad\/economie\/lancement-de-campagne-agricole-2026-2027-a-moundou"},"author":{"name":"cfeditorfr","@id":"https:\/\/www.africa-press.net\/tchad\/#\/schema\/person\/2b1cf3cd81a31e3cd26889ca66d677f1"},"headline":"lancement de campagne agricole 2026-2027 \u00e0 Moundou","datePublished":"2026-04-28T13:35:47+00:00","dateModified":"2026-04-28T14:02:43+00:00","mainEntityOfPage":{"@id":"https:\/\/www.africa-press.net\/tchad\/economie\/lancement-de-campagne-agricole-2026-2027-a-moundou"},"wordCount":289,"commentCount":0,"image":{"@id":"https:\/\/www.africa-press.net\/tchad\/economie\/lancement-de-campagne-agricole-2026-2027-a-moundou#primaryimage"},"thumbnailUrl":"https:\/\/static.africa-press.net\/tchad\/sites\/41\/2026\/04\/sm_1777372334.623225.jpg","keywords":["Tchad"],"articleSection":["\u00c9conomie","Toutes les actualit\u00e9s"],"inLanguage":"fr-FR","potentialAction":[{"@type":"CommentAction","name":"Comment","target":["https:\/\/www.africa-press.net\/tchad\/economie\/lancement-de-campagne-agricole-2026-2027-a-moundou#respond"]}]},{"@type":"WebPage","@id":"https:\/\/www.africa-press.net\/tchad\/economie\/lancement-de-campagne-agricole-2026-2027-a-moundou","url":"https:\/\/www.africa-press.net\/tchad\/economie\/lancement-de-campagne-agricole-2026-2027-a-moundou","name":"lancement de campagne agricole 2026-2027 \u00e0 Moundou - tchad","isPartOf":{"@id":"https:\/\/www.africa-press.net\/tchad\/#website"},"primaryImageOfPage":{"@id":"https:\/\/www.africa-press.net\/tchad\/economie\/lancement-de-campagne-agricole-2026-2027-a-moundou#primaryimage"},"image":{"@id":"https:\/\/www.africa-press.net\/tchad\/economie\/lancement-de-campagne-agricole-2026-2027-a-moundou#primaryimage"},"thumbnailUrl":"https:\/\/static.africa-press.net\/tchad\/sites\/41\/2026\/04\/sm_1777372334.623225.jpg","datePublished":"2026-04-28T13:35:47+00:00","dateModified":"2026-04-28T14:02:43+00:00","author":{"@id":"https:\/\/www.africa-press.net\/tchad\/#\/schema\/person\/2b1cf3cd81a31e3cd26889ca66d677f1"},"description":"Le ministre de la Production et de l\u2019Industrialisation Agricole Keda Ballah, a lance\u0301 le 27 avril 2026 a\u0300 Moundou, ch ...","breadcrumb":{"@id":"https:\/\/www.africa-press.net\/tchad\/economie\/lancement-de-campagne-agricole-2026-2027-a-moundou#breadcrumb"},"inLanguage":"fr-FR","potentialAction":[{"@type":"ReadAction","target":["https:\/\/www.africa-press.net\/tchad\/economie\/lancement-de-campagne-agricole-2026-2027-a-moundou"]}]},{"@type":"ImageObject","inLanguage":"fr-FR","@id":"https:\/\/www.africa-press.net\/tchad\/economie\/lancement-de-campagne-agricole-2026-2027-a-moundou#primaryimage","url":"https:\/\/static.africa-press.net\/tchad\/sites\/41\/2026\/04\/sm_1777372334.623225.jpg","contentUrl":"https:\/\/static.africa-press.net\/tchad\/sites\/41\/2026\/04\/sm_1777372334.623225.jpg","width":780,"height":440,"caption":"lancement de campagne agricole 2026-2027 \u00e0 Moundou"},{"@type":"BreadcrumbList","@id":"https:\/\/www.africa-press.net\/tchad\/economie\/lancement-de-campagne-agricole-2026-2027-a-moundou#breadcrumb","itemListElement":[{"@type":"ListItem","position":1,"name":"Accueil","item":"https:\/\/www.africa-press.net\/tchad\/"},{"@type":"ListItem","position":2,"name":"lancement de campagne agricole 2026-2027 \u00e0 Moundou"}]},{"@type":"WebSite","@id":"https:\/\/www.africa-press.net\/tchad\/#website","url":"https:\/\/www.africa-press.net\/tchad\/","name":"tchad","description":"Just another Africa News Agency Sites site","potentialAction":[{"@type":"SearchAction","target":{"@type":"EntryPoint","urlTemplate":"https:\/\/www.africa-press.net\/tchad\/?s={search_term_string}"},"query-input":{"@type":"PropertyValueSpecification","valueRequired":true,"valueName":"search_term_string"}}],"inLanguage":"fr-FR"},{"@type":"Person","@id":"https:\/\/www.africa-press.net\/tchad\/#\/schema\/person\/2b1cf3cd81a31e3cd26889ca66d677f1","name":"cfeditorfr"}]}},"_links":{"self":[{"href":"https:\/\/www.africa-press.net\/tchad\/wp-json\/wp\/v2\/posts\/101488","targetHints":{"allow":["GET"]}}],"collection":[{"href":"https:\/\/www.africa-press.net\/tchad\/wp-json\/wp\/v2\/posts"}],"about":[{"href":"https:\/\/www.africa-press.net\/tchad\/wp-json\/wp\/v2\/types\/post"}],"author":[{"embeddable":true,"href":"https:\/\/www.africa-press.net\/tchad\/wp-json\/wp\/v2\/users\/82"}],"replies":[{"embeddable":true,"href":"https:\/\/www.africa-press.net\/tchad\/wp-json\/wp\/v2\/comments?post=101488"}],"version-history":[{"count":1,"href":"https:\/\/www.africa-press.net\/tchad\/wp-json\/wp\/v2\/posts\/101488\/revisions"}],"predecessor-version":[{"id":101491,"href":"https:\/\/www.africa-press.net\/tchad\/wp-json\/wp\/v2\/posts\/101488\/revisions\/101491"}],"wp:featuredmedia":[{"embeddable":true,"href":"https:\/\/www.africa-press.net\/tchad\/wp-json\/wp\/v2\/media\/101487"}],"wp:attachment":[{"href":"https:\/\/www.africa-press.net\/tchad\/wp-json\/wp\/v2\/media?parent=101488"}],"wp:term":[{"taxonomy":"category","embeddable":true,"href":"https:\/\/www.africa-press.net\/tchad\/wp-json\/wp\/v2\/categories?post=101488"},{"taxonomy":"post_tag","embeddable":true,"href":"https:\/\/www.africa-press.net\/tchad\/wp-json\/wp\/v2\/tags?post=101488"}],"curies":[{"name":"wp","href":"https:\/\/api.w.org\/{rel}","templated":true}]}}