{"id":101493,"date":"2026-04-28T13:36:27","date_gmt":"2026-04-28T13:36:27","guid":{"rendered":"https:\/\/www.africa-press.net\/tchad\/politique\/opposants-du-gcap-entendus-par-la-police-judiciaire"},"modified":"2026-04-28T14:03:18","modified_gmt":"2026-04-28T14:03:18","slug":"opposants-du-gcap-entendus-par-la-police-judiciaire","status":"publish","type":"post","link":"https:\/\/www.africa-press.net\/tchad\/parties\/opposants-du-gcap-entendus-par-la-police-judiciaire","title":{"rendered":"Opposants du GCAP Entendus par la Police Judiciaire"},"content":{"rendered":"<p><span style=\"color: #ff6600\"><strong>Africa-Press &#8211; Tchad. <\/strong><\/span>Les huit opposants, interpelle\u0301s samedi 25 avril a\u0300 Ndjamena, sont toujours de\u0301tenus a\u0300 la Coordination de la police judiciaire de la capitale ce lundi 27 avril. Leurs soutiens affirment qu&rsquo;aucun mandat d&rsquo;arre\u0302t n&rsquo;a e\u0301te\u0301 pre\u0301sente\u0301 pour expliquer ce coup de filet. Tous sont des pre\u0301sidents de partis d&rsquo;opposition rassemble\u0301s au sein du Groupe de concertation des acteurs politiques (GCAP).<\/p>\n<p>Au <b>Tchad<\/b>, deux des huit de\u0301tenus ont e\u0301te\u0301 auditionne\u0301s, lundi 27 avril, en pre\u0301sence de leurs conseils. Il s&rsquo;agit de Max Kemkoy pre\u0301sident de l&rsquo;UDP et de Nassour Koursami, pre\u0301disent du parti Les patriotes. Ils avaient refuse\u0301, dimanche, d&rsquo;e\u0302tre entendus sans leurs avocats, bloque\u0301s a\u0300 l&rsquo;entre\u0301e de la Coordination de la police judiciaire de Ndjamena.<\/p>\n<p>Les six autres, eux, avaient accepte\u0301 d&rsquo;e\u0302tre auditionne\u0301s de\u0300s dimanche en l&rsquo;absence de leurs conseils. Ce 27 avril, dans l&rsquo;apre\u0300s-midi, leurs de\u0301clarations ont e\u0301te\u0301 relues avec leurs avocats. Selon des proches, les proce\u0300s-verbaux devraient e\u0302tre signe\u0301s demain, mardi 28 avril, avant un possible transfert au parquet.<\/p>\n<p>On en sait aussi un peu plus sur les raisons de ces arrestations. D&rsquo;apre\u0300s une source proche du dossier, le procureur a porte\u0301 plainte contre les huit opposants. Il leur reproche d&rsquo;avoir envisage\u0301 une marche de protestation, le 2 mai, avec, selon lui, des intentions insurrectionnelles et un risque de trouble a\u0300 l&rsquo;ordre public.<\/p>\n<p>Pour rappel, ces arrestations ont eu lieu au lendemain de la dissolution du GCAP, de\u0301cide\u0301e vendredi 24 avril, par un de\u0301cret de la Cour supre\u0302me. Une de\u0301cision justifie\u0301e par les autorite\u0301s, apre\u0300s l&rsquo;appel lance\u0301 par le GCAP a\u0300 une marche d&rsquo;indignation et de protestation pacifique, le 2 mai prochain.<\/p>\n<p>Une source proche des autorite\u0301s affirme que le procureur de la Re\u0301publique doit organiser une confe\u0301rence de presse pour rendre publiques les de\u0301tails de l&rsquo;affaire.<\/p>\n<p><strong>Pour plus d&rsquo;informations et d&rsquo;analyses sur la <span style=\"color: #ff6600\">Tchad<\/span>, suivez <span style=\"color: #ff6600\">Africa-Press<\/span><\/strong><\/p>\n","protected":false},"excerpt":{"rendered":"<p>Africa-Press &#8211; Tchad. Les huit opposants, interpelle\u0301s samedi 25 avril a\u0300 Ndjamena, sont toujours de\u0301tenus a\u0300 la Coordination de la police judiciaire de la capitale ce lundi 27 avril. Leurs soutiens affirment qu&rsquo;aucun mandat d&rsquo;arre\u0302t n&rsquo;a e\u0301te\u0301 pre\u0301sente\u0301 pour expliquer ce coup de filet. Tous sont des pre\u0301sidents de partis d&rsquo;opposition rassemble\u0301s au sein du [&hellip;]<\/p>\n","protected":false},"author":82,"featured_media":101492,"comment_status":"open","ping_status":"closed","sticky":false,"template":"","format":"standard","meta":{"footnotes":""},"categories":[4,426,20,10],"tags":[29],"class_list":["post-101493","post","type-post","status-publish","format-standard","has-post-thumbnail","hentry","category-parties","category-to-homepage","category-top-nouvelles","category-toutes-les-actualites","tag-tchad"],"yoast_head":"<!-- This site is optimized with the Yoast SEO Premium plugin v26.1 (Yoast SEO v27.0) - https:\/\/yoast.com\/product\/yoast-seo-premium-wordpress\/ -->\n<title>Opposants du GCAP Entendus par la Police Judiciaire - tchad<\/title>\n<meta name=\"description\" content=\"Les huit opposants, interpelle\u0301s samedi 25 avril a\u0300 Ndjamena, sont toujours de\u0301tenus a\u0300 la Coordination de la police jud ...\" \/>\n<meta name=\"robots\" content=\"index, follow, max-snippet:-1, max-image-preview:large, max-video-preview:-1\" \/>\n<link rel=\"canonical\" href=\"https:\/\/www.africa-press.net\/tchad\/parties\/opposants-du-gcap-entendus-par-la-police-judiciaire\" \/>\n<meta property=\"og:locale\" content=\"fr_FR\" \/>\n<meta property=\"og:type\" content=\"article\" \/>\n<meta property=\"og:title\" content=\"Opposants du GCAP Entendus par la Police Judiciaire\" \/>\n<meta property=\"og:description\" content=\"Les huit opposants, interpelle\u0301s samedi 25 avril a\u0300 Ndjamena, sont toujours de\u0301tenus a\u0300 la Coordination de la police jud ...\" \/>\n<meta property=\"og:url\" content=\"https:\/\/www.africa-press.net\/tchad\/parties\/opposants-du-gcap-entendus-par-la-police-judiciaire\" \/>\n<meta property=\"og:site_name\" content=\"tchad\" \/>\n<meta property=\"article:published_time\" content=\"2026-04-28T13:36:27+00:00\" \/>\n<meta property=\"article:modified_time\" content=\"2026-04-28T14:03:18+00:00\" \/>\n<meta property=\"og:image\" content=\"https:\/\/static.africa-press.net\/tchad\/sites\/41\/2026\/04\/sm_1777372372.812371.jpg\" \/>\n\t<meta property=\"og:image:width\" content=\"906\" \/>\n\t<meta property=\"og:image:height\" content=\"498\" \/>\n\t<meta property=\"og:image:type\" content=\"image\/jpeg\" \/>\n<meta name=\"author\" content=\"cfeditorfr\" \/>\n<meta name=\"twitter:card\" content=\"summary_large_image\" \/>\n<meta name=\"twitter:label1\" content=\"\u00c9crit par\" \/>\n\t<meta name=\"twitter:data1\" content=\"cfeditorfr\" \/>\n\t<meta name=\"twitter:label2\" content=\"Dur\u00e9e de lecture estim\u00e9e\" \/>\n\t<meta name=\"twitter:data2\" content=\"2 minutes\" \/>\n<script type=\"application\/ld+json\" class=\"yoast-schema-graph\">{\"@context\":\"https:\/\/schema.org\",\"@graph\":[{\"@type\":\"Article\",\"@id\":\"https:\/\/www.africa-press.net\/tchad\/parties\/opposants-du-gcap-entendus-par-la-police-judiciaire#article\",\"isPartOf\":{\"@id\":\"https:\/\/www.africa-press.net\/tchad\/parties\/opposants-du-gcap-entendus-par-la-police-judiciaire\"},\"author\":{\"name\":\"cfeditorfr\",\"@id\":\"https:\/\/www.africa-press.net\/tchad\/#\/schema\/person\/2b1cf3cd81a31e3cd26889ca66d677f1\"},\"headline\":\"Opposants du GCAP Entendus par la Police Judiciaire\",\"datePublished\":\"2026-04-28T13:36:27+00:00\",\"dateModified\":\"2026-04-28T14:03:18+00:00\",\"mainEntityOfPage\":{\"@id\":\"https:\/\/www.africa-press.net\/tchad\/parties\/opposants-du-gcap-entendus-par-la-police-judiciaire\"},\"wordCount\":358,\"commentCount\":0,\"image\":{\"@id\":\"https:\/\/www.africa-press.net\/tchad\/parties\/opposants-du-gcap-entendus-par-la-police-judiciaire#primaryimage\"},\"thumbnailUrl\":\"https:\/\/static.africa-press.net\/tchad\/sites\/41\/2026\/04\/sm_1777372372.812371.jpg\",\"keywords\":[\"Tchad\"],\"articleSection\":[\"Parties\",\"to-homepage\",\"Top Nouvelles\",\"Toutes les actualit\u00e9s\"],\"inLanguage\":\"fr-FR\",\"potentialAction\":[{\"@type\":\"CommentAction\",\"name\":\"Comment\",\"target\":[\"https:\/\/www.africa-press.net\/tchad\/parties\/opposants-du-gcap-entendus-par-la-police-judiciaire#respond\"]}]},{\"@type\":\"WebPage\",\"@id\":\"https:\/\/www.africa-press.net\/tchad\/parties\/opposants-du-gcap-entendus-par-la-police-judiciaire\",\"url\":\"https:\/\/www.africa-press.net\/tchad\/parties\/opposants-du-gcap-entendus-par-la-police-judiciaire\",\"name\":\"Opposants du GCAP Entendus par la Police Judiciaire - tchad\",\"isPartOf\":{\"@id\":\"https:\/\/www.africa-press.net\/tchad\/#website\"},\"primaryImageOfPage\":{\"@id\":\"https:\/\/www.africa-press.net\/tchad\/parties\/opposants-du-gcap-entendus-par-la-police-judiciaire#primaryimage\"},\"image\":{\"@id\":\"https:\/\/www.africa-press.net\/tchad\/parties\/opposants-du-gcap-entendus-par-la-police-judiciaire#primaryimage\"},\"thumbnailUrl\":\"https:\/\/static.africa-press.net\/tchad\/sites\/41\/2026\/04\/sm_1777372372.812371.jpg\",\"datePublished\":\"2026-04-28T13:36:27+00:00\",\"dateModified\":\"2026-04-28T14:03:18+00:00\",\"author\":{\"@id\":\"https:\/\/www.africa-press.net\/tchad\/#\/schema\/person\/2b1cf3cd81a31e3cd26889ca66d677f1\"},\"description\":\"Les huit opposants, interpelle\u0301s samedi 25 avril a\u0300 Ndjamena, sont toujours de\u0301tenus a\u0300 la Coordination de la police jud ...\",\"breadcrumb\":{\"@id\":\"https:\/\/www.africa-press.net\/tchad\/parties\/opposants-du-gcap-entendus-par-la-police-judiciaire#breadcrumb\"},\"inLanguage\":\"fr-FR\",\"potentialAction\":[{\"@type\":\"ReadAction\",\"target\":[\"https:\/\/www.africa-press.net\/tchad\/parties\/opposants-du-gcap-entendus-par-la-police-judiciaire\"]}]},{\"@type\":\"ImageObject\",\"inLanguage\":\"fr-FR\",\"@id\":\"https:\/\/www.africa-press.net\/tchad\/parties\/opposants-du-gcap-entendus-par-la-police-judiciaire#primaryimage\",\"url\":\"https:\/\/static.africa-press.net\/tchad\/sites\/41\/2026\/04\/sm_1777372372.812371.jpg\",\"contentUrl\":\"https:\/\/static.africa-press.net\/tchad\/sites\/41\/2026\/04\/sm_1777372372.812371.jpg\",\"width\":906,\"height\":498,\"caption\":\"Opposants du GCAP Entendus par la Police Judiciaire\"},{\"@type\":\"BreadcrumbList\",\"@id\":\"https:\/\/www.africa-press.net\/tchad\/parties\/opposants-du-gcap-entendus-par-la-police-judiciaire#breadcrumb\",\"itemListElement\":[{\"@type\":\"ListItem\",\"position\":1,\"name\":\"Accueil\",\"item\":\"https:\/\/www.africa-press.net\/tchad\/\"},{\"@type\":\"ListItem\",\"position\":2,\"name\":\"Opposants du GCAP Entendus par la Police Judiciaire\"}]},{\"@type\":\"WebSite\",\"@id\":\"https:\/\/www.africa-press.net\/tchad\/#website\",\"url\":\"https:\/\/www.africa-press.net\/tchad\/\",\"name\":\"tchad\",\"description\":\"Just another Africa News Agency Sites site\",\"potentialAction\":[{\"@type\":\"SearchAction\",\"target\":{\"@type\":\"EntryPoint\",\"urlTemplate\":\"https:\/\/www.africa-press.net\/tchad\/?s={search_term_string}\"},\"query-input\":{\"@type\":\"PropertyValueSpecification\",\"valueRequired\":true,\"valueName\":\"search_term_string\"}}],\"inLanguage\":\"fr-FR\"},{\"@type\":\"Person\",\"@id\":\"https:\/\/www.africa-press.net\/tchad\/#\/schema\/person\/2b1cf3cd81a31e3cd26889ca66d677f1\",\"name\":\"cfeditorfr\"}]}<\/script>\n<!-- \/ Yoast SEO Premium plugin. -->","yoast_head_json":{"title":"Opposants du GCAP Entendus par la Police Judiciaire - tchad","description":"Les huit opposants, interpelle\u0301s samedi 25 avril a\u0300 Ndjamena, sont toujours de\u0301tenus a\u0300 la Coordination de la police jud ...","robots":{"index":"index","follow":"follow","max-snippet":"max-snippet:-1","max-image-preview":"max-image-preview:large","max-video-preview":"max-video-preview:-1"},"canonical":"https:\/\/www.africa-press.net\/tchad\/parties\/opposants-du-gcap-entendus-par-la-police-judiciaire","og_locale":"fr_FR","og_type":"article","og_title":"Opposants du GCAP Entendus par la Police Judiciaire","og_description":"Les huit opposants, interpelle\u0301s samedi 25 avril a\u0300 Ndjamena, sont toujours de\u0301tenus a\u0300 la Coordination de la police jud ...","og_url":"https:\/\/www.africa-press.net\/tchad\/parties\/opposants-du-gcap-entendus-par-la-police-judiciaire","og_site_name":"tchad","article_published_time":"2026-04-28T13:36:27+00:00","article_modified_time":"2026-04-28T14:03:18+00:00","og_image":[{"width":906,"height":498,"url":"https:\/\/static.africa-press.net\/tchad\/sites\/41\/2026\/04\/sm_1777372372.812371.jpg","type":"image\/jpeg"}],"author":"cfeditorfr","twitter_card":"summary_large_image","twitter_misc":{"\u00c9crit par":"cfeditorfr","Dur\u00e9e de lecture estim\u00e9e":"2 minutes"},"schema":{"@context":"https:\/\/schema.org","@graph":[{"@type":"Article","@id":"https:\/\/www.africa-press.net\/tchad\/parties\/opposants-du-gcap-entendus-par-la-police-judiciaire#article","isPartOf":{"@id":"https:\/\/www.africa-press.net\/tchad\/parties\/opposants-du-gcap-entendus-par-la-police-judiciaire"},"author":{"name":"cfeditorfr","@id":"https:\/\/www.africa-press.net\/tchad\/#\/schema\/person\/2b1cf3cd81a31e3cd26889ca66d677f1"},"headline":"Opposants du GCAP Entendus par la Police Judiciaire","datePublished":"2026-04-28T13:36:27+00:00","dateModified":"2026-04-28T14:03:18+00:00","mainEntityOfPage":{"@id":"https:\/\/www.africa-press.net\/tchad\/parties\/opposants-du-gcap-entendus-par-la-police-judiciaire"},"wordCount":358,"commentCount":0,"image":{"@id":"https:\/\/www.africa-press.net\/tchad\/parties\/opposants-du-gcap-entendus-par-la-police-judiciaire#primaryimage"},"thumbnailUrl":"https:\/\/static.africa-press.net\/tchad\/sites\/41\/2026\/04\/sm_1777372372.812371.jpg","keywords":["Tchad"],"articleSection":["Parties","to-homepage","Top Nouvelles","Toutes les actualit\u00e9s"],"inLanguage":"fr-FR","potentialAction":[{"@type":"CommentAction","name":"Comment","target":["https:\/\/www.africa-press.net\/tchad\/parties\/opposants-du-gcap-entendus-par-la-police-judiciaire#respond"]}]},{"@type":"WebPage","@id":"https:\/\/www.africa-press.net\/tchad\/parties\/opposants-du-gcap-entendus-par-la-police-judiciaire","url":"https:\/\/www.africa-press.net\/tchad\/parties\/opposants-du-gcap-entendus-par-la-police-judiciaire","name":"Opposants du GCAP Entendus par la Police Judiciaire - tchad","isPartOf":{"@id":"https:\/\/www.africa-press.net\/tchad\/#website"},"primaryImageOfPage":{"@id":"https:\/\/www.africa-press.net\/tchad\/parties\/opposants-du-gcap-entendus-par-la-police-judiciaire#primaryimage"},"image":{"@id":"https:\/\/www.africa-press.net\/tchad\/parties\/opposants-du-gcap-entendus-par-la-police-judiciaire#primaryimage"},"thumbnailUrl":"https:\/\/static.africa-press.net\/tchad\/sites\/41\/2026\/04\/sm_1777372372.812371.jpg","datePublished":"2026-04-28T13:36:27+00:00","dateModified":"2026-04-28T14:03:18+00:00","author":{"@id":"https:\/\/www.africa-press.net\/tchad\/#\/schema\/person\/2b1cf3cd81a31e3cd26889ca66d677f1"},"description":"Les huit opposants, interpelle\u0301s samedi 25 avril a\u0300 Ndjamena, sont toujours de\u0301tenus a\u0300 la Coordination de la police jud ...","breadcrumb":{"@id":"https:\/\/www.africa-press.net\/tchad\/parties\/opposants-du-gcap-entendus-par-la-police-judiciaire#breadcrumb"},"inLanguage":"fr-FR","potentialAction":[{"@type":"ReadAction","target":["https:\/\/www.africa-press.net\/tchad\/parties\/opposants-du-gcap-entendus-par-la-police-judiciaire"]}]},{"@type":"ImageObject","inLanguage":"fr-FR","@id":"https:\/\/www.africa-press.net\/tchad\/parties\/opposants-du-gcap-entendus-par-la-police-judiciaire#primaryimage","url":"https:\/\/static.africa-press.net\/tchad\/sites\/41\/2026\/04\/sm_1777372372.812371.jpg","contentUrl":"https:\/\/static.africa-press.net\/tchad\/sites\/41\/2026\/04\/sm_1777372372.812371.jpg","width":906,"height":498,"caption":"Opposants du GCAP Entendus par la Police Judiciaire"},{"@type":"BreadcrumbList","@id":"https:\/\/www.africa-press.net\/tchad\/parties\/opposants-du-gcap-entendus-par-la-police-judiciaire#breadcrumb","itemListElement":[{"@type":"ListItem","position":1,"name":"Accueil","item":"https:\/\/www.africa-press.net\/tchad\/"},{"@type":"ListItem","position":2,"name":"Opposants du GCAP Entendus par la Police Judiciaire"}]},{"@type":"WebSite","@id":"https:\/\/www.africa-press.net\/tchad\/#website","url":"https:\/\/www.africa-press.net\/tchad\/","name":"tchad","description":"Just another Africa News Agency Sites site","potentialAction":[{"@type":"SearchAction","target":{"@type":"EntryPoint","urlTemplate":"https:\/\/www.africa-press.net\/tchad\/?s={search_term_string}"},"query-input":{"@type":"PropertyValueSpecification","valueRequired":true,"valueName":"search_term_string"}}],"inLanguage":"fr-FR"},{"@type":"Person","@id":"https:\/\/www.africa-press.net\/tchad\/#\/schema\/person\/2b1cf3cd81a31e3cd26889ca66d677f1","name":"cfeditorfr"}]}},"_links":{"self":[{"href":"https:\/\/www.africa-press.net\/tchad\/wp-json\/wp\/v2\/posts\/101493","targetHints":{"allow":["GET"]}}],"collection":[{"href":"https:\/\/www.africa-press.net\/tchad\/wp-json\/wp\/v2\/posts"}],"about":[{"href":"https:\/\/www.africa-press.net\/tchad\/wp-json\/wp\/v2\/types\/post"}],"author":[{"embeddable":true,"href":"https:\/\/www.africa-press.net\/tchad\/wp-json\/wp\/v2\/users\/82"}],"replies":[{"embeddable":true,"href":"https:\/\/www.africa-press.net\/tchad\/wp-json\/wp\/v2\/comments?post=101493"}],"version-history":[{"count":1,"href":"https:\/\/www.africa-press.net\/tchad\/wp-json\/wp\/v2\/posts\/101493\/revisions"}],"predecessor-version":[{"id":101497,"href":"https:\/\/www.africa-press.net\/tchad\/wp-json\/wp\/v2\/posts\/101493\/revisions\/101497"}],"wp:featuredmedia":[{"embeddable":true,"href":"https:\/\/www.africa-press.net\/tchad\/wp-json\/wp\/v2\/media\/101492"}],"wp:attachment":[{"href":"https:\/\/www.africa-press.net\/tchad\/wp-json\/wp\/v2\/media?parent=101493"}],"wp:term":[{"taxonomy":"category","embeddable":true,"href":"https:\/\/www.africa-press.net\/tchad\/wp-json\/wp\/v2\/categories?post=101493"},{"taxonomy":"post_tag","embeddable":true,"href":"https:\/\/www.africa-press.net\/tchad\/wp-json\/wp\/v2\/tags?post=101493"}],"curies":[{"name":"wp","href":"https:\/\/api.w.org\/{rel}","templated":true}]}}