{"id":101505,"date":"2026-04-28T13:38:33","date_gmt":"2026-04-28T13:38:33","guid":{"rendered":"https:\/\/www.africa-press.net\/tchad\/politique\/renforts-securitaires-annonces-a-ndjamena"},"modified":"2026-04-28T14:04:54","modified_gmt":"2026-04-28T14:04:54","slug":"renforts-securitaires-annonces-a-ndjamena","status":"publish","type":"post","link":"https:\/\/www.africa-press.net\/tchad\/politique\/renforts-securitaires-annonces-a-ndjamena","title":{"rendered":"Renforts S\u00e9curitaires Annonc\u00e9s \u00e0 N&rsquo;Djamena"},"content":{"rendered":"<p><span style=\"color: #ff6600\"><strong>Africa-Press &#8211; Tchad. <\/strong><\/span>Une importante re\u0301union de se\u0301curite\u0301 s\u2019est tenue ce lundi apre\u0300s-midi au sie\u0300ge de la commune du 1er arrondissement de N\u2019Djamena. La rencontre e\u0301tait co-pre\u0301side\u0301e par le maire de la commune, le directeur ge\u0301ne\u0301ral de la police nationale, le directeur ge\u0301ne\u0301ral de la gendarmerie et le commandant de la Garde nationale et nomade du Tchad (GNNT) 2e adjoint, en pre\u0301sence de plusieurs responsables des forces de de\u0301fense et de se\u0301curite\u0301.<\/p>\n<p>Objectif: encourager la commune dans sa lutte contre l\u2019inse\u0301curite\u0301 et appuyer ses actions sur le terrain. A\u0300 l\u2019issue des e\u0301changes, les autorite\u0301s ont annonce\u0301 l\u2019ouverture de postes de se\u0301curite\u0301 supple\u0301mentaires de la police et de la gendarmerie dans l\u2019ensemble du 1er arrondissement, notamment sur l\u2019i\u0302le de Gore\u0301 et au Carre\u0301 5 de Mile\u0301zi.<\/p>\n<p>Les responsables des deux corps ont e\u0301galement promis un renforcement en moyens mate\u0301riels et en ressources humaines pour mieux assurer la se\u0301curite\u0301. Ils ont appele\u0301 la population a\u0300 s\u2019impliquer dans la sensibilisation et a\u0300 collaborer avec les forces de de\u0301fense et de se\u0301curite\u0301.<\/p>\n<p><strong>Pour plus d&rsquo;informations et d&rsquo;analyses sur la <span style=\"color: #ff6600\">Tchad<\/span>, suivez <span style=\"color: #ff6600\">Africa-Press<\/span><\/strong><\/p>\n","protected":false},"excerpt":{"rendered":"<p>Africa-Press &#8211; Tchad. Une importante re\u0301union de se\u0301curite\u0301 s\u2019est tenue ce lundi apre\u0300s-midi au sie\u0300ge de la commune du 1er arrondissement de N\u2019Djamena. La rencontre e\u0301tait co-pre\u0301side\u0301e par le maire de la commune, le directeur ge\u0301ne\u0301ral de la police nationale, le directeur ge\u0301ne\u0301ral de la gendarmerie et le commandant de la Garde nationale et nomade [&hellip;]<\/p>\n","protected":false},"author":82,"featured_media":101504,"comment_status":"open","ping_status":"closed","sticky":false,"template":"","format":"standard","meta":{"footnotes":""},"categories":[2,20,10],"tags":[29],"class_list":["post-101505","post","type-post","status-publish","format-standard","has-post-thumbnail","hentry","category-politique","category-top-nouvelles","category-toutes-les-actualites","tag-tchad"],"yoast_head":"<!-- This site is optimized with the Yoast SEO Premium plugin v26.1 (Yoast SEO v27.0) - https:\/\/yoast.com\/product\/yoast-seo-premium-wordpress\/ -->\n<title>Renforts S\u00e9curitaires Annonc\u00e9s \u00e0 N&#039;Djamena - tchad<\/title>\n<meta name=\"description\" content=\"Une importante re\u0301union de se\u0301curite\u0301 s\u2019est tenue ce lundi apre\u0300s-midi au sie\u0300ge de la commune du 1er arrondissement de ...\" \/>\n<meta name=\"robots\" content=\"index, follow, max-snippet:-1, max-image-preview:large, max-video-preview:-1\" \/>\n<link rel=\"canonical\" href=\"https:\/\/www.africa-press.net\/tchad\/politique\/renforts-securitaires-annonces-a-ndjamena\" \/>\n<meta property=\"og:locale\" content=\"fr_FR\" \/>\n<meta property=\"og:type\" content=\"article\" \/>\n<meta property=\"og:title\" content=\"Renforts S\u00e9curitaires Annonc\u00e9s \u00e0 N&#039;Djamena\" \/>\n<meta property=\"og:description\" content=\"Une importante re\u0301union de se\u0301curite\u0301 s\u2019est tenue ce lundi apre\u0300s-midi au sie\u0300ge de la commune du 1er arrondissement de ...\" \/>\n<meta property=\"og:url\" content=\"https:\/\/www.africa-press.net\/tchad\/politique\/renforts-securitaires-annonces-a-ndjamena\" \/>\n<meta property=\"og:site_name\" content=\"tchad\" \/>\n<meta property=\"article:published_time\" content=\"2026-04-28T13:38:33+00:00\" \/>\n<meta property=\"article:modified_time\" content=\"2026-04-28T14:04:54+00:00\" \/>\n<meta property=\"og:image\" content=\"https:\/\/static.africa-press.net\/tchad\/sites\/41\/2026\/04\/sm_1777372455.886557.jpg\" \/>\n\t<meta property=\"og:image:width\" content=\"1280\" \/>\n\t<meta property=\"og:image:height\" content=\"720\" \/>\n\t<meta property=\"og:image:type\" content=\"image\/jpeg\" \/>\n<meta name=\"author\" content=\"cfeditorfr\" \/>\n<meta name=\"twitter:card\" content=\"summary_large_image\" \/>\n<meta name=\"twitter:label1\" content=\"\u00c9crit par\" \/>\n\t<meta name=\"twitter:data1\" content=\"cfeditorfr\" \/>\n\t<meta name=\"twitter:label2\" content=\"Dur\u00e9e de lecture estim\u00e9e\" \/>\n\t<meta name=\"twitter:data2\" content=\"2 minutes\" \/>\n<script type=\"application\/ld+json\" class=\"yoast-schema-graph\">{\"@context\":\"https:\/\/schema.org\",\"@graph\":[{\"@type\":\"Article\",\"@id\":\"https:\/\/www.africa-press.net\/tchad\/politique\/renforts-securitaires-annonces-a-ndjamena#article\",\"isPartOf\":{\"@id\":\"https:\/\/www.africa-press.net\/tchad\/politique\/renforts-securitaires-annonces-a-ndjamena\"},\"author\":{\"name\":\"cfeditorfr\",\"@id\":\"https:\/\/www.africa-press.net\/tchad\/#\/schema\/person\/2b1cf3cd81a31e3cd26889ca66d677f1\"},\"headline\":\"Renforts S\u00e9curitaires Annonc\u00e9s \u00e0 N&rsquo;Djamena\",\"datePublished\":\"2026-04-28T13:38:33+00:00\",\"dateModified\":\"2026-04-28T14:04:54+00:00\",\"mainEntityOfPage\":{\"@id\":\"https:\/\/www.africa-press.net\/tchad\/politique\/renforts-securitaires-annonces-a-ndjamena\"},\"wordCount\":220,\"commentCount\":0,\"image\":{\"@id\":\"https:\/\/www.africa-press.net\/tchad\/politique\/renforts-securitaires-annonces-a-ndjamena#primaryimage\"},\"thumbnailUrl\":\"https:\/\/static.africa-press.net\/tchad\/sites\/41\/2026\/04\/sm_1777372455.886557.jpg\",\"keywords\":[\"Tchad\"],\"articleSection\":[\"Politique\",\"Top Nouvelles\",\"Toutes les actualit\u00e9s\"],\"inLanguage\":\"fr-FR\",\"potentialAction\":[{\"@type\":\"CommentAction\",\"name\":\"Comment\",\"target\":[\"https:\/\/www.africa-press.net\/tchad\/politique\/renforts-securitaires-annonces-a-ndjamena#respond\"]}]},{\"@type\":\"WebPage\",\"@id\":\"https:\/\/www.africa-press.net\/tchad\/politique\/renforts-securitaires-annonces-a-ndjamena\",\"url\":\"https:\/\/www.africa-press.net\/tchad\/politique\/renforts-securitaires-annonces-a-ndjamena\",\"name\":\"Renforts S\u00e9curitaires Annonc\u00e9s \u00e0 N'Djamena - tchad\",\"isPartOf\":{\"@id\":\"https:\/\/www.africa-press.net\/tchad\/#website\"},\"primaryImageOfPage\":{\"@id\":\"https:\/\/www.africa-press.net\/tchad\/politique\/renforts-securitaires-annonces-a-ndjamena#primaryimage\"},\"image\":{\"@id\":\"https:\/\/www.africa-press.net\/tchad\/politique\/renforts-securitaires-annonces-a-ndjamena#primaryimage\"},\"thumbnailUrl\":\"https:\/\/static.africa-press.net\/tchad\/sites\/41\/2026\/04\/sm_1777372455.886557.jpg\",\"datePublished\":\"2026-04-28T13:38:33+00:00\",\"dateModified\":\"2026-04-28T14:04:54+00:00\",\"author\":{\"@id\":\"https:\/\/www.africa-press.net\/tchad\/#\/schema\/person\/2b1cf3cd81a31e3cd26889ca66d677f1\"},\"description\":\"Une importante re\u0301union de se\u0301curite\u0301 s\u2019est tenue ce lundi apre\u0300s-midi au sie\u0300ge de la commune du 1er arrondissement de ...\",\"breadcrumb\":{\"@id\":\"https:\/\/www.africa-press.net\/tchad\/politique\/renforts-securitaires-annonces-a-ndjamena#breadcrumb\"},\"inLanguage\":\"fr-FR\",\"potentialAction\":[{\"@type\":\"ReadAction\",\"target\":[\"https:\/\/www.africa-press.net\/tchad\/politique\/renforts-securitaires-annonces-a-ndjamena\"]}]},{\"@type\":\"ImageObject\",\"inLanguage\":\"fr-FR\",\"@id\":\"https:\/\/www.africa-press.net\/tchad\/politique\/renforts-securitaires-annonces-a-ndjamena#primaryimage\",\"url\":\"https:\/\/static.africa-press.net\/tchad\/sites\/41\/2026\/04\/sm_1777372455.886557.jpg\",\"contentUrl\":\"https:\/\/static.africa-press.net\/tchad\/sites\/41\/2026\/04\/sm_1777372455.886557.jpg\",\"width\":1280,\"height\":720,\"caption\":\"Renforts S\u00e9curitaires Annonc\u00e9s \u00e0 N'Djamena\"},{\"@type\":\"BreadcrumbList\",\"@id\":\"https:\/\/www.africa-press.net\/tchad\/politique\/renforts-securitaires-annonces-a-ndjamena#breadcrumb\",\"itemListElement\":[{\"@type\":\"ListItem\",\"position\":1,\"name\":\"Accueil\",\"item\":\"https:\/\/www.africa-press.net\/tchad\/\"},{\"@type\":\"ListItem\",\"position\":2,\"name\":\"Renforts S\u00e9curitaires Annonc\u00e9s \u00e0 N&#8217;Djamena\"}]},{\"@type\":\"WebSite\",\"@id\":\"https:\/\/www.africa-press.net\/tchad\/#website\",\"url\":\"https:\/\/www.africa-press.net\/tchad\/\",\"name\":\"tchad\",\"description\":\"Just another Africa News Agency Sites site\",\"potentialAction\":[{\"@type\":\"SearchAction\",\"target\":{\"@type\":\"EntryPoint\",\"urlTemplate\":\"https:\/\/www.africa-press.net\/tchad\/?s={search_term_string}\"},\"query-input\":{\"@type\":\"PropertyValueSpecification\",\"valueRequired\":true,\"valueName\":\"search_term_string\"}}],\"inLanguage\":\"fr-FR\"},{\"@type\":\"Person\",\"@id\":\"https:\/\/www.africa-press.net\/tchad\/#\/schema\/person\/2b1cf3cd81a31e3cd26889ca66d677f1\",\"name\":\"cfeditorfr\"}]}<\/script>\n<!-- \/ Yoast SEO Premium plugin. -->","yoast_head_json":{"title":"Renforts S\u00e9curitaires Annonc\u00e9s \u00e0 N'Djamena - tchad","description":"Une importante re\u0301union de se\u0301curite\u0301 s\u2019est tenue ce lundi apre\u0300s-midi au sie\u0300ge de la commune du 1er arrondissement de ...","robots":{"index":"index","follow":"follow","max-snippet":"max-snippet:-1","max-image-preview":"max-image-preview:large","max-video-preview":"max-video-preview:-1"},"canonical":"https:\/\/www.africa-press.net\/tchad\/politique\/renforts-securitaires-annonces-a-ndjamena","og_locale":"fr_FR","og_type":"article","og_title":"Renforts S\u00e9curitaires Annonc\u00e9s \u00e0 N'Djamena","og_description":"Une importante re\u0301union de se\u0301curite\u0301 s\u2019est tenue ce lundi apre\u0300s-midi au sie\u0300ge de la commune du 1er arrondissement de ...","og_url":"https:\/\/www.africa-press.net\/tchad\/politique\/renforts-securitaires-annonces-a-ndjamena","og_site_name":"tchad","article_published_time":"2026-04-28T13:38:33+00:00","article_modified_time":"2026-04-28T14:04:54+00:00","og_image":[{"width":1280,"height":720,"url":"https:\/\/static.africa-press.net\/tchad\/sites\/41\/2026\/04\/sm_1777372455.886557.jpg","type":"image\/jpeg"}],"author":"cfeditorfr","twitter_card":"summary_large_image","twitter_misc":{"\u00c9crit par":"cfeditorfr","Dur\u00e9e de lecture estim\u00e9e":"2 minutes"},"schema":{"@context":"https:\/\/schema.org","@graph":[{"@type":"Article","@id":"https:\/\/www.africa-press.net\/tchad\/politique\/renforts-securitaires-annonces-a-ndjamena#article","isPartOf":{"@id":"https:\/\/www.africa-press.net\/tchad\/politique\/renforts-securitaires-annonces-a-ndjamena"},"author":{"name":"cfeditorfr","@id":"https:\/\/www.africa-press.net\/tchad\/#\/schema\/person\/2b1cf3cd81a31e3cd26889ca66d677f1"},"headline":"Renforts S\u00e9curitaires Annonc\u00e9s \u00e0 N&rsquo;Djamena","datePublished":"2026-04-28T13:38:33+00:00","dateModified":"2026-04-28T14:04:54+00:00","mainEntityOfPage":{"@id":"https:\/\/www.africa-press.net\/tchad\/politique\/renforts-securitaires-annonces-a-ndjamena"},"wordCount":220,"commentCount":0,"image":{"@id":"https:\/\/www.africa-press.net\/tchad\/politique\/renforts-securitaires-annonces-a-ndjamena#primaryimage"},"thumbnailUrl":"https:\/\/static.africa-press.net\/tchad\/sites\/41\/2026\/04\/sm_1777372455.886557.jpg","keywords":["Tchad"],"articleSection":["Politique","Top Nouvelles","Toutes les actualit\u00e9s"],"inLanguage":"fr-FR","potentialAction":[{"@type":"CommentAction","name":"Comment","target":["https:\/\/www.africa-press.net\/tchad\/politique\/renforts-securitaires-annonces-a-ndjamena#respond"]}]},{"@type":"WebPage","@id":"https:\/\/www.africa-press.net\/tchad\/politique\/renforts-securitaires-annonces-a-ndjamena","url":"https:\/\/www.africa-press.net\/tchad\/politique\/renforts-securitaires-annonces-a-ndjamena","name":"Renforts S\u00e9curitaires Annonc\u00e9s \u00e0 N'Djamena - tchad","isPartOf":{"@id":"https:\/\/www.africa-press.net\/tchad\/#website"},"primaryImageOfPage":{"@id":"https:\/\/www.africa-press.net\/tchad\/politique\/renforts-securitaires-annonces-a-ndjamena#primaryimage"},"image":{"@id":"https:\/\/www.africa-press.net\/tchad\/politique\/renforts-securitaires-annonces-a-ndjamena#primaryimage"},"thumbnailUrl":"https:\/\/static.africa-press.net\/tchad\/sites\/41\/2026\/04\/sm_1777372455.886557.jpg","datePublished":"2026-04-28T13:38:33+00:00","dateModified":"2026-04-28T14:04:54+00:00","author":{"@id":"https:\/\/www.africa-press.net\/tchad\/#\/schema\/person\/2b1cf3cd81a31e3cd26889ca66d677f1"},"description":"Une importante re\u0301union de se\u0301curite\u0301 s\u2019est tenue ce lundi apre\u0300s-midi au sie\u0300ge de la commune du 1er arrondissement de ...","breadcrumb":{"@id":"https:\/\/www.africa-press.net\/tchad\/politique\/renforts-securitaires-annonces-a-ndjamena#breadcrumb"},"inLanguage":"fr-FR","potentialAction":[{"@type":"ReadAction","target":["https:\/\/www.africa-press.net\/tchad\/politique\/renforts-securitaires-annonces-a-ndjamena"]}]},{"@type":"ImageObject","inLanguage":"fr-FR","@id":"https:\/\/www.africa-press.net\/tchad\/politique\/renforts-securitaires-annonces-a-ndjamena#primaryimage","url":"https:\/\/static.africa-press.net\/tchad\/sites\/41\/2026\/04\/sm_1777372455.886557.jpg","contentUrl":"https:\/\/static.africa-press.net\/tchad\/sites\/41\/2026\/04\/sm_1777372455.886557.jpg","width":1280,"height":720,"caption":"Renforts S\u00e9curitaires Annonc\u00e9s \u00e0 N'Djamena"},{"@type":"BreadcrumbList","@id":"https:\/\/www.africa-press.net\/tchad\/politique\/renforts-securitaires-annonces-a-ndjamena#breadcrumb","itemListElement":[{"@type":"ListItem","position":1,"name":"Accueil","item":"https:\/\/www.africa-press.net\/tchad\/"},{"@type":"ListItem","position":2,"name":"Renforts S\u00e9curitaires Annonc\u00e9s \u00e0 N&#8217;Djamena"}]},{"@type":"WebSite","@id":"https:\/\/www.africa-press.net\/tchad\/#website","url":"https:\/\/www.africa-press.net\/tchad\/","name":"tchad","description":"Just another Africa News Agency Sites site","potentialAction":[{"@type":"SearchAction","target":{"@type":"EntryPoint","urlTemplate":"https:\/\/www.africa-press.net\/tchad\/?s={search_term_string}"},"query-input":{"@type":"PropertyValueSpecification","valueRequired":true,"valueName":"search_term_string"}}],"inLanguage":"fr-FR"},{"@type":"Person","@id":"https:\/\/www.africa-press.net\/tchad\/#\/schema\/person\/2b1cf3cd81a31e3cd26889ca66d677f1","name":"cfeditorfr"}]}},"_links":{"self":[{"href":"https:\/\/www.africa-press.net\/tchad\/wp-json\/wp\/v2\/posts\/101505","targetHints":{"allow":["GET"]}}],"collection":[{"href":"https:\/\/www.africa-press.net\/tchad\/wp-json\/wp\/v2\/posts"}],"about":[{"href":"https:\/\/www.africa-press.net\/tchad\/wp-json\/wp\/v2\/types\/post"}],"author":[{"embeddable":true,"href":"https:\/\/www.africa-press.net\/tchad\/wp-json\/wp\/v2\/users\/82"}],"replies":[{"embeddable":true,"href":"https:\/\/www.africa-press.net\/tchad\/wp-json\/wp\/v2\/comments?post=101505"}],"version-history":[{"count":1,"href":"https:\/\/www.africa-press.net\/tchad\/wp-json\/wp\/v2\/posts\/101505\/revisions"}],"predecessor-version":[{"id":101511,"href":"https:\/\/www.africa-press.net\/tchad\/wp-json\/wp\/v2\/posts\/101505\/revisions\/101511"}],"wp:featuredmedia":[{"embeddable":true,"href":"https:\/\/www.africa-press.net\/tchad\/wp-json\/wp\/v2\/media\/101504"}],"wp:attachment":[{"href":"https:\/\/www.africa-press.net\/tchad\/wp-json\/wp\/v2\/media?parent=101505"}],"wp:term":[{"taxonomy":"category","embeddable":true,"href":"https:\/\/www.africa-press.net\/tchad\/wp-json\/wp\/v2\/categories?post=101505"},{"taxonomy":"post_tag","embeddable":true,"href":"https:\/\/www.africa-press.net\/tchad\/wp-json\/wp\/v2\/tags?post=101505"}],"curies":[{"name":"wp","href":"https:\/\/api.w.org\/{rel}","templated":true}]}}