{"id":101908,"date":"2026-08-19T11:44:10","date_gmt":"2026-08-19T11:44:10","guid":{"rendered":"https:\/\/www.africa-press.net\/tchad\/politique\/tchad-le-pouvoir-rejette-un-gouvernement-dunion-nationale"},"modified":"2026-08-20T16:16:50","modified_gmt":"2026-08-20T16:16:50","slug":"tchad-le-pouvoir-rejette-un-gouvernement-dunion-nationale","status":"publish","type":"post","link":"https:\/\/www.africa-press.net\/tchad\/politique\/tchad-le-pouvoir-rejette-un-gouvernement-dunion-nationale","title":{"rendered":"Tchad: le Pouvoir Rejette un Gouvernement D&rsquo;Union Nationale"},"content":{"rendered":"<p><span class=\"ap-article-header-tag\"> <strong>Africa-Press &#8211; Tchad. <\/strong> <\/span>Le porte-parole du gouvernement tchadien et ministre de la Communication, Qassim Sharif Muhammad, a de\u0301clare\u0301 que la question de la formation d&rsquo;un gouvernement d&rsquo;unite\u0301 nationale ou de partage du pouvoir \u00ab n&rsquo;est pas du tout a\u0300 l&rsquo;ordre du jour \u00bb pour le moment, quelques jours apre\u0300s la libe\u0301ration de l&rsquo;ancien Premier ministre tchadien et opposant de premier plan, Suksis Masra, dans le cadre d&rsquo;une gra\u0302ce pre\u0301sidentielle.<\/p>\n<p>Le pre\u0301sident tchadien, Mahamat Idriss De\u0301by, a accorde\u0301 une gra\u0302ce a\u0300 Suksis Masra et a\u0300 huit autres opposants, une de\u0301marche que les autorite\u0301s ont qualifie\u0301e d&rsquo;effort pour apaiser les tensions politiques et ouvrir la voie a\u0300 la re\u0301conciliation et a\u0300 la paix dans le pays.<\/p>\n<p>Qassim Sharif Muhammad a pre\u0301cise\u0301 que les autorite\u0301s accueillent favorablement la de\u0301cision de gra\u0302ce, la conside\u0301rant comme un reflet de la volonte\u0301 du chef de l&rsquo;E\u0301tat de \u00ab de\u0301samorcer les tensions politiques \u00bb et de pre\u0301parer les conditions pour la re\u0301conciliation nationale.<\/p>\n<p>Concernant la proposition de Suksis Masra de former un gouvernement d&rsquo;unite\u0301 nationale, le porte-parole du gouvernement a indique\u0301 que le pre\u0301sident Mahamat Idriss De\u0301by a re\u0301affirme\u0301, dans un message adresse\u0301 le dimanche 16 aou\u0302t, sa confiance renouvele\u0301e dans le gouvernement actuel et le Premier ministre Alamin Hali.<\/p>\n<p>Il a ajoute\u0301 que l&rsquo;agenda du pre\u0301sident ne pre\u0301voit actuellement aucune orientation vers la formation d&rsquo;un gouvernement d&rsquo;unite\u0301 nationale ou de partage du pouvoir, pre\u0301cisant que De\u0301by a e\u0301te\u0301 e\u0301lu par le peuple tchadien sur la base d&rsquo;un programme politique, et que le gouvernement est tenu de mettre en \u0153uvre ce programme au cours des cinq prochaines anne\u0301es.<\/p>\n<p>Le responsable tchadien a souligne\u0301 que Suksis Masra, en tant que citoyen tchadien, jouit de ses droits politiques et civils, et peut exercer ces droits, mais a e\u0301galement affirme\u0301 que cela ne signifie pas qu&rsquo;il a le pouvoir d&rsquo;imposer son agenda politique ou de de\u0301terminer les de\u0301lais d&rsquo;action du gouvernement.<\/p>\n<p>Le porte-parole du gouvernement a rejete\u0301 la description de Suksis Masra en tant que leader de l&rsquo;opposition tchadienne, affirmant que cette de\u0301signation n&rsquo;est plus pre\u0301cise. Il a explique\u0301 que Masra e\u0301tait Premier ministre avant son incarce\u0301ration, tandis que l&rsquo;ancien Premier ministre, Albert Pahimi Padacke\u0301, occupe actuellement le poste de leader de l&rsquo;opposition, participant e\u0301galement au cadre du dialogue politique qui inclut des partis de l&rsquo;opposition et de la majorite\u0301.<\/p>\n<p>Qassim Sharif Muhammad s&rsquo;est interroge\u0301 sur la base sur laquelle Masra se pre\u0301sente comme repre\u0301sentant de l&rsquo;opposition ou pre\u0301tendant a\u0300 son monopole, soulignant que l&rsquo;opposition est repre\u0301sente\u0301e a\u0300 l&rsquo;Assemble\u0301e nationale et au Se\u0301nat par des de\u0301pute\u0301s et des membres du Se\u0301nat, ainsi que par des repre\u0301sentants dans les conseils re\u0301gionaux et municipaux.<\/p>\n<p>Il a conside\u0301re\u0301 que la proposition d&rsquo;un gouvernement d&rsquo;unite\u0301 nationale dans les circonstances actuelles est \u00ab irre\u0301aliste \u00bb, affirmant que les autorite\u0301s ne voient pas que Masra ait une le\u0301gitimite\u0301 politique lui permettant d&rsquo;imposer cette option.<\/p>\n<p>Concernant les prochaines e\u0301tapes apre\u0300s l&rsquo;e\u0301mission des de\u0301cisions de gra\u0302ce, le porte-parole a mentionne\u0301 qu&rsquo;il existe des voix politiques appelant a\u0300 une gra\u0302ce ge\u0301ne\u0301rale, pre\u0301cisant que la gra\u0302ce pre\u0301sidentielle diffe\u0300re de la gra\u0302ce ge\u0301ne\u0301rale, car elle n&rsquo;annule pas la condamnation judiciaire ni n&rsquo;efface les effets du jugement.<\/p>\n<p>Il a de\u0301clare\u0301 que la question de l&rsquo;e\u0301mission d&rsquo;une gra\u0302ce ge\u0301ne\u0301rale sera examine\u0301e par le pre\u0301sident de l&rsquo;E\u0301tat, qui prendra une de\u0301cision en temps voulu. Qassim Sharif Muhammad a confirme\u0301 que le gouvernement s&rsquo;attend a\u0300 ce que les opposants be\u0301ne\u0301ficiant de la gra\u0302ce participent au processus de re\u0301conciliation nationale et reprennent leurs ro\u0302les politiques.<\/p>\n<p>Il a ajoute\u0301 que le gouvernement tchadien est ouvert a\u0300 la critique et a\u0300 l&rsquo;opposition, a\u0300 condition que celle-ci soit \u00ab constructive \u00bb et propose des ide\u0301es pouvant contribuer au progre\u0300s du pays. Il a e\u0301galement mis en garde contre les discours politiques caracte\u0301rise\u0301s par des insultes ou des extre\u0301mismes ou des tendances re\u0301gionales et communautaires, conside\u0301rant que de telles positions devraient changer, dans ce qu&rsquo;il a qualifie\u0301 de de\u0301mocratie tchadienne naissante qui \u0153uvre a\u0300 renforcer ses institutions.<\/p>\n<p>Il a e\u0301galement souligne\u0301 la ne\u0301cessite\u0301 de se me\u0301fier des discours de haine et de division, affirmant que l&rsquo;ancrage de la stabilite\u0301 politique ne\u0301cessite de s&rsquo;e\u0301loigner des discours pouvant accroi\u0302tre les divisions au sein de la socie\u0301te\u0301.<\/p>\n<p>Le porte-parole du gouvernement tchadien a e\u0301galement aborde\u0301 la de\u0301cision de son pays de se retirer de la Cour pe\u0301nale internationale, annonce\u0301e par le Tchad a\u0300 la fin de juillet 2026.<\/p>\n<p>Il a explique\u0301 que cette de\u0301cision est le re\u0301sultat d&rsquo;un examen mene\u0301 par le gouvernement pendant des anne\u0301es concernant l&rsquo;utilite\u0301 de la Cour pe\u0301nale internationale pour le Tchad et l&rsquo;Afrique en ge\u0301ne\u0301ral.<\/p>\n<p>Il a de\u0301clare\u0301 que le gouvernement tchadien estime que la Cour traite de manie\u0300re injuste les pays africains, notant que les dirigeants africains ont, selon l&rsquo;e\u0301valuation du gouvernement, e\u0301te\u0301 au c\u0153ur des affaires ayant abouti a\u0300 des jugements contre des chefs d&rsquo;E\u0301tat.<\/p>\n<p>Le responsable tchadien a place\u0301 cette de\u0301cision dans le cadre de ce qu&rsquo;il a de\u0301crit comme une tendance souverainiste croissante au Tchad et dans la re\u0301gion du Sahel, ainsi que ce qu&rsquo;il a conside\u0301re\u0301 comme une re\u0301ponse a\u0300 l&rsquo;influence coloniale nouvelle.<\/p>\n<p>Il a souligne\u0301 que cette tendance ne se limite pas au Tchad, mais se manifeste e\u0301galement dans plusieurs pays de la re\u0301gion du Sahel, conside\u0301rant que la monte\u0301e du souverainisme et de l&rsquo;anticolonialisme est devenue des facteurs influents dans les orientations des gouvernements et des socie\u0301te\u0301s de la re\u0301gion.<\/p>\n<p>En re\u0301ponse a\u0300 une question sur les me\u0301canismes disponibles pour les victimes souhaitant recourir a\u0300 la Cour pe\u0301nale internationale, Qassim Sharif Muhammad a confirme\u0301 que son pays dispose d&rsquo;un syste\u0300me judiciaire inde\u0301pendant, et que le gouvernement travaille a\u0300 renforcer l&rsquo;inde\u0301pendance de la justice.<\/p>\n<p>Il a note\u0301 que le pre\u0301sident de la Re\u0301publique du Tchad ne nomme plus le pre\u0301sident de la plus haute instance judiciaire, conside\u0301rant que cela refle\u0300te l&rsquo;inde\u0301pendance des institutions judiciaires.<\/p>\n<p>Il a e\u0301galement appele\u0301 a\u0300 renforcer le ro\u0302le des me\u0301canismes judiciaires relevant de l&rsquo;Union africaine, en se re\u0301fe\u0301rant en particulier a\u0300 la Cour de justice de l&rsquo;Union africaine, comme un me\u0301canisme pouvant e\u0302tre de\u0301veloppe\u0301 pour traiter les affaires et les proble\u0300mes auxquels sont confronte\u0301s les pays et les socie\u0301te\u0301s africains sur le continent.<\/p>\n<p class=\"ap-article-footer-note\">Retrouvez plus d\u2019actualit\u00e9s et d\u2019analyses sur <span class=\"ap-highlight-country\">Tchad<\/span> sur le site <span class=\"ap-highlight-brand\">Africa Press<\/span><\/p>\n","protected":false},"excerpt":{"rendered":"<p>Africa-Press &#8211; Tchad. Le porte-parole du gouvernement tchadien et ministre de la Communication, Qassim Sharif Muhammad, a de\u0301clare\u0301 que la question de la formation d&rsquo;un gouvernement d&rsquo;unite\u0301 nationale ou de partage du pouvoir \u00ab n&rsquo;est pas du tout a\u0300 l&rsquo;ordre du jour \u00bb pour le moment, quelques jours apre\u0300s la libe\u0301ration de l&rsquo;ancien Premier ministre [&hellip;]<\/p>\n","protected":false},"author":82,"featured_media":101907,"comment_status":"open","ping_status":"closed","sticky":false,"template":"","format":"standard","meta":{"footnotes":""},"categories":[2,20,10],"tags":[29],"class_list":["post-101908","post","type-post","status-publish","format-standard","has-post-thumbnail","hentry","category-politique","category-top-nouvelles","category-toutes-les-actualites","tag-tchad"],"yoast_head":"<!-- This site is optimized with the Yoast SEO Premium plugin v26.1 (Yoast SEO v27.0) - https:\/\/yoast.com\/product\/yoast-seo-premium-wordpress\/ -->\n<title>Tchad: le Pouvoir Rejette un Gouvernement D&#039;Union Nationale - tchad<\/title>\n<meta name=\"description\" content=\"Le porte-parole du gouvernement tchadien et ministre de la Communication, Qassim Sharif Muhammad, a de\u0301clare\u0301\" \/>\n<meta name=\"robots\" content=\"index, follow, max-snippet:-1, max-image-preview:large, max-video-preview:-1\" \/>\n<link rel=\"canonical\" href=\"https:\/\/www.africa-press.net\/tchad\/politique\/tchad-le-pouvoir-rejette-un-gouvernement-dunion-nationale\" \/>\n<meta property=\"og:locale\" content=\"fr_FR\" \/>\n<meta property=\"og:type\" content=\"article\" \/>\n<meta property=\"og:title\" content=\"Tchad: le Pouvoir Rejette un Gouvernement D&#039;Union Nationale\" \/>\n<meta property=\"og:description\" content=\"Le porte-parole du gouvernement tchadien et ministre de la Communication, Qassim Sharif Muhammad, a de\u0301clare\u0301\" \/>\n<meta property=\"og:url\" content=\"https:\/\/www.africa-press.net\/tchad\/politique\/tchad-le-pouvoir-rejette-un-gouvernement-dunion-nationale\" \/>\n<meta property=\"og:site_name\" content=\"tchad\" \/>\n<meta property=\"article:published_time\" content=\"2026-08-19T11:44:10+00:00\" \/>\n<meta property=\"article:modified_time\" content=\"2026-08-20T16:16:50+00:00\" \/>\n<meta property=\"og:image\" content=\"https:\/\/static.africa-press.net\/tchad\/sites\/41\/2026\/08\/sm_1787241999.383191.jpg\" \/>\n\t<meta property=\"og:image:width\" content=\"1280\" \/>\n\t<meta property=\"og:image:height\" content=\"720\" \/>\n\t<meta property=\"og:image:type\" content=\"image\/jpeg\" \/>\n<meta name=\"author\" content=\"cfeditorfr\" \/>\n<meta name=\"twitter:card\" content=\"summary_large_image\" \/>\n<meta name=\"twitter:label1\" content=\"\u00c9crit par\" \/>\n\t<meta name=\"twitter:data1\" content=\"cfeditorfr\" \/>\n\t<meta name=\"twitter:label2\" content=\"Dur\u00e9e de lecture estim\u00e9e\" \/>\n\t<meta name=\"twitter:data2\" content=\"6 minutes\" \/>\n<script type=\"application\/ld+json\" class=\"yoast-schema-graph\">{\"@context\":\"https:\/\/schema.org\",\"@graph\":[{\"@type\":\"Article\",\"@id\":\"https:\/\/www.africa-press.net\/tchad\/politique\/tchad-le-pouvoir-rejette-un-gouvernement-dunion-nationale#article\",\"isPartOf\":{\"@id\":\"https:\/\/www.africa-press.net\/tchad\/politique\/tchad-le-pouvoir-rejette-un-gouvernement-dunion-nationale\"},\"author\":{\"name\":\"cfeditorfr\",\"@id\":\"https:\/\/www.africa-press.net\/tchad\/#\/schema\/person\/2b1cf3cd81a31e3cd26889ca66d677f1\"},\"headline\":\"Tchad: le Pouvoir Rejette un Gouvernement D&rsquo;Union Nationale\",\"datePublished\":\"2026-08-19T11:44:10+00:00\",\"dateModified\":\"2026-08-20T16:16:50+00:00\",\"mainEntityOfPage\":{\"@id\":\"https:\/\/www.africa-press.net\/tchad\/politique\/tchad-le-pouvoir-rejette-un-gouvernement-dunion-nationale\"},\"wordCount\":1227,\"commentCount\":0,\"image\":{\"@id\":\"https:\/\/www.africa-press.net\/tchad\/politique\/tchad-le-pouvoir-rejette-un-gouvernement-dunion-nationale#primaryimage\"},\"thumbnailUrl\":\"https:\/\/static.africa-press.net\/tchad\/sites\/41\/2026\/08\/sm_1787241999.383191.jpg\",\"keywords\":[\"Tchad\"],\"articleSection\":[\"Politique\",\"Top Nouvelles\",\"Toutes les actualit\u00e9s\"],\"inLanguage\":\"fr-FR\",\"potentialAction\":[{\"@type\":\"CommentAction\",\"name\":\"Comment\",\"target\":[\"https:\/\/www.africa-press.net\/tchad\/politique\/tchad-le-pouvoir-rejette-un-gouvernement-dunion-nationale#respond\"]}]},{\"@type\":\"WebPage\",\"@id\":\"https:\/\/www.africa-press.net\/tchad\/politique\/tchad-le-pouvoir-rejette-un-gouvernement-dunion-nationale\",\"url\":\"https:\/\/www.africa-press.net\/tchad\/politique\/tchad-le-pouvoir-rejette-un-gouvernement-dunion-nationale\",\"name\":\"Tchad: le Pouvoir Rejette un Gouvernement D'Union Nationale - tchad\",\"isPartOf\":{\"@id\":\"https:\/\/www.africa-press.net\/tchad\/#website\"},\"primaryImageOfPage\":{\"@id\":\"https:\/\/www.africa-press.net\/tchad\/politique\/tchad-le-pouvoir-rejette-un-gouvernement-dunion-nationale#primaryimage\"},\"image\":{\"@id\":\"https:\/\/www.africa-press.net\/tchad\/politique\/tchad-le-pouvoir-rejette-un-gouvernement-dunion-nationale#primaryimage\"},\"thumbnailUrl\":\"https:\/\/static.africa-press.net\/tchad\/sites\/41\/2026\/08\/sm_1787241999.383191.jpg\",\"datePublished\":\"2026-08-19T11:44:10+00:00\",\"dateModified\":\"2026-08-20T16:16:50+00:00\",\"author\":{\"@id\":\"https:\/\/www.africa-press.net\/tchad\/#\/schema\/person\/2b1cf3cd81a31e3cd26889ca66d677f1\"},\"description\":\"Le porte-parole du gouvernement tchadien et ministre de la Communication, Qassim Sharif Muhammad, a de\u0301clare\u0301\",\"breadcrumb\":{\"@id\":\"https:\/\/www.africa-press.net\/tchad\/politique\/tchad-le-pouvoir-rejette-un-gouvernement-dunion-nationale#breadcrumb\"},\"inLanguage\":\"fr-FR\",\"potentialAction\":[{\"@type\":\"ReadAction\",\"target\":[\"https:\/\/www.africa-press.net\/tchad\/politique\/tchad-le-pouvoir-rejette-un-gouvernement-dunion-nationale\"]}]},{\"@type\":\"ImageObject\",\"inLanguage\":\"fr-FR\",\"@id\":\"https:\/\/www.africa-press.net\/tchad\/politique\/tchad-le-pouvoir-rejette-un-gouvernement-dunion-nationale#primaryimage\",\"url\":\"https:\/\/static.africa-press.net\/tchad\/sites\/41\/2026\/08\/sm_1787241999.383191.jpg\",\"contentUrl\":\"https:\/\/static.africa-press.net\/tchad\/sites\/41\/2026\/08\/sm_1787241999.383191.jpg\",\"width\":1280,\"height\":720,\"caption\":\"Tchad: le Pouvoir Rejette un Gouvernement D'Union Nationale\"},{\"@type\":\"BreadcrumbList\",\"@id\":\"https:\/\/www.africa-press.net\/tchad\/politique\/tchad-le-pouvoir-rejette-un-gouvernement-dunion-nationale#breadcrumb\",\"itemListElement\":[{\"@type\":\"ListItem\",\"position\":1,\"name\":\"Accueil\",\"item\":\"https:\/\/www.africa-press.net\/tchad\/\"},{\"@type\":\"ListItem\",\"position\":2,\"name\":\"Tchad: le Pouvoir Rejette un Gouvernement D&#8217;Union Nationale\"}]},{\"@type\":\"WebSite\",\"@id\":\"https:\/\/www.africa-press.net\/tchad\/#website\",\"url\":\"https:\/\/www.africa-press.net\/tchad\/\",\"name\":\"tchad\",\"description\":\"Just another Africa News Agency Sites site\",\"potentialAction\":[{\"@type\":\"SearchAction\",\"target\":{\"@type\":\"EntryPoint\",\"urlTemplate\":\"https:\/\/www.africa-press.net\/tchad\/?s={search_term_string}\"},\"query-input\":{\"@type\":\"PropertyValueSpecification\",\"valueRequired\":true,\"valueName\":\"search_term_string\"}}],\"inLanguage\":\"fr-FR\"},{\"@type\":\"Person\",\"@id\":\"https:\/\/www.africa-press.net\/tchad\/#\/schema\/person\/2b1cf3cd81a31e3cd26889ca66d677f1\",\"name\":\"cfeditorfr\"}]}<\/script>\n<!-- \/ Yoast SEO Premium plugin. -->","yoast_head_json":{"title":"Tchad: le Pouvoir Rejette un Gouvernement D'Union Nationale - tchad","description":"Le porte-parole du gouvernement tchadien et ministre de la Communication, Qassim Sharif Muhammad, a de\u0301clare\u0301","robots":{"index":"index","follow":"follow","max-snippet":"max-snippet:-1","max-image-preview":"max-image-preview:large","max-video-preview":"max-video-preview:-1"},"canonical":"https:\/\/www.africa-press.net\/tchad\/politique\/tchad-le-pouvoir-rejette-un-gouvernement-dunion-nationale","og_locale":"fr_FR","og_type":"article","og_title":"Tchad: le Pouvoir Rejette un Gouvernement D'Union Nationale","og_description":"Le porte-parole du gouvernement tchadien et ministre de la Communication, Qassim Sharif Muhammad, a de\u0301clare\u0301","og_url":"https:\/\/www.africa-press.net\/tchad\/politique\/tchad-le-pouvoir-rejette-un-gouvernement-dunion-nationale","og_site_name":"tchad","article_published_time":"2026-08-19T11:44:10+00:00","article_modified_time":"2026-08-20T16:16:50+00:00","og_image":[{"width":1280,"height":720,"url":"https:\/\/static.africa-press.net\/tchad\/sites\/41\/2026\/08\/sm_1787241999.383191.jpg","type":"image\/jpeg"}],"author":"cfeditorfr","twitter_card":"summary_large_image","twitter_misc":{"\u00c9crit par":"cfeditorfr","Dur\u00e9e de lecture estim\u00e9e":"6 minutes"},"schema":{"@context":"https:\/\/schema.org","@graph":[{"@type":"Article","@id":"https:\/\/www.africa-press.net\/tchad\/politique\/tchad-le-pouvoir-rejette-un-gouvernement-dunion-nationale#article","isPartOf":{"@id":"https:\/\/www.africa-press.net\/tchad\/politique\/tchad-le-pouvoir-rejette-un-gouvernement-dunion-nationale"},"author":{"name":"cfeditorfr","@id":"https:\/\/www.africa-press.net\/tchad\/#\/schema\/person\/2b1cf3cd81a31e3cd26889ca66d677f1"},"headline":"Tchad: le Pouvoir Rejette un Gouvernement D&rsquo;Union Nationale","datePublished":"2026-08-19T11:44:10+00:00","dateModified":"2026-08-20T16:16:50+00:00","mainEntityOfPage":{"@id":"https:\/\/www.africa-press.net\/tchad\/politique\/tchad-le-pouvoir-rejette-un-gouvernement-dunion-nationale"},"wordCount":1227,"commentCount":0,"image":{"@id":"https:\/\/www.africa-press.net\/tchad\/politique\/tchad-le-pouvoir-rejette-un-gouvernement-dunion-nationale#primaryimage"},"thumbnailUrl":"https:\/\/static.africa-press.net\/tchad\/sites\/41\/2026\/08\/sm_1787241999.383191.jpg","keywords":["Tchad"],"articleSection":["Politique","Top Nouvelles","Toutes les actualit\u00e9s"],"inLanguage":"fr-FR","potentialAction":[{"@type":"CommentAction","name":"Comment","target":["https:\/\/www.africa-press.net\/tchad\/politique\/tchad-le-pouvoir-rejette-un-gouvernement-dunion-nationale#respond"]}]},{"@type":"WebPage","@id":"https:\/\/www.africa-press.net\/tchad\/politique\/tchad-le-pouvoir-rejette-un-gouvernement-dunion-nationale","url":"https:\/\/www.africa-press.net\/tchad\/politique\/tchad-le-pouvoir-rejette-un-gouvernement-dunion-nationale","name":"Tchad: le Pouvoir Rejette un Gouvernement D'Union Nationale - tchad","isPartOf":{"@id":"https:\/\/www.africa-press.net\/tchad\/#website"},"primaryImageOfPage":{"@id":"https:\/\/www.africa-press.net\/tchad\/politique\/tchad-le-pouvoir-rejette-un-gouvernement-dunion-nationale#primaryimage"},"image":{"@id":"https:\/\/www.africa-press.net\/tchad\/politique\/tchad-le-pouvoir-rejette-un-gouvernement-dunion-nationale#primaryimage"},"thumbnailUrl":"https:\/\/static.africa-press.net\/tchad\/sites\/41\/2026\/08\/sm_1787241999.383191.jpg","datePublished":"2026-08-19T11:44:10+00:00","dateModified":"2026-08-20T16:16:50+00:00","author":{"@id":"https:\/\/www.africa-press.net\/tchad\/#\/schema\/person\/2b1cf3cd81a31e3cd26889ca66d677f1"},"description":"Le porte-parole du gouvernement tchadien et ministre de la Communication, Qassim Sharif Muhammad, a de\u0301clare\u0301","breadcrumb":{"@id":"https:\/\/www.africa-press.net\/tchad\/politique\/tchad-le-pouvoir-rejette-un-gouvernement-dunion-nationale#breadcrumb"},"inLanguage":"fr-FR","potentialAction":[{"@type":"ReadAction","target":["https:\/\/www.africa-press.net\/tchad\/politique\/tchad-le-pouvoir-rejette-un-gouvernement-dunion-nationale"]}]},{"@type":"ImageObject","inLanguage":"fr-FR","@id":"https:\/\/www.africa-press.net\/tchad\/politique\/tchad-le-pouvoir-rejette-un-gouvernement-dunion-nationale#primaryimage","url":"https:\/\/static.africa-press.net\/tchad\/sites\/41\/2026\/08\/sm_1787241999.383191.jpg","contentUrl":"https:\/\/static.africa-press.net\/tchad\/sites\/41\/2026\/08\/sm_1787241999.383191.jpg","width":1280,"height":720,"caption":"Tchad: le Pouvoir Rejette un Gouvernement D'Union Nationale"},{"@type":"BreadcrumbList","@id":"https:\/\/www.africa-press.net\/tchad\/politique\/tchad-le-pouvoir-rejette-un-gouvernement-dunion-nationale#breadcrumb","itemListElement":[{"@type":"ListItem","position":1,"name":"Accueil","item":"https:\/\/www.africa-press.net\/tchad\/"},{"@type":"ListItem","position":2,"name":"Tchad: le Pouvoir Rejette un Gouvernement D&#8217;Union Nationale"}]},{"@type":"WebSite","@id":"https:\/\/www.africa-press.net\/tchad\/#website","url":"https:\/\/www.africa-press.net\/tchad\/","name":"tchad","description":"Just another Africa News Agency Sites site","potentialAction":[{"@type":"SearchAction","target":{"@type":"EntryPoint","urlTemplate":"https:\/\/www.africa-press.net\/tchad\/?s={search_term_string}"},"query-input":{"@type":"PropertyValueSpecification","valueRequired":true,"valueName":"search_term_string"}}],"inLanguage":"fr-FR"},{"@type":"Person","@id":"https:\/\/www.africa-press.net\/tchad\/#\/schema\/person\/2b1cf3cd81a31e3cd26889ca66d677f1","name":"cfeditorfr"}]}},"_links":{"self":[{"href":"https:\/\/www.africa-press.net\/tchad\/wp-json\/wp\/v2\/posts\/101908","targetHints":{"allow":["GET"]}}],"collection":[{"href":"https:\/\/www.africa-press.net\/tchad\/wp-json\/wp\/v2\/posts"}],"about":[{"href":"https:\/\/www.africa-press.net\/tchad\/wp-json\/wp\/v2\/types\/post"}],"author":[{"embeddable":true,"href":"https:\/\/www.africa-press.net\/tchad\/wp-json\/wp\/v2\/users\/82"}],"replies":[{"embeddable":true,"href":"https:\/\/www.africa-press.net\/tchad\/wp-json\/wp\/v2\/comments?post=101908"}],"version-history":[{"count":1,"href":"https:\/\/www.africa-press.net\/tchad\/wp-json\/wp\/v2\/posts\/101908\/revisions"}],"predecessor-version":[{"id":101911,"href":"https:\/\/www.africa-press.net\/tchad\/wp-json\/wp\/v2\/posts\/101908\/revisions\/101911"}],"wp:featuredmedia":[{"embeddable":true,"href":"https:\/\/www.africa-press.net\/tchad\/wp-json\/wp\/v2\/media\/101907"}],"wp:attachment":[{"href":"https:\/\/www.africa-press.net\/tchad\/wp-json\/wp\/v2\/media?parent=101908"}],"wp:term":[{"taxonomy":"category","embeddable":true,"href":"https:\/\/www.africa-press.net\/tchad\/wp-json\/wp\/v2\/categories?post=101908"},{"taxonomy":"post_tag","embeddable":true,"href":"https:\/\/www.africa-press.net\/tchad\/wp-json\/wp\/v2\/tags?post=101908"}],"curies":[{"name":"wp","href":"https:\/\/api.w.org\/{rel}","templated":true}]}}