{"id":10346,"date":"2021-08-31T16:57:17","date_gmt":"2021-08-31T16:57:17","guid":{"rendered":"https:\/\/www.africa-press.net\/tchad\/politique\/une-equipe-medicale-mobile-deployee-a-la-maison-darret-de-klessoum"},"modified":"2021-08-31T17:24:59","modified_gmt":"2021-08-31T17:24:59","slug":"une-equipe-medicale-mobile-deployee-a-la-maison-darret-de-klessoum","status":"publish","type":"post","link":"https:\/\/www.africa-press.net\/tchad\/toutes-les-actualites\/une-equipe-medicale-mobile-deployee-a-la-maison-darret-de-klessoum","title":{"rendered":"une \u00e9quipe m\u00e9dicale mobile d\u00e9ploy\u00e9e \u00e0 la maison d\u2019arr\u00eat de Klessoum"},"content":{"rendered":"<p><span style=\"color: #ff6600\"><strong><a href=\"https:\/\/www.africa-press.net\/\">Africa-Press<\/a> &#8211; <a href=\"https:\/\/www.africa-press.net\/tchad\">Tchad<\/a>. <\/strong><\/span>Dans le cadre de la lutte contre la maladie \u00e0 coronavirus, le minist\u00e8re de la Sant\u00e9 publique et de la Solidarit\u00e9 nationale, a d\u00e9ploy\u00e9 une \u00e9quipe m\u00e9dicale mobile \u00e0 la maison d\u2019arr\u00eat de Klessoum, informe le d\u00e9partement minist\u00e9riel.<\/p>\n<p>Cette \u00e9quipe est charg\u00e9e de proc\u00e9der \u00e0 la consultation m\u00e9dicale, \u00e0 la vaccination contre le Covid-19 et au d\u00e9pistage du VIH\/sida. Elle est \u00e0 son quatri\u00e8me jour de travail.<\/p>\n<p>Pour le directeur de l\u2019administration p\u00e9nitentiaire, la vaccination des d\u00e9tenus contre le Covid-19 est un acte louable pos\u00e9 par le minist\u00e8re de la Sant\u00e9 publique et de la Solidarit\u00e9 nationale.<\/p>\n<p>Cela prouve \u00e0 suffisance que le gouvernement \u0153uvre pour le respect des droits des d\u00e9tenus et \u00e0 travers le minist\u00e8re de la Sant\u00e9 publique et de la Solidarit\u00e9 nationale se soucie de la sant\u00e9 de la population carc\u00e9rale.<\/p>\n<p>Le secr\u00e9taire g\u00e9n\u00e9ral du minist\u00e8re de la Sant\u00e9 publique et de la Solidarit\u00e9 nationale, Dr Isma\u00ebl Barh Bechar, a invit\u00e9 toute la population carc\u00e9rale \u00e0 se faire vacciner contre le Covid-19, pour se prot\u00e9ger contre cette pand\u00e9mie.<\/p>\n","protected":false},"excerpt":{"rendered":"<p>Africa-Press &#8211; Tchad. Dans le cadre de la lutte contre la maladie \u00e0 coronavirus, le minist\u00e8re de la Sant\u00e9 publique et de la Solidarit\u00e9 nationale, a d\u00e9ploy\u00e9 une \u00e9quipe m\u00e9dicale mobile \u00e0 la maison d\u2019arr\u00eat de Klessoum, informe le d\u00e9partement minist\u00e9riel. Cette \u00e9quipe est charg\u00e9e de proc\u00e9der \u00e0 la consultation m\u00e9dicale, \u00e0 la vaccination contre [&hellip;]<\/p>\n","protected":false},"author":82,"featured_media":10345,"comment_status":"open","ping_status":"closed","sticky":false,"template":"","format":"standard","meta":{"footnotes":""},"categories":[21,11,10],"tags":[37,292,508,1412,29],"class_list":["post-10346","post","type-post","status-publish","format-standard","has-post-thumbnail","hentry","category-communaute","category-homepage-french","category-toutes-les-actualites","tag-africa-press","tag-africa-press-tchad","tag-klessoum","tag-medicale","tag-tchad"],"yoast_head":"<!-- This site is optimized with the Yoast SEO Premium plugin v26.1 (Yoast SEO v27.0) - https:\/\/yoast.com\/product\/yoast-seo-premium-wordpress\/ -->\n<title>une \u00e9quipe m\u00e9dicale mobile d\u00e9ploy\u00e9e \u00e0 la maison d\u2019arr\u00eat de Klessoum - tchad<\/title>\n<meta name=\"description\" content=\"Dans le cadre de la lutte contre la maladie \u00e0 coronavirus, le minist\u00e8re de la Sant\u00e9 publique et de la Solidarit\u00e9 nationa ...\" \/>\n<meta name=\"robots\" content=\"index, follow, max-snippet:-1, max-image-preview:large, max-video-preview:-1\" \/>\n<link rel=\"canonical\" href=\"https:\/\/www.africa-press.net\/tchad\/toutes-les-actualites\/une-equipe-medicale-mobile-deployee-a-la-maison-darret-de-klessoum\" \/>\n<meta property=\"og:locale\" content=\"fr_FR\" \/>\n<meta property=\"og:type\" content=\"article\" \/>\n<meta property=\"og:title\" content=\"une \u00e9quipe m\u00e9dicale mobile d\u00e9ploy\u00e9e \u00e0 la maison d\u2019arr\u00eat de Klessoum\" \/>\n<meta property=\"og:description\" content=\"Dans le cadre de la lutte contre la maladie \u00e0 coronavirus, le minist\u00e8re de la Sant\u00e9 publique et de la Solidarit\u00e9 nationa ...\" \/>\n<meta property=\"og:url\" content=\"https:\/\/www.africa-press.net\/tchad\/toutes-les-actualites\/une-equipe-medicale-mobile-deployee-a-la-maison-darret-de-klessoum\" \/>\n<meta property=\"og:site_name\" content=\"tchad\" \/>\n<meta property=\"article:published_time\" content=\"2021-08-31T16:57:17+00:00\" \/>\n<meta property=\"article:modified_time\" content=\"2021-08-31T17:24:59+00:00\" \/>\n<meta property=\"og:image\" content=\"https:\/\/static.africa-press.net\/tchad\/sites\/41\/2021\/08\/img-612e65ccb87c6.jpg\" \/>\n\t<meta property=\"og:image:width\" content=\"870\" \/>\n\t<meta property=\"og:image:height\" content=\"653\" \/>\n\t<meta property=\"og:image:type\" content=\"image\/jpeg\" \/>\n<meta name=\"author\" content=\"cfeditorfr\" \/>\n<meta name=\"twitter:card\" content=\"summary_large_image\" \/>\n<meta name=\"twitter:label1\" content=\"\u00c9crit par\" \/>\n\t<meta name=\"twitter:data1\" content=\"cfeditorfr\" \/>\n\t<meta name=\"twitter:label2\" content=\"Dur\u00e9e de lecture estim\u00e9e\" \/>\n\t<meta name=\"twitter:data2\" content=\"1 minute\" \/>\n<script type=\"application\/ld+json\" class=\"yoast-schema-graph\">{\"@context\":\"https:\/\/schema.org\",\"@graph\":[{\"@type\":\"Article\",\"@id\":\"https:\/\/www.africa-press.net\/tchad\/toutes-les-actualites\/une-equipe-medicale-mobile-deployee-a-la-maison-darret-de-klessoum#article\",\"isPartOf\":{\"@id\":\"https:\/\/www.africa-press.net\/tchad\/toutes-les-actualites\/une-equipe-medicale-mobile-deployee-a-la-maison-darret-de-klessoum\"},\"author\":{\"name\":\"cfeditorfr\",\"@id\":\"https:\/\/www.africa-press.net\/tchad\/#\/schema\/person\/2b1cf3cd81a31e3cd26889ca66d677f1\"},\"headline\":\"une \u00e9quipe m\u00e9dicale mobile d\u00e9ploy\u00e9e \u00e0 la maison d\u2019arr\u00eat de Klessoum\",\"datePublished\":\"2021-08-31T16:57:17+00:00\",\"dateModified\":\"2021-08-31T17:24:59+00:00\",\"mainEntityOfPage\":{\"@id\":\"https:\/\/www.africa-press.net\/tchad\/toutes-les-actualites\/une-equipe-medicale-mobile-deployee-a-la-maison-darret-de-klessoum\"},\"wordCount\":210,\"commentCount\":0,\"image\":{\"@id\":\"https:\/\/www.africa-press.net\/tchad\/toutes-les-actualites\/une-equipe-medicale-mobile-deployee-a-la-maison-darret-de-klessoum#primaryimage\"},\"thumbnailUrl\":\"https:\/\/static.africa-press.net\/tchad\/sites\/41\/2021\/08\/img-612e65ccb87c6.jpg\",\"keywords\":[\"Africa Press\",\"Africa Press-Tchad\",\"Klessoum\",\"m\u00e9dicale\",\"Tchad\"],\"articleSection\":[\"Communaut\u00e9\",\"homepage-french\",\"Toutes les actualit\u00e9s\"],\"inLanguage\":\"fr-FR\",\"potentialAction\":[{\"@type\":\"CommentAction\",\"name\":\"Comment\",\"target\":[\"https:\/\/www.africa-press.net\/tchad\/toutes-les-actualites\/une-equipe-medicale-mobile-deployee-a-la-maison-darret-de-klessoum#respond\"]}]},{\"@type\":\"WebPage\",\"@id\":\"https:\/\/www.africa-press.net\/tchad\/toutes-les-actualites\/une-equipe-medicale-mobile-deployee-a-la-maison-darret-de-klessoum\",\"url\":\"https:\/\/www.africa-press.net\/tchad\/toutes-les-actualites\/une-equipe-medicale-mobile-deployee-a-la-maison-darret-de-klessoum\",\"name\":\"une \u00e9quipe m\u00e9dicale mobile d\u00e9ploy\u00e9e \u00e0 la maison d\u2019arr\u00eat de Klessoum - tchad\",\"isPartOf\":{\"@id\":\"https:\/\/www.africa-press.net\/tchad\/#website\"},\"primaryImageOfPage\":{\"@id\":\"https:\/\/www.africa-press.net\/tchad\/toutes-les-actualites\/une-equipe-medicale-mobile-deployee-a-la-maison-darret-de-klessoum#primaryimage\"},\"image\":{\"@id\":\"https:\/\/www.africa-press.net\/tchad\/toutes-les-actualites\/une-equipe-medicale-mobile-deployee-a-la-maison-darret-de-klessoum#primaryimage\"},\"thumbnailUrl\":\"https:\/\/static.africa-press.net\/tchad\/sites\/41\/2021\/08\/img-612e65ccb87c6.jpg\",\"datePublished\":\"2021-08-31T16:57:17+00:00\",\"dateModified\":\"2021-08-31T17:24:59+00:00\",\"author\":{\"@id\":\"https:\/\/www.africa-press.net\/tchad\/#\/schema\/person\/2b1cf3cd81a31e3cd26889ca66d677f1\"},\"description\":\"Dans le cadre de la lutte contre la maladie \u00e0 coronavirus, le minist\u00e8re de la Sant\u00e9 publique et de la Solidarit\u00e9 nationa ...\",\"breadcrumb\":{\"@id\":\"https:\/\/www.africa-press.net\/tchad\/toutes-les-actualites\/une-equipe-medicale-mobile-deployee-a-la-maison-darret-de-klessoum#breadcrumb\"},\"inLanguage\":\"fr-FR\",\"potentialAction\":[{\"@type\":\"ReadAction\",\"target\":[\"https:\/\/www.africa-press.net\/tchad\/toutes-les-actualites\/une-equipe-medicale-mobile-deployee-a-la-maison-darret-de-klessoum\"]}]},{\"@type\":\"ImageObject\",\"inLanguage\":\"fr-FR\",\"@id\":\"https:\/\/www.africa-press.net\/tchad\/toutes-les-actualites\/une-equipe-medicale-mobile-deployee-a-la-maison-darret-de-klessoum#primaryimage\",\"url\":\"https:\/\/static.africa-press.net\/tchad\/sites\/41\/2021\/08\/img-612e65ccb87c6.jpg\",\"contentUrl\":\"https:\/\/static.africa-press.net\/tchad\/sites\/41\/2021\/08\/img-612e65ccb87c6.jpg\",\"width\":870,\"height\":653,\"caption\":\"une \u00e9quipe m\u00e9dicale mobile d\u00e9ploy\u00e9e \u00e0 la maison d\u2019arr\u00eat de Klessoum\"},{\"@type\":\"BreadcrumbList\",\"@id\":\"https:\/\/www.africa-press.net\/tchad\/toutes-les-actualites\/une-equipe-medicale-mobile-deployee-a-la-maison-darret-de-klessoum#breadcrumb\",\"itemListElement\":[{\"@type\":\"ListItem\",\"position\":1,\"name\":\"Accueil\",\"item\":\"https:\/\/www.africa-press.net\/tchad\/\"},{\"@type\":\"ListItem\",\"position\":2,\"name\":\"une \u00e9quipe m\u00e9dicale mobile d\u00e9ploy\u00e9e \u00e0 la maison d\u2019arr\u00eat de Klessoum\"}]},{\"@type\":\"WebSite\",\"@id\":\"https:\/\/www.africa-press.net\/tchad\/#website\",\"url\":\"https:\/\/www.africa-press.net\/tchad\/\",\"name\":\"tchad\",\"description\":\"Just another Africa News Agency Sites site\",\"potentialAction\":[{\"@type\":\"SearchAction\",\"target\":{\"@type\":\"EntryPoint\",\"urlTemplate\":\"https:\/\/www.africa-press.net\/tchad\/?s={search_term_string}\"},\"query-input\":{\"@type\":\"PropertyValueSpecification\",\"valueRequired\":true,\"valueName\":\"search_term_string\"}}],\"inLanguage\":\"fr-FR\"},{\"@type\":\"Person\",\"@id\":\"https:\/\/www.africa-press.net\/tchad\/#\/schema\/person\/2b1cf3cd81a31e3cd26889ca66d677f1\",\"name\":\"cfeditorfr\"}]}<\/script>\n<!-- \/ Yoast SEO Premium plugin. -->","yoast_head_json":{"title":"une \u00e9quipe m\u00e9dicale mobile d\u00e9ploy\u00e9e \u00e0 la maison d\u2019arr\u00eat de Klessoum - tchad","description":"Dans le cadre de la lutte contre la maladie \u00e0 coronavirus, le minist\u00e8re de la Sant\u00e9 publique et de la Solidarit\u00e9 nationa ...","robots":{"index":"index","follow":"follow","max-snippet":"max-snippet:-1","max-image-preview":"max-image-preview:large","max-video-preview":"max-video-preview:-1"},"canonical":"https:\/\/www.africa-press.net\/tchad\/toutes-les-actualites\/une-equipe-medicale-mobile-deployee-a-la-maison-darret-de-klessoum","og_locale":"fr_FR","og_type":"article","og_title":"une \u00e9quipe m\u00e9dicale mobile d\u00e9ploy\u00e9e \u00e0 la maison d\u2019arr\u00eat de Klessoum","og_description":"Dans le cadre de la lutte contre la maladie \u00e0 coronavirus, le minist\u00e8re de la Sant\u00e9 publique et de la Solidarit\u00e9 nationa ...","og_url":"https:\/\/www.africa-press.net\/tchad\/toutes-les-actualites\/une-equipe-medicale-mobile-deployee-a-la-maison-darret-de-klessoum","og_site_name":"tchad","article_published_time":"2021-08-31T16:57:17+00:00","article_modified_time":"2021-08-31T17:24:59+00:00","og_image":[{"width":870,"height":653,"url":"https:\/\/static.africa-press.net\/tchad\/sites\/41\/2021\/08\/img-612e65ccb87c6.jpg","type":"image\/jpeg"}],"author":"cfeditorfr","twitter_card":"summary_large_image","twitter_misc":{"\u00c9crit par":"cfeditorfr","Dur\u00e9e de lecture estim\u00e9e":"1 minute"},"schema":{"@context":"https:\/\/schema.org","@graph":[{"@type":"Article","@id":"https:\/\/www.africa-press.net\/tchad\/toutes-les-actualites\/une-equipe-medicale-mobile-deployee-a-la-maison-darret-de-klessoum#article","isPartOf":{"@id":"https:\/\/www.africa-press.net\/tchad\/toutes-les-actualites\/une-equipe-medicale-mobile-deployee-a-la-maison-darret-de-klessoum"},"author":{"name":"cfeditorfr","@id":"https:\/\/www.africa-press.net\/tchad\/#\/schema\/person\/2b1cf3cd81a31e3cd26889ca66d677f1"},"headline":"une \u00e9quipe m\u00e9dicale mobile d\u00e9ploy\u00e9e \u00e0 la maison d\u2019arr\u00eat de Klessoum","datePublished":"2021-08-31T16:57:17+00:00","dateModified":"2021-08-31T17:24:59+00:00","mainEntityOfPage":{"@id":"https:\/\/www.africa-press.net\/tchad\/toutes-les-actualites\/une-equipe-medicale-mobile-deployee-a-la-maison-darret-de-klessoum"},"wordCount":210,"commentCount":0,"image":{"@id":"https:\/\/www.africa-press.net\/tchad\/toutes-les-actualites\/une-equipe-medicale-mobile-deployee-a-la-maison-darret-de-klessoum#primaryimage"},"thumbnailUrl":"https:\/\/static.africa-press.net\/tchad\/sites\/41\/2021\/08\/img-612e65ccb87c6.jpg","keywords":["Africa Press","Africa Press-Tchad","Klessoum","m\u00e9dicale","Tchad"],"articleSection":["Communaut\u00e9","homepage-french","Toutes les actualit\u00e9s"],"inLanguage":"fr-FR","potentialAction":[{"@type":"CommentAction","name":"Comment","target":["https:\/\/www.africa-press.net\/tchad\/toutes-les-actualites\/une-equipe-medicale-mobile-deployee-a-la-maison-darret-de-klessoum#respond"]}]},{"@type":"WebPage","@id":"https:\/\/www.africa-press.net\/tchad\/toutes-les-actualites\/une-equipe-medicale-mobile-deployee-a-la-maison-darret-de-klessoum","url":"https:\/\/www.africa-press.net\/tchad\/toutes-les-actualites\/une-equipe-medicale-mobile-deployee-a-la-maison-darret-de-klessoum","name":"une \u00e9quipe m\u00e9dicale mobile d\u00e9ploy\u00e9e \u00e0 la maison d\u2019arr\u00eat de Klessoum - tchad","isPartOf":{"@id":"https:\/\/www.africa-press.net\/tchad\/#website"},"primaryImageOfPage":{"@id":"https:\/\/www.africa-press.net\/tchad\/toutes-les-actualites\/une-equipe-medicale-mobile-deployee-a-la-maison-darret-de-klessoum#primaryimage"},"image":{"@id":"https:\/\/www.africa-press.net\/tchad\/toutes-les-actualites\/une-equipe-medicale-mobile-deployee-a-la-maison-darret-de-klessoum#primaryimage"},"thumbnailUrl":"https:\/\/static.africa-press.net\/tchad\/sites\/41\/2021\/08\/img-612e65ccb87c6.jpg","datePublished":"2021-08-31T16:57:17+00:00","dateModified":"2021-08-31T17:24:59+00:00","author":{"@id":"https:\/\/www.africa-press.net\/tchad\/#\/schema\/person\/2b1cf3cd81a31e3cd26889ca66d677f1"},"description":"Dans le cadre de la lutte contre la maladie \u00e0 coronavirus, le minist\u00e8re de la Sant\u00e9 publique et de la Solidarit\u00e9 nationa ...","breadcrumb":{"@id":"https:\/\/www.africa-press.net\/tchad\/toutes-les-actualites\/une-equipe-medicale-mobile-deployee-a-la-maison-darret-de-klessoum#breadcrumb"},"inLanguage":"fr-FR","potentialAction":[{"@type":"ReadAction","target":["https:\/\/www.africa-press.net\/tchad\/toutes-les-actualites\/une-equipe-medicale-mobile-deployee-a-la-maison-darret-de-klessoum"]}]},{"@type":"ImageObject","inLanguage":"fr-FR","@id":"https:\/\/www.africa-press.net\/tchad\/toutes-les-actualites\/une-equipe-medicale-mobile-deployee-a-la-maison-darret-de-klessoum#primaryimage","url":"https:\/\/static.africa-press.net\/tchad\/sites\/41\/2021\/08\/img-612e65ccb87c6.jpg","contentUrl":"https:\/\/static.africa-press.net\/tchad\/sites\/41\/2021\/08\/img-612e65ccb87c6.jpg","width":870,"height":653,"caption":"une \u00e9quipe m\u00e9dicale mobile d\u00e9ploy\u00e9e \u00e0 la maison d\u2019arr\u00eat de Klessoum"},{"@type":"BreadcrumbList","@id":"https:\/\/www.africa-press.net\/tchad\/toutes-les-actualites\/une-equipe-medicale-mobile-deployee-a-la-maison-darret-de-klessoum#breadcrumb","itemListElement":[{"@type":"ListItem","position":1,"name":"Accueil","item":"https:\/\/www.africa-press.net\/tchad\/"},{"@type":"ListItem","position":2,"name":"une \u00e9quipe m\u00e9dicale mobile d\u00e9ploy\u00e9e \u00e0 la maison d\u2019arr\u00eat de Klessoum"}]},{"@type":"WebSite","@id":"https:\/\/www.africa-press.net\/tchad\/#website","url":"https:\/\/www.africa-press.net\/tchad\/","name":"tchad","description":"Just another Africa News Agency Sites site","potentialAction":[{"@type":"SearchAction","target":{"@type":"EntryPoint","urlTemplate":"https:\/\/www.africa-press.net\/tchad\/?s={search_term_string}"},"query-input":{"@type":"PropertyValueSpecification","valueRequired":true,"valueName":"search_term_string"}}],"inLanguage":"fr-FR"},{"@type":"Person","@id":"https:\/\/www.africa-press.net\/tchad\/#\/schema\/person\/2b1cf3cd81a31e3cd26889ca66d677f1","name":"cfeditorfr"}]}},"_links":{"self":[{"href":"https:\/\/www.africa-press.net\/tchad\/wp-json\/wp\/v2\/posts\/10346","targetHints":{"allow":["GET"]}}],"collection":[{"href":"https:\/\/www.africa-press.net\/tchad\/wp-json\/wp\/v2\/posts"}],"about":[{"href":"https:\/\/www.africa-press.net\/tchad\/wp-json\/wp\/v2\/types\/post"}],"author":[{"embeddable":true,"href":"https:\/\/www.africa-press.net\/tchad\/wp-json\/wp\/v2\/users\/82"}],"replies":[{"embeddable":true,"href":"https:\/\/www.africa-press.net\/tchad\/wp-json\/wp\/v2\/comments?post=10346"}],"version-history":[{"count":0,"href":"https:\/\/www.africa-press.net\/tchad\/wp-json\/wp\/v2\/posts\/10346\/revisions"}],"wp:featuredmedia":[{"embeddable":true,"href":"https:\/\/www.africa-press.net\/tchad\/wp-json\/wp\/v2\/media\/10345"}],"wp:attachment":[{"href":"https:\/\/www.africa-press.net\/tchad\/wp-json\/wp\/v2\/media?parent=10346"}],"wp:term":[{"taxonomy":"category","embeddable":true,"href":"https:\/\/www.africa-press.net\/tchad\/wp-json\/wp\/v2\/categories?post=10346"},{"taxonomy":"post_tag","embeddable":true,"href":"https:\/\/www.africa-press.net\/tchad\/wp-json\/wp\/v2\/tags?post=10346"}],"curies":[{"name":"wp","href":"https:\/\/api.w.org\/{rel}","templated":true}]}}