{"id":10523,"date":"2021-09-06T11:16:54","date_gmt":"2021-09-06T11:16:54","guid":{"rendered":"https:\/\/www.africa-press.net\/tchad\/politique\/tchad-dix-tetes-de-boeufs-offerts-aux-detenus-de-la-prison-de-klessoum"},"modified":"2021-09-06T17:30:27","modified_gmt":"2021-09-06T17:30:27","slug":"tchad-dix-tetes-de-boeufs-offerts-aux-detenus-de-la-prison-de-klessoum","status":"publish","type":"post","link":"https:\/\/www.africa-press.net\/tchad\/toutes-les-actualites\/tchad-dix-tetes-de-boeufs-offerts-aux-detenus-de-la-prison-de-klessoum","title":{"rendered":"dix t\u00eates de b\u0153ufs offerts aux d\u00e9tenus de la prison de Klessoum"},"content":{"rendered":"<p><span style=\"color: #ff6600\"><strong><a href=\"https:\/\/www.africa-press.net\/\">Africa-Press<\/a> &#8211; <a href=\"https:\/\/www.africa-press.net\/tchad\">Tchad<\/a>. <\/strong><\/span>C\u2019est un don du minist\u00e8re de la Sant\u00e9 publique et de la Solidarit\u00e9 nationale qui s\u2019inscrit dans la logique d\u2019appui qu\u2019apporte le gouvernement aux personnes en conflit avec la loi.<\/p>\n<p>Le 04 septembre 2021, une d\u00e9l\u00e9gation du minist\u00e8re de la Sant\u00e9 publique et de la Solidarit\u00e9 nationale a fait un don de 10 b\u0153ufs aux d\u00e9tenus de la maison d\u2019arr\u00eat de Klessoum. La Secr\u00e9taire G\u00e9n\u00e9rale Adjointe du minist\u00e8re a fait savoir que : \u00ab cette assistance du gouvernement s\u2019inscrit dans la logique de l\u2019appui apport\u00e9 aux personnes en conflit avec la loi. \u00bb.<\/p>\n<p>Le Directeur de l\u2019administration et de r\u00e9insertion sociale p\u00e9nitentiaire Madnangar Mbaissab\u00e9 a, salu\u00e9 cet esprit d\u2019humanisme qui anime le minist\u00e8re de la sant\u00e9 pour r\u00e9pondre aux besoins les plus vitaux des prisonniers de la maison d\u2019arr\u00eat de Klessoum. Il rel\u00e8ve que le soutien de ce d\u00e9partement minist\u00e9riel prouve \u00e0 suffisance combien l\u2019\u00e9tat tchadien se pr\u00e9occupe des conditions de d\u00e9tention pendant cette p\u00e9riode de transition.<\/p>\n<p>la d\u00e9l\u00e9gation du minist\u00e8re a profit\u00e9 de l\u2019instant pour visiter l\u2019\u00e9quipe m\u00e9dicale mobile d\u00e9ploy\u00e9e \u00e0 la maison d\u2019arr\u00eat pour consulter les malades, proc\u00e9der au d\u00e9pistage du VIH- sida, de la tuberculose, la charge virale du VIH et la vaccination contre la covid19. L\u2019engouement des d\u00e9tenus pour le d\u00e9pistage et la vaccination contre la covid19 a \u00e9t\u00e9 appr\u00e9ci\u00e9 par les responsables.<\/p>\n","protected":false},"excerpt":{"rendered":"<p>Africa-Press &#8211; Tchad. C\u2019est un don du minist\u00e8re de la Sant\u00e9 publique et de la Solidarit\u00e9 nationale qui s\u2019inscrit dans la logique d\u2019appui qu\u2019apporte le gouvernement aux personnes en conflit avec la loi. Le 04 septembre 2021, une d\u00e9l\u00e9gation du minist\u00e8re de la Sant\u00e9 publique et de la Solidarit\u00e9 nationale a fait un don de [&hellip;]<\/p>\n","protected":false},"author":82,"featured_media":10522,"comment_status":"open","ping_status":"closed","sticky":false,"template":"","format":"standard","meta":{"footnotes":""},"categories":[21,11,10],"tags":[37,292,1458,1459,508,29],"class_list":["post-10523","post","type-post","status-publish","format-standard","has-post-thumbnail","hentry","category-communaute","category-homepage-french","category-toutes-les-actualites","tag-africa-press","tag-africa-press-tchad","tag-detenus","tag-don-de-boeuf","tag-klessoum","tag-tchad"],"yoast_head":"<!-- This site is optimized with the Yoast SEO Premium plugin v26.1 (Yoast SEO v27.0) - https:\/\/yoast.com\/product\/yoast-seo-premium-wordpress\/ -->\n<title>dix t\u00eates de b\u0153ufs offerts aux d\u00e9tenus de la prison de Klessoum - tchad<\/title>\n<meta name=\"description\" content=\"C\u2019est un don du minist\u00e8re de la Sant\u00e9 publique et de la Solidarit\u00e9 nationale qui s\u2019inscrit dans la logique d\u2019appui qu\u2019ap ...\" \/>\n<meta name=\"robots\" content=\"index, follow, max-snippet:-1, max-image-preview:large, max-video-preview:-1\" \/>\n<link rel=\"canonical\" href=\"https:\/\/www.africa-press.net\/tchad\/toutes-les-actualites\/tchad-dix-tetes-de-boeufs-offerts-aux-detenus-de-la-prison-de-klessoum\" \/>\n<meta property=\"og:locale\" content=\"fr_FR\" \/>\n<meta property=\"og:type\" content=\"article\" \/>\n<meta property=\"og:title\" content=\"dix t\u00eates de b\u0153ufs offerts aux d\u00e9tenus de la prison de Klessoum\" \/>\n<meta property=\"og:description\" content=\"C\u2019est un don du minist\u00e8re de la Sant\u00e9 publique et de la Solidarit\u00e9 nationale qui s\u2019inscrit dans la logique d\u2019appui qu\u2019ap ...\" \/>\n<meta property=\"og:url\" content=\"https:\/\/www.africa-press.net\/tchad\/toutes-les-actualites\/tchad-dix-tetes-de-boeufs-offerts-aux-detenus-de-la-prison-de-klessoum\" \/>\n<meta property=\"og:site_name\" content=\"tchad\" \/>\n<meta property=\"article:published_time\" content=\"2021-09-06T11:16:54+00:00\" \/>\n<meta property=\"article:modified_time\" content=\"2021-09-06T17:30:27+00:00\" \/>\n<meta property=\"og:image\" content=\"https:\/\/static.africa-press.net\/tchad\/sites\/41\/2021\/09\/img-6135f855431a6.jpg\" \/>\n\t<meta property=\"og:image:width\" content=\"780\" \/>\n\t<meta property=\"og:image:height\" content=\"440\" \/>\n\t<meta property=\"og:image:type\" content=\"image\/jpeg\" \/>\n<meta name=\"author\" content=\"cfeditorfr\" \/>\n<meta name=\"twitter:card\" content=\"summary_large_image\" \/>\n<meta name=\"twitter:label1\" content=\"\u00c9crit par\" \/>\n\t<meta name=\"twitter:data1\" content=\"cfeditorfr\" \/>\n\t<meta name=\"twitter:label2\" content=\"Dur\u00e9e de lecture estim\u00e9e\" \/>\n\t<meta name=\"twitter:data2\" content=\"1 minute\" \/>\n<script type=\"application\/ld+json\" class=\"yoast-schema-graph\">{\"@context\":\"https:\/\/schema.org\",\"@graph\":[{\"@type\":\"Article\",\"@id\":\"https:\/\/www.africa-press.net\/tchad\/toutes-les-actualites\/tchad-dix-tetes-de-boeufs-offerts-aux-detenus-de-la-prison-de-klessoum#article\",\"isPartOf\":{\"@id\":\"https:\/\/www.africa-press.net\/tchad\/toutes-les-actualites\/tchad-dix-tetes-de-boeufs-offerts-aux-detenus-de-la-prison-de-klessoum\"},\"author\":{\"name\":\"cfeditorfr\",\"@id\":\"https:\/\/www.africa-press.net\/tchad\/#\/schema\/person\/2b1cf3cd81a31e3cd26889ca66d677f1\"},\"headline\":\"dix t\u00eates de b\u0153ufs offerts aux d\u00e9tenus de la prison de Klessoum\",\"datePublished\":\"2021-09-06T11:16:54+00:00\",\"dateModified\":\"2021-09-06T17:30:27+00:00\",\"mainEntityOfPage\":{\"@id\":\"https:\/\/www.africa-press.net\/tchad\/toutes-les-actualites\/tchad-dix-tetes-de-boeufs-offerts-aux-detenus-de-la-prison-de-klessoum\"},\"wordCount\":276,\"commentCount\":0,\"image\":{\"@id\":\"https:\/\/www.africa-press.net\/tchad\/toutes-les-actualites\/tchad-dix-tetes-de-boeufs-offerts-aux-detenus-de-la-prison-de-klessoum#primaryimage\"},\"thumbnailUrl\":\"https:\/\/static.africa-press.net\/tchad\/sites\/41\/2021\/09\/img-6135f855431a6.jpg\",\"keywords\":[\"Africa Press\",\"Africa Press-Tchad\",\"D\u00e9tenus\",\"Don de boeuf\",\"Klessoum\",\"Tchad\"],\"articleSection\":[\"Communaut\u00e9\",\"homepage-french\",\"Toutes les actualit\u00e9s\"],\"inLanguage\":\"fr-FR\",\"potentialAction\":[{\"@type\":\"CommentAction\",\"name\":\"Comment\",\"target\":[\"https:\/\/www.africa-press.net\/tchad\/toutes-les-actualites\/tchad-dix-tetes-de-boeufs-offerts-aux-detenus-de-la-prison-de-klessoum#respond\"]}]},{\"@type\":\"WebPage\",\"@id\":\"https:\/\/www.africa-press.net\/tchad\/toutes-les-actualites\/tchad-dix-tetes-de-boeufs-offerts-aux-detenus-de-la-prison-de-klessoum\",\"url\":\"https:\/\/www.africa-press.net\/tchad\/toutes-les-actualites\/tchad-dix-tetes-de-boeufs-offerts-aux-detenus-de-la-prison-de-klessoum\",\"name\":\"dix t\u00eates de b\u0153ufs offerts aux d\u00e9tenus de la prison de Klessoum - tchad\",\"isPartOf\":{\"@id\":\"https:\/\/www.africa-press.net\/tchad\/#website\"},\"primaryImageOfPage\":{\"@id\":\"https:\/\/www.africa-press.net\/tchad\/toutes-les-actualites\/tchad-dix-tetes-de-boeufs-offerts-aux-detenus-de-la-prison-de-klessoum#primaryimage\"},\"image\":{\"@id\":\"https:\/\/www.africa-press.net\/tchad\/toutes-les-actualites\/tchad-dix-tetes-de-boeufs-offerts-aux-detenus-de-la-prison-de-klessoum#primaryimage\"},\"thumbnailUrl\":\"https:\/\/static.africa-press.net\/tchad\/sites\/41\/2021\/09\/img-6135f855431a6.jpg\",\"datePublished\":\"2021-09-06T11:16:54+00:00\",\"dateModified\":\"2021-09-06T17:30:27+00:00\",\"author\":{\"@id\":\"https:\/\/www.africa-press.net\/tchad\/#\/schema\/person\/2b1cf3cd81a31e3cd26889ca66d677f1\"},\"description\":\"C\u2019est un don du minist\u00e8re de la Sant\u00e9 publique et de la Solidarit\u00e9 nationale qui s\u2019inscrit dans la logique d\u2019appui qu\u2019ap ...\",\"breadcrumb\":{\"@id\":\"https:\/\/www.africa-press.net\/tchad\/toutes-les-actualites\/tchad-dix-tetes-de-boeufs-offerts-aux-detenus-de-la-prison-de-klessoum#breadcrumb\"},\"inLanguage\":\"fr-FR\",\"potentialAction\":[{\"@type\":\"ReadAction\",\"target\":[\"https:\/\/www.africa-press.net\/tchad\/toutes-les-actualites\/tchad-dix-tetes-de-boeufs-offerts-aux-detenus-de-la-prison-de-klessoum\"]}]},{\"@type\":\"ImageObject\",\"inLanguage\":\"fr-FR\",\"@id\":\"https:\/\/www.africa-press.net\/tchad\/toutes-les-actualites\/tchad-dix-tetes-de-boeufs-offerts-aux-detenus-de-la-prison-de-klessoum#primaryimage\",\"url\":\"https:\/\/static.africa-press.net\/tchad\/sites\/41\/2021\/09\/img-6135f855431a6.jpg\",\"contentUrl\":\"https:\/\/static.africa-press.net\/tchad\/sites\/41\/2021\/09\/img-6135f855431a6.jpg\",\"width\":780,\"height\":440,\"caption\":\"Tchad : dix t\u00eates de b\u0153ufs offerts aux d\u00e9tenus de la prison de Klessoum\"},{\"@type\":\"BreadcrumbList\",\"@id\":\"https:\/\/www.africa-press.net\/tchad\/toutes-les-actualites\/tchad-dix-tetes-de-boeufs-offerts-aux-detenus-de-la-prison-de-klessoum#breadcrumb\",\"itemListElement\":[{\"@type\":\"ListItem\",\"position\":1,\"name\":\"Accueil\",\"item\":\"https:\/\/www.africa-press.net\/tchad\/\"},{\"@type\":\"ListItem\",\"position\":2,\"name\":\"dix t\u00eates de b\u0153ufs offerts aux d\u00e9tenus de la prison de Klessoum\"}]},{\"@type\":\"WebSite\",\"@id\":\"https:\/\/www.africa-press.net\/tchad\/#website\",\"url\":\"https:\/\/www.africa-press.net\/tchad\/\",\"name\":\"tchad\",\"description\":\"Just another Africa News Agency Sites site\",\"potentialAction\":[{\"@type\":\"SearchAction\",\"target\":{\"@type\":\"EntryPoint\",\"urlTemplate\":\"https:\/\/www.africa-press.net\/tchad\/?s={search_term_string}\"},\"query-input\":{\"@type\":\"PropertyValueSpecification\",\"valueRequired\":true,\"valueName\":\"search_term_string\"}}],\"inLanguage\":\"fr-FR\"},{\"@type\":\"Person\",\"@id\":\"https:\/\/www.africa-press.net\/tchad\/#\/schema\/person\/2b1cf3cd81a31e3cd26889ca66d677f1\",\"name\":\"cfeditorfr\"}]}<\/script>\n<!-- \/ Yoast SEO Premium plugin. -->","yoast_head_json":{"title":"dix t\u00eates de b\u0153ufs offerts aux d\u00e9tenus de la prison de Klessoum - tchad","description":"C\u2019est un don du minist\u00e8re de la Sant\u00e9 publique et de la Solidarit\u00e9 nationale qui s\u2019inscrit dans la logique d\u2019appui qu\u2019ap ...","robots":{"index":"index","follow":"follow","max-snippet":"max-snippet:-1","max-image-preview":"max-image-preview:large","max-video-preview":"max-video-preview:-1"},"canonical":"https:\/\/www.africa-press.net\/tchad\/toutes-les-actualites\/tchad-dix-tetes-de-boeufs-offerts-aux-detenus-de-la-prison-de-klessoum","og_locale":"fr_FR","og_type":"article","og_title":"dix t\u00eates de b\u0153ufs offerts aux d\u00e9tenus de la prison de Klessoum","og_description":"C\u2019est un don du minist\u00e8re de la Sant\u00e9 publique et de la Solidarit\u00e9 nationale qui s\u2019inscrit dans la logique d\u2019appui qu\u2019ap ...","og_url":"https:\/\/www.africa-press.net\/tchad\/toutes-les-actualites\/tchad-dix-tetes-de-boeufs-offerts-aux-detenus-de-la-prison-de-klessoum","og_site_name":"tchad","article_published_time":"2021-09-06T11:16:54+00:00","article_modified_time":"2021-09-06T17:30:27+00:00","og_image":[{"width":780,"height":440,"url":"https:\/\/static.africa-press.net\/tchad\/sites\/41\/2021\/09\/img-6135f855431a6.jpg","type":"image\/jpeg"}],"author":"cfeditorfr","twitter_card":"summary_large_image","twitter_misc":{"\u00c9crit par":"cfeditorfr","Dur\u00e9e de lecture estim\u00e9e":"1 minute"},"schema":{"@context":"https:\/\/schema.org","@graph":[{"@type":"Article","@id":"https:\/\/www.africa-press.net\/tchad\/toutes-les-actualites\/tchad-dix-tetes-de-boeufs-offerts-aux-detenus-de-la-prison-de-klessoum#article","isPartOf":{"@id":"https:\/\/www.africa-press.net\/tchad\/toutes-les-actualites\/tchad-dix-tetes-de-boeufs-offerts-aux-detenus-de-la-prison-de-klessoum"},"author":{"name":"cfeditorfr","@id":"https:\/\/www.africa-press.net\/tchad\/#\/schema\/person\/2b1cf3cd81a31e3cd26889ca66d677f1"},"headline":"dix t\u00eates de b\u0153ufs offerts aux d\u00e9tenus de la prison de Klessoum","datePublished":"2021-09-06T11:16:54+00:00","dateModified":"2021-09-06T17:30:27+00:00","mainEntityOfPage":{"@id":"https:\/\/www.africa-press.net\/tchad\/toutes-les-actualites\/tchad-dix-tetes-de-boeufs-offerts-aux-detenus-de-la-prison-de-klessoum"},"wordCount":276,"commentCount":0,"image":{"@id":"https:\/\/www.africa-press.net\/tchad\/toutes-les-actualites\/tchad-dix-tetes-de-boeufs-offerts-aux-detenus-de-la-prison-de-klessoum#primaryimage"},"thumbnailUrl":"https:\/\/static.africa-press.net\/tchad\/sites\/41\/2021\/09\/img-6135f855431a6.jpg","keywords":["Africa Press","Africa Press-Tchad","D\u00e9tenus","Don de boeuf","Klessoum","Tchad"],"articleSection":["Communaut\u00e9","homepage-french","Toutes les actualit\u00e9s"],"inLanguage":"fr-FR","potentialAction":[{"@type":"CommentAction","name":"Comment","target":["https:\/\/www.africa-press.net\/tchad\/toutes-les-actualites\/tchad-dix-tetes-de-boeufs-offerts-aux-detenus-de-la-prison-de-klessoum#respond"]}]},{"@type":"WebPage","@id":"https:\/\/www.africa-press.net\/tchad\/toutes-les-actualites\/tchad-dix-tetes-de-boeufs-offerts-aux-detenus-de-la-prison-de-klessoum","url":"https:\/\/www.africa-press.net\/tchad\/toutes-les-actualites\/tchad-dix-tetes-de-boeufs-offerts-aux-detenus-de-la-prison-de-klessoum","name":"dix t\u00eates de b\u0153ufs offerts aux d\u00e9tenus de la prison de Klessoum - tchad","isPartOf":{"@id":"https:\/\/www.africa-press.net\/tchad\/#website"},"primaryImageOfPage":{"@id":"https:\/\/www.africa-press.net\/tchad\/toutes-les-actualites\/tchad-dix-tetes-de-boeufs-offerts-aux-detenus-de-la-prison-de-klessoum#primaryimage"},"image":{"@id":"https:\/\/www.africa-press.net\/tchad\/toutes-les-actualites\/tchad-dix-tetes-de-boeufs-offerts-aux-detenus-de-la-prison-de-klessoum#primaryimage"},"thumbnailUrl":"https:\/\/static.africa-press.net\/tchad\/sites\/41\/2021\/09\/img-6135f855431a6.jpg","datePublished":"2021-09-06T11:16:54+00:00","dateModified":"2021-09-06T17:30:27+00:00","author":{"@id":"https:\/\/www.africa-press.net\/tchad\/#\/schema\/person\/2b1cf3cd81a31e3cd26889ca66d677f1"},"description":"C\u2019est un don du minist\u00e8re de la Sant\u00e9 publique et de la Solidarit\u00e9 nationale qui s\u2019inscrit dans la logique d\u2019appui qu\u2019ap ...","breadcrumb":{"@id":"https:\/\/www.africa-press.net\/tchad\/toutes-les-actualites\/tchad-dix-tetes-de-boeufs-offerts-aux-detenus-de-la-prison-de-klessoum#breadcrumb"},"inLanguage":"fr-FR","potentialAction":[{"@type":"ReadAction","target":["https:\/\/www.africa-press.net\/tchad\/toutes-les-actualites\/tchad-dix-tetes-de-boeufs-offerts-aux-detenus-de-la-prison-de-klessoum"]}]},{"@type":"ImageObject","inLanguage":"fr-FR","@id":"https:\/\/www.africa-press.net\/tchad\/toutes-les-actualites\/tchad-dix-tetes-de-boeufs-offerts-aux-detenus-de-la-prison-de-klessoum#primaryimage","url":"https:\/\/static.africa-press.net\/tchad\/sites\/41\/2021\/09\/img-6135f855431a6.jpg","contentUrl":"https:\/\/static.africa-press.net\/tchad\/sites\/41\/2021\/09\/img-6135f855431a6.jpg","width":780,"height":440,"caption":"Tchad : dix t\u00eates de b\u0153ufs offerts aux d\u00e9tenus de la prison de Klessoum"},{"@type":"BreadcrumbList","@id":"https:\/\/www.africa-press.net\/tchad\/toutes-les-actualites\/tchad-dix-tetes-de-boeufs-offerts-aux-detenus-de-la-prison-de-klessoum#breadcrumb","itemListElement":[{"@type":"ListItem","position":1,"name":"Accueil","item":"https:\/\/www.africa-press.net\/tchad\/"},{"@type":"ListItem","position":2,"name":"dix t\u00eates de b\u0153ufs offerts aux d\u00e9tenus de la prison de Klessoum"}]},{"@type":"WebSite","@id":"https:\/\/www.africa-press.net\/tchad\/#website","url":"https:\/\/www.africa-press.net\/tchad\/","name":"tchad","description":"Just another Africa News Agency Sites site","potentialAction":[{"@type":"SearchAction","target":{"@type":"EntryPoint","urlTemplate":"https:\/\/www.africa-press.net\/tchad\/?s={search_term_string}"},"query-input":{"@type":"PropertyValueSpecification","valueRequired":true,"valueName":"search_term_string"}}],"inLanguage":"fr-FR"},{"@type":"Person","@id":"https:\/\/www.africa-press.net\/tchad\/#\/schema\/person\/2b1cf3cd81a31e3cd26889ca66d677f1","name":"cfeditorfr"}]}},"_links":{"self":[{"href":"https:\/\/www.africa-press.net\/tchad\/wp-json\/wp\/v2\/posts\/10523","targetHints":{"allow":["GET"]}}],"collection":[{"href":"https:\/\/www.africa-press.net\/tchad\/wp-json\/wp\/v2\/posts"}],"about":[{"href":"https:\/\/www.africa-press.net\/tchad\/wp-json\/wp\/v2\/types\/post"}],"author":[{"embeddable":true,"href":"https:\/\/www.africa-press.net\/tchad\/wp-json\/wp\/v2\/users\/82"}],"replies":[{"embeddable":true,"href":"https:\/\/www.africa-press.net\/tchad\/wp-json\/wp\/v2\/comments?post=10523"}],"version-history":[{"count":0,"href":"https:\/\/www.africa-press.net\/tchad\/wp-json\/wp\/v2\/posts\/10523\/revisions"}],"wp:featuredmedia":[{"embeddable":true,"href":"https:\/\/www.africa-press.net\/tchad\/wp-json\/wp\/v2\/media\/10522"}],"wp:attachment":[{"href":"https:\/\/www.africa-press.net\/tchad\/wp-json\/wp\/v2\/media?parent=10523"}],"wp:term":[{"taxonomy":"category","embeddable":true,"href":"https:\/\/www.africa-press.net\/tchad\/wp-json\/wp\/v2\/categories?post=10523"},{"taxonomy":"post_tag","embeddable":true,"href":"https:\/\/www.africa-press.net\/tchad\/wp-json\/wp\/v2\/tags?post=10523"}],"curies":[{"name":"wp","href":"https:\/\/api.w.org\/{rel}","templated":true}]}}