{"id":10647,"date":"2021-09-09T17:47:58","date_gmt":"2021-09-09T17:47:58","guid":{"rendered":"https:\/\/www.africa-press.net\/tchad\/?p=10647"},"modified":"2021-09-09T18:45:05","modified_gmt":"2021-09-09T18:45:05","slug":"amobe-mevegue-lhomme-de-culture-et-panafricaniste-engage-sen-est-alle","status":"publish","type":"post","link":"https:\/\/www.africa-press.net\/tchad\/culture-et-art\/amobe-mevegue-lhomme-de-culture-et-panafricaniste-engage-sen-est-alle","title":{"rendered":"Amob\u00e9 M\u00e9v\u00e9gu\u00e9, l\u2019homme de culture et panafricaniste engag\u00e9 s\u2019en est all\u00e9"},"content":{"rendered":"<p><span style=\"color: #ff6600\"><strong><a href=\"https:\/\/www.africa-press.net\/\">Africa-Press<\/a> &#8211; <a href=\"https:\/\/www.africa-press.net\/tchad\">Tchad<\/a>. <\/strong><\/span><b>Le journaliste de RFI, France 24 et TV5 s\u2019est \u00e9teint le 8 septembre 2021 \u00e0 52 ans. Amob\u00e9 M\u00e9v\u00e9gu\u00e9 bien que vivant en France a conserv\u00e9 ses origines africaines jusqu\u2019\u00e0 la fin de ses jours<\/b><\/p>\n<p>Le journaliste culturelle et producteur, Amob\u00e9 M\u00e9v\u00e9gu\u00e9 a tir\u00e9 sa r\u00e9v\u00e9rence le 08 septembre. Il succombe au Covid-19. L\u2019homme des m\u00e9dias a consacr\u00e9 sa vie \u00e0 cr\u00e9er cr\u00e9\u00e9 des ouvertures entre l\u2019Afrique et les autres continents. Panafricaniste engag\u00e9, il se battait tous les jours pour renvoyer un reflet positif du continent africain. Le nom de ce grand homme de m\u00e9dia apparait r\u00e9guli\u00e8rement dans le top 100 des africains de la diaspora les plus influents du globe.<\/p>\n<p>Au d\u00e9but des ann\u00e9es 90, Amob\u00e9 M\u00e9v\u00e9gu\u00e9 se d\u00e9fait de son pr\u00e9nom \u2018\u2019Alain\u2019\u2019 consid\u00e9r\u00e9 comme fruit de l\u2019occident. Il se pr\u00e9sentait sous son patronyme jusqu\u2019\u00e0 ses derniers jours. Le camerounais d\u2019origine s\u2019est toujours pr\u00e9sent\u00e9 comme \u2018\u2019citoyen d\u2019Afrique\u2019\u2019. Pour lui les valeurs africaines devaient pr\u00e9domin\u00e9es partout. La diaspora africaine perd un mentor, un grand promoteur.<\/p>\n<p>A RFI, il a cr\u00e9\u00e9 les \u00e9missions \u00ab Plein Sud \u00bb, \u00ab Africa Music \u00bb, \u00ab Abidjan on dit quoi \u00bb, \u00ab Acoustic \u00bb ou encore \u00ab Africanit\u00e9s \u00bb. Il a fond\u00e9 sa propre chaine UBIZNEWS TV depuis 20 ans, accessible dans 40 pays d\u2019Afrique. Amob\u00e9 M\u00e9v\u00e9gu\u00e9 a conserv\u00e9 sa nationalit\u00e9 malgr\u00e9 des dizaines d\u2019ann\u00e9es en occident. Les messages de condol\u00e9ances fusent de partout, hommes politiques, artistes, hommes de m\u00e9dias etc\u2026<\/p>\n","protected":false},"excerpt":{"rendered":"<p>Africa-Press &#8211; Tchad. Le journaliste de RFI, France 24 et TV5 s\u2019est \u00e9teint le 8 septembre 2021 \u00e0 52 ans. Amob\u00e9 M\u00e9v\u00e9gu\u00e9 bien que vivant en France a conserv\u00e9 ses origines africaines jusqu\u2019\u00e0 la fin de ses jours Le journaliste culturelle et producteur, Amob\u00e9 M\u00e9v\u00e9gu\u00e9 a tir\u00e9 sa r\u00e9v\u00e9rence le 08 septembre. Il succombe au [&hellip;]<\/p>\n","protected":false},"author":82,"featured_media":10646,"comment_status":"open","ping_status":"closed","sticky":false,"template":"","format":"standard","meta":{"footnotes":""},"categories":[5,11,10],"tags":[37,292,1503,89,1502,29],"class_list":["post-10647","post","type-post","status-publish","format-standard","has-post-thumbnail","hentry","category-culture-et-art","category-homepage-french","category-toutes-les-actualites","tag-africa-press","tag-africa-press-tchad","tag-amobe-mevegue","tag-covid-19","tag-mort","tag-tchad"],"yoast_head":"<!-- This site is optimized with the Yoast SEO Premium plugin v26.1 (Yoast SEO v27.0) - https:\/\/yoast.com\/product\/yoast-seo-premium-wordpress\/ -->\n<title>Amob\u00e9 M\u00e9v\u00e9gu\u00e9, l\u2019homme de culture et panafricaniste engag\u00e9 s\u2019en est all\u00e9 - tchad<\/title>\n<meta name=\"description\" content=\"Le journaliste de RFI, France 24 et TV5 s\u2019est \u00e9teint le 8 septembre 2021 \u00e0 52 ans. Amob\u00e9 M\u00e9v\u00e9gu\u00e9 bien que vivant en F ...\" \/>\n<meta name=\"robots\" content=\"index, follow, max-snippet:-1, max-image-preview:large, max-video-preview:-1\" \/>\n<link rel=\"canonical\" href=\"https:\/\/www.africa-press.net\/tchad\/culture-et-art\/amobe-mevegue-lhomme-de-culture-et-panafricaniste-engage-sen-est-alle\" \/>\n<meta property=\"og:locale\" content=\"fr_FR\" \/>\n<meta property=\"og:type\" content=\"article\" \/>\n<meta property=\"og:title\" content=\"Amob\u00e9 M\u00e9v\u00e9gu\u00e9, l\u2019homme de culture et panafricaniste engag\u00e9 s\u2019en est all\u00e9\" \/>\n<meta property=\"og:description\" content=\"Le journaliste de RFI, France 24 et TV5 s\u2019est \u00e9teint le 8 septembre 2021 \u00e0 52 ans. Amob\u00e9 M\u00e9v\u00e9gu\u00e9 bien que vivant en F ...\" \/>\n<meta property=\"og:url\" content=\"https:\/\/www.africa-press.net\/tchad\/culture-et-art\/amobe-mevegue-lhomme-de-culture-et-panafricaniste-engage-sen-est-alle\" \/>\n<meta property=\"og:site_name\" content=\"tchad\" \/>\n<meta property=\"article:published_time\" content=\"2021-09-09T17:47:58+00:00\" \/>\n<meta property=\"article:modified_time\" content=\"2021-09-09T18:45:05+00:00\" \/>\n<meta property=\"og:image\" content=\"https:\/\/static.africa-press.net\/tchad\/sites\/41\/2021\/09\/img-613a433689601.jpg\" \/>\n\t<meta property=\"og:image:width\" content=\"780\" \/>\n\t<meta property=\"og:image:height\" content=\"440\" \/>\n\t<meta property=\"og:image:type\" content=\"image\/jpeg\" \/>\n<meta name=\"author\" content=\"cfeditorfr\" \/>\n<meta name=\"twitter:card\" content=\"summary_large_image\" \/>\n<meta name=\"twitter:label1\" content=\"\u00c9crit par\" \/>\n\t<meta name=\"twitter:data1\" content=\"cfeditorfr\" \/>\n\t<meta name=\"twitter:label2\" content=\"Dur\u00e9e de lecture estim\u00e9e\" \/>\n\t<meta name=\"twitter:data2\" content=\"1 minute\" \/>\n<script type=\"application\/ld+json\" class=\"yoast-schema-graph\">{\"@context\":\"https:\/\/schema.org\",\"@graph\":[{\"@type\":\"Article\",\"@id\":\"https:\/\/www.africa-press.net\/tchad\/culture-et-art\/amobe-mevegue-lhomme-de-culture-et-panafricaniste-engage-sen-est-alle#article\",\"isPartOf\":{\"@id\":\"https:\/\/www.africa-press.net\/tchad\/culture-et-art\/amobe-mevegue-lhomme-de-culture-et-panafricaniste-engage-sen-est-alle\"},\"author\":{\"name\":\"cfeditorfr\",\"@id\":\"https:\/\/www.africa-press.net\/tchad\/#\/schema\/person\/2b1cf3cd81a31e3cd26889ca66d677f1\"},\"headline\":\"Amob\u00e9 M\u00e9v\u00e9gu\u00e9, l\u2019homme de culture et panafricaniste engag\u00e9 s\u2019en est all\u00e9\",\"datePublished\":\"2021-09-09T17:47:58+00:00\",\"dateModified\":\"2021-09-09T18:45:05+00:00\",\"mainEntityOfPage\":{\"@id\":\"https:\/\/www.africa-press.net\/tchad\/culture-et-art\/amobe-mevegue-lhomme-de-culture-et-panafricaniste-engage-sen-est-alle\"},\"wordCount\":270,\"commentCount\":0,\"image\":{\"@id\":\"https:\/\/www.africa-press.net\/tchad\/culture-et-art\/amobe-mevegue-lhomme-de-culture-et-panafricaniste-engage-sen-est-alle#primaryimage\"},\"thumbnailUrl\":\"https:\/\/static.africa-press.net\/tchad\/sites\/41\/2021\/09\/img-613a433689601.jpg\",\"keywords\":[\"Africa Press\",\"Africa Press-Tchad\",\"Amob\u00e9 M\u00e9v\u00e9gu\u00e9\",\"COVID 19\",\"Mort\",\"Tchad\"],\"articleSection\":[\"Culture et Art\",\"homepage-french\",\"Toutes les actualit\u00e9s\"],\"inLanguage\":\"fr-FR\",\"potentialAction\":[{\"@type\":\"CommentAction\",\"name\":\"Comment\",\"target\":[\"https:\/\/www.africa-press.net\/tchad\/culture-et-art\/amobe-mevegue-lhomme-de-culture-et-panafricaniste-engage-sen-est-alle#respond\"]}]},{\"@type\":\"WebPage\",\"@id\":\"https:\/\/www.africa-press.net\/tchad\/culture-et-art\/amobe-mevegue-lhomme-de-culture-et-panafricaniste-engage-sen-est-alle\",\"url\":\"https:\/\/www.africa-press.net\/tchad\/culture-et-art\/amobe-mevegue-lhomme-de-culture-et-panafricaniste-engage-sen-est-alle\",\"name\":\"Amob\u00e9 M\u00e9v\u00e9gu\u00e9, l\u2019homme de culture et panafricaniste engag\u00e9 s\u2019en est all\u00e9 - tchad\",\"isPartOf\":{\"@id\":\"https:\/\/www.africa-press.net\/tchad\/#website\"},\"primaryImageOfPage\":{\"@id\":\"https:\/\/www.africa-press.net\/tchad\/culture-et-art\/amobe-mevegue-lhomme-de-culture-et-panafricaniste-engage-sen-est-alle#primaryimage\"},\"image\":{\"@id\":\"https:\/\/www.africa-press.net\/tchad\/culture-et-art\/amobe-mevegue-lhomme-de-culture-et-panafricaniste-engage-sen-est-alle#primaryimage\"},\"thumbnailUrl\":\"https:\/\/static.africa-press.net\/tchad\/sites\/41\/2021\/09\/img-613a433689601.jpg\",\"datePublished\":\"2021-09-09T17:47:58+00:00\",\"dateModified\":\"2021-09-09T18:45:05+00:00\",\"author\":{\"@id\":\"https:\/\/www.africa-press.net\/tchad\/#\/schema\/person\/2b1cf3cd81a31e3cd26889ca66d677f1\"},\"description\":\"Le journaliste de RFI, France 24 et TV5 s\u2019est \u00e9teint le 8 septembre 2021 \u00e0 52 ans. Amob\u00e9 M\u00e9v\u00e9gu\u00e9 bien que vivant en F ...\",\"breadcrumb\":{\"@id\":\"https:\/\/www.africa-press.net\/tchad\/culture-et-art\/amobe-mevegue-lhomme-de-culture-et-panafricaniste-engage-sen-est-alle#breadcrumb\"},\"inLanguage\":\"fr-FR\",\"potentialAction\":[{\"@type\":\"ReadAction\",\"target\":[\"https:\/\/www.africa-press.net\/tchad\/culture-et-art\/amobe-mevegue-lhomme-de-culture-et-panafricaniste-engage-sen-est-alle\"]}]},{\"@type\":\"ImageObject\",\"inLanguage\":\"fr-FR\",\"@id\":\"https:\/\/www.africa-press.net\/tchad\/culture-et-art\/amobe-mevegue-lhomme-de-culture-et-panafricaniste-engage-sen-est-alle#primaryimage\",\"url\":\"https:\/\/static.africa-press.net\/tchad\/sites\/41\/2021\/09\/img-613a433689601.jpg\",\"contentUrl\":\"https:\/\/static.africa-press.net\/tchad\/sites\/41\/2021\/09\/img-613a433689601.jpg\",\"width\":780,\"height\":440,\"caption\":\"Amob\u00e9 M\u00e9v\u00e9gu\u00e9, l\u2019homme de culture et panafricaniste engag\u00e9 s\u2019en est all\u00e9\"},{\"@type\":\"BreadcrumbList\",\"@id\":\"https:\/\/www.africa-press.net\/tchad\/culture-et-art\/amobe-mevegue-lhomme-de-culture-et-panafricaniste-engage-sen-est-alle#breadcrumb\",\"itemListElement\":[{\"@type\":\"ListItem\",\"position\":1,\"name\":\"Accueil\",\"item\":\"https:\/\/www.africa-press.net\/tchad\/\"},{\"@type\":\"ListItem\",\"position\":2,\"name\":\"Amob\u00e9 M\u00e9v\u00e9gu\u00e9, l\u2019homme de culture et panafricaniste engag\u00e9 s\u2019en est all\u00e9\"}]},{\"@type\":\"WebSite\",\"@id\":\"https:\/\/www.africa-press.net\/tchad\/#website\",\"url\":\"https:\/\/www.africa-press.net\/tchad\/\",\"name\":\"tchad\",\"description\":\"Just another Africa News Agency Sites site\",\"potentialAction\":[{\"@type\":\"SearchAction\",\"target\":{\"@type\":\"EntryPoint\",\"urlTemplate\":\"https:\/\/www.africa-press.net\/tchad\/?s={search_term_string}\"},\"query-input\":{\"@type\":\"PropertyValueSpecification\",\"valueRequired\":true,\"valueName\":\"search_term_string\"}}],\"inLanguage\":\"fr-FR\"},{\"@type\":\"Person\",\"@id\":\"https:\/\/www.africa-press.net\/tchad\/#\/schema\/person\/2b1cf3cd81a31e3cd26889ca66d677f1\",\"name\":\"cfeditorfr\"}]}<\/script>\n<!-- \/ Yoast SEO Premium plugin. -->","yoast_head_json":{"title":"Amob\u00e9 M\u00e9v\u00e9gu\u00e9, l\u2019homme de culture et panafricaniste engag\u00e9 s\u2019en est all\u00e9 - tchad","description":"Le journaliste de RFI, France 24 et TV5 s\u2019est \u00e9teint le 8 septembre 2021 \u00e0 52 ans. Amob\u00e9 M\u00e9v\u00e9gu\u00e9 bien que vivant en F ...","robots":{"index":"index","follow":"follow","max-snippet":"max-snippet:-1","max-image-preview":"max-image-preview:large","max-video-preview":"max-video-preview:-1"},"canonical":"https:\/\/www.africa-press.net\/tchad\/culture-et-art\/amobe-mevegue-lhomme-de-culture-et-panafricaniste-engage-sen-est-alle","og_locale":"fr_FR","og_type":"article","og_title":"Amob\u00e9 M\u00e9v\u00e9gu\u00e9, l\u2019homme de culture et panafricaniste engag\u00e9 s\u2019en est all\u00e9","og_description":"Le journaliste de RFI, France 24 et TV5 s\u2019est \u00e9teint le 8 septembre 2021 \u00e0 52 ans. Amob\u00e9 M\u00e9v\u00e9gu\u00e9 bien que vivant en F ...","og_url":"https:\/\/www.africa-press.net\/tchad\/culture-et-art\/amobe-mevegue-lhomme-de-culture-et-panafricaniste-engage-sen-est-alle","og_site_name":"tchad","article_published_time":"2021-09-09T17:47:58+00:00","article_modified_time":"2021-09-09T18:45:05+00:00","og_image":[{"width":780,"height":440,"url":"https:\/\/static.africa-press.net\/tchad\/sites\/41\/2021\/09\/img-613a433689601.jpg","type":"image\/jpeg"}],"author":"cfeditorfr","twitter_card":"summary_large_image","twitter_misc":{"\u00c9crit par":"cfeditorfr","Dur\u00e9e de lecture estim\u00e9e":"1 minute"},"schema":{"@context":"https:\/\/schema.org","@graph":[{"@type":"Article","@id":"https:\/\/www.africa-press.net\/tchad\/culture-et-art\/amobe-mevegue-lhomme-de-culture-et-panafricaniste-engage-sen-est-alle#article","isPartOf":{"@id":"https:\/\/www.africa-press.net\/tchad\/culture-et-art\/amobe-mevegue-lhomme-de-culture-et-panafricaniste-engage-sen-est-alle"},"author":{"name":"cfeditorfr","@id":"https:\/\/www.africa-press.net\/tchad\/#\/schema\/person\/2b1cf3cd81a31e3cd26889ca66d677f1"},"headline":"Amob\u00e9 M\u00e9v\u00e9gu\u00e9, l\u2019homme de culture et panafricaniste engag\u00e9 s\u2019en est all\u00e9","datePublished":"2021-09-09T17:47:58+00:00","dateModified":"2021-09-09T18:45:05+00:00","mainEntityOfPage":{"@id":"https:\/\/www.africa-press.net\/tchad\/culture-et-art\/amobe-mevegue-lhomme-de-culture-et-panafricaniste-engage-sen-est-alle"},"wordCount":270,"commentCount":0,"image":{"@id":"https:\/\/www.africa-press.net\/tchad\/culture-et-art\/amobe-mevegue-lhomme-de-culture-et-panafricaniste-engage-sen-est-alle#primaryimage"},"thumbnailUrl":"https:\/\/static.africa-press.net\/tchad\/sites\/41\/2021\/09\/img-613a433689601.jpg","keywords":["Africa Press","Africa Press-Tchad","Amob\u00e9 M\u00e9v\u00e9gu\u00e9","COVID 19","Mort","Tchad"],"articleSection":["Culture et Art","homepage-french","Toutes les actualit\u00e9s"],"inLanguage":"fr-FR","potentialAction":[{"@type":"CommentAction","name":"Comment","target":["https:\/\/www.africa-press.net\/tchad\/culture-et-art\/amobe-mevegue-lhomme-de-culture-et-panafricaniste-engage-sen-est-alle#respond"]}]},{"@type":"WebPage","@id":"https:\/\/www.africa-press.net\/tchad\/culture-et-art\/amobe-mevegue-lhomme-de-culture-et-panafricaniste-engage-sen-est-alle","url":"https:\/\/www.africa-press.net\/tchad\/culture-et-art\/amobe-mevegue-lhomme-de-culture-et-panafricaniste-engage-sen-est-alle","name":"Amob\u00e9 M\u00e9v\u00e9gu\u00e9, l\u2019homme de culture et panafricaniste engag\u00e9 s\u2019en est all\u00e9 - tchad","isPartOf":{"@id":"https:\/\/www.africa-press.net\/tchad\/#website"},"primaryImageOfPage":{"@id":"https:\/\/www.africa-press.net\/tchad\/culture-et-art\/amobe-mevegue-lhomme-de-culture-et-panafricaniste-engage-sen-est-alle#primaryimage"},"image":{"@id":"https:\/\/www.africa-press.net\/tchad\/culture-et-art\/amobe-mevegue-lhomme-de-culture-et-panafricaniste-engage-sen-est-alle#primaryimage"},"thumbnailUrl":"https:\/\/static.africa-press.net\/tchad\/sites\/41\/2021\/09\/img-613a433689601.jpg","datePublished":"2021-09-09T17:47:58+00:00","dateModified":"2021-09-09T18:45:05+00:00","author":{"@id":"https:\/\/www.africa-press.net\/tchad\/#\/schema\/person\/2b1cf3cd81a31e3cd26889ca66d677f1"},"description":"Le journaliste de RFI, France 24 et TV5 s\u2019est \u00e9teint le 8 septembre 2021 \u00e0 52 ans. Amob\u00e9 M\u00e9v\u00e9gu\u00e9 bien que vivant en F ...","breadcrumb":{"@id":"https:\/\/www.africa-press.net\/tchad\/culture-et-art\/amobe-mevegue-lhomme-de-culture-et-panafricaniste-engage-sen-est-alle#breadcrumb"},"inLanguage":"fr-FR","potentialAction":[{"@type":"ReadAction","target":["https:\/\/www.africa-press.net\/tchad\/culture-et-art\/amobe-mevegue-lhomme-de-culture-et-panafricaniste-engage-sen-est-alle"]}]},{"@type":"ImageObject","inLanguage":"fr-FR","@id":"https:\/\/www.africa-press.net\/tchad\/culture-et-art\/amobe-mevegue-lhomme-de-culture-et-panafricaniste-engage-sen-est-alle#primaryimage","url":"https:\/\/static.africa-press.net\/tchad\/sites\/41\/2021\/09\/img-613a433689601.jpg","contentUrl":"https:\/\/static.africa-press.net\/tchad\/sites\/41\/2021\/09\/img-613a433689601.jpg","width":780,"height":440,"caption":"Amob\u00e9 M\u00e9v\u00e9gu\u00e9, l\u2019homme de culture et panafricaniste engag\u00e9 s\u2019en est all\u00e9"},{"@type":"BreadcrumbList","@id":"https:\/\/www.africa-press.net\/tchad\/culture-et-art\/amobe-mevegue-lhomme-de-culture-et-panafricaniste-engage-sen-est-alle#breadcrumb","itemListElement":[{"@type":"ListItem","position":1,"name":"Accueil","item":"https:\/\/www.africa-press.net\/tchad\/"},{"@type":"ListItem","position":2,"name":"Amob\u00e9 M\u00e9v\u00e9gu\u00e9, l\u2019homme de culture et panafricaniste engag\u00e9 s\u2019en est all\u00e9"}]},{"@type":"WebSite","@id":"https:\/\/www.africa-press.net\/tchad\/#website","url":"https:\/\/www.africa-press.net\/tchad\/","name":"tchad","description":"Just another Africa News Agency Sites site","potentialAction":[{"@type":"SearchAction","target":{"@type":"EntryPoint","urlTemplate":"https:\/\/www.africa-press.net\/tchad\/?s={search_term_string}"},"query-input":{"@type":"PropertyValueSpecification","valueRequired":true,"valueName":"search_term_string"}}],"inLanguage":"fr-FR"},{"@type":"Person","@id":"https:\/\/www.africa-press.net\/tchad\/#\/schema\/person\/2b1cf3cd81a31e3cd26889ca66d677f1","name":"cfeditorfr"}]}},"_links":{"self":[{"href":"https:\/\/www.africa-press.net\/tchad\/wp-json\/wp\/v2\/posts\/10647","targetHints":{"allow":["GET"]}}],"collection":[{"href":"https:\/\/www.africa-press.net\/tchad\/wp-json\/wp\/v2\/posts"}],"about":[{"href":"https:\/\/www.africa-press.net\/tchad\/wp-json\/wp\/v2\/types\/post"}],"author":[{"embeddable":true,"href":"https:\/\/www.africa-press.net\/tchad\/wp-json\/wp\/v2\/users\/82"}],"replies":[{"embeddable":true,"href":"https:\/\/www.africa-press.net\/tchad\/wp-json\/wp\/v2\/comments?post=10647"}],"version-history":[{"count":0,"href":"https:\/\/www.africa-press.net\/tchad\/wp-json\/wp\/v2\/posts\/10647\/revisions"}],"wp:featuredmedia":[{"embeddable":true,"href":"https:\/\/www.africa-press.net\/tchad\/wp-json\/wp\/v2\/media\/10646"}],"wp:attachment":[{"href":"https:\/\/www.africa-press.net\/tchad\/wp-json\/wp\/v2\/media?parent=10647"}],"wp:term":[{"taxonomy":"category","embeddable":true,"href":"https:\/\/www.africa-press.net\/tchad\/wp-json\/wp\/v2\/categories?post=10647"},{"taxonomy":"post_tag","embeddable":true,"href":"https:\/\/www.africa-press.net\/tchad\/wp-json\/wp\/v2\/tags?post=10647"}],"curies":[{"name":"wp","href":"https:\/\/api.w.org\/{rel}","templated":true}]}}