{"id":11023,"date":"2021-09-16T15:41:25","date_gmt":"2021-09-16T15:41:25","guid":{"rendered":"https:\/\/www.africa-press.net\/tchad\/politique\/rentree-administrative-dans-les-etablissements-scolaires"},"modified":"2021-09-17T18:37:29","modified_gmt":"2021-09-17T18:37:29","slug":"rentree-administrative-dans-les-etablissements-scolaires","status":"publish","type":"post","link":"https:\/\/www.africa-press.net\/tchad\/toutes-les-actualites\/rentree-administrative-dans-les-etablissements-scolaires","title":{"rendered":"rentr\u00e9e administrative dans les \u00e9tablissements scolaires"},"content":{"rendered":"<p><span style=\"color: #ff6600\"><strong><a href=\"https:\/\/www.africa-press.net\/\">Africa-Press<\/a> &#8211; <a href=\"https:\/\/www.africa-press.net\/tchad\">Tchad<\/a>. <\/strong><\/span>Le 15 septembre 2021 marque la date de la rentr\u00e9e administrative sur l\u2019ensemble du territoire national tchadien. Elle pr\u00e9pare la rentr\u00e9e p\u00e9dagogique 2021-2022 fix\u00e9e pour le 1er octobre 2021. La rentr\u00e9e administrative constitue le moment pendant lequel se pr\u00e9pare la rentr\u00e9e des classes.<\/p>\n<p>Elle donne lieu \u00e0 d\u2019intenses activit\u00e9s administratives visant \u00e0 cr\u00e9er des conditions n\u00e9cessaires pour un d\u00e9marrage effectif des classes, explique le ministre de l&rsquo;\u00c9ducation nationale et de la Promotion civique, Kosmadji Merci.<\/p>\n<p>\u200bDes orientations sont donn\u00e9es aux chefs d&rsquo;\u00e9tablissement scolaire : le respect des mesures \u00e9dict\u00e9es en vue d\u2019\u00e9radiquer la COVID 19 doit \u00eatre de rigueur tout au long de l\u2019ann\u00e9e scolaire 2021-2022 ; les chefs d\u2019\u00e9tablissement scolaire doivent prendre des dispositions n\u00e9cessaires pour faciliter la vaccination de leurs personnels et \u00e9l\u00e8ves.<\/p>\n<p>L\u2019ann\u00e9e qui commence est plac\u00e9e sous le th\u00e8me : \u00ab Un esprit de coh\u00e9sion pour une \u00e9ducation de qualit\u00e9 \u00bb. Ce th\u00e8me est un appel \u00e0 la mobilisation de tous les acteurs du syst\u00e8me \u00e9ducatif en vue de la restauration de l\u2019\u00e9cole tchadienne dans son r\u00f4le de promotrice des valeurs citoyennes, de la coh\u00e9sion sociale et du d\u00e9veloppement de capital humain.<\/p>\n","protected":false},"excerpt":{"rendered":"<p>Africa-Press &#8211; Tchad. Le 15 septembre 2021 marque la date de la rentr\u00e9e administrative sur l\u2019ensemble du territoire national tchadien. Elle pr\u00e9pare la rentr\u00e9e p\u00e9dagogique 2021-2022 fix\u00e9e pour le 1er octobre 2021. La rentr\u00e9e administrative constitue le moment pendant lequel se pr\u00e9pare la rentr\u00e9e des classes. Elle donne lieu \u00e0 d\u2019intenses activit\u00e9s administratives visant \u00e0 [&hellip;]<\/p>\n","protected":false},"author":82,"featured_media":11022,"comment_status":"open","ping_status":"closed","sticky":false,"template":"","format":"standard","meta":{"footnotes":""},"categories":[21,11,10],"tags":[37,292,1662,1661,29],"class_list":["post-11023","post","type-post","status-publish","format-standard","has-post-thumbnail","hentry","category-communaute","category-homepage-french","category-toutes-les-actualites","tag-africa-press","tag-africa-press-tchad","tag-etablissements","tag-scolaires","tag-tchad"],"yoast_head":"<!-- This site is optimized with the Yoast SEO Premium plugin v26.1 (Yoast SEO v27.0) - https:\/\/yoast.com\/product\/yoast-seo-premium-wordpress\/ -->\n<title>rentr\u00e9e administrative dans les \u00e9tablissements scolaires - tchad<\/title>\n<meta name=\"description\" content=\"Le 15 septembre 2021 marque la date de la rentr\u00e9e administrative sur l\u2019ensemble du territoire national tchadien. Elle pr ...\" \/>\n<meta name=\"robots\" content=\"index, follow, max-snippet:-1, max-image-preview:large, max-video-preview:-1\" \/>\n<link rel=\"canonical\" href=\"https:\/\/www.africa-press.net\/tchad\/toutes-les-actualites\/rentree-administrative-dans-les-etablissements-scolaires\" \/>\n<meta property=\"og:locale\" content=\"fr_FR\" \/>\n<meta property=\"og:type\" content=\"article\" \/>\n<meta property=\"og:title\" content=\"rentr\u00e9e administrative dans les \u00e9tablissements scolaires\" \/>\n<meta property=\"og:description\" content=\"Le 15 septembre 2021 marque la date de la rentr\u00e9e administrative sur l\u2019ensemble du territoire national tchadien. Elle pr ...\" \/>\n<meta property=\"og:url\" content=\"https:\/\/www.africa-press.net\/tchad\/toutes-les-actualites\/rentree-administrative-dans-les-etablissements-scolaires\" \/>\n<meta property=\"og:site_name\" content=\"tchad\" \/>\n<meta property=\"article:published_time\" content=\"2021-09-16T15:41:25+00:00\" \/>\n<meta property=\"article:modified_time\" content=\"2021-09-17T18:37:29+00:00\" \/>\n<meta property=\"og:image\" content=\"https:\/\/static.africa-press.net\/tchad\/sites\/41\/2021\/09\/img-61436d9fd12d9.jpg\" \/>\n\t<meta property=\"og:image:width\" content=\"870\" \/>\n\t<meta property=\"og:image:height\" content=\"412\" \/>\n\t<meta property=\"og:image:type\" content=\"image\/jpeg\" \/>\n<meta name=\"author\" content=\"cfeditorfr\" \/>\n<meta name=\"twitter:card\" content=\"summary_large_image\" \/>\n<meta name=\"twitter:label1\" content=\"\u00c9crit par\" \/>\n\t<meta name=\"twitter:data1\" content=\"cfeditorfr\" \/>\n\t<meta name=\"twitter:label2\" content=\"Dur\u00e9e de lecture estim\u00e9e\" \/>\n\t<meta name=\"twitter:data2\" content=\"1 minute\" \/>\n<script type=\"application\/ld+json\" class=\"yoast-schema-graph\">{\"@context\":\"https:\/\/schema.org\",\"@graph\":[{\"@type\":\"Article\",\"@id\":\"https:\/\/www.africa-press.net\/tchad\/toutes-les-actualites\/rentree-administrative-dans-les-etablissements-scolaires#article\",\"isPartOf\":{\"@id\":\"https:\/\/www.africa-press.net\/tchad\/toutes-les-actualites\/rentree-administrative-dans-les-etablissements-scolaires\"},\"author\":{\"name\":\"cfeditorfr\",\"@id\":\"https:\/\/www.africa-press.net\/tchad\/#\/schema\/person\/2b1cf3cd81a31e3cd26889ca66d677f1\"},\"headline\":\"rentr\u00e9e administrative dans les \u00e9tablissements scolaires\",\"datePublished\":\"2021-09-16T15:41:25+00:00\",\"dateModified\":\"2021-09-17T18:37:29+00:00\",\"mainEntityOfPage\":{\"@id\":\"https:\/\/www.africa-press.net\/tchad\/toutes-les-actualites\/rentree-administrative-dans-les-etablissements-scolaires\"},\"wordCount\":219,\"commentCount\":0,\"image\":{\"@id\":\"https:\/\/www.africa-press.net\/tchad\/toutes-les-actualites\/rentree-administrative-dans-les-etablissements-scolaires#primaryimage\"},\"thumbnailUrl\":\"https:\/\/static.africa-press.net\/tchad\/sites\/41\/2021\/09\/img-61436d9fd12d9.jpg\",\"keywords\":[\"Africa Press\",\"Africa Press-Tchad\",\"\u00e9tablissements\",\"scolaires\",\"Tchad\"],\"articleSection\":[\"Communaut\u00e9\",\"homepage-french\",\"Toutes les actualit\u00e9s\"],\"inLanguage\":\"fr-FR\",\"potentialAction\":[{\"@type\":\"CommentAction\",\"name\":\"Comment\",\"target\":[\"https:\/\/www.africa-press.net\/tchad\/toutes-les-actualites\/rentree-administrative-dans-les-etablissements-scolaires#respond\"]}]},{\"@type\":\"WebPage\",\"@id\":\"https:\/\/www.africa-press.net\/tchad\/toutes-les-actualites\/rentree-administrative-dans-les-etablissements-scolaires\",\"url\":\"https:\/\/www.africa-press.net\/tchad\/toutes-les-actualites\/rentree-administrative-dans-les-etablissements-scolaires\",\"name\":\"rentr\u00e9e administrative dans les \u00e9tablissements scolaires - tchad\",\"isPartOf\":{\"@id\":\"https:\/\/www.africa-press.net\/tchad\/#website\"},\"primaryImageOfPage\":{\"@id\":\"https:\/\/www.africa-press.net\/tchad\/toutes-les-actualites\/rentree-administrative-dans-les-etablissements-scolaires#primaryimage\"},\"image\":{\"@id\":\"https:\/\/www.africa-press.net\/tchad\/toutes-les-actualites\/rentree-administrative-dans-les-etablissements-scolaires#primaryimage\"},\"thumbnailUrl\":\"https:\/\/static.africa-press.net\/tchad\/sites\/41\/2021\/09\/img-61436d9fd12d9.jpg\",\"datePublished\":\"2021-09-16T15:41:25+00:00\",\"dateModified\":\"2021-09-17T18:37:29+00:00\",\"author\":{\"@id\":\"https:\/\/www.africa-press.net\/tchad\/#\/schema\/person\/2b1cf3cd81a31e3cd26889ca66d677f1\"},\"description\":\"Le 15 septembre 2021 marque la date de la rentr\u00e9e administrative sur l\u2019ensemble du territoire national tchadien. Elle pr ...\",\"breadcrumb\":{\"@id\":\"https:\/\/www.africa-press.net\/tchad\/toutes-les-actualites\/rentree-administrative-dans-les-etablissements-scolaires#breadcrumb\"},\"inLanguage\":\"fr-FR\",\"potentialAction\":[{\"@type\":\"ReadAction\",\"target\":[\"https:\/\/www.africa-press.net\/tchad\/toutes-les-actualites\/rentree-administrative-dans-les-etablissements-scolaires\"]}]},{\"@type\":\"ImageObject\",\"inLanguage\":\"fr-FR\",\"@id\":\"https:\/\/www.africa-press.net\/tchad\/toutes-les-actualites\/rentree-administrative-dans-les-etablissements-scolaires#primaryimage\",\"url\":\"https:\/\/static.africa-press.net\/tchad\/sites\/41\/2021\/09\/img-61436d9fd12d9.jpg\",\"contentUrl\":\"https:\/\/static.africa-press.net\/tchad\/sites\/41\/2021\/09\/img-61436d9fd12d9.jpg\",\"width\":870,\"height\":412,\"caption\":\"rentr\u00e9e administrative dans les \u00e9tablissements scolaires\"},{\"@type\":\"BreadcrumbList\",\"@id\":\"https:\/\/www.africa-press.net\/tchad\/toutes-les-actualites\/rentree-administrative-dans-les-etablissements-scolaires#breadcrumb\",\"itemListElement\":[{\"@type\":\"ListItem\",\"position\":1,\"name\":\"Accueil\",\"item\":\"https:\/\/www.africa-press.net\/tchad\/\"},{\"@type\":\"ListItem\",\"position\":2,\"name\":\"rentr\u00e9e administrative dans les \u00e9tablissements scolaires\"}]},{\"@type\":\"WebSite\",\"@id\":\"https:\/\/www.africa-press.net\/tchad\/#website\",\"url\":\"https:\/\/www.africa-press.net\/tchad\/\",\"name\":\"tchad\",\"description\":\"Just another Africa News Agency Sites site\",\"potentialAction\":[{\"@type\":\"SearchAction\",\"target\":{\"@type\":\"EntryPoint\",\"urlTemplate\":\"https:\/\/www.africa-press.net\/tchad\/?s={search_term_string}\"},\"query-input\":{\"@type\":\"PropertyValueSpecification\",\"valueRequired\":true,\"valueName\":\"search_term_string\"}}],\"inLanguage\":\"fr-FR\"},{\"@type\":\"Person\",\"@id\":\"https:\/\/www.africa-press.net\/tchad\/#\/schema\/person\/2b1cf3cd81a31e3cd26889ca66d677f1\",\"name\":\"cfeditorfr\"}]}<\/script>\n<!-- \/ Yoast SEO Premium plugin. -->","yoast_head_json":{"title":"rentr\u00e9e administrative dans les \u00e9tablissements scolaires - tchad","description":"Le 15 septembre 2021 marque la date de la rentr\u00e9e administrative sur l\u2019ensemble du territoire national tchadien. Elle pr ...","robots":{"index":"index","follow":"follow","max-snippet":"max-snippet:-1","max-image-preview":"max-image-preview:large","max-video-preview":"max-video-preview:-1"},"canonical":"https:\/\/www.africa-press.net\/tchad\/toutes-les-actualites\/rentree-administrative-dans-les-etablissements-scolaires","og_locale":"fr_FR","og_type":"article","og_title":"rentr\u00e9e administrative dans les \u00e9tablissements scolaires","og_description":"Le 15 septembre 2021 marque la date de la rentr\u00e9e administrative sur l\u2019ensemble du territoire national tchadien. Elle pr ...","og_url":"https:\/\/www.africa-press.net\/tchad\/toutes-les-actualites\/rentree-administrative-dans-les-etablissements-scolaires","og_site_name":"tchad","article_published_time":"2021-09-16T15:41:25+00:00","article_modified_time":"2021-09-17T18:37:29+00:00","og_image":[{"width":870,"height":412,"url":"https:\/\/static.africa-press.net\/tchad\/sites\/41\/2021\/09\/img-61436d9fd12d9.jpg","type":"image\/jpeg"}],"author":"cfeditorfr","twitter_card":"summary_large_image","twitter_misc":{"\u00c9crit par":"cfeditorfr","Dur\u00e9e de lecture estim\u00e9e":"1 minute"},"schema":{"@context":"https:\/\/schema.org","@graph":[{"@type":"Article","@id":"https:\/\/www.africa-press.net\/tchad\/toutes-les-actualites\/rentree-administrative-dans-les-etablissements-scolaires#article","isPartOf":{"@id":"https:\/\/www.africa-press.net\/tchad\/toutes-les-actualites\/rentree-administrative-dans-les-etablissements-scolaires"},"author":{"name":"cfeditorfr","@id":"https:\/\/www.africa-press.net\/tchad\/#\/schema\/person\/2b1cf3cd81a31e3cd26889ca66d677f1"},"headline":"rentr\u00e9e administrative dans les \u00e9tablissements scolaires","datePublished":"2021-09-16T15:41:25+00:00","dateModified":"2021-09-17T18:37:29+00:00","mainEntityOfPage":{"@id":"https:\/\/www.africa-press.net\/tchad\/toutes-les-actualites\/rentree-administrative-dans-les-etablissements-scolaires"},"wordCount":219,"commentCount":0,"image":{"@id":"https:\/\/www.africa-press.net\/tchad\/toutes-les-actualites\/rentree-administrative-dans-les-etablissements-scolaires#primaryimage"},"thumbnailUrl":"https:\/\/static.africa-press.net\/tchad\/sites\/41\/2021\/09\/img-61436d9fd12d9.jpg","keywords":["Africa Press","Africa Press-Tchad","\u00e9tablissements","scolaires","Tchad"],"articleSection":["Communaut\u00e9","homepage-french","Toutes les actualit\u00e9s"],"inLanguage":"fr-FR","potentialAction":[{"@type":"CommentAction","name":"Comment","target":["https:\/\/www.africa-press.net\/tchad\/toutes-les-actualites\/rentree-administrative-dans-les-etablissements-scolaires#respond"]}]},{"@type":"WebPage","@id":"https:\/\/www.africa-press.net\/tchad\/toutes-les-actualites\/rentree-administrative-dans-les-etablissements-scolaires","url":"https:\/\/www.africa-press.net\/tchad\/toutes-les-actualites\/rentree-administrative-dans-les-etablissements-scolaires","name":"rentr\u00e9e administrative dans les \u00e9tablissements scolaires - tchad","isPartOf":{"@id":"https:\/\/www.africa-press.net\/tchad\/#website"},"primaryImageOfPage":{"@id":"https:\/\/www.africa-press.net\/tchad\/toutes-les-actualites\/rentree-administrative-dans-les-etablissements-scolaires#primaryimage"},"image":{"@id":"https:\/\/www.africa-press.net\/tchad\/toutes-les-actualites\/rentree-administrative-dans-les-etablissements-scolaires#primaryimage"},"thumbnailUrl":"https:\/\/static.africa-press.net\/tchad\/sites\/41\/2021\/09\/img-61436d9fd12d9.jpg","datePublished":"2021-09-16T15:41:25+00:00","dateModified":"2021-09-17T18:37:29+00:00","author":{"@id":"https:\/\/www.africa-press.net\/tchad\/#\/schema\/person\/2b1cf3cd81a31e3cd26889ca66d677f1"},"description":"Le 15 septembre 2021 marque la date de la rentr\u00e9e administrative sur l\u2019ensemble du territoire national tchadien. Elle pr ...","breadcrumb":{"@id":"https:\/\/www.africa-press.net\/tchad\/toutes-les-actualites\/rentree-administrative-dans-les-etablissements-scolaires#breadcrumb"},"inLanguage":"fr-FR","potentialAction":[{"@type":"ReadAction","target":["https:\/\/www.africa-press.net\/tchad\/toutes-les-actualites\/rentree-administrative-dans-les-etablissements-scolaires"]}]},{"@type":"ImageObject","inLanguage":"fr-FR","@id":"https:\/\/www.africa-press.net\/tchad\/toutes-les-actualites\/rentree-administrative-dans-les-etablissements-scolaires#primaryimage","url":"https:\/\/static.africa-press.net\/tchad\/sites\/41\/2021\/09\/img-61436d9fd12d9.jpg","contentUrl":"https:\/\/static.africa-press.net\/tchad\/sites\/41\/2021\/09\/img-61436d9fd12d9.jpg","width":870,"height":412,"caption":"rentr\u00e9e administrative dans les \u00e9tablissements scolaires"},{"@type":"BreadcrumbList","@id":"https:\/\/www.africa-press.net\/tchad\/toutes-les-actualites\/rentree-administrative-dans-les-etablissements-scolaires#breadcrumb","itemListElement":[{"@type":"ListItem","position":1,"name":"Accueil","item":"https:\/\/www.africa-press.net\/tchad\/"},{"@type":"ListItem","position":2,"name":"rentr\u00e9e administrative dans les \u00e9tablissements scolaires"}]},{"@type":"WebSite","@id":"https:\/\/www.africa-press.net\/tchad\/#website","url":"https:\/\/www.africa-press.net\/tchad\/","name":"tchad","description":"Just another Africa News Agency Sites site","potentialAction":[{"@type":"SearchAction","target":{"@type":"EntryPoint","urlTemplate":"https:\/\/www.africa-press.net\/tchad\/?s={search_term_string}"},"query-input":{"@type":"PropertyValueSpecification","valueRequired":true,"valueName":"search_term_string"}}],"inLanguage":"fr-FR"},{"@type":"Person","@id":"https:\/\/www.africa-press.net\/tchad\/#\/schema\/person\/2b1cf3cd81a31e3cd26889ca66d677f1","name":"cfeditorfr"}]}},"_links":{"self":[{"href":"https:\/\/www.africa-press.net\/tchad\/wp-json\/wp\/v2\/posts\/11023","targetHints":{"allow":["GET"]}}],"collection":[{"href":"https:\/\/www.africa-press.net\/tchad\/wp-json\/wp\/v2\/posts"}],"about":[{"href":"https:\/\/www.africa-press.net\/tchad\/wp-json\/wp\/v2\/types\/post"}],"author":[{"embeddable":true,"href":"https:\/\/www.africa-press.net\/tchad\/wp-json\/wp\/v2\/users\/82"}],"replies":[{"embeddable":true,"href":"https:\/\/www.africa-press.net\/tchad\/wp-json\/wp\/v2\/comments?post=11023"}],"version-history":[{"count":0,"href":"https:\/\/www.africa-press.net\/tchad\/wp-json\/wp\/v2\/posts\/11023\/revisions"}],"wp:featuredmedia":[{"embeddable":true,"href":"https:\/\/www.africa-press.net\/tchad\/wp-json\/wp\/v2\/media\/11022"}],"wp:attachment":[{"href":"https:\/\/www.africa-press.net\/tchad\/wp-json\/wp\/v2\/media?parent=11023"}],"wp:term":[{"taxonomy":"category","embeddable":true,"href":"https:\/\/www.africa-press.net\/tchad\/wp-json\/wp\/v2\/categories?post=11023"},{"taxonomy":"post_tag","embeddable":true,"href":"https:\/\/www.africa-press.net\/tchad\/wp-json\/wp\/v2\/tags?post=11023"}],"curies":[{"name":"wp","href":"https:\/\/api.w.org\/{rel}","templated":true}]}}