{"id":11104,"date":"2021-09-19T11:38:13","date_gmt":"2021-09-19T11:38:13","guid":{"rendered":"https:\/\/www.africa-press.net\/tchad\/politique\/reprise-des-conflits-intercommunautaires-a-abeche"},"modified":"2021-09-20T13:47:32","modified_gmt":"2021-09-20T13:47:32","slug":"reprise-des-conflits-intercommunautaires-a-abeche","status":"publish","type":"post","link":"https:\/\/www.africa-press.net\/tchad\/politique\/reprise-des-conflits-intercommunautaires-a-abeche","title":{"rendered":"Reprise des conflits intercommunautaires \u00e0 Ab\u00e9ch\u00e9"},"content":{"rendered":"<p><span style=\"color: #ff6600\"><strong><a href=\"https:\/\/www.africa-press.net\/\">Africa-Press<\/a> &#8211; <a href=\"https:\/\/www.africa-press.net\/tchad\">Tchad<\/a>. <\/strong><\/span>Des affrontements intercommunautaires entre deux ethnies vivant dans le canton Mondjok, province du Ouadda\u00ef eu lieu ce matin, dimanche 19 septembre.<\/p>\n<p>Le gouverneur du Ouadda\u00ef accompagn\u00e9 des forces des d\u00e9fenses et de s\u00e9curit\u00e9 sont actuellement en route vers le lieu de l\u2019attaque.<\/p>\n","protected":false},"excerpt":{"rendered":"<p>Africa-Press &#8211; Tchad. Des affrontements intercommunautaires entre deux ethnies vivant dans le canton Mondjok, province du Ouadda\u00ef eu lieu ce matin, dimanche 19 septembre. Le gouverneur du Ouadda\u00ef accompagn\u00e9 des forces des d\u00e9fenses et de s\u00e9curit\u00e9 sont actuellement en route vers le lieu de l\u2019attaque.<\/p>\n","protected":false},"author":82,"featured_media":11103,"comment_status":"open","ping_status":"closed","sticky":false,"template":"","format":"standard","meta":{"footnotes":""},"categories":[11,2,20,10],"tags":[67,37,292,1272,29],"class_list":["post-11104","post","type-post","status-publish","format-standard","has-post-thumbnail","hentry","category-homepage-french","category-politique","category-top-nouvelles","category-toutes-les-actualites","tag-abeche","tag-africa-press","tag-africa-press-tchad","tag-intercommunautaires","tag-tchad"],"yoast_head":"<!-- This site is optimized with the Yoast SEO Premium plugin v26.1 (Yoast SEO v27.0) - https:\/\/yoast.com\/product\/yoast-seo-premium-wordpress\/ -->\n<title>Reprise des conflits intercommunautaires \u00e0 Ab\u00e9ch\u00e9 - tchad<\/title>\n<meta name=\"description\" content=\"Des affrontements intercommunautaires entre deux ethnies vivant dans le canton Mondjok, province du Ouadda\u00ef eu lieu ce m ...\" \/>\n<meta name=\"robots\" content=\"index, follow, max-snippet:-1, max-image-preview:large, max-video-preview:-1\" \/>\n<link rel=\"canonical\" href=\"https:\/\/www.africa-press.net\/tchad\/politique\/reprise-des-conflits-intercommunautaires-a-abeche\" \/>\n<meta property=\"og:locale\" content=\"fr_FR\" \/>\n<meta property=\"og:type\" content=\"article\" \/>\n<meta property=\"og:title\" content=\"Reprise des conflits intercommunautaires \u00e0 Ab\u00e9ch\u00e9\" \/>\n<meta property=\"og:description\" content=\"Des affrontements intercommunautaires entre deux ethnies vivant dans le canton Mondjok, province du Ouadda\u00ef eu lieu ce m ...\" \/>\n<meta property=\"og:url\" content=\"https:\/\/www.africa-press.net\/tchad\/politique\/reprise-des-conflits-intercommunautaires-a-abeche\" \/>\n<meta property=\"og:site_name\" content=\"tchad\" \/>\n<meta property=\"article:published_time\" content=\"2021-09-19T11:38:13+00:00\" \/>\n<meta property=\"article:modified_time\" content=\"2021-09-20T13:47:32+00:00\" \/>\n<meta property=\"og:image\" content=\"https:\/\/static.africa-press.net\/tchad\/sites\/41\/2021\/09\/img-61472b886cc8e.jpg\" \/>\n\t<meta property=\"og:image:width\" content=\"696\" \/>\n\t<meta property=\"og:image:height\" content=\"522\" \/>\n\t<meta property=\"og:image:type\" content=\"image\/jpeg\" \/>\n<meta name=\"author\" content=\"cfeditorfr\" \/>\n<meta name=\"twitter:card\" content=\"summary_large_image\" \/>\n<meta name=\"twitter:label1\" content=\"\u00c9crit par\" \/>\n\t<meta name=\"twitter:data1\" content=\"cfeditorfr\" \/>\n<script type=\"application\/ld+json\" class=\"yoast-schema-graph\">{\"@context\":\"https:\/\/schema.org\",\"@graph\":[{\"@type\":\"Article\",\"@id\":\"https:\/\/www.africa-press.net\/tchad\/politique\/reprise-des-conflits-intercommunautaires-a-abeche#article\",\"isPartOf\":{\"@id\":\"https:\/\/www.africa-press.net\/tchad\/politique\/reprise-des-conflits-intercommunautaires-a-abeche\"},\"author\":{\"name\":\"cfeditorfr\",\"@id\":\"https:\/\/www.africa-press.net\/tchad\/#\/schema\/person\/2b1cf3cd81a31e3cd26889ca66d677f1\"},\"headline\":\"Reprise des conflits intercommunautaires \u00e0 Ab\u00e9ch\u00e9\",\"datePublished\":\"2021-09-19T11:38:13+00:00\",\"dateModified\":\"2021-09-20T13:47:32+00:00\",\"mainEntityOfPage\":{\"@id\":\"https:\/\/www.africa-press.net\/tchad\/politique\/reprise-des-conflits-intercommunautaires-a-abeche\"},\"wordCount\":53,\"commentCount\":0,\"image\":{\"@id\":\"https:\/\/www.africa-press.net\/tchad\/politique\/reprise-des-conflits-intercommunautaires-a-abeche#primaryimage\"},\"thumbnailUrl\":\"https:\/\/static.africa-press.net\/tchad\/sites\/41\/2021\/09\/img-61472b886cc8e.jpg\",\"keywords\":[\"Ab\u00e9ch\u00e9\",\"Africa Press\",\"Africa Press-Tchad\",\"intercommunautaires\",\"Tchad\"],\"articleSection\":[\"homepage-french\",\"Politique\",\"Top Nouvelles\",\"Toutes les actualit\u00e9s\"],\"inLanguage\":\"fr-FR\",\"potentialAction\":[{\"@type\":\"CommentAction\",\"name\":\"Comment\",\"target\":[\"https:\/\/www.africa-press.net\/tchad\/politique\/reprise-des-conflits-intercommunautaires-a-abeche#respond\"]}]},{\"@type\":\"WebPage\",\"@id\":\"https:\/\/www.africa-press.net\/tchad\/politique\/reprise-des-conflits-intercommunautaires-a-abeche\",\"url\":\"https:\/\/www.africa-press.net\/tchad\/politique\/reprise-des-conflits-intercommunautaires-a-abeche\",\"name\":\"Reprise des conflits intercommunautaires \u00e0 Ab\u00e9ch\u00e9 - tchad\",\"isPartOf\":{\"@id\":\"https:\/\/www.africa-press.net\/tchad\/#website\"},\"primaryImageOfPage\":{\"@id\":\"https:\/\/www.africa-press.net\/tchad\/politique\/reprise-des-conflits-intercommunautaires-a-abeche#primaryimage\"},\"image\":{\"@id\":\"https:\/\/www.africa-press.net\/tchad\/politique\/reprise-des-conflits-intercommunautaires-a-abeche#primaryimage\"},\"thumbnailUrl\":\"https:\/\/static.africa-press.net\/tchad\/sites\/41\/2021\/09\/img-61472b886cc8e.jpg\",\"datePublished\":\"2021-09-19T11:38:13+00:00\",\"dateModified\":\"2021-09-20T13:47:32+00:00\",\"author\":{\"@id\":\"https:\/\/www.africa-press.net\/tchad\/#\/schema\/person\/2b1cf3cd81a31e3cd26889ca66d677f1\"},\"description\":\"Des affrontements intercommunautaires entre deux ethnies vivant dans le canton Mondjok, province du Ouadda\u00ef eu lieu ce m ...\",\"breadcrumb\":{\"@id\":\"https:\/\/www.africa-press.net\/tchad\/politique\/reprise-des-conflits-intercommunautaires-a-abeche#breadcrumb\"},\"inLanguage\":\"fr-FR\",\"potentialAction\":[{\"@type\":\"ReadAction\",\"target\":[\"https:\/\/www.africa-press.net\/tchad\/politique\/reprise-des-conflits-intercommunautaires-a-abeche\"]}]},{\"@type\":\"ImageObject\",\"inLanguage\":\"fr-FR\",\"@id\":\"https:\/\/www.africa-press.net\/tchad\/politique\/reprise-des-conflits-intercommunautaires-a-abeche#primaryimage\",\"url\":\"https:\/\/static.africa-press.net\/tchad\/sites\/41\/2021\/09\/img-61472b886cc8e.jpg\",\"contentUrl\":\"https:\/\/static.africa-press.net\/tchad\/sites\/41\/2021\/09\/img-61472b886cc8e.jpg\",\"width\":696,\"height\":522,\"caption\":\"Reprise des conflits intercommunautaires \u00e0 Ab\u00e9ch\u00e9\"},{\"@type\":\"BreadcrumbList\",\"@id\":\"https:\/\/www.africa-press.net\/tchad\/politique\/reprise-des-conflits-intercommunautaires-a-abeche#breadcrumb\",\"itemListElement\":[{\"@type\":\"ListItem\",\"position\":1,\"name\":\"Accueil\",\"item\":\"https:\/\/www.africa-press.net\/tchad\/\"},{\"@type\":\"ListItem\",\"position\":2,\"name\":\"Reprise des conflits intercommunautaires \u00e0 Ab\u00e9ch\u00e9\"}]},{\"@type\":\"WebSite\",\"@id\":\"https:\/\/www.africa-press.net\/tchad\/#website\",\"url\":\"https:\/\/www.africa-press.net\/tchad\/\",\"name\":\"tchad\",\"description\":\"Just another Africa News Agency Sites site\",\"potentialAction\":[{\"@type\":\"SearchAction\",\"target\":{\"@type\":\"EntryPoint\",\"urlTemplate\":\"https:\/\/www.africa-press.net\/tchad\/?s={search_term_string}\"},\"query-input\":{\"@type\":\"PropertyValueSpecification\",\"valueRequired\":true,\"valueName\":\"search_term_string\"}}],\"inLanguage\":\"fr-FR\"},{\"@type\":\"Person\",\"@id\":\"https:\/\/www.africa-press.net\/tchad\/#\/schema\/person\/2b1cf3cd81a31e3cd26889ca66d677f1\",\"name\":\"cfeditorfr\"}]}<\/script>\n<!-- \/ Yoast SEO Premium plugin. -->","yoast_head_json":{"title":"Reprise des conflits intercommunautaires \u00e0 Ab\u00e9ch\u00e9 - tchad","description":"Des affrontements intercommunautaires entre deux ethnies vivant dans le canton Mondjok, province du Ouadda\u00ef eu lieu ce m ...","robots":{"index":"index","follow":"follow","max-snippet":"max-snippet:-1","max-image-preview":"max-image-preview:large","max-video-preview":"max-video-preview:-1"},"canonical":"https:\/\/www.africa-press.net\/tchad\/politique\/reprise-des-conflits-intercommunautaires-a-abeche","og_locale":"fr_FR","og_type":"article","og_title":"Reprise des conflits intercommunautaires \u00e0 Ab\u00e9ch\u00e9","og_description":"Des affrontements intercommunautaires entre deux ethnies vivant dans le canton Mondjok, province du Ouadda\u00ef eu lieu ce m ...","og_url":"https:\/\/www.africa-press.net\/tchad\/politique\/reprise-des-conflits-intercommunautaires-a-abeche","og_site_name":"tchad","article_published_time":"2021-09-19T11:38:13+00:00","article_modified_time":"2021-09-20T13:47:32+00:00","og_image":[{"width":696,"height":522,"url":"https:\/\/static.africa-press.net\/tchad\/sites\/41\/2021\/09\/img-61472b886cc8e.jpg","type":"image\/jpeg"}],"author":"cfeditorfr","twitter_card":"summary_large_image","twitter_misc":{"\u00c9crit par":"cfeditorfr"},"schema":{"@context":"https:\/\/schema.org","@graph":[{"@type":"Article","@id":"https:\/\/www.africa-press.net\/tchad\/politique\/reprise-des-conflits-intercommunautaires-a-abeche#article","isPartOf":{"@id":"https:\/\/www.africa-press.net\/tchad\/politique\/reprise-des-conflits-intercommunautaires-a-abeche"},"author":{"name":"cfeditorfr","@id":"https:\/\/www.africa-press.net\/tchad\/#\/schema\/person\/2b1cf3cd81a31e3cd26889ca66d677f1"},"headline":"Reprise des conflits intercommunautaires \u00e0 Ab\u00e9ch\u00e9","datePublished":"2021-09-19T11:38:13+00:00","dateModified":"2021-09-20T13:47:32+00:00","mainEntityOfPage":{"@id":"https:\/\/www.africa-press.net\/tchad\/politique\/reprise-des-conflits-intercommunautaires-a-abeche"},"wordCount":53,"commentCount":0,"image":{"@id":"https:\/\/www.africa-press.net\/tchad\/politique\/reprise-des-conflits-intercommunautaires-a-abeche#primaryimage"},"thumbnailUrl":"https:\/\/static.africa-press.net\/tchad\/sites\/41\/2021\/09\/img-61472b886cc8e.jpg","keywords":["Ab\u00e9ch\u00e9","Africa Press","Africa Press-Tchad","intercommunautaires","Tchad"],"articleSection":["homepage-french","Politique","Top Nouvelles","Toutes les actualit\u00e9s"],"inLanguage":"fr-FR","potentialAction":[{"@type":"CommentAction","name":"Comment","target":["https:\/\/www.africa-press.net\/tchad\/politique\/reprise-des-conflits-intercommunautaires-a-abeche#respond"]}]},{"@type":"WebPage","@id":"https:\/\/www.africa-press.net\/tchad\/politique\/reprise-des-conflits-intercommunautaires-a-abeche","url":"https:\/\/www.africa-press.net\/tchad\/politique\/reprise-des-conflits-intercommunautaires-a-abeche","name":"Reprise des conflits intercommunautaires \u00e0 Ab\u00e9ch\u00e9 - tchad","isPartOf":{"@id":"https:\/\/www.africa-press.net\/tchad\/#website"},"primaryImageOfPage":{"@id":"https:\/\/www.africa-press.net\/tchad\/politique\/reprise-des-conflits-intercommunautaires-a-abeche#primaryimage"},"image":{"@id":"https:\/\/www.africa-press.net\/tchad\/politique\/reprise-des-conflits-intercommunautaires-a-abeche#primaryimage"},"thumbnailUrl":"https:\/\/static.africa-press.net\/tchad\/sites\/41\/2021\/09\/img-61472b886cc8e.jpg","datePublished":"2021-09-19T11:38:13+00:00","dateModified":"2021-09-20T13:47:32+00:00","author":{"@id":"https:\/\/www.africa-press.net\/tchad\/#\/schema\/person\/2b1cf3cd81a31e3cd26889ca66d677f1"},"description":"Des affrontements intercommunautaires entre deux ethnies vivant dans le canton Mondjok, province du Ouadda\u00ef eu lieu ce m ...","breadcrumb":{"@id":"https:\/\/www.africa-press.net\/tchad\/politique\/reprise-des-conflits-intercommunautaires-a-abeche#breadcrumb"},"inLanguage":"fr-FR","potentialAction":[{"@type":"ReadAction","target":["https:\/\/www.africa-press.net\/tchad\/politique\/reprise-des-conflits-intercommunautaires-a-abeche"]}]},{"@type":"ImageObject","inLanguage":"fr-FR","@id":"https:\/\/www.africa-press.net\/tchad\/politique\/reprise-des-conflits-intercommunautaires-a-abeche#primaryimage","url":"https:\/\/static.africa-press.net\/tchad\/sites\/41\/2021\/09\/img-61472b886cc8e.jpg","contentUrl":"https:\/\/static.africa-press.net\/tchad\/sites\/41\/2021\/09\/img-61472b886cc8e.jpg","width":696,"height":522,"caption":"Reprise des conflits intercommunautaires \u00e0 Ab\u00e9ch\u00e9"},{"@type":"BreadcrumbList","@id":"https:\/\/www.africa-press.net\/tchad\/politique\/reprise-des-conflits-intercommunautaires-a-abeche#breadcrumb","itemListElement":[{"@type":"ListItem","position":1,"name":"Accueil","item":"https:\/\/www.africa-press.net\/tchad\/"},{"@type":"ListItem","position":2,"name":"Reprise des conflits intercommunautaires \u00e0 Ab\u00e9ch\u00e9"}]},{"@type":"WebSite","@id":"https:\/\/www.africa-press.net\/tchad\/#website","url":"https:\/\/www.africa-press.net\/tchad\/","name":"tchad","description":"Just another Africa News Agency Sites site","potentialAction":[{"@type":"SearchAction","target":{"@type":"EntryPoint","urlTemplate":"https:\/\/www.africa-press.net\/tchad\/?s={search_term_string}"},"query-input":{"@type":"PropertyValueSpecification","valueRequired":true,"valueName":"search_term_string"}}],"inLanguage":"fr-FR"},{"@type":"Person","@id":"https:\/\/www.africa-press.net\/tchad\/#\/schema\/person\/2b1cf3cd81a31e3cd26889ca66d677f1","name":"cfeditorfr"}]}},"_links":{"self":[{"href":"https:\/\/www.africa-press.net\/tchad\/wp-json\/wp\/v2\/posts\/11104","targetHints":{"allow":["GET"]}}],"collection":[{"href":"https:\/\/www.africa-press.net\/tchad\/wp-json\/wp\/v2\/posts"}],"about":[{"href":"https:\/\/www.africa-press.net\/tchad\/wp-json\/wp\/v2\/types\/post"}],"author":[{"embeddable":true,"href":"https:\/\/www.africa-press.net\/tchad\/wp-json\/wp\/v2\/users\/82"}],"replies":[{"embeddable":true,"href":"https:\/\/www.africa-press.net\/tchad\/wp-json\/wp\/v2\/comments?post=11104"}],"version-history":[{"count":0,"href":"https:\/\/www.africa-press.net\/tchad\/wp-json\/wp\/v2\/posts\/11104\/revisions"}],"wp:featuredmedia":[{"embeddable":true,"href":"https:\/\/www.africa-press.net\/tchad\/wp-json\/wp\/v2\/media\/11103"}],"wp:attachment":[{"href":"https:\/\/www.africa-press.net\/tchad\/wp-json\/wp\/v2\/media?parent=11104"}],"wp:term":[{"taxonomy":"category","embeddable":true,"href":"https:\/\/www.africa-press.net\/tchad\/wp-json\/wp\/v2\/categories?post=11104"},{"taxonomy":"post_tag","embeddable":true,"href":"https:\/\/www.africa-press.net\/tchad\/wp-json\/wp\/v2\/tags?post=11104"}],"curies":[{"name":"wp","href":"https:\/\/api.w.org\/{rel}","templated":true}]}}