{"id":11413,"date":"2021-09-25T16:32:00","date_gmt":"2021-09-25T16:32:00","guid":{"rendered":"https:\/\/www.africa-press.net\/tchad\/politique\/remise-des-parchemins-aux-laureats-de-la-8e-promotion-de-luniversite-emi-koussi"},"modified":"2021-09-25T18:18:59","modified_gmt":"2021-09-25T18:18:59","slug":"remise-des-parchemins-aux-laureats-de-la-8e-promotion-de-luniversite-emi-koussi","status":"publish","type":"post","link":"https:\/\/www.africa-press.net\/tchad\/culture-et-art\/remise-des-parchemins-aux-laureats-de-la-8e-promotion-de-luniversite-emi-koussi","title":{"rendered":"remise des parchemins aux laur\u00e9ats de la 8e promotion de l\u2019universit\u00e9 Emi Koussi"},"content":{"rendered":"<p><span style=\"color: #ff6600\"><strong><a href=\"https:\/\/www.africa-press.net\/\">Africa-Press<\/a> &#8211; <a href=\"https:\/\/www.africa-press.net\/tchad\">Tchad<\/a>. <\/strong><\/span>L\u2019universit\u00e9 Emi Koussi, a organis\u00e9 hier, au stade Idriss Mahamat Ouya, \u00e0 N\u2019Djamena, la c\u00e9r\u00e9monie de remise des parchemins aux laur\u00e9ats de sa 8\u00e8me promotion coupl\u00e9e \u00e0 son 10\u00e8me anniversaire.<\/p>\n<p>Plus de 800 laur\u00e9ats de la 8\u00e8me promotion de l\u2019universit\u00e9 Emi Koussi baptis\u00e9e \u201cLa Luciole\u201d ont obtenu leur parchemin en licence et master. Sous le soleil ardent, responsables administratifs, corps enseignant, parents, amis, se sont d\u00e9plac\u00e9s pour \u00e9galement f\u00eater la 10\u00e8me ann\u00e9e d\u2019existence de cette institution.<\/p>\n<p>Dr Allah-Rydi Kon\u00e9, Pr\u00e9sident du conseil d\u2019administration (PCA) de ladite universit\u00e9, dans son intervention, a soulign\u00e9 les efforts de son institution dans la formation des cadres du pays.<\/p>\n<p>\u201cEn dix ans, nous avons produits des milliers des cadres qui occupent actuellement de hautes fonctions, qui se sont inscrits dans des grandes universit\u00e9s et qui contribuent inlassablement \u00e0 l\u2019essor \u00e9conomique de l\u2019Afrique en g\u00e9n\u00e9ral et au Tchad en particulier\u201d, lance-t-il.<\/p>\n<p>\ufffc<\/p>\n<p>Le ministre de l\u2019Enseignement sup\u00e9rieur, Lydie Beassemda, rel\u00e8ve que dans le contexte de la mondialisation, la promotion et la valorisation de la formation de haut niveau favorisera le d\u00e9veloppement du capital humain.<\/p>\n<p>\u201cLes institutions d\u2019enseignement du sup\u00e9rieur au Tchad contribuent au m\u00eame titre que celles publiques \u00e0 la formation des jeunes.<\/p>\n<p>D\u00e8s \u00e0 pr\u00e9sent chacune et chacun d\u2019entre vous devra b\u00e2tir ces engagements et lib\u00e9rer ce g\u00e9nie cr\u00e9ateur pour une carri\u00e8re professionnelle brillante dans dans le secteur public et priv\u00e9. Par exp\u00e9rience, les opportunit\u00e9s s\u2019ouvrent aux personnes qui elles-m\u00eames savent se valoriser\u201d. \ufffc<\/p>\n<p>Elle exhorte tous les \u00e9tablissements d\u2019enseignement du sup\u00e9rieur \u00e0 cultiver l\u2019excellence, \u00e0 devenir les temples du savoir, \u00e0 implanter une \u00e9conomie de grandeur dans le d\u00e9veloppement des sciences.<\/p>\n","protected":false},"excerpt":{"rendered":"<p>Africa-Press &#8211; Tchad. L\u2019universit\u00e9 Emi Koussi, a organis\u00e9 hier, au stade Idriss Mahamat Ouya, \u00e0 N\u2019Djamena, la c\u00e9r\u00e9monie de remise des parchemins aux laur\u00e9ats de sa 8\u00e8me promotion coupl\u00e9e \u00e0 son 10\u00e8me anniversaire. Plus de 800 laur\u00e9ats de la 8\u00e8me promotion de l\u2019universit\u00e9 Emi Koussi baptis\u00e9e \u201cLa Luciole\u201d ont obtenu leur parchemin en licence et [&hellip;]<\/p>\n","protected":false},"author":82,"featured_media":11412,"comment_status":"open","ping_status":"closed","sticky":false,"template":"","format":"standard","meta":{"footnotes":""},"categories":[5,11,10],"tags":[37,292,1782,991,29],"class_list":["post-11413","post","type-post","status-publish","format-standard","has-post-thumbnail","hentry","category-culture-et-art","category-homepage-french","category-toutes-les-actualites","tag-africa-press","tag-africa-press-tchad","tag-koussi","tag-laureats","tag-tchad"],"yoast_head":"<!-- This site is optimized with the Yoast SEO Premium plugin v26.1 (Yoast SEO v27.0) - https:\/\/yoast.com\/product\/yoast-seo-premium-wordpress\/ -->\n<title>remise des parchemins aux laur\u00e9ats de la 8e promotion de l\u2019universit\u00e9 Emi Koussi - tchad<\/title>\n<meta name=\"description\" content=\"L\u2019universit\u00e9 Emi Koussi, a organis\u00e9 hier, au stade Idriss Mahamat Ouya, \u00e0 N\u2019Djamena, la c\u00e9r\u00e9monie de remise des parchemi ...\" \/>\n<meta name=\"robots\" content=\"index, follow, max-snippet:-1, max-image-preview:large, max-video-preview:-1\" \/>\n<link rel=\"canonical\" href=\"https:\/\/www.africa-press.net\/tchad\/culture-et-art\/remise-des-parchemins-aux-laureats-de-la-8e-promotion-de-luniversite-emi-koussi\" \/>\n<meta property=\"og:locale\" content=\"fr_FR\" \/>\n<meta property=\"og:type\" content=\"article\" \/>\n<meta property=\"og:title\" content=\"remise des parchemins aux laur\u00e9ats de la 8e promotion de l\u2019universit\u00e9 Emi Koussi\" \/>\n<meta property=\"og:description\" content=\"L\u2019universit\u00e9 Emi Koussi, a organis\u00e9 hier, au stade Idriss Mahamat Ouya, \u00e0 N\u2019Djamena, la c\u00e9r\u00e9monie de remise des parchemi ...\" \/>\n<meta property=\"og:url\" content=\"https:\/\/www.africa-press.net\/tchad\/culture-et-art\/remise-des-parchemins-aux-laureats-de-la-8e-promotion-de-luniversite-emi-koussi\" \/>\n<meta property=\"og:site_name\" content=\"tchad\" \/>\n<meta property=\"article:published_time\" content=\"2021-09-25T16:32:00+00:00\" \/>\n<meta property=\"article:modified_time\" content=\"2021-09-25T18:18:59+00:00\" \/>\n<meta property=\"og:image\" content=\"https:\/\/static.africa-press.net\/tchad\/sites\/41\/2021\/09\/img-614f5adfcf3d8.jpg\" \/>\n\t<meta property=\"og:image:width\" content=\"696\" \/>\n\t<meta property=\"og:image:height\" content=\"522\" \/>\n\t<meta property=\"og:image:type\" content=\"image\/jpeg\" \/>\n<meta name=\"author\" content=\"cfeditorfr\" \/>\n<meta name=\"twitter:card\" content=\"summary_large_image\" \/>\n<meta name=\"twitter:label1\" content=\"\u00c9crit par\" \/>\n\t<meta name=\"twitter:data1\" content=\"cfeditorfr\" \/>\n\t<meta name=\"twitter:label2\" content=\"Dur\u00e9e de lecture estim\u00e9e\" \/>\n\t<meta name=\"twitter:data2\" content=\"2 minutes\" \/>\n<script type=\"application\/ld+json\" class=\"yoast-schema-graph\">{\"@context\":\"https:\/\/schema.org\",\"@graph\":[{\"@type\":\"Article\",\"@id\":\"https:\/\/www.africa-press.net\/tchad\/culture-et-art\/remise-des-parchemins-aux-laureats-de-la-8e-promotion-de-luniversite-emi-koussi#article\",\"isPartOf\":{\"@id\":\"https:\/\/www.africa-press.net\/tchad\/culture-et-art\/remise-des-parchemins-aux-laureats-de-la-8e-promotion-de-luniversite-emi-koussi\"},\"author\":{\"name\":\"cfeditorfr\",\"@id\":\"https:\/\/www.africa-press.net\/tchad\/#\/schema\/person\/2b1cf3cd81a31e3cd26889ca66d677f1\"},\"headline\":\"remise des parchemins aux laur\u00e9ats de la 8e promotion de l\u2019universit\u00e9 Emi Koussi\",\"datePublished\":\"2021-09-25T16:32:00+00:00\",\"dateModified\":\"2021-09-25T18:18:59+00:00\",\"mainEntityOfPage\":{\"@id\":\"https:\/\/www.africa-press.net\/tchad\/culture-et-art\/remise-des-parchemins-aux-laureats-de-la-8e-promotion-de-luniversite-emi-koussi\"},\"wordCount\":318,\"commentCount\":0,\"image\":{\"@id\":\"https:\/\/www.africa-press.net\/tchad\/culture-et-art\/remise-des-parchemins-aux-laureats-de-la-8e-promotion-de-luniversite-emi-koussi#primaryimage\"},\"thumbnailUrl\":\"https:\/\/static.africa-press.net\/tchad\/sites\/41\/2021\/09\/img-614f5adfcf3d8.jpg\",\"keywords\":[\"Africa Press\",\"Africa Press-Tchad\",\"Koussi\",\"Laur\u00e9ats\",\"Tchad\"],\"articleSection\":[\"Culture et Art\",\"homepage-french\",\"Toutes les actualit\u00e9s\"],\"inLanguage\":\"fr-FR\",\"potentialAction\":[{\"@type\":\"CommentAction\",\"name\":\"Comment\",\"target\":[\"https:\/\/www.africa-press.net\/tchad\/culture-et-art\/remise-des-parchemins-aux-laureats-de-la-8e-promotion-de-luniversite-emi-koussi#respond\"]}]},{\"@type\":\"WebPage\",\"@id\":\"https:\/\/www.africa-press.net\/tchad\/culture-et-art\/remise-des-parchemins-aux-laureats-de-la-8e-promotion-de-luniversite-emi-koussi\",\"url\":\"https:\/\/www.africa-press.net\/tchad\/culture-et-art\/remise-des-parchemins-aux-laureats-de-la-8e-promotion-de-luniversite-emi-koussi\",\"name\":\"remise des parchemins aux laur\u00e9ats de la 8e promotion de l\u2019universit\u00e9 Emi Koussi - tchad\",\"isPartOf\":{\"@id\":\"https:\/\/www.africa-press.net\/tchad\/#website\"},\"primaryImageOfPage\":{\"@id\":\"https:\/\/www.africa-press.net\/tchad\/culture-et-art\/remise-des-parchemins-aux-laureats-de-la-8e-promotion-de-luniversite-emi-koussi#primaryimage\"},\"image\":{\"@id\":\"https:\/\/www.africa-press.net\/tchad\/culture-et-art\/remise-des-parchemins-aux-laureats-de-la-8e-promotion-de-luniversite-emi-koussi#primaryimage\"},\"thumbnailUrl\":\"https:\/\/static.africa-press.net\/tchad\/sites\/41\/2021\/09\/img-614f5adfcf3d8.jpg\",\"datePublished\":\"2021-09-25T16:32:00+00:00\",\"dateModified\":\"2021-09-25T18:18:59+00:00\",\"author\":{\"@id\":\"https:\/\/www.africa-press.net\/tchad\/#\/schema\/person\/2b1cf3cd81a31e3cd26889ca66d677f1\"},\"description\":\"L\u2019universit\u00e9 Emi Koussi, a organis\u00e9 hier, au stade Idriss Mahamat Ouya, \u00e0 N\u2019Djamena, la c\u00e9r\u00e9monie de remise des parchemi ...\",\"breadcrumb\":{\"@id\":\"https:\/\/www.africa-press.net\/tchad\/culture-et-art\/remise-des-parchemins-aux-laureats-de-la-8e-promotion-de-luniversite-emi-koussi#breadcrumb\"},\"inLanguage\":\"fr-FR\",\"potentialAction\":[{\"@type\":\"ReadAction\",\"target\":[\"https:\/\/www.africa-press.net\/tchad\/culture-et-art\/remise-des-parchemins-aux-laureats-de-la-8e-promotion-de-luniversite-emi-koussi\"]}]},{\"@type\":\"ImageObject\",\"inLanguage\":\"fr-FR\",\"@id\":\"https:\/\/www.africa-press.net\/tchad\/culture-et-art\/remise-des-parchemins-aux-laureats-de-la-8e-promotion-de-luniversite-emi-koussi#primaryimage\",\"url\":\"https:\/\/static.africa-press.net\/tchad\/sites\/41\/2021\/09\/img-614f5adfcf3d8.jpg\",\"contentUrl\":\"https:\/\/static.africa-press.net\/tchad\/sites\/41\/2021\/09\/img-614f5adfcf3d8.jpg\",\"width\":696,\"height\":522,\"caption\":\"remise des parchemins aux laur\u00e9ats de la 8e promotion de l\u2019universit\u00e9 Emi Koussi\"},{\"@type\":\"BreadcrumbList\",\"@id\":\"https:\/\/www.africa-press.net\/tchad\/culture-et-art\/remise-des-parchemins-aux-laureats-de-la-8e-promotion-de-luniversite-emi-koussi#breadcrumb\",\"itemListElement\":[{\"@type\":\"ListItem\",\"position\":1,\"name\":\"Accueil\",\"item\":\"https:\/\/www.africa-press.net\/tchad\/\"},{\"@type\":\"ListItem\",\"position\":2,\"name\":\"remise des parchemins aux laur\u00e9ats de la 8e promotion de l\u2019universit\u00e9 Emi Koussi\"}]},{\"@type\":\"WebSite\",\"@id\":\"https:\/\/www.africa-press.net\/tchad\/#website\",\"url\":\"https:\/\/www.africa-press.net\/tchad\/\",\"name\":\"tchad\",\"description\":\"Just another Africa News Agency Sites site\",\"potentialAction\":[{\"@type\":\"SearchAction\",\"target\":{\"@type\":\"EntryPoint\",\"urlTemplate\":\"https:\/\/www.africa-press.net\/tchad\/?s={search_term_string}\"},\"query-input\":{\"@type\":\"PropertyValueSpecification\",\"valueRequired\":true,\"valueName\":\"search_term_string\"}}],\"inLanguage\":\"fr-FR\"},{\"@type\":\"Person\",\"@id\":\"https:\/\/www.africa-press.net\/tchad\/#\/schema\/person\/2b1cf3cd81a31e3cd26889ca66d677f1\",\"name\":\"cfeditorfr\"}]}<\/script>\n<!-- \/ Yoast SEO Premium plugin. -->","yoast_head_json":{"title":"remise des parchemins aux laur\u00e9ats de la 8e promotion de l\u2019universit\u00e9 Emi Koussi - tchad","description":"L\u2019universit\u00e9 Emi Koussi, a organis\u00e9 hier, au stade Idriss Mahamat Ouya, \u00e0 N\u2019Djamena, la c\u00e9r\u00e9monie de remise des parchemi ...","robots":{"index":"index","follow":"follow","max-snippet":"max-snippet:-1","max-image-preview":"max-image-preview:large","max-video-preview":"max-video-preview:-1"},"canonical":"https:\/\/www.africa-press.net\/tchad\/culture-et-art\/remise-des-parchemins-aux-laureats-de-la-8e-promotion-de-luniversite-emi-koussi","og_locale":"fr_FR","og_type":"article","og_title":"remise des parchemins aux laur\u00e9ats de la 8e promotion de l\u2019universit\u00e9 Emi Koussi","og_description":"L\u2019universit\u00e9 Emi Koussi, a organis\u00e9 hier, au stade Idriss Mahamat Ouya, \u00e0 N\u2019Djamena, la c\u00e9r\u00e9monie de remise des parchemi ...","og_url":"https:\/\/www.africa-press.net\/tchad\/culture-et-art\/remise-des-parchemins-aux-laureats-de-la-8e-promotion-de-luniversite-emi-koussi","og_site_name":"tchad","article_published_time":"2021-09-25T16:32:00+00:00","article_modified_time":"2021-09-25T18:18:59+00:00","og_image":[{"width":696,"height":522,"url":"https:\/\/static.africa-press.net\/tchad\/sites\/41\/2021\/09\/img-614f5adfcf3d8.jpg","type":"image\/jpeg"}],"author":"cfeditorfr","twitter_card":"summary_large_image","twitter_misc":{"\u00c9crit par":"cfeditorfr","Dur\u00e9e de lecture estim\u00e9e":"2 minutes"},"schema":{"@context":"https:\/\/schema.org","@graph":[{"@type":"Article","@id":"https:\/\/www.africa-press.net\/tchad\/culture-et-art\/remise-des-parchemins-aux-laureats-de-la-8e-promotion-de-luniversite-emi-koussi#article","isPartOf":{"@id":"https:\/\/www.africa-press.net\/tchad\/culture-et-art\/remise-des-parchemins-aux-laureats-de-la-8e-promotion-de-luniversite-emi-koussi"},"author":{"name":"cfeditorfr","@id":"https:\/\/www.africa-press.net\/tchad\/#\/schema\/person\/2b1cf3cd81a31e3cd26889ca66d677f1"},"headline":"remise des parchemins aux laur\u00e9ats de la 8e promotion de l\u2019universit\u00e9 Emi Koussi","datePublished":"2021-09-25T16:32:00+00:00","dateModified":"2021-09-25T18:18:59+00:00","mainEntityOfPage":{"@id":"https:\/\/www.africa-press.net\/tchad\/culture-et-art\/remise-des-parchemins-aux-laureats-de-la-8e-promotion-de-luniversite-emi-koussi"},"wordCount":318,"commentCount":0,"image":{"@id":"https:\/\/www.africa-press.net\/tchad\/culture-et-art\/remise-des-parchemins-aux-laureats-de-la-8e-promotion-de-luniversite-emi-koussi#primaryimage"},"thumbnailUrl":"https:\/\/static.africa-press.net\/tchad\/sites\/41\/2021\/09\/img-614f5adfcf3d8.jpg","keywords":["Africa Press","Africa Press-Tchad","Koussi","Laur\u00e9ats","Tchad"],"articleSection":["Culture et Art","homepage-french","Toutes les actualit\u00e9s"],"inLanguage":"fr-FR","potentialAction":[{"@type":"CommentAction","name":"Comment","target":["https:\/\/www.africa-press.net\/tchad\/culture-et-art\/remise-des-parchemins-aux-laureats-de-la-8e-promotion-de-luniversite-emi-koussi#respond"]}]},{"@type":"WebPage","@id":"https:\/\/www.africa-press.net\/tchad\/culture-et-art\/remise-des-parchemins-aux-laureats-de-la-8e-promotion-de-luniversite-emi-koussi","url":"https:\/\/www.africa-press.net\/tchad\/culture-et-art\/remise-des-parchemins-aux-laureats-de-la-8e-promotion-de-luniversite-emi-koussi","name":"remise des parchemins aux laur\u00e9ats de la 8e promotion de l\u2019universit\u00e9 Emi Koussi - tchad","isPartOf":{"@id":"https:\/\/www.africa-press.net\/tchad\/#website"},"primaryImageOfPage":{"@id":"https:\/\/www.africa-press.net\/tchad\/culture-et-art\/remise-des-parchemins-aux-laureats-de-la-8e-promotion-de-luniversite-emi-koussi#primaryimage"},"image":{"@id":"https:\/\/www.africa-press.net\/tchad\/culture-et-art\/remise-des-parchemins-aux-laureats-de-la-8e-promotion-de-luniversite-emi-koussi#primaryimage"},"thumbnailUrl":"https:\/\/static.africa-press.net\/tchad\/sites\/41\/2021\/09\/img-614f5adfcf3d8.jpg","datePublished":"2021-09-25T16:32:00+00:00","dateModified":"2021-09-25T18:18:59+00:00","author":{"@id":"https:\/\/www.africa-press.net\/tchad\/#\/schema\/person\/2b1cf3cd81a31e3cd26889ca66d677f1"},"description":"L\u2019universit\u00e9 Emi Koussi, a organis\u00e9 hier, au stade Idriss Mahamat Ouya, \u00e0 N\u2019Djamena, la c\u00e9r\u00e9monie de remise des parchemi ...","breadcrumb":{"@id":"https:\/\/www.africa-press.net\/tchad\/culture-et-art\/remise-des-parchemins-aux-laureats-de-la-8e-promotion-de-luniversite-emi-koussi#breadcrumb"},"inLanguage":"fr-FR","potentialAction":[{"@type":"ReadAction","target":["https:\/\/www.africa-press.net\/tchad\/culture-et-art\/remise-des-parchemins-aux-laureats-de-la-8e-promotion-de-luniversite-emi-koussi"]}]},{"@type":"ImageObject","inLanguage":"fr-FR","@id":"https:\/\/www.africa-press.net\/tchad\/culture-et-art\/remise-des-parchemins-aux-laureats-de-la-8e-promotion-de-luniversite-emi-koussi#primaryimage","url":"https:\/\/static.africa-press.net\/tchad\/sites\/41\/2021\/09\/img-614f5adfcf3d8.jpg","contentUrl":"https:\/\/static.africa-press.net\/tchad\/sites\/41\/2021\/09\/img-614f5adfcf3d8.jpg","width":696,"height":522,"caption":"remise des parchemins aux laur\u00e9ats de la 8e promotion de l\u2019universit\u00e9 Emi Koussi"},{"@type":"BreadcrumbList","@id":"https:\/\/www.africa-press.net\/tchad\/culture-et-art\/remise-des-parchemins-aux-laureats-de-la-8e-promotion-de-luniversite-emi-koussi#breadcrumb","itemListElement":[{"@type":"ListItem","position":1,"name":"Accueil","item":"https:\/\/www.africa-press.net\/tchad\/"},{"@type":"ListItem","position":2,"name":"remise des parchemins aux laur\u00e9ats de la 8e promotion de l\u2019universit\u00e9 Emi Koussi"}]},{"@type":"WebSite","@id":"https:\/\/www.africa-press.net\/tchad\/#website","url":"https:\/\/www.africa-press.net\/tchad\/","name":"tchad","description":"Just another Africa News Agency Sites site","potentialAction":[{"@type":"SearchAction","target":{"@type":"EntryPoint","urlTemplate":"https:\/\/www.africa-press.net\/tchad\/?s={search_term_string}"},"query-input":{"@type":"PropertyValueSpecification","valueRequired":true,"valueName":"search_term_string"}}],"inLanguage":"fr-FR"},{"@type":"Person","@id":"https:\/\/www.africa-press.net\/tchad\/#\/schema\/person\/2b1cf3cd81a31e3cd26889ca66d677f1","name":"cfeditorfr"}]}},"_links":{"self":[{"href":"https:\/\/www.africa-press.net\/tchad\/wp-json\/wp\/v2\/posts\/11413","targetHints":{"allow":["GET"]}}],"collection":[{"href":"https:\/\/www.africa-press.net\/tchad\/wp-json\/wp\/v2\/posts"}],"about":[{"href":"https:\/\/www.africa-press.net\/tchad\/wp-json\/wp\/v2\/types\/post"}],"author":[{"embeddable":true,"href":"https:\/\/www.africa-press.net\/tchad\/wp-json\/wp\/v2\/users\/82"}],"replies":[{"embeddable":true,"href":"https:\/\/www.africa-press.net\/tchad\/wp-json\/wp\/v2\/comments?post=11413"}],"version-history":[{"count":0,"href":"https:\/\/www.africa-press.net\/tchad\/wp-json\/wp\/v2\/posts\/11413\/revisions"}],"wp:featuredmedia":[{"embeddable":true,"href":"https:\/\/www.africa-press.net\/tchad\/wp-json\/wp\/v2\/media\/11412"}],"wp:attachment":[{"href":"https:\/\/www.africa-press.net\/tchad\/wp-json\/wp\/v2\/media?parent=11413"}],"wp:term":[{"taxonomy":"category","embeddable":true,"href":"https:\/\/www.africa-press.net\/tchad\/wp-json\/wp\/v2\/categories?post=11413"},{"taxonomy":"post_tag","embeddable":true,"href":"https:\/\/www.africa-press.net\/tchad\/wp-json\/wp\/v2\/tags?post=11413"}],"curies":[{"name":"wp","href":"https:\/\/api.w.org\/{rel}","templated":true}]}}