{"id":11755,"date":"2021-10-04T16:00:44","date_gmt":"2021-10-04T16:00:44","guid":{"rendered":"https:\/\/www.africa-press.net\/tchad\/?p=11755"},"modified":"2021-10-05T20:37:13","modified_gmt":"2021-10-05T20:37:13","slug":"deux-employes-de-beac-se-penchent-sur-lavenir-post-covid-19-de-la-cemac","status":"publish","type":"post","link":"https:\/\/www.africa-press.net\/tchad\/toutes-les-actualites\/deux-employes-de-beac-se-penchent-sur-lavenir-post-covid-19-de-la-cemac","title":{"rendered":"Deux employ\u00e9s de Beac se penchent sur l\u2019avenir post Covid-19 de la Cemac"},"content":{"rendered":"<p><span style=\"color: #ff6600\"><strong><a href=\"https:\/\/www.africa-press.net\/\">Africa-Press<\/a> &#8211; <a href=\"https:\/\/www.africa-press.net\/tchad\">Tchad<\/a>. <\/strong><\/span><b>\u00ab Le jour d\u2019apr\u00e8s : la CEMAC face \u00e0 la crise de la Cocid-19 \u00bb. C\u2019est le titre de l\u2019ouvrage que viennent de commettre l\u2019\u00e9conomiste Thiang Junior Engo Nguema et le statisticien Franck Mba Eyene.<\/b><\/p>\n<p><b>\u00ab Le jour d\u2019apr\u00e8s : la CEMAC face \u00e0 la crise de la Cocid-19 \u00bb. C\u2019est le titre de l\u2019ouvrage que viennent de commettre l\u2019\u00e9conomiste Thiang Junior Engo Nguema et le statisticien Franck Mba Eyene.<\/b><\/p>\n<p><b>Le jour d\u2019apr\u00e8s : la CEMAC face \u00e0 la crise de la Cocid-19<\/b><\/p>\n<p>La crise qui a frapp\u00e9 le monde en 2020 va se traduire par un impact sans pr\u00e9c\u00e9dent sur l\u2019activit\u00e9 \u00e9conomique mondiale. Les pr\u00e9visions \u00e9labor\u00e9es par les institutions internationales pr\u00e9sentent cette r\u00e9cession comme la plus importante depuis la Seconde Guerre mondiale \u00bb, affirment l\u2019\u00e9conomiste Thiang Junior Engo Nguema et le statisticien Franck Mba Eyene.<\/p>\n<p><b>La crise qui a frapp\u00e9 le monde en 2020 va se traduire par un impact sans pr\u00e9c\u00e9dent sur l\u2019activit\u00e9 \u00e9conomique mondiale. Les pr\u00e9visions \u00e9labor\u00e9es par les institutions internationales pr\u00e9sentent cette r\u00e9cession comme la plus importante depuis la Seconde Guerre mondiale<\/b><\/p>\n<p><b>Thiang Junior Engo Nguema<\/b><\/p>\n<p><b>Franck Mba Eyene<\/b><\/p>\n<p>Les deux employ\u00e9s de la Banque des Etats de l\u2019Afrique centrale (Beac) \u00e9valuent l\u2019impact de cette crise sanitaire sur les pays de la Communaut\u00e9 \u00e9conomique des Etats de l\u2019Afrique centrale (Cemac). Dans l\u2019ouvrage intitul\u00e9 : \u00ab Le jour d\u2019apr\u00e8s : la CEMAC face \u00e0 la crise de la Cocid-19 \u00bb, qui vient de paraitre aux \u00e9ditions Jets d\u2019encre.<\/p>\n<p><b>\u00ab Le jour d\u2019apr\u00e8s : la CEMAC face \u00e0 la crise de la Cocid-19 \u00bb,<\/b><\/p>\n<p><b>Le jour d\u2019apr\u00e8s : la CEMAC face \u00e0 la crise de la Cocid-19<\/b><\/p>\n<p><b>\u00e9ditions Jets d\u2019encre<\/b><\/p>\n<p>Etant donn\u00e9 que les pays de la Cemac entretiennent des relations commerciales avec certaines puissances \u00e9conomiques, les auteurs tirent la sonnette d\u2019alarme. \u00ab L\u2019on devrait s\u2019attendre \u00e0 une baisse de l\u2019activit\u00e9 de l\u2019ordre de 3,5 % au niveau mondial. On devrait observer des disparit\u00e9s notables entre les pays avec une croissance en Chine (+ 2,3 %) et des r\u00e9cessions constat\u00e9es dans la plupart des pays d\u00e9velopp\u00e9s (\u2013 3,4 % aux \u00c9tats-Unis, \u2013 7,2 % pour la zone euro, \u2013 10 % au Royaume-Uni). Les pertes en termes de croissance \u00e9conomique et de destructions d\u2019emplois seront \u00e9normes et nul ne sait aujourd\u2019hui \u00e0 quel horizon la situation redeviendra normale \u00bb, regrettent-ils.<\/p>\n<p><b>L\u2019on devrait s\u2019attendre \u00e0 une baisse de l\u2019activit\u00e9 de l\u2019ordre de 3,5 % au niveau mondial. On devrait observer des disparit\u00e9s notables entre les pays avec une croissance en Chine (+ 2,3 %) et des r\u00e9cessions constat\u00e9es dans la plupart des pays d\u00e9velopp\u00e9s (\u2013 3,4 % aux \u00c9tats-Unis, \u2013 7,2 % pour la zone euro, \u2013 10 % au Royaume-Uni). Les pertes en termes de croissance \u00e9conomique et de destructions d\u2019emplois seront \u00e9normes et nul ne sait aujourd\u2019hui \u00e0 quel horizon la situation redeviendra normale<\/b><\/p>\n<p>Les incertitudes et les questions sur l\u2019avenir de la Cemac sont nombreuses. L\u2019ouvrage distribu\u00e9 \u00e0 10 500 FCFA propose des perspectives.<\/p>\n","protected":false},"excerpt":{"rendered":"<p>Africa-Press &#8211; Tchad. \u00ab Le jour d\u2019apr\u00e8s : la CEMAC face \u00e0 la crise de la Cocid-19 \u00bb. C\u2019est le titre de l\u2019ouvrage que viennent de commettre l\u2019\u00e9conomiste Thiang Junior Engo Nguema et le statisticien Franck Mba Eyene. \u00ab Le jour d\u2019apr\u00e8s : la CEMAC face \u00e0 la crise de la Cocid-19 \u00bb. C\u2019est le [&hellip;]<\/p>\n","protected":false},"author":82,"featured_media":11754,"comment_status":"open","ping_status":"closed","sticky":false,"template":"","format":"standard","meta":{"footnotes":""},"categories":[22,11,10],"tags":[37,292,761,1235,89,1892,29],"class_list":["post-11755","post","type-post","status-publish","format-standard","has-post-thumbnail","hentry","category-divers","category-homepage-french","category-toutes-les-actualites","tag-africa-press","tag-africa-press-tchad","tag-beac","tag-cemac","tag-covid-19","tag-editions-jets-dencre","tag-tchad"],"yoast_head":"<!-- This site is optimized with the Yoast SEO Premium plugin v26.1 (Yoast SEO v27.0) - https:\/\/yoast.com\/product\/yoast-seo-premium-wordpress\/ -->\n<title>Deux employ\u00e9s de Beac se penchent sur l\u2019avenir post Covid-19 de la Cemac - tchad<\/title>\n<meta name=\"description\" content=\"\u00ab Le jour d\u2019apr\u00e8s : la CEMAC face \u00e0 la crise de la Cocid-19 \u00bb. C\u2019est le titre de l\u2019ouvrage que viennent de commettre ...\" \/>\n<meta name=\"robots\" content=\"index, follow, max-snippet:-1, max-image-preview:large, max-video-preview:-1\" \/>\n<link rel=\"canonical\" href=\"https:\/\/www.africa-press.net\/tchad\/toutes-les-actualites\/deux-employes-de-beac-se-penchent-sur-lavenir-post-covid-19-de-la-cemac\" \/>\n<meta property=\"og:locale\" content=\"fr_FR\" \/>\n<meta property=\"og:type\" content=\"article\" \/>\n<meta property=\"og:title\" content=\"Deux employ\u00e9s de Beac se penchent sur l\u2019avenir post Covid-19 de la Cemac\" \/>\n<meta property=\"og:description\" content=\"\u00ab Le jour d\u2019apr\u00e8s : la CEMAC face \u00e0 la crise de la Cocid-19 \u00bb. C\u2019est le titre de l\u2019ouvrage que viennent de commettre ...\" \/>\n<meta property=\"og:url\" content=\"https:\/\/www.africa-press.net\/tchad\/toutes-les-actualites\/deux-employes-de-beac-se-penchent-sur-lavenir-post-covid-19-de-la-cemac\" \/>\n<meta property=\"og:site_name\" content=\"tchad\" \/>\n<meta property=\"article:published_time\" content=\"2021-10-04T16:00:44+00:00\" \/>\n<meta property=\"article:modified_time\" content=\"2021-10-05T20:37:13+00:00\" \/>\n<meta property=\"og:image\" content=\"https:\/\/static.africa-press.net\/tchad\/sites\/41\/2021\/10\/img-615b2283b3333.jpg\" \/>\n\t<meta property=\"og:image:width\" content=\"780\" \/>\n\t<meta property=\"og:image:height\" content=\"440\" \/>\n\t<meta property=\"og:image:type\" content=\"image\/jpeg\" \/>\n<meta name=\"author\" content=\"cfeditorfr\" \/>\n<meta name=\"twitter:card\" content=\"summary_large_image\" \/>\n<meta name=\"twitter:label1\" content=\"\u00c9crit par\" \/>\n\t<meta name=\"twitter:data1\" content=\"cfeditorfr\" \/>\n\t<meta name=\"twitter:label2\" content=\"Dur\u00e9e de lecture estim\u00e9e\" \/>\n\t<meta name=\"twitter:data2\" content=\"3 minutes\" \/>\n<script type=\"application\/ld+json\" class=\"yoast-schema-graph\">{\"@context\":\"https:\/\/schema.org\",\"@graph\":[{\"@type\":\"Article\",\"@id\":\"https:\/\/www.africa-press.net\/tchad\/toutes-les-actualites\/deux-employes-de-beac-se-penchent-sur-lavenir-post-covid-19-de-la-cemac#article\",\"isPartOf\":{\"@id\":\"https:\/\/www.africa-press.net\/tchad\/toutes-les-actualites\/deux-employes-de-beac-se-penchent-sur-lavenir-post-covid-19-de-la-cemac\"},\"author\":{\"name\":\"cfeditorfr\",\"@id\":\"https:\/\/www.africa-press.net\/tchad\/#\/schema\/person\/2b1cf3cd81a31e3cd26889ca66d677f1\"},\"headline\":\"Deux employ\u00e9s de Beac se penchent sur l\u2019avenir post Covid-19 de la Cemac\",\"datePublished\":\"2021-10-04T16:00:44+00:00\",\"dateModified\":\"2021-10-05T20:37:13+00:00\",\"mainEntityOfPage\":{\"@id\":\"https:\/\/www.africa-press.net\/tchad\/toutes-les-actualites\/deux-employes-de-beac-se-penchent-sur-lavenir-post-covid-19-de-la-cemac\"},\"wordCount\":510,\"commentCount\":0,\"image\":{\"@id\":\"https:\/\/www.africa-press.net\/tchad\/toutes-les-actualites\/deux-employes-de-beac-se-penchent-sur-lavenir-post-covid-19-de-la-cemac#primaryimage\"},\"thumbnailUrl\":\"https:\/\/static.africa-press.net\/tchad\/sites\/41\/2021\/10\/img-615b2283b3333.jpg\",\"keywords\":[\"Africa Press\",\"Africa Press-Tchad\",\"BEAC\",\"Cemac\",\"COVID 19\",\"\u00e9ditions Jets d\u2019encre\",\"Tchad\"],\"articleSection\":[\"Divers\",\"homepage-french\",\"Toutes les actualit\u00e9s\"],\"inLanguage\":\"fr-FR\",\"potentialAction\":[{\"@type\":\"CommentAction\",\"name\":\"Comment\",\"target\":[\"https:\/\/www.africa-press.net\/tchad\/toutes-les-actualites\/deux-employes-de-beac-se-penchent-sur-lavenir-post-covid-19-de-la-cemac#respond\"]}]},{\"@type\":\"WebPage\",\"@id\":\"https:\/\/www.africa-press.net\/tchad\/toutes-les-actualites\/deux-employes-de-beac-se-penchent-sur-lavenir-post-covid-19-de-la-cemac\",\"url\":\"https:\/\/www.africa-press.net\/tchad\/toutes-les-actualites\/deux-employes-de-beac-se-penchent-sur-lavenir-post-covid-19-de-la-cemac\",\"name\":\"Deux employ\u00e9s de Beac se penchent sur l\u2019avenir post Covid-19 de la Cemac - tchad\",\"isPartOf\":{\"@id\":\"https:\/\/www.africa-press.net\/tchad\/#website\"},\"primaryImageOfPage\":{\"@id\":\"https:\/\/www.africa-press.net\/tchad\/toutes-les-actualites\/deux-employes-de-beac-se-penchent-sur-lavenir-post-covid-19-de-la-cemac#primaryimage\"},\"image\":{\"@id\":\"https:\/\/www.africa-press.net\/tchad\/toutes-les-actualites\/deux-employes-de-beac-se-penchent-sur-lavenir-post-covid-19-de-la-cemac#primaryimage\"},\"thumbnailUrl\":\"https:\/\/static.africa-press.net\/tchad\/sites\/41\/2021\/10\/img-615b2283b3333.jpg\",\"datePublished\":\"2021-10-04T16:00:44+00:00\",\"dateModified\":\"2021-10-05T20:37:13+00:00\",\"author\":{\"@id\":\"https:\/\/www.africa-press.net\/tchad\/#\/schema\/person\/2b1cf3cd81a31e3cd26889ca66d677f1\"},\"description\":\"\u00ab Le jour d\u2019apr\u00e8s : la CEMAC face \u00e0 la crise de la Cocid-19 \u00bb. C\u2019est le titre de l\u2019ouvrage que viennent de commettre ...\",\"breadcrumb\":{\"@id\":\"https:\/\/www.africa-press.net\/tchad\/toutes-les-actualites\/deux-employes-de-beac-se-penchent-sur-lavenir-post-covid-19-de-la-cemac#breadcrumb\"},\"inLanguage\":\"fr-FR\",\"potentialAction\":[{\"@type\":\"ReadAction\",\"target\":[\"https:\/\/www.africa-press.net\/tchad\/toutes-les-actualites\/deux-employes-de-beac-se-penchent-sur-lavenir-post-covid-19-de-la-cemac\"]}]},{\"@type\":\"ImageObject\",\"inLanguage\":\"fr-FR\",\"@id\":\"https:\/\/www.africa-press.net\/tchad\/toutes-les-actualites\/deux-employes-de-beac-se-penchent-sur-lavenir-post-covid-19-de-la-cemac#primaryimage\",\"url\":\"https:\/\/static.africa-press.net\/tchad\/sites\/41\/2021\/10\/img-615b2283b3333.jpg\",\"contentUrl\":\"https:\/\/static.africa-press.net\/tchad\/sites\/41\/2021\/10\/img-615b2283b3333.jpg\",\"width\":780,\"height\":440,\"caption\":\"Deux employ\u00e9s de Beac se penchent sur l\u2019avenir post Covid-19 de la Cemac\"},{\"@type\":\"BreadcrumbList\",\"@id\":\"https:\/\/www.africa-press.net\/tchad\/toutes-les-actualites\/deux-employes-de-beac-se-penchent-sur-lavenir-post-covid-19-de-la-cemac#breadcrumb\",\"itemListElement\":[{\"@type\":\"ListItem\",\"position\":1,\"name\":\"Accueil\",\"item\":\"https:\/\/www.africa-press.net\/tchad\/\"},{\"@type\":\"ListItem\",\"position\":2,\"name\":\"Deux employ\u00e9s de Beac se penchent sur l\u2019avenir post Covid-19 de la Cemac\"}]},{\"@type\":\"WebSite\",\"@id\":\"https:\/\/www.africa-press.net\/tchad\/#website\",\"url\":\"https:\/\/www.africa-press.net\/tchad\/\",\"name\":\"tchad\",\"description\":\"Just another Africa News Agency Sites site\",\"potentialAction\":[{\"@type\":\"SearchAction\",\"target\":{\"@type\":\"EntryPoint\",\"urlTemplate\":\"https:\/\/www.africa-press.net\/tchad\/?s={search_term_string}\"},\"query-input\":{\"@type\":\"PropertyValueSpecification\",\"valueRequired\":true,\"valueName\":\"search_term_string\"}}],\"inLanguage\":\"fr-FR\"},{\"@type\":\"Person\",\"@id\":\"https:\/\/www.africa-press.net\/tchad\/#\/schema\/person\/2b1cf3cd81a31e3cd26889ca66d677f1\",\"name\":\"cfeditorfr\"}]}<\/script>\n<!-- \/ Yoast SEO Premium plugin. -->","yoast_head_json":{"title":"Deux employ\u00e9s de Beac se penchent sur l\u2019avenir post Covid-19 de la Cemac - tchad","description":"\u00ab Le jour d\u2019apr\u00e8s : la CEMAC face \u00e0 la crise de la Cocid-19 \u00bb. C\u2019est le titre de l\u2019ouvrage que viennent de commettre ...","robots":{"index":"index","follow":"follow","max-snippet":"max-snippet:-1","max-image-preview":"max-image-preview:large","max-video-preview":"max-video-preview:-1"},"canonical":"https:\/\/www.africa-press.net\/tchad\/toutes-les-actualites\/deux-employes-de-beac-se-penchent-sur-lavenir-post-covid-19-de-la-cemac","og_locale":"fr_FR","og_type":"article","og_title":"Deux employ\u00e9s de Beac se penchent sur l\u2019avenir post Covid-19 de la Cemac","og_description":"\u00ab Le jour d\u2019apr\u00e8s : la CEMAC face \u00e0 la crise de la Cocid-19 \u00bb. C\u2019est le titre de l\u2019ouvrage que viennent de commettre ...","og_url":"https:\/\/www.africa-press.net\/tchad\/toutes-les-actualites\/deux-employes-de-beac-se-penchent-sur-lavenir-post-covid-19-de-la-cemac","og_site_name":"tchad","article_published_time":"2021-10-04T16:00:44+00:00","article_modified_time":"2021-10-05T20:37:13+00:00","og_image":[{"width":780,"height":440,"url":"https:\/\/static.africa-press.net\/tchad\/sites\/41\/2021\/10\/img-615b2283b3333.jpg","type":"image\/jpeg"}],"author":"cfeditorfr","twitter_card":"summary_large_image","twitter_misc":{"\u00c9crit par":"cfeditorfr","Dur\u00e9e de lecture estim\u00e9e":"3 minutes"},"schema":{"@context":"https:\/\/schema.org","@graph":[{"@type":"Article","@id":"https:\/\/www.africa-press.net\/tchad\/toutes-les-actualites\/deux-employes-de-beac-se-penchent-sur-lavenir-post-covid-19-de-la-cemac#article","isPartOf":{"@id":"https:\/\/www.africa-press.net\/tchad\/toutes-les-actualites\/deux-employes-de-beac-se-penchent-sur-lavenir-post-covid-19-de-la-cemac"},"author":{"name":"cfeditorfr","@id":"https:\/\/www.africa-press.net\/tchad\/#\/schema\/person\/2b1cf3cd81a31e3cd26889ca66d677f1"},"headline":"Deux employ\u00e9s de Beac se penchent sur l\u2019avenir post Covid-19 de la Cemac","datePublished":"2021-10-04T16:00:44+00:00","dateModified":"2021-10-05T20:37:13+00:00","mainEntityOfPage":{"@id":"https:\/\/www.africa-press.net\/tchad\/toutes-les-actualites\/deux-employes-de-beac-se-penchent-sur-lavenir-post-covid-19-de-la-cemac"},"wordCount":510,"commentCount":0,"image":{"@id":"https:\/\/www.africa-press.net\/tchad\/toutes-les-actualites\/deux-employes-de-beac-se-penchent-sur-lavenir-post-covid-19-de-la-cemac#primaryimage"},"thumbnailUrl":"https:\/\/static.africa-press.net\/tchad\/sites\/41\/2021\/10\/img-615b2283b3333.jpg","keywords":["Africa Press","Africa Press-Tchad","BEAC","Cemac","COVID 19","\u00e9ditions Jets d\u2019encre","Tchad"],"articleSection":["Divers","homepage-french","Toutes les actualit\u00e9s"],"inLanguage":"fr-FR","potentialAction":[{"@type":"CommentAction","name":"Comment","target":["https:\/\/www.africa-press.net\/tchad\/toutes-les-actualites\/deux-employes-de-beac-se-penchent-sur-lavenir-post-covid-19-de-la-cemac#respond"]}]},{"@type":"WebPage","@id":"https:\/\/www.africa-press.net\/tchad\/toutes-les-actualites\/deux-employes-de-beac-se-penchent-sur-lavenir-post-covid-19-de-la-cemac","url":"https:\/\/www.africa-press.net\/tchad\/toutes-les-actualites\/deux-employes-de-beac-se-penchent-sur-lavenir-post-covid-19-de-la-cemac","name":"Deux employ\u00e9s de Beac se penchent sur l\u2019avenir post Covid-19 de la Cemac - tchad","isPartOf":{"@id":"https:\/\/www.africa-press.net\/tchad\/#website"},"primaryImageOfPage":{"@id":"https:\/\/www.africa-press.net\/tchad\/toutes-les-actualites\/deux-employes-de-beac-se-penchent-sur-lavenir-post-covid-19-de-la-cemac#primaryimage"},"image":{"@id":"https:\/\/www.africa-press.net\/tchad\/toutes-les-actualites\/deux-employes-de-beac-se-penchent-sur-lavenir-post-covid-19-de-la-cemac#primaryimage"},"thumbnailUrl":"https:\/\/static.africa-press.net\/tchad\/sites\/41\/2021\/10\/img-615b2283b3333.jpg","datePublished":"2021-10-04T16:00:44+00:00","dateModified":"2021-10-05T20:37:13+00:00","author":{"@id":"https:\/\/www.africa-press.net\/tchad\/#\/schema\/person\/2b1cf3cd81a31e3cd26889ca66d677f1"},"description":"\u00ab Le jour d\u2019apr\u00e8s : la CEMAC face \u00e0 la crise de la Cocid-19 \u00bb. C\u2019est le titre de l\u2019ouvrage que viennent de commettre ...","breadcrumb":{"@id":"https:\/\/www.africa-press.net\/tchad\/toutes-les-actualites\/deux-employes-de-beac-se-penchent-sur-lavenir-post-covid-19-de-la-cemac#breadcrumb"},"inLanguage":"fr-FR","potentialAction":[{"@type":"ReadAction","target":["https:\/\/www.africa-press.net\/tchad\/toutes-les-actualites\/deux-employes-de-beac-se-penchent-sur-lavenir-post-covid-19-de-la-cemac"]}]},{"@type":"ImageObject","inLanguage":"fr-FR","@id":"https:\/\/www.africa-press.net\/tchad\/toutes-les-actualites\/deux-employes-de-beac-se-penchent-sur-lavenir-post-covid-19-de-la-cemac#primaryimage","url":"https:\/\/static.africa-press.net\/tchad\/sites\/41\/2021\/10\/img-615b2283b3333.jpg","contentUrl":"https:\/\/static.africa-press.net\/tchad\/sites\/41\/2021\/10\/img-615b2283b3333.jpg","width":780,"height":440,"caption":"Deux employ\u00e9s de Beac se penchent sur l\u2019avenir post Covid-19 de la Cemac"},{"@type":"BreadcrumbList","@id":"https:\/\/www.africa-press.net\/tchad\/toutes-les-actualites\/deux-employes-de-beac-se-penchent-sur-lavenir-post-covid-19-de-la-cemac#breadcrumb","itemListElement":[{"@type":"ListItem","position":1,"name":"Accueil","item":"https:\/\/www.africa-press.net\/tchad\/"},{"@type":"ListItem","position":2,"name":"Deux employ\u00e9s de Beac se penchent sur l\u2019avenir post Covid-19 de la Cemac"}]},{"@type":"WebSite","@id":"https:\/\/www.africa-press.net\/tchad\/#website","url":"https:\/\/www.africa-press.net\/tchad\/","name":"tchad","description":"Just another Africa News Agency Sites site","potentialAction":[{"@type":"SearchAction","target":{"@type":"EntryPoint","urlTemplate":"https:\/\/www.africa-press.net\/tchad\/?s={search_term_string}"},"query-input":{"@type":"PropertyValueSpecification","valueRequired":true,"valueName":"search_term_string"}}],"inLanguage":"fr-FR"},{"@type":"Person","@id":"https:\/\/www.africa-press.net\/tchad\/#\/schema\/person\/2b1cf3cd81a31e3cd26889ca66d677f1","name":"cfeditorfr"}]}},"_links":{"self":[{"href":"https:\/\/www.africa-press.net\/tchad\/wp-json\/wp\/v2\/posts\/11755","targetHints":{"allow":["GET"]}}],"collection":[{"href":"https:\/\/www.africa-press.net\/tchad\/wp-json\/wp\/v2\/posts"}],"about":[{"href":"https:\/\/www.africa-press.net\/tchad\/wp-json\/wp\/v2\/types\/post"}],"author":[{"embeddable":true,"href":"https:\/\/www.africa-press.net\/tchad\/wp-json\/wp\/v2\/users\/82"}],"replies":[{"embeddable":true,"href":"https:\/\/www.africa-press.net\/tchad\/wp-json\/wp\/v2\/comments?post=11755"}],"version-history":[{"count":0,"href":"https:\/\/www.africa-press.net\/tchad\/wp-json\/wp\/v2\/posts\/11755\/revisions"}],"wp:featuredmedia":[{"embeddable":true,"href":"https:\/\/www.africa-press.net\/tchad\/wp-json\/wp\/v2\/media\/11754"}],"wp:attachment":[{"href":"https:\/\/www.africa-press.net\/tchad\/wp-json\/wp\/v2\/media?parent=11755"}],"wp:term":[{"taxonomy":"category","embeddable":true,"href":"https:\/\/www.africa-press.net\/tchad\/wp-json\/wp\/v2\/categories?post=11755"},{"taxonomy":"post_tag","embeddable":true,"href":"https:\/\/www.africa-press.net\/tchad\/wp-json\/wp\/v2\/tags?post=11755"}],"curies":[{"name":"wp","href":"https:\/\/api.w.org\/{rel}","templated":true}]}}