{"id":12277,"date":"2021-10-14T16:52:36","date_gmt":"2021-10-14T16:52:36","guid":{"rendered":"https:\/\/www.africa-press.net\/tchad\/politique\/une-dizaine-de-prisonniers-se-sont-evades-par-le-mirador-et-le-canal-devacuation-des-eaux-usees-de-la-maison-darret-de-klessoum"},"modified":"2021-10-14T20:41:57","modified_gmt":"2021-10-14T20:41:57","slug":"une-dizaine-de-prisonniers-se-sont-evades-par-le-mirador-et-le-canal-devacuation-des-eaux-usees-de-la-maison-darret-de-klessoum","status":"publish","type":"post","link":"https:\/\/www.africa-press.net\/tchad\/politique\/une-dizaine-de-prisonniers-se-sont-evades-par-le-mirador-et-le-canal-devacuation-des-eaux-usees-de-la-maison-darret-de-klessoum","title":{"rendered":"une dizaine de prisonniers se sont \u00e9vad\u00e9s par le mirador et le canal d\u2019\u00e9vacuation des eaux us\u00e9es de la maison d\u2019arr\u00eat de Klessoum"},"content":{"rendered":"<p><span style=\"color: #ff6600\"><strong><a href=\"https:\/\/www.africa-press.net\/\">Africa-Press<\/a> &#8211; <a href=\"https:\/\/www.africa-press.net\/tchad\">Tchad<\/a>. <\/strong><\/span>Il y a environ un mois, une dizaine de prisonniers se sont \u00e9vad\u00e9s. Ils ont utilis\u00e9 le mirador et le canal d\u2019\u00e9vacuation des eaux us\u00e9es pour dispara\u00eetre dans la nature.<\/p>\n<p>Une dizaine de prisonniers se sont \u00e9vad\u00e9s de la maison d\u2019arr\u00eat de Klessoum il y a environ un mois, informent les responsables p\u00e9nitentiaires. Ils se sont servis du mirador et du grand canal d\u2019\u00e9vacuation des eaux us\u00e9es pour s\u2019enfuir.<\/p>\n<p>Alert\u00e9s, le vice-pr\u00e9sident du Conseil militaire de transition et le ministre de la justice, Ahmat Alhabo se sont rendus ce jour 13 octobre, \u00e0 la maison d\u2019arr\u00eat de Klessoum.<\/p>\n<p>Interrog\u00e9 par le ministre de la justice, le chef de s\u00e9curit\u00e9 de la maison d\u2019arr\u00eat estime ne rien comprendre. \u201cJe ne sais pas si le gardien dormait, mais ils l\u2019ont surpris.<\/p>\n<p>Cinq personne sont mont\u00e9es. Le gardien a dit qu\u2019il a voulu tirer mais que l\u2019arme a cal\u00e9\u201d, explique-t-il. Le ministre de la justice, Ahmat Alhabo a demand\u00e9 au procureur de la R\u00e9publique le sort des agents de la s\u00e9curit\u00e9 en faction \u00e0 la maison d\u2019arr\u00eat.<\/p>\n<p>Ce dernier indique qu\u2019ils ont \u00e9t\u00e9 gard\u00e9s \u00e0 vue au niveau de la police judiciaire. \u201cUn de mes substitut a trait\u00e9 le dossier, mais a envoy\u00e9 en citation directe.<\/p>\n<p>Les gens sont poursuivis mais ne sont pas plac\u00e9s sous mandat de d\u00e9p\u00f4t\u201d. Une situation qui n\u2019a pas plu au ministre de la justice, Ahmat Alhabo. Il estime que ce sont des \u00e9vasions organis\u00e9es.<\/p>\n<p>\u201cLes gens prennent de l\u2019argent, organisent les \u00e9vasions et vous les laissez se balader au quartier. Vos substituts ont eu leur part peut \u00eatre(\u2026)\u201d<\/p>\n<p>Convi\u00e9s, le directeur du minist\u00e8re des infrastructures et le responsable de l\u2019entreprise en charge de la construction de la maison d\u2019arr\u00eat ne se sont pas pr\u00e9sent\u00e9s \u00e0 cette rencontre. Une r\u00e9union est pr\u00e9vue pour \u00e9tablir les responsabilit\u00e9s.<\/p>\n","protected":false},"excerpt":{"rendered":"<p>Africa-Press &#8211; Tchad. Il y a environ un mois, une dizaine de prisonniers se sont \u00e9vad\u00e9s. Ils ont utilis\u00e9 le mirador et le canal d\u2019\u00e9vacuation des eaux us\u00e9es pour dispara\u00eetre dans la nature. Une dizaine de prisonniers se sont \u00e9vad\u00e9s de la maison d\u2019arr\u00eat de Klessoum il y a environ un mois, informent les responsables [&hellip;]<\/p>\n","protected":false},"author":82,"featured_media":12276,"comment_status":"open","ping_status":"closed","sticky":false,"template":"","format":"standard","meta":{"footnotes":""},"categories":[11,2,10],"tags":[37,292,2031,508,29],"class_list":["post-12277","post","type-post","status-publish","format-standard","has-post-thumbnail","hentry","category-homepage-french","category-politique","category-toutes-les-actualites","tag-africa-press","tag-africa-press-tchad","tag-devacuation","tag-klessoum","tag-tchad"],"yoast_head":"<!-- This site is optimized with the Yoast SEO Premium plugin v26.1 (Yoast SEO v27.0) - https:\/\/yoast.com\/product\/yoast-seo-premium-wordpress\/ -->\n<title>une dizaine de prisonniers se sont \u00e9vad\u00e9s par le mirador et le canal d\u2019\u00e9vacuation des eaux us\u00e9es de la maison d\u2019arr\u00eat de Klessoum - tchad<\/title>\n<meta name=\"description\" content=\"Il y a environ un mois, une dizaine de prisonniers se sont \u00e9vad\u00e9s. Ils ont utilis\u00e9 le mirador et le canal d\u2019\u00e9vacuation d ...\" \/>\n<meta name=\"robots\" content=\"index, follow, max-snippet:-1, max-image-preview:large, max-video-preview:-1\" \/>\n<link rel=\"canonical\" href=\"https:\/\/www.africa-press.net\/tchad\/politique\/une-dizaine-de-prisonniers-se-sont-evades-par-le-mirador-et-le-canal-devacuation-des-eaux-usees-de-la-maison-darret-de-klessoum\" \/>\n<meta property=\"og:locale\" content=\"fr_FR\" \/>\n<meta property=\"og:type\" content=\"article\" \/>\n<meta property=\"og:title\" content=\"une dizaine de prisonniers se sont \u00e9vad\u00e9s par le mirador et le canal d\u2019\u00e9vacuation des eaux us\u00e9es de la maison d\u2019arr\u00eat de Klessoum\" \/>\n<meta property=\"og:description\" content=\"Il y a environ un mois, une dizaine de prisonniers se sont \u00e9vad\u00e9s. Ils ont utilis\u00e9 le mirador et le canal d\u2019\u00e9vacuation d ...\" \/>\n<meta property=\"og:url\" content=\"https:\/\/www.africa-press.net\/tchad\/politique\/une-dizaine-de-prisonniers-se-sont-evades-par-le-mirador-et-le-canal-devacuation-des-eaux-usees-de-la-maison-darret-de-klessoum\" \/>\n<meta property=\"og:site_name\" content=\"tchad\" \/>\n<meta property=\"article:published_time\" content=\"2021-10-14T16:52:36+00:00\" \/>\n<meta property=\"article:modified_time\" content=\"2021-10-14T20:41:57+00:00\" \/>\n<meta property=\"og:image\" content=\"https:\/\/static.africa-press.net\/tchad\/sites\/41\/2021\/10\/img-616867c3e91f4.jpg\" \/>\n\t<meta property=\"og:image:width\" content=\"514\" \/>\n\t<meta property=\"og:image:height\" content=\"573\" \/>\n\t<meta property=\"og:image:type\" content=\"image\/jpeg\" \/>\n<meta name=\"author\" content=\"cfeditorfr\" \/>\n<meta name=\"twitter:card\" content=\"summary_large_image\" \/>\n<meta name=\"twitter:label1\" content=\"\u00c9crit par\" \/>\n\t<meta name=\"twitter:data1\" content=\"cfeditorfr\" \/>\n\t<meta name=\"twitter:label2\" content=\"Dur\u00e9e de lecture estim\u00e9e\" \/>\n\t<meta name=\"twitter:data2\" content=\"2 minutes\" \/>\n<script type=\"application\/ld+json\" class=\"yoast-schema-graph\">{\"@context\":\"https:\/\/schema.org\",\"@graph\":[{\"@type\":\"Article\",\"@id\":\"https:\/\/www.africa-press.net\/tchad\/politique\/une-dizaine-de-prisonniers-se-sont-evades-par-le-mirador-et-le-canal-devacuation-des-eaux-usees-de-la-maison-darret-de-klessoum#article\",\"isPartOf\":{\"@id\":\"https:\/\/www.africa-press.net\/tchad\/politique\/une-dizaine-de-prisonniers-se-sont-evades-par-le-mirador-et-le-canal-devacuation-des-eaux-usees-de-la-maison-darret-de-klessoum\"},\"author\":{\"name\":\"cfeditorfr\",\"@id\":\"https:\/\/www.africa-press.net\/tchad\/#\/schema\/person\/2b1cf3cd81a31e3cd26889ca66d677f1\"},\"headline\":\"une dizaine de prisonniers se sont \u00e9vad\u00e9s par le mirador et le canal d\u2019\u00e9vacuation des eaux us\u00e9es de la maison d\u2019arr\u00eat de Klessoum\",\"datePublished\":\"2021-10-14T16:52:36+00:00\",\"dateModified\":\"2021-10-14T20:41:57+00:00\",\"mainEntityOfPage\":{\"@id\":\"https:\/\/www.africa-press.net\/tchad\/politique\/une-dizaine-de-prisonniers-se-sont-evades-par-le-mirador-et-le-canal-devacuation-des-eaux-usees-de-la-maison-darret-de-klessoum\"},\"wordCount\":368,\"commentCount\":0,\"image\":{\"@id\":\"https:\/\/www.africa-press.net\/tchad\/politique\/une-dizaine-de-prisonniers-se-sont-evades-par-le-mirador-et-le-canal-devacuation-des-eaux-usees-de-la-maison-darret-de-klessoum#primaryimage\"},\"thumbnailUrl\":\"https:\/\/static.africa-press.net\/tchad\/sites\/41\/2021\/10\/img-616867c3e91f4.jpg\",\"keywords\":[\"Africa Press\",\"Africa Press-Tchad\",\"d\u2019\u00e9vacuation\",\"Klessoum\",\"Tchad\"],\"articleSection\":[\"homepage-french\",\"Politique\",\"Toutes les actualit\u00e9s\"],\"inLanguage\":\"fr-FR\",\"potentialAction\":[{\"@type\":\"CommentAction\",\"name\":\"Comment\",\"target\":[\"https:\/\/www.africa-press.net\/tchad\/politique\/une-dizaine-de-prisonniers-se-sont-evades-par-le-mirador-et-le-canal-devacuation-des-eaux-usees-de-la-maison-darret-de-klessoum#respond\"]}]},{\"@type\":\"WebPage\",\"@id\":\"https:\/\/www.africa-press.net\/tchad\/politique\/une-dizaine-de-prisonniers-se-sont-evades-par-le-mirador-et-le-canal-devacuation-des-eaux-usees-de-la-maison-darret-de-klessoum\",\"url\":\"https:\/\/www.africa-press.net\/tchad\/politique\/une-dizaine-de-prisonniers-se-sont-evades-par-le-mirador-et-le-canal-devacuation-des-eaux-usees-de-la-maison-darret-de-klessoum\",\"name\":\"une dizaine de prisonniers se sont \u00e9vad\u00e9s par le mirador et le canal d\u2019\u00e9vacuation des eaux us\u00e9es de la maison d\u2019arr\u00eat de Klessoum - tchad\",\"isPartOf\":{\"@id\":\"https:\/\/www.africa-press.net\/tchad\/#website\"},\"primaryImageOfPage\":{\"@id\":\"https:\/\/www.africa-press.net\/tchad\/politique\/une-dizaine-de-prisonniers-se-sont-evades-par-le-mirador-et-le-canal-devacuation-des-eaux-usees-de-la-maison-darret-de-klessoum#primaryimage\"},\"image\":{\"@id\":\"https:\/\/www.africa-press.net\/tchad\/politique\/une-dizaine-de-prisonniers-se-sont-evades-par-le-mirador-et-le-canal-devacuation-des-eaux-usees-de-la-maison-darret-de-klessoum#primaryimage\"},\"thumbnailUrl\":\"https:\/\/static.africa-press.net\/tchad\/sites\/41\/2021\/10\/img-616867c3e91f4.jpg\",\"datePublished\":\"2021-10-14T16:52:36+00:00\",\"dateModified\":\"2021-10-14T20:41:57+00:00\",\"author\":{\"@id\":\"https:\/\/www.africa-press.net\/tchad\/#\/schema\/person\/2b1cf3cd81a31e3cd26889ca66d677f1\"},\"description\":\"Il y a environ un mois, une dizaine de prisonniers se sont \u00e9vad\u00e9s. Ils ont utilis\u00e9 le mirador et le canal d\u2019\u00e9vacuation d ...\",\"breadcrumb\":{\"@id\":\"https:\/\/www.africa-press.net\/tchad\/politique\/une-dizaine-de-prisonniers-se-sont-evades-par-le-mirador-et-le-canal-devacuation-des-eaux-usees-de-la-maison-darret-de-klessoum#breadcrumb\"},\"inLanguage\":\"fr-FR\",\"potentialAction\":[{\"@type\":\"ReadAction\",\"target\":[\"https:\/\/www.africa-press.net\/tchad\/politique\/une-dizaine-de-prisonniers-se-sont-evades-par-le-mirador-et-le-canal-devacuation-des-eaux-usees-de-la-maison-darret-de-klessoum\"]}]},{\"@type\":\"ImageObject\",\"inLanguage\":\"fr-FR\",\"@id\":\"https:\/\/www.africa-press.net\/tchad\/politique\/une-dizaine-de-prisonniers-se-sont-evades-par-le-mirador-et-le-canal-devacuation-des-eaux-usees-de-la-maison-darret-de-klessoum#primaryimage\",\"url\":\"https:\/\/static.africa-press.net\/tchad\/sites\/41\/2021\/10\/img-616867c3e91f4.jpg\",\"contentUrl\":\"https:\/\/static.africa-press.net\/tchad\/sites\/41\/2021\/10\/img-616867c3e91f4.jpg\",\"width\":514,\"height\":573,\"caption\":\"une dizaine de prisonniers se sont \u00e9vad\u00e9s par le mirador et le canal d\u2019\u00e9vacuation des eaux us\u00e9es de la maison d\u2019arr\u00eat de Klessoum\"},{\"@type\":\"BreadcrumbList\",\"@id\":\"https:\/\/www.africa-press.net\/tchad\/politique\/une-dizaine-de-prisonniers-se-sont-evades-par-le-mirador-et-le-canal-devacuation-des-eaux-usees-de-la-maison-darret-de-klessoum#breadcrumb\",\"itemListElement\":[{\"@type\":\"ListItem\",\"position\":1,\"name\":\"Accueil\",\"item\":\"https:\/\/www.africa-press.net\/tchad\/\"},{\"@type\":\"ListItem\",\"position\":2,\"name\":\"une dizaine de prisonniers se sont \u00e9vad\u00e9s par le mirador et le canal d\u2019\u00e9vacuation des eaux us\u00e9es de la maison d\u2019arr\u00eat de Klessoum\"}]},{\"@type\":\"WebSite\",\"@id\":\"https:\/\/www.africa-press.net\/tchad\/#website\",\"url\":\"https:\/\/www.africa-press.net\/tchad\/\",\"name\":\"tchad\",\"description\":\"Just another Africa News Agency Sites site\",\"potentialAction\":[{\"@type\":\"SearchAction\",\"target\":{\"@type\":\"EntryPoint\",\"urlTemplate\":\"https:\/\/www.africa-press.net\/tchad\/?s={search_term_string}\"},\"query-input\":{\"@type\":\"PropertyValueSpecification\",\"valueRequired\":true,\"valueName\":\"search_term_string\"}}],\"inLanguage\":\"fr-FR\"},{\"@type\":\"Person\",\"@id\":\"https:\/\/www.africa-press.net\/tchad\/#\/schema\/person\/2b1cf3cd81a31e3cd26889ca66d677f1\",\"name\":\"cfeditorfr\"}]}<\/script>\n<!-- \/ Yoast SEO Premium plugin. -->","yoast_head_json":{"title":"une dizaine de prisonniers se sont \u00e9vad\u00e9s par le mirador et le canal d\u2019\u00e9vacuation des eaux us\u00e9es de la maison d\u2019arr\u00eat de Klessoum - tchad","description":"Il y a environ un mois, une dizaine de prisonniers se sont \u00e9vad\u00e9s. Ils ont utilis\u00e9 le mirador et le canal d\u2019\u00e9vacuation d ...","robots":{"index":"index","follow":"follow","max-snippet":"max-snippet:-1","max-image-preview":"max-image-preview:large","max-video-preview":"max-video-preview:-1"},"canonical":"https:\/\/www.africa-press.net\/tchad\/politique\/une-dizaine-de-prisonniers-se-sont-evades-par-le-mirador-et-le-canal-devacuation-des-eaux-usees-de-la-maison-darret-de-klessoum","og_locale":"fr_FR","og_type":"article","og_title":"une dizaine de prisonniers se sont \u00e9vad\u00e9s par le mirador et le canal d\u2019\u00e9vacuation des eaux us\u00e9es de la maison d\u2019arr\u00eat de Klessoum","og_description":"Il y a environ un mois, une dizaine de prisonniers se sont \u00e9vad\u00e9s. Ils ont utilis\u00e9 le mirador et le canal d\u2019\u00e9vacuation d ...","og_url":"https:\/\/www.africa-press.net\/tchad\/politique\/une-dizaine-de-prisonniers-se-sont-evades-par-le-mirador-et-le-canal-devacuation-des-eaux-usees-de-la-maison-darret-de-klessoum","og_site_name":"tchad","article_published_time":"2021-10-14T16:52:36+00:00","article_modified_time":"2021-10-14T20:41:57+00:00","og_image":[{"width":514,"height":573,"url":"https:\/\/static.africa-press.net\/tchad\/sites\/41\/2021\/10\/img-616867c3e91f4.jpg","type":"image\/jpeg"}],"author":"cfeditorfr","twitter_card":"summary_large_image","twitter_misc":{"\u00c9crit par":"cfeditorfr","Dur\u00e9e de lecture estim\u00e9e":"2 minutes"},"schema":{"@context":"https:\/\/schema.org","@graph":[{"@type":"Article","@id":"https:\/\/www.africa-press.net\/tchad\/politique\/une-dizaine-de-prisonniers-se-sont-evades-par-le-mirador-et-le-canal-devacuation-des-eaux-usees-de-la-maison-darret-de-klessoum#article","isPartOf":{"@id":"https:\/\/www.africa-press.net\/tchad\/politique\/une-dizaine-de-prisonniers-se-sont-evades-par-le-mirador-et-le-canal-devacuation-des-eaux-usees-de-la-maison-darret-de-klessoum"},"author":{"name":"cfeditorfr","@id":"https:\/\/www.africa-press.net\/tchad\/#\/schema\/person\/2b1cf3cd81a31e3cd26889ca66d677f1"},"headline":"une dizaine de prisonniers se sont \u00e9vad\u00e9s par le mirador et le canal d\u2019\u00e9vacuation des eaux us\u00e9es de la maison d\u2019arr\u00eat de Klessoum","datePublished":"2021-10-14T16:52:36+00:00","dateModified":"2021-10-14T20:41:57+00:00","mainEntityOfPage":{"@id":"https:\/\/www.africa-press.net\/tchad\/politique\/une-dizaine-de-prisonniers-se-sont-evades-par-le-mirador-et-le-canal-devacuation-des-eaux-usees-de-la-maison-darret-de-klessoum"},"wordCount":368,"commentCount":0,"image":{"@id":"https:\/\/www.africa-press.net\/tchad\/politique\/une-dizaine-de-prisonniers-se-sont-evades-par-le-mirador-et-le-canal-devacuation-des-eaux-usees-de-la-maison-darret-de-klessoum#primaryimage"},"thumbnailUrl":"https:\/\/static.africa-press.net\/tchad\/sites\/41\/2021\/10\/img-616867c3e91f4.jpg","keywords":["Africa Press","Africa Press-Tchad","d\u2019\u00e9vacuation","Klessoum","Tchad"],"articleSection":["homepage-french","Politique","Toutes les actualit\u00e9s"],"inLanguage":"fr-FR","potentialAction":[{"@type":"CommentAction","name":"Comment","target":["https:\/\/www.africa-press.net\/tchad\/politique\/une-dizaine-de-prisonniers-se-sont-evades-par-le-mirador-et-le-canal-devacuation-des-eaux-usees-de-la-maison-darret-de-klessoum#respond"]}]},{"@type":"WebPage","@id":"https:\/\/www.africa-press.net\/tchad\/politique\/une-dizaine-de-prisonniers-se-sont-evades-par-le-mirador-et-le-canal-devacuation-des-eaux-usees-de-la-maison-darret-de-klessoum","url":"https:\/\/www.africa-press.net\/tchad\/politique\/une-dizaine-de-prisonniers-se-sont-evades-par-le-mirador-et-le-canal-devacuation-des-eaux-usees-de-la-maison-darret-de-klessoum","name":"une dizaine de prisonniers se sont \u00e9vad\u00e9s par le mirador et le canal d\u2019\u00e9vacuation des eaux us\u00e9es de la maison d\u2019arr\u00eat de Klessoum - tchad","isPartOf":{"@id":"https:\/\/www.africa-press.net\/tchad\/#website"},"primaryImageOfPage":{"@id":"https:\/\/www.africa-press.net\/tchad\/politique\/une-dizaine-de-prisonniers-se-sont-evades-par-le-mirador-et-le-canal-devacuation-des-eaux-usees-de-la-maison-darret-de-klessoum#primaryimage"},"image":{"@id":"https:\/\/www.africa-press.net\/tchad\/politique\/une-dizaine-de-prisonniers-se-sont-evades-par-le-mirador-et-le-canal-devacuation-des-eaux-usees-de-la-maison-darret-de-klessoum#primaryimage"},"thumbnailUrl":"https:\/\/static.africa-press.net\/tchad\/sites\/41\/2021\/10\/img-616867c3e91f4.jpg","datePublished":"2021-10-14T16:52:36+00:00","dateModified":"2021-10-14T20:41:57+00:00","author":{"@id":"https:\/\/www.africa-press.net\/tchad\/#\/schema\/person\/2b1cf3cd81a31e3cd26889ca66d677f1"},"description":"Il y a environ un mois, une dizaine de prisonniers se sont \u00e9vad\u00e9s. Ils ont utilis\u00e9 le mirador et le canal d\u2019\u00e9vacuation d ...","breadcrumb":{"@id":"https:\/\/www.africa-press.net\/tchad\/politique\/une-dizaine-de-prisonniers-se-sont-evades-par-le-mirador-et-le-canal-devacuation-des-eaux-usees-de-la-maison-darret-de-klessoum#breadcrumb"},"inLanguage":"fr-FR","potentialAction":[{"@type":"ReadAction","target":["https:\/\/www.africa-press.net\/tchad\/politique\/une-dizaine-de-prisonniers-se-sont-evades-par-le-mirador-et-le-canal-devacuation-des-eaux-usees-de-la-maison-darret-de-klessoum"]}]},{"@type":"ImageObject","inLanguage":"fr-FR","@id":"https:\/\/www.africa-press.net\/tchad\/politique\/une-dizaine-de-prisonniers-se-sont-evades-par-le-mirador-et-le-canal-devacuation-des-eaux-usees-de-la-maison-darret-de-klessoum#primaryimage","url":"https:\/\/static.africa-press.net\/tchad\/sites\/41\/2021\/10\/img-616867c3e91f4.jpg","contentUrl":"https:\/\/static.africa-press.net\/tchad\/sites\/41\/2021\/10\/img-616867c3e91f4.jpg","width":514,"height":573,"caption":"une dizaine de prisonniers se sont \u00e9vad\u00e9s par le mirador et le canal d\u2019\u00e9vacuation des eaux us\u00e9es de la maison d\u2019arr\u00eat de Klessoum"},{"@type":"BreadcrumbList","@id":"https:\/\/www.africa-press.net\/tchad\/politique\/une-dizaine-de-prisonniers-se-sont-evades-par-le-mirador-et-le-canal-devacuation-des-eaux-usees-de-la-maison-darret-de-klessoum#breadcrumb","itemListElement":[{"@type":"ListItem","position":1,"name":"Accueil","item":"https:\/\/www.africa-press.net\/tchad\/"},{"@type":"ListItem","position":2,"name":"une dizaine de prisonniers se sont \u00e9vad\u00e9s par le mirador et le canal d\u2019\u00e9vacuation des eaux us\u00e9es de la maison d\u2019arr\u00eat de Klessoum"}]},{"@type":"WebSite","@id":"https:\/\/www.africa-press.net\/tchad\/#website","url":"https:\/\/www.africa-press.net\/tchad\/","name":"tchad","description":"Just another Africa News Agency Sites site","potentialAction":[{"@type":"SearchAction","target":{"@type":"EntryPoint","urlTemplate":"https:\/\/www.africa-press.net\/tchad\/?s={search_term_string}"},"query-input":{"@type":"PropertyValueSpecification","valueRequired":true,"valueName":"search_term_string"}}],"inLanguage":"fr-FR"},{"@type":"Person","@id":"https:\/\/www.africa-press.net\/tchad\/#\/schema\/person\/2b1cf3cd81a31e3cd26889ca66d677f1","name":"cfeditorfr"}]}},"_links":{"self":[{"href":"https:\/\/www.africa-press.net\/tchad\/wp-json\/wp\/v2\/posts\/12277","targetHints":{"allow":["GET"]}}],"collection":[{"href":"https:\/\/www.africa-press.net\/tchad\/wp-json\/wp\/v2\/posts"}],"about":[{"href":"https:\/\/www.africa-press.net\/tchad\/wp-json\/wp\/v2\/types\/post"}],"author":[{"embeddable":true,"href":"https:\/\/www.africa-press.net\/tchad\/wp-json\/wp\/v2\/users\/82"}],"replies":[{"embeddable":true,"href":"https:\/\/www.africa-press.net\/tchad\/wp-json\/wp\/v2\/comments?post=12277"}],"version-history":[{"count":0,"href":"https:\/\/www.africa-press.net\/tchad\/wp-json\/wp\/v2\/posts\/12277\/revisions"}],"wp:featuredmedia":[{"embeddable":true,"href":"https:\/\/www.africa-press.net\/tchad\/wp-json\/wp\/v2\/media\/12276"}],"wp:attachment":[{"href":"https:\/\/www.africa-press.net\/tchad\/wp-json\/wp\/v2\/media?parent=12277"}],"wp:term":[{"taxonomy":"category","embeddable":true,"href":"https:\/\/www.africa-press.net\/tchad\/wp-json\/wp\/v2\/categories?post=12277"},{"taxonomy":"post_tag","embeddable":true,"href":"https:\/\/www.africa-press.net\/tchad\/wp-json\/wp\/v2\/tags?post=12277"}],"curies":[{"name":"wp","href":"https:\/\/api.w.org\/{rel}","templated":true}]}}