{"id":12304,"date":"2021-10-14T17:15:56","date_gmt":"2021-10-14T17:15:56","guid":{"rendered":"https:\/\/www.africa-press.net\/tchad\/politique\/les-secretaires-generaux-du-ministere-des-transports-prennent-fonction"},"modified":"2021-10-14T20:43:35","modified_gmt":"2021-10-14T20:43:35","slug":"les-secretaires-generaux-du-ministere-des-transports-prennent-fonction","status":"publish","type":"post","link":"https:\/\/www.africa-press.net\/tchad\/politique\/les-secretaires-generaux-du-ministere-des-transports-prennent-fonction","title":{"rendered":"les secr\u00e9taires g\u00e9n\u00e9raux du minist\u00e8re des Transports prennent fonction"},"content":{"rendered":"<p><span style=\"color: #ff6600\"><strong><a href=\"https:\/\/www.africa-press.net\/\">Africa-Press<\/a> &#8211; <a href=\"https:\/\/www.africa-press.net\/tchad\">Tchad<\/a>. <\/strong><\/span>Il s\u2019agit respectivement de Moussa Ali Zakaria, au poste de Secr\u00e9taire G\u00e9n\u00e9ral et de Issa Mahamaye Khamis comme Secr\u00e9taire G\u00e9n\u00e9ral Adjoint. Dans son allocution, le Secr\u00e9taire G\u00e9n\u00e9ral du Minist\u00e8re des Infrastructures et du D\u00e9senclavement Mbounade Antoine, qui a offici\u00e9 cette c\u00e9r\u00e9monie d\u2019installation a rappel\u00e9 aux entrants les responsabilit\u00e9s qui les sont assign\u00e9es tout en leur rassurant de sa disponibilit\u00e9. \u00ab Apr\u00e8s 30 ann\u00e9es d\u2019exp\u00e9rience dans le domaine des infrastructures et des transports, partager avec vous l\u2019exp\u00e9rience que j\u2019ai acquis serait un grand honneur pour moi \u00bb assure-t-il.<\/p>\n<p>C\u2019\u00e9tait \u00e9galement l\u2019occasion pour Mbounade Antoine, de briffer ces derniers sur les diff\u00e9rentes activit\u00e9s men\u00e9es par le minist\u00e8re des Transports et de la s\u00e9curit\u00e9 Routi\u00e8re, mais \u00e9galement celles en cours depuis sa cr\u00e9ation le 02 mai 2021.<\/p>\n<p>D\u2019une voix commune, Moussa Ali Zakaria et Issa Mahamaye Khamis promettent d\u2019\u0153uvrer sans rel\u00e2che afin de redynamiser le secteur des transports et de la s\u00e9curit\u00e9 routi\u00e8re au Tchad.<\/p>\n<p>Cette c\u00e9r\u00e9monie d\u2019installation \u00e9t\u00e9 marqu\u00e9e aussi par la pr\u00e9sence du Directeur du cabinet du Minist\u00e8re des Transports et de la S\u00e9curit\u00e9 Routi\u00e8re Gondo No\u00ebl, et de Ahmat Imam Ben Moctar, Secr\u00e9taire G\u00e9n\u00e9ral Adjoint du Minist\u00e8re des Infrastructures et du D\u00e9senclavement<\/p>\n<p><b>\u00a0<\/b><\/p>\n","protected":false},"excerpt":{"rendered":"<p>Africa-Press &#8211; Tchad. Il s\u2019agit respectivement de Moussa Ali Zakaria, au poste de Secr\u00e9taire G\u00e9n\u00e9ral et de Issa Mahamaye Khamis comme Secr\u00e9taire G\u00e9n\u00e9ral Adjoint. Dans son allocution, le Secr\u00e9taire G\u00e9n\u00e9ral du Minist\u00e8re des Infrastructures et du D\u00e9senclavement Mbounade Antoine, qui a offici\u00e9 cette c\u00e9r\u00e9monie d\u2019installation a rappel\u00e9 aux entrants les responsabilit\u00e9s qui les sont assign\u00e9es [&hellip;]<\/p>\n","protected":false},"author":82,"featured_media":12303,"comment_status":"open","ping_status":"closed","sticky":false,"template":"","format":"standard","meta":{"footnotes":""},"categories":[11,2,10],"tags":[37,292,2039,2040,29],"class_list":["post-12304","post","type-post","status-publish","format-standard","has-post-thumbnail","hentry","category-homepage-french","category-politique","category-toutes-les-actualites","tag-africa-press","tag-africa-press-tchad","tag-generaux","tag-ministere-des-transports-et-de-la-securite-routiere","tag-tchad"],"yoast_head":"<!-- This site is optimized with the Yoast SEO Premium plugin v26.1 (Yoast SEO v27.0) - https:\/\/yoast.com\/product\/yoast-seo-premium-wordpress\/ -->\n<title>les secr\u00e9taires g\u00e9n\u00e9raux du minist\u00e8re des Transports prennent fonction - tchad<\/title>\n<meta name=\"description\" content=\"Il s\u2019agit respectivement de Moussa Ali Zakaria, au poste de Secr\u00e9taire G\u00e9n\u00e9ral et de Issa Mahamaye Khamis comme Secr\u00e9tai ...\" \/>\n<meta name=\"robots\" content=\"index, follow, max-snippet:-1, max-image-preview:large, max-video-preview:-1\" \/>\n<link rel=\"canonical\" href=\"https:\/\/www.africa-press.net\/tchad\/politique\/les-secretaires-generaux-du-ministere-des-transports-prennent-fonction\" \/>\n<meta property=\"og:locale\" content=\"fr_FR\" \/>\n<meta property=\"og:type\" content=\"article\" \/>\n<meta property=\"og:title\" content=\"les secr\u00e9taires g\u00e9n\u00e9raux du minist\u00e8re des Transports prennent fonction\" \/>\n<meta property=\"og:description\" content=\"Il s\u2019agit respectivement de Moussa Ali Zakaria, au poste de Secr\u00e9taire G\u00e9n\u00e9ral et de Issa Mahamaye Khamis comme Secr\u00e9tai ...\" \/>\n<meta property=\"og:url\" content=\"https:\/\/www.africa-press.net\/tchad\/politique\/les-secretaires-generaux-du-ministere-des-transports-prennent-fonction\" \/>\n<meta property=\"og:site_name\" content=\"tchad\" \/>\n<meta property=\"article:published_time\" content=\"2021-10-14T17:15:56+00:00\" \/>\n<meta property=\"article:modified_time\" content=\"2021-10-14T20:43:35+00:00\" \/>\n<meta property=\"og:image\" content=\"https:\/\/static.africa-press.net\/tchad\/sites\/41\/2021\/10\/img-6168696c5aa00.jpg\" \/>\n\t<meta property=\"og:image:width\" content=\"780\" \/>\n\t<meta property=\"og:image:height\" content=\"440\" \/>\n\t<meta property=\"og:image:type\" content=\"image\/jpeg\" \/>\n<meta name=\"author\" content=\"cfeditorfr\" \/>\n<meta name=\"twitter:card\" content=\"summary_large_image\" \/>\n<meta name=\"twitter:label1\" content=\"\u00c9crit par\" \/>\n\t<meta name=\"twitter:data1\" content=\"cfeditorfr\" \/>\n\t<meta name=\"twitter:label2\" content=\"Dur\u00e9e de lecture estim\u00e9e\" \/>\n\t<meta name=\"twitter:data2\" content=\"1 minute\" \/>\n<script type=\"application\/ld+json\" class=\"yoast-schema-graph\">{\"@context\":\"https:\/\/schema.org\",\"@graph\":[{\"@type\":\"Article\",\"@id\":\"https:\/\/www.africa-press.net\/tchad\/politique\/les-secretaires-generaux-du-ministere-des-transports-prennent-fonction#article\",\"isPartOf\":{\"@id\":\"https:\/\/www.africa-press.net\/tchad\/politique\/les-secretaires-generaux-du-ministere-des-transports-prennent-fonction\"},\"author\":{\"name\":\"cfeditorfr\",\"@id\":\"https:\/\/www.africa-press.net\/tchad\/#\/schema\/person\/2b1cf3cd81a31e3cd26889ca66d677f1\"},\"headline\":\"les secr\u00e9taires g\u00e9n\u00e9raux du minist\u00e8re des Transports prennent fonction\",\"datePublished\":\"2021-10-14T17:15:56+00:00\",\"dateModified\":\"2021-10-14T20:43:35+00:00\",\"mainEntityOfPage\":{\"@id\":\"https:\/\/www.africa-press.net\/tchad\/politique\/les-secretaires-generaux-du-ministere-des-transports-prennent-fonction\"},\"wordCount\":255,\"commentCount\":0,\"image\":{\"@id\":\"https:\/\/www.africa-press.net\/tchad\/politique\/les-secretaires-generaux-du-ministere-des-transports-prennent-fonction#primaryimage\"},\"thumbnailUrl\":\"https:\/\/static.africa-press.net\/tchad\/sites\/41\/2021\/10\/img-6168696c5aa00.jpg\",\"keywords\":[\"Africa Press\",\"Africa Press-Tchad\",\"g\u00e9n\u00e9raux\",\"minist\u00e8re des Transports et de la S\u00e9curit\u00e9 Routi\u00e8re\",\"Tchad\"],\"articleSection\":[\"homepage-french\",\"Politique\",\"Toutes les actualit\u00e9s\"],\"inLanguage\":\"fr-FR\",\"potentialAction\":[{\"@type\":\"CommentAction\",\"name\":\"Comment\",\"target\":[\"https:\/\/www.africa-press.net\/tchad\/politique\/les-secretaires-generaux-du-ministere-des-transports-prennent-fonction#respond\"]}]},{\"@type\":\"WebPage\",\"@id\":\"https:\/\/www.africa-press.net\/tchad\/politique\/les-secretaires-generaux-du-ministere-des-transports-prennent-fonction\",\"url\":\"https:\/\/www.africa-press.net\/tchad\/politique\/les-secretaires-generaux-du-ministere-des-transports-prennent-fonction\",\"name\":\"les secr\u00e9taires g\u00e9n\u00e9raux du minist\u00e8re des Transports prennent fonction - tchad\",\"isPartOf\":{\"@id\":\"https:\/\/www.africa-press.net\/tchad\/#website\"},\"primaryImageOfPage\":{\"@id\":\"https:\/\/www.africa-press.net\/tchad\/politique\/les-secretaires-generaux-du-ministere-des-transports-prennent-fonction#primaryimage\"},\"image\":{\"@id\":\"https:\/\/www.africa-press.net\/tchad\/politique\/les-secretaires-generaux-du-ministere-des-transports-prennent-fonction#primaryimage\"},\"thumbnailUrl\":\"https:\/\/static.africa-press.net\/tchad\/sites\/41\/2021\/10\/img-6168696c5aa00.jpg\",\"datePublished\":\"2021-10-14T17:15:56+00:00\",\"dateModified\":\"2021-10-14T20:43:35+00:00\",\"author\":{\"@id\":\"https:\/\/www.africa-press.net\/tchad\/#\/schema\/person\/2b1cf3cd81a31e3cd26889ca66d677f1\"},\"description\":\"Il s\u2019agit respectivement de Moussa Ali Zakaria, au poste de Secr\u00e9taire G\u00e9n\u00e9ral et de Issa Mahamaye Khamis comme Secr\u00e9tai ...\",\"breadcrumb\":{\"@id\":\"https:\/\/www.africa-press.net\/tchad\/politique\/les-secretaires-generaux-du-ministere-des-transports-prennent-fonction#breadcrumb\"},\"inLanguage\":\"fr-FR\",\"potentialAction\":[{\"@type\":\"ReadAction\",\"target\":[\"https:\/\/www.africa-press.net\/tchad\/politique\/les-secretaires-generaux-du-ministere-des-transports-prennent-fonction\"]}]},{\"@type\":\"ImageObject\",\"inLanguage\":\"fr-FR\",\"@id\":\"https:\/\/www.africa-press.net\/tchad\/politique\/les-secretaires-generaux-du-ministere-des-transports-prennent-fonction#primaryimage\",\"url\":\"https:\/\/static.africa-press.net\/tchad\/sites\/41\/2021\/10\/img-6168696c5aa00.jpg\",\"contentUrl\":\"https:\/\/static.africa-press.net\/tchad\/sites\/41\/2021\/10\/img-6168696c5aa00.jpg\",\"width\":780,\"height\":440,\"caption\":\"les secr\u00e9taires g\u00e9n\u00e9raux du minist\u00e8re des Transports prennent fonction\"},{\"@type\":\"BreadcrumbList\",\"@id\":\"https:\/\/www.africa-press.net\/tchad\/politique\/les-secretaires-generaux-du-ministere-des-transports-prennent-fonction#breadcrumb\",\"itemListElement\":[{\"@type\":\"ListItem\",\"position\":1,\"name\":\"Accueil\",\"item\":\"https:\/\/www.africa-press.net\/tchad\/\"},{\"@type\":\"ListItem\",\"position\":2,\"name\":\"les secr\u00e9taires g\u00e9n\u00e9raux du minist\u00e8re des Transports prennent fonction\"}]},{\"@type\":\"WebSite\",\"@id\":\"https:\/\/www.africa-press.net\/tchad\/#website\",\"url\":\"https:\/\/www.africa-press.net\/tchad\/\",\"name\":\"tchad\",\"description\":\"Just another Africa News Agency Sites site\",\"potentialAction\":[{\"@type\":\"SearchAction\",\"target\":{\"@type\":\"EntryPoint\",\"urlTemplate\":\"https:\/\/www.africa-press.net\/tchad\/?s={search_term_string}\"},\"query-input\":{\"@type\":\"PropertyValueSpecification\",\"valueRequired\":true,\"valueName\":\"search_term_string\"}}],\"inLanguage\":\"fr-FR\"},{\"@type\":\"Person\",\"@id\":\"https:\/\/www.africa-press.net\/tchad\/#\/schema\/person\/2b1cf3cd81a31e3cd26889ca66d677f1\",\"name\":\"cfeditorfr\"}]}<\/script>\n<!-- \/ Yoast SEO Premium plugin. -->","yoast_head_json":{"title":"les secr\u00e9taires g\u00e9n\u00e9raux du minist\u00e8re des Transports prennent fonction - tchad","description":"Il s\u2019agit respectivement de Moussa Ali Zakaria, au poste de Secr\u00e9taire G\u00e9n\u00e9ral et de Issa Mahamaye Khamis comme Secr\u00e9tai ...","robots":{"index":"index","follow":"follow","max-snippet":"max-snippet:-1","max-image-preview":"max-image-preview:large","max-video-preview":"max-video-preview:-1"},"canonical":"https:\/\/www.africa-press.net\/tchad\/politique\/les-secretaires-generaux-du-ministere-des-transports-prennent-fonction","og_locale":"fr_FR","og_type":"article","og_title":"les secr\u00e9taires g\u00e9n\u00e9raux du minist\u00e8re des Transports prennent fonction","og_description":"Il s\u2019agit respectivement de Moussa Ali Zakaria, au poste de Secr\u00e9taire G\u00e9n\u00e9ral et de Issa Mahamaye Khamis comme Secr\u00e9tai ...","og_url":"https:\/\/www.africa-press.net\/tchad\/politique\/les-secretaires-generaux-du-ministere-des-transports-prennent-fonction","og_site_name":"tchad","article_published_time":"2021-10-14T17:15:56+00:00","article_modified_time":"2021-10-14T20:43:35+00:00","og_image":[{"width":780,"height":440,"url":"https:\/\/static.africa-press.net\/tchad\/sites\/41\/2021\/10\/img-6168696c5aa00.jpg","type":"image\/jpeg"}],"author":"cfeditorfr","twitter_card":"summary_large_image","twitter_misc":{"\u00c9crit par":"cfeditorfr","Dur\u00e9e de lecture estim\u00e9e":"1 minute"},"schema":{"@context":"https:\/\/schema.org","@graph":[{"@type":"Article","@id":"https:\/\/www.africa-press.net\/tchad\/politique\/les-secretaires-generaux-du-ministere-des-transports-prennent-fonction#article","isPartOf":{"@id":"https:\/\/www.africa-press.net\/tchad\/politique\/les-secretaires-generaux-du-ministere-des-transports-prennent-fonction"},"author":{"name":"cfeditorfr","@id":"https:\/\/www.africa-press.net\/tchad\/#\/schema\/person\/2b1cf3cd81a31e3cd26889ca66d677f1"},"headline":"les secr\u00e9taires g\u00e9n\u00e9raux du minist\u00e8re des Transports prennent fonction","datePublished":"2021-10-14T17:15:56+00:00","dateModified":"2021-10-14T20:43:35+00:00","mainEntityOfPage":{"@id":"https:\/\/www.africa-press.net\/tchad\/politique\/les-secretaires-generaux-du-ministere-des-transports-prennent-fonction"},"wordCount":255,"commentCount":0,"image":{"@id":"https:\/\/www.africa-press.net\/tchad\/politique\/les-secretaires-generaux-du-ministere-des-transports-prennent-fonction#primaryimage"},"thumbnailUrl":"https:\/\/static.africa-press.net\/tchad\/sites\/41\/2021\/10\/img-6168696c5aa00.jpg","keywords":["Africa Press","Africa Press-Tchad","g\u00e9n\u00e9raux","minist\u00e8re des Transports et de la S\u00e9curit\u00e9 Routi\u00e8re","Tchad"],"articleSection":["homepage-french","Politique","Toutes les actualit\u00e9s"],"inLanguage":"fr-FR","potentialAction":[{"@type":"CommentAction","name":"Comment","target":["https:\/\/www.africa-press.net\/tchad\/politique\/les-secretaires-generaux-du-ministere-des-transports-prennent-fonction#respond"]}]},{"@type":"WebPage","@id":"https:\/\/www.africa-press.net\/tchad\/politique\/les-secretaires-generaux-du-ministere-des-transports-prennent-fonction","url":"https:\/\/www.africa-press.net\/tchad\/politique\/les-secretaires-generaux-du-ministere-des-transports-prennent-fonction","name":"les secr\u00e9taires g\u00e9n\u00e9raux du minist\u00e8re des Transports prennent fonction - tchad","isPartOf":{"@id":"https:\/\/www.africa-press.net\/tchad\/#website"},"primaryImageOfPage":{"@id":"https:\/\/www.africa-press.net\/tchad\/politique\/les-secretaires-generaux-du-ministere-des-transports-prennent-fonction#primaryimage"},"image":{"@id":"https:\/\/www.africa-press.net\/tchad\/politique\/les-secretaires-generaux-du-ministere-des-transports-prennent-fonction#primaryimage"},"thumbnailUrl":"https:\/\/static.africa-press.net\/tchad\/sites\/41\/2021\/10\/img-6168696c5aa00.jpg","datePublished":"2021-10-14T17:15:56+00:00","dateModified":"2021-10-14T20:43:35+00:00","author":{"@id":"https:\/\/www.africa-press.net\/tchad\/#\/schema\/person\/2b1cf3cd81a31e3cd26889ca66d677f1"},"description":"Il s\u2019agit respectivement de Moussa Ali Zakaria, au poste de Secr\u00e9taire G\u00e9n\u00e9ral et de Issa Mahamaye Khamis comme Secr\u00e9tai ...","breadcrumb":{"@id":"https:\/\/www.africa-press.net\/tchad\/politique\/les-secretaires-generaux-du-ministere-des-transports-prennent-fonction#breadcrumb"},"inLanguage":"fr-FR","potentialAction":[{"@type":"ReadAction","target":["https:\/\/www.africa-press.net\/tchad\/politique\/les-secretaires-generaux-du-ministere-des-transports-prennent-fonction"]}]},{"@type":"ImageObject","inLanguage":"fr-FR","@id":"https:\/\/www.africa-press.net\/tchad\/politique\/les-secretaires-generaux-du-ministere-des-transports-prennent-fonction#primaryimage","url":"https:\/\/static.africa-press.net\/tchad\/sites\/41\/2021\/10\/img-6168696c5aa00.jpg","contentUrl":"https:\/\/static.africa-press.net\/tchad\/sites\/41\/2021\/10\/img-6168696c5aa00.jpg","width":780,"height":440,"caption":"les secr\u00e9taires g\u00e9n\u00e9raux du minist\u00e8re des Transports prennent fonction"},{"@type":"BreadcrumbList","@id":"https:\/\/www.africa-press.net\/tchad\/politique\/les-secretaires-generaux-du-ministere-des-transports-prennent-fonction#breadcrumb","itemListElement":[{"@type":"ListItem","position":1,"name":"Accueil","item":"https:\/\/www.africa-press.net\/tchad\/"},{"@type":"ListItem","position":2,"name":"les secr\u00e9taires g\u00e9n\u00e9raux du minist\u00e8re des Transports prennent fonction"}]},{"@type":"WebSite","@id":"https:\/\/www.africa-press.net\/tchad\/#website","url":"https:\/\/www.africa-press.net\/tchad\/","name":"tchad","description":"Just another Africa News Agency Sites site","potentialAction":[{"@type":"SearchAction","target":{"@type":"EntryPoint","urlTemplate":"https:\/\/www.africa-press.net\/tchad\/?s={search_term_string}"},"query-input":{"@type":"PropertyValueSpecification","valueRequired":true,"valueName":"search_term_string"}}],"inLanguage":"fr-FR"},{"@type":"Person","@id":"https:\/\/www.africa-press.net\/tchad\/#\/schema\/person\/2b1cf3cd81a31e3cd26889ca66d677f1","name":"cfeditorfr"}]}},"_links":{"self":[{"href":"https:\/\/www.africa-press.net\/tchad\/wp-json\/wp\/v2\/posts\/12304","targetHints":{"allow":["GET"]}}],"collection":[{"href":"https:\/\/www.africa-press.net\/tchad\/wp-json\/wp\/v2\/posts"}],"about":[{"href":"https:\/\/www.africa-press.net\/tchad\/wp-json\/wp\/v2\/types\/post"}],"author":[{"embeddable":true,"href":"https:\/\/www.africa-press.net\/tchad\/wp-json\/wp\/v2\/users\/82"}],"replies":[{"embeddable":true,"href":"https:\/\/www.africa-press.net\/tchad\/wp-json\/wp\/v2\/comments?post=12304"}],"version-history":[{"count":0,"href":"https:\/\/www.africa-press.net\/tchad\/wp-json\/wp\/v2\/posts\/12304\/revisions"}],"wp:featuredmedia":[{"embeddable":true,"href":"https:\/\/www.africa-press.net\/tchad\/wp-json\/wp\/v2\/media\/12303"}],"wp:attachment":[{"href":"https:\/\/www.africa-press.net\/tchad\/wp-json\/wp\/v2\/media?parent=12304"}],"wp:term":[{"taxonomy":"category","embeddable":true,"href":"https:\/\/www.africa-press.net\/tchad\/wp-json\/wp\/v2\/categories?post=12304"},{"taxonomy":"post_tag","embeddable":true,"href":"https:\/\/www.africa-press.net\/tchad\/wp-json\/wp\/v2\/tags?post=12304"}],"curies":[{"name":"wp","href":"https:\/\/api.w.org\/{rel}","templated":true}]}}