{"id":12344,"date":"2021-10-16T14:53:23","date_gmt":"2021-10-16T14:53:23","guid":{"rendered":"https:\/\/www.africa-press.net\/tchad\/politique\/le-patron-de-la-gendarmerie-nationale-exige-une-vigilance-accrue-de-ses-hommes-dans-le-wadi-fira"},"modified":"2021-10-16T21:03:45","modified_gmt":"2021-10-16T21:03:45","slug":"le-patron-de-la-gendarmerie-nationale-exige-une-vigilance-accrue-de-ses-hommes-dans-le-wadi-fira","status":"publish","type":"post","link":"https:\/\/www.africa-press.net\/tchad\/politique\/le-patron-de-la-gendarmerie-nationale-exige-une-vigilance-accrue-de-ses-hommes-dans-le-wadi-fira","title":{"rendered":"le patron de la Gendarmerie nationale exige une vigilance accrue de ses hommes dans le Wadi-Fira"},"content":{"rendered":"<p><span style=\"color: #ff6600\"><strong><a href=\"https:\/\/www.africa-press.net\/\">Africa-Press<\/a> &#8211; <a href=\"https:\/\/www.africa-press.net\/tchad\">Tchad<\/a>. <\/strong><\/span>Une d\u00e9l\u00e9gation de la Gendarmerie nationale se trouve dans le nord du pays. Cette \u00e9quipe conduite par le g\u00e9n\u00e9ral de division, Djontan Marcel Hoinati, a eu une rencontre de s\u00e9curit\u00e9 ce vendredi, 15 octobre, avec les responsables de la l\u00e9gion n\u00b023 du Wadi-Fira.<\/p>\n<p>La visite s\u2019inscrit dans le cadre d\u2019une \u00e9valuation de la mise en \u0153uvre des mesures prises par le pr\u00e9sident du Conseil militaire de transition (CMT), le g\u00e9n\u00e9ral de corps d\u2019arm\u00e9e Mahamat Idriss Deby Itno, afin de renforcer la s\u00e9curit\u00e9 mais aussi s\u2019enqu\u00e9rir de la situation s\u00e9curitaire dans la province de Wadi-Fira.<\/p>\n<p>\ufffc<\/p>\n<p>Le Directeur g\u00e9n\u00e9ral de la Gendarmerie nationale, le g\u00e9n\u00e9ral de division Djontan Marcel Ho\u00efnati, a tenu une r\u00e9union de s\u00e9curit\u00e9 avec les responsables et diff\u00e9rents chefs de service de la l\u00e9gion de gendarmerie n\u00b0 23 du Wadi-Fira.<\/p>\n<p>Djontan Marcel s\u2019est f\u00e9licit\u00e9 de la bonne application des consignes s\u00e9curitaires qui sont la lev\u00e9e des barri\u00e8res de contr\u00f4le \u00e0 l\u2019int\u00e9rieur du pays, l\u2019interdiction formelle de d\u00e9tenir une arme de guerre pour des civils et militaires non autoris\u00e9s et le renforcement de l\u2019autorit\u00e9 de l\u2019\u00c9tat.<\/p>\n<p>\u00ab La s\u00e9curit\u00e9 des personnes et de leurs biens est l\u2019une des priorit\u00e9s du Conseil militaire de transition. Aucune n\u00e9gligence ne sera tol\u00e9r\u00e9e \u00bb, a d\u00e9clar\u00e9 le g\u00e9n\u00e9ral de division, Djontan Marcel Ho\u00efnati \u00e0 ses fr\u00e8res d\u2019armes.<\/p>\n<p>Il a invit\u00e9 les hommes en charge de la s\u00e9curit\u00e9 de la province du Wadi-Fira \u00e0 doubler les efforts afin de lutter efficacement contre le trafic des armes, les conflits intercommunautaires.<\/p>\n<p>Il a relev\u00e9 que la province sert de point de passage pour l\u2019immigration et le trafic d\u2019\u00eatres humains en Libye. \ufffc Arriv\u00e9e dans la ville de Biltine, la d\u00e9l\u00e9gation de la Gendarmerie nationale est t\u00e9moin d\u2019un vol \u00e0 main arm\u00e9e.<\/p>\n<p>En effet, deux hommes ont utilis\u00e9 leur arme \u00e0 feu pour voler un v\u00e9hicule. Ces derniers ont fini par \u00eatre arr\u00eat\u00e9s par les \u00e9l\u00e9ments de la Gendarmerie \u00e0 Kala\u00eft.<\/p>\n","protected":false},"excerpt":{"rendered":"<p>Africa-Press &#8211; Tchad. Une d\u00e9l\u00e9gation de la Gendarmerie nationale se trouve dans le nord du pays. Cette \u00e9quipe conduite par le g\u00e9n\u00e9ral de division, Djontan Marcel Hoinati, a eu une rencontre de s\u00e9curit\u00e9 ce vendredi, 15 octobre, avec les responsables de la l\u00e9gion n\u00b023 du Wadi-Fira. La visite s\u2019inscrit dans le cadre d\u2019une \u00e9valuation de [&hellip;]<\/p>\n","protected":false},"author":82,"featured_media":12343,"comment_status":"open","ping_status":"closed","sticky":false,"template":"","format":"standard","meta":{"footnotes":""},"categories":[11,2,10],"tags":[37,292,1189,29,2050],"class_list":["post-12344","post","type-post","status-publish","format-standard","has-post-thumbnail","hentry","category-homepage-french","category-politique","category-toutes-les-actualites","tag-africa-press","tag-africa-press-tchad","tag-nationale","tag-tchad","tag-wadi-fira"],"yoast_head":"<!-- This site is optimized with the Yoast SEO Premium plugin v26.1 (Yoast SEO v27.0) - https:\/\/yoast.com\/product\/yoast-seo-premium-wordpress\/ -->\n<title>le patron de la Gendarmerie nationale exige une vigilance accrue de ses hommes dans le Wadi-Fira - tchad<\/title>\n<meta name=\"description\" content=\"Une d\u00e9l\u00e9gation de la Gendarmerie nationale se trouve dans le nord du pays. Cette \u00e9quipe conduite par le g\u00e9n\u00e9ral de divis ...\" \/>\n<meta name=\"robots\" content=\"index, follow, max-snippet:-1, max-image-preview:large, max-video-preview:-1\" \/>\n<link rel=\"canonical\" href=\"https:\/\/www.africa-press.net\/tchad\/politique\/le-patron-de-la-gendarmerie-nationale-exige-une-vigilance-accrue-de-ses-hommes-dans-le-wadi-fira\" \/>\n<meta property=\"og:locale\" content=\"fr_FR\" \/>\n<meta property=\"og:type\" content=\"article\" \/>\n<meta property=\"og:title\" content=\"le patron de la Gendarmerie nationale exige une vigilance accrue de ses hommes dans le Wadi-Fira\" \/>\n<meta property=\"og:description\" content=\"Une d\u00e9l\u00e9gation de la Gendarmerie nationale se trouve dans le nord du pays. Cette \u00e9quipe conduite par le g\u00e9n\u00e9ral de divis ...\" \/>\n<meta property=\"og:url\" content=\"https:\/\/www.africa-press.net\/tchad\/politique\/le-patron-de-la-gendarmerie-nationale-exige-une-vigilance-accrue-de-ses-hommes-dans-le-wadi-fira\" \/>\n<meta property=\"og:site_name\" content=\"tchad\" \/>\n<meta property=\"article:published_time\" content=\"2021-10-16T14:53:23+00:00\" \/>\n<meta property=\"article:modified_time\" content=\"2021-10-16T21:03:45+00:00\" \/>\n<meta property=\"og:image\" content=\"https:\/\/static.africa-press.net\/tchad\/sites\/41\/2021\/10\/img-616aecb906b08.jpg\" \/>\n\t<meta property=\"og:image:width\" content=\"696\" \/>\n\t<meta property=\"og:image:height\" content=\"392\" \/>\n\t<meta property=\"og:image:type\" content=\"image\/jpeg\" \/>\n<meta name=\"author\" content=\"cfeditorfr\" \/>\n<meta name=\"twitter:card\" content=\"summary_large_image\" \/>\n<meta name=\"twitter:label1\" content=\"\u00c9crit par\" \/>\n\t<meta name=\"twitter:data1\" content=\"cfeditorfr\" \/>\n\t<meta name=\"twitter:label2\" content=\"Dur\u00e9e de lecture estim\u00e9e\" \/>\n\t<meta name=\"twitter:data2\" content=\"2 minutes\" \/>\n<script type=\"application\/ld+json\" class=\"yoast-schema-graph\">{\"@context\":\"https:\/\/schema.org\",\"@graph\":[{\"@type\":\"Article\",\"@id\":\"https:\/\/www.africa-press.net\/tchad\/politique\/le-patron-de-la-gendarmerie-nationale-exige-une-vigilance-accrue-de-ses-hommes-dans-le-wadi-fira#article\",\"isPartOf\":{\"@id\":\"https:\/\/www.africa-press.net\/tchad\/politique\/le-patron-de-la-gendarmerie-nationale-exige-une-vigilance-accrue-de-ses-hommes-dans-le-wadi-fira\"},\"author\":{\"name\":\"cfeditorfr\",\"@id\":\"https:\/\/www.africa-press.net\/tchad\/#\/schema\/person\/2b1cf3cd81a31e3cd26889ca66d677f1\"},\"headline\":\"le patron de la Gendarmerie nationale exige une vigilance accrue de ses hommes dans le Wadi-Fira\",\"datePublished\":\"2021-10-16T14:53:23+00:00\",\"dateModified\":\"2021-10-16T21:03:45+00:00\",\"mainEntityOfPage\":{\"@id\":\"https:\/\/www.africa-press.net\/tchad\/politique\/le-patron-de-la-gendarmerie-nationale-exige-une-vigilance-accrue-de-ses-hommes-dans-le-wadi-fira\"},\"wordCount\":386,\"commentCount\":0,\"image\":{\"@id\":\"https:\/\/www.africa-press.net\/tchad\/politique\/le-patron-de-la-gendarmerie-nationale-exige-une-vigilance-accrue-de-ses-hommes-dans-le-wadi-fira#primaryimage\"},\"thumbnailUrl\":\"https:\/\/static.africa-press.net\/tchad\/sites\/41\/2021\/10\/img-616aecb906b08.jpg\",\"keywords\":[\"Africa Press\",\"Africa Press-Tchad\",\"nationale\",\"Tchad\",\"Wadi-Fira\"],\"articleSection\":[\"homepage-french\",\"Politique\",\"Toutes les actualit\u00e9s\"],\"inLanguage\":\"fr-FR\",\"potentialAction\":[{\"@type\":\"CommentAction\",\"name\":\"Comment\",\"target\":[\"https:\/\/www.africa-press.net\/tchad\/politique\/le-patron-de-la-gendarmerie-nationale-exige-une-vigilance-accrue-de-ses-hommes-dans-le-wadi-fira#respond\"]}]},{\"@type\":\"WebPage\",\"@id\":\"https:\/\/www.africa-press.net\/tchad\/politique\/le-patron-de-la-gendarmerie-nationale-exige-une-vigilance-accrue-de-ses-hommes-dans-le-wadi-fira\",\"url\":\"https:\/\/www.africa-press.net\/tchad\/politique\/le-patron-de-la-gendarmerie-nationale-exige-une-vigilance-accrue-de-ses-hommes-dans-le-wadi-fira\",\"name\":\"le patron de la Gendarmerie nationale exige une vigilance accrue de ses hommes dans le Wadi-Fira - tchad\",\"isPartOf\":{\"@id\":\"https:\/\/www.africa-press.net\/tchad\/#website\"},\"primaryImageOfPage\":{\"@id\":\"https:\/\/www.africa-press.net\/tchad\/politique\/le-patron-de-la-gendarmerie-nationale-exige-une-vigilance-accrue-de-ses-hommes-dans-le-wadi-fira#primaryimage\"},\"image\":{\"@id\":\"https:\/\/www.africa-press.net\/tchad\/politique\/le-patron-de-la-gendarmerie-nationale-exige-une-vigilance-accrue-de-ses-hommes-dans-le-wadi-fira#primaryimage\"},\"thumbnailUrl\":\"https:\/\/static.africa-press.net\/tchad\/sites\/41\/2021\/10\/img-616aecb906b08.jpg\",\"datePublished\":\"2021-10-16T14:53:23+00:00\",\"dateModified\":\"2021-10-16T21:03:45+00:00\",\"author\":{\"@id\":\"https:\/\/www.africa-press.net\/tchad\/#\/schema\/person\/2b1cf3cd81a31e3cd26889ca66d677f1\"},\"description\":\"Une d\u00e9l\u00e9gation de la Gendarmerie nationale se trouve dans le nord du pays. Cette \u00e9quipe conduite par le g\u00e9n\u00e9ral de divis ...\",\"breadcrumb\":{\"@id\":\"https:\/\/www.africa-press.net\/tchad\/politique\/le-patron-de-la-gendarmerie-nationale-exige-une-vigilance-accrue-de-ses-hommes-dans-le-wadi-fira#breadcrumb\"},\"inLanguage\":\"fr-FR\",\"potentialAction\":[{\"@type\":\"ReadAction\",\"target\":[\"https:\/\/www.africa-press.net\/tchad\/politique\/le-patron-de-la-gendarmerie-nationale-exige-une-vigilance-accrue-de-ses-hommes-dans-le-wadi-fira\"]}]},{\"@type\":\"ImageObject\",\"inLanguage\":\"fr-FR\",\"@id\":\"https:\/\/www.africa-press.net\/tchad\/politique\/le-patron-de-la-gendarmerie-nationale-exige-une-vigilance-accrue-de-ses-hommes-dans-le-wadi-fira#primaryimage\",\"url\":\"https:\/\/static.africa-press.net\/tchad\/sites\/41\/2021\/10\/img-616aecb906b08.jpg\",\"contentUrl\":\"https:\/\/static.africa-press.net\/tchad\/sites\/41\/2021\/10\/img-616aecb906b08.jpg\",\"width\":696,\"height\":392,\"caption\":\"le patron de la Gendarmerie nationale exige une vigilance accrue de ses hommes dans le Wadi-Fira\"},{\"@type\":\"BreadcrumbList\",\"@id\":\"https:\/\/www.africa-press.net\/tchad\/politique\/le-patron-de-la-gendarmerie-nationale-exige-une-vigilance-accrue-de-ses-hommes-dans-le-wadi-fira#breadcrumb\",\"itemListElement\":[{\"@type\":\"ListItem\",\"position\":1,\"name\":\"Accueil\",\"item\":\"https:\/\/www.africa-press.net\/tchad\/\"},{\"@type\":\"ListItem\",\"position\":2,\"name\":\"le patron de la Gendarmerie nationale exige une vigilance accrue de ses hommes dans le Wadi-Fira\"}]},{\"@type\":\"WebSite\",\"@id\":\"https:\/\/www.africa-press.net\/tchad\/#website\",\"url\":\"https:\/\/www.africa-press.net\/tchad\/\",\"name\":\"tchad\",\"description\":\"Just another Africa News Agency Sites site\",\"potentialAction\":[{\"@type\":\"SearchAction\",\"target\":{\"@type\":\"EntryPoint\",\"urlTemplate\":\"https:\/\/www.africa-press.net\/tchad\/?s={search_term_string}\"},\"query-input\":{\"@type\":\"PropertyValueSpecification\",\"valueRequired\":true,\"valueName\":\"search_term_string\"}}],\"inLanguage\":\"fr-FR\"},{\"@type\":\"Person\",\"@id\":\"https:\/\/www.africa-press.net\/tchad\/#\/schema\/person\/2b1cf3cd81a31e3cd26889ca66d677f1\",\"name\":\"cfeditorfr\"}]}<\/script>\n<!-- \/ Yoast SEO Premium plugin. -->","yoast_head_json":{"title":"le patron de la Gendarmerie nationale exige une vigilance accrue de ses hommes dans le Wadi-Fira - tchad","description":"Une d\u00e9l\u00e9gation de la Gendarmerie nationale se trouve dans le nord du pays. Cette \u00e9quipe conduite par le g\u00e9n\u00e9ral de divis ...","robots":{"index":"index","follow":"follow","max-snippet":"max-snippet:-1","max-image-preview":"max-image-preview:large","max-video-preview":"max-video-preview:-1"},"canonical":"https:\/\/www.africa-press.net\/tchad\/politique\/le-patron-de-la-gendarmerie-nationale-exige-une-vigilance-accrue-de-ses-hommes-dans-le-wadi-fira","og_locale":"fr_FR","og_type":"article","og_title":"le patron de la Gendarmerie nationale exige une vigilance accrue de ses hommes dans le Wadi-Fira","og_description":"Une d\u00e9l\u00e9gation de la Gendarmerie nationale se trouve dans le nord du pays. Cette \u00e9quipe conduite par le g\u00e9n\u00e9ral de divis ...","og_url":"https:\/\/www.africa-press.net\/tchad\/politique\/le-patron-de-la-gendarmerie-nationale-exige-une-vigilance-accrue-de-ses-hommes-dans-le-wadi-fira","og_site_name":"tchad","article_published_time":"2021-10-16T14:53:23+00:00","article_modified_time":"2021-10-16T21:03:45+00:00","og_image":[{"width":696,"height":392,"url":"https:\/\/static.africa-press.net\/tchad\/sites\/41\/2021\/10\/img-616aecb906b08.jpg","type":"image\/jpeg"}],"author":"cfeditorfr","twitter_card":"summary_large_image","twitter_misc":{"\u00c9crit par":"cfeditorfr","Dur\u00e9e de lecture estim\u00e9e":"2 minutes"},"schema":{"@context":"https:\/\/schema.org","@graph":[{"@type":"Article","@id":"https:\/\/www.africa-press.net\/tchad\/politique\/le-patron-de-la-gendarmerie-nationale-exige-une-vigilance-accrue-de-ses-hommes-dans-le-wadi-fira#article","isPartOf":{"@id":"https:\/\/www.africa-press.net\/tchad\/politique\/le-patron-de-la-gendarmerie-nationale-exige-une-vigilance-accrue-de-ses-hommes-dans-le-wadi-fira"},"author":{"name":"cfeditorfr","@id":"https:\/\/www.africa-press.net\/tchad\/#\/schema\/person\/2b1cf3cd81a31e3cd26889ca66d677f1"},"headline":"le patron de la Gendarmerie nationale exige une vigilance accrue de ses hommes dans le Wadi-Fira","datePublished":"2021-10-16T14:53:23+00:00","dateModified":"2021-10-16T21:03:45+00:00","mainEntityOfPage":{"@id":"https:\/\/www.africa-press.net\/tchad\/politique\/le-patron-de-la-gendarmerie-nationale-exige-une-vigilance-accrue-de-ses-hommes-dans-le-wadi-fira"},"wordCount":386,"commentCount":0,"image":{"@id":"https:\/\/www.africa-press.net\/tchad\/politique\/le-patron-de-la-gendarmerie-nationale-exige-une-vigilance-accrue-de-ses-hommes-dans-le-wadi-fira#primaryimage"},"thumbnailUrl":"https:\/\/static.africa-press.net\/tchad\/sites\/41\/2021\/10\/img-616aecb906b08.jpg","keywords":["Africa Press","Africa Press-Tchad","nationale","Tchad","Wadi-Fira"],"articleSection":["homepage-french","Politique","Toutes les actualit\u00e9s"],"inLanguage":"fr-FR","potentialAction":[{"@type":"CommentAction","name":"Comment","target":["https:\/\/www.africa-press.net\/tchad\/politique\/le-patron-de-la-gendarmerie-nationale-exige-une-vigilance-accrue-de-ses-hommes-dans-le-wadi-fira#respond"]}]},{"@type":"WebPage","@id":"https:\/\/www.africa-press.net\/tchad\/politique\/le-patron-de-la-gendarmerie-nationale-exige-une-vigilance-accrue-de-ses-hommes-dans-le-wadi-fira","url":"https:\/\/www.africa-press.net\/tchad\/politique\/le-patron-de-la-gendarmerie-nationale-exige-une-vigilance-accrue-de-ses-hommes-dans-le-wadi-fira","name":"le patron de la Gendarmerie nationale exige une vigilance accrue de ses hommes dans le Wadi-Fira - tchad","isPartOf":{"@id":"https:\/\/www.africa-press.net\/tchad\/#website"},"primaryImageOfPage":{"@id":"https:\/\/www.africa-press.net\/tchad\/politique\/le-patron-de-la-gendarmerie-nationale-exige-une-vigilance-accrue-de-ses-hommes-dans-le-wadi-fira#primaryimage"},"image":{"@id":"https:\/\/www.africa-press.net\/tchad\/politique\/le-patron-de-la-gendarmerie-nationale-exige-une-vigilance-accrue-de-ses-hommes-dans-le-wadi-fira#primaryimage"},"thumbnailUrl":"https:\/\/static.africa-press.net\/tchad\/sites\/41\/2021\/10\/img-616aecb906b08.jpg","datePublished":"2021-10-16T14:53:23+00:00","dateModified":"2021-10-16T21:03:45+00:00","author":{"@id":"https:\/\/www.africa-press.net\/tchad\/#\/schema\/person\/2b1cf3cd81a31e3cd26889ca66d677f1"},"description":"Une d\u00e9l\u00e9gation de la Gendarmerie nationale se trouve dans le nord du pays. Cette \u00e9quipe conduite par le g\u00e9n\u00e9ral de divis ...","breadcrumb":{"@id":"https:\/\/www.africa-press.net\/tchad\/politique\/le-patron-de-la-gendarmerie-nationale-exige-une-vigilance-accrue-de-ses-hommes-dans-le-wadi-fira#breadcrumb"},"inLanguage":"fr-FR","potentialAction":[{"@type":"ReadAction","target":["https:\/\/www.africa-press.net\/tchad\/politique\/le-patron-de-la-gendarmerie-nationale-exige-une-vigilance-accrue-de-ses-hommes-dans-le-wadi-fira"]}]},{"@type":"ImageObject","inLanguage":"fr-FR","@id":"https:\/\/www.africa-press.net\/tchad\/politique\/le-patron-de-la-gendarmerie-nationale-exige-une-vigilance-accrue-de-ses-hommes-dans-le-wadi-fira#primaryimage","url":"https:\/\/static.africa-press.net\/tchad\/sites\/41\/2021\/10\/img-616aecb906b08.jpg","contentUrl":"https:\/\/static.africa-press.net\/tchad\/sites\/41\/2021\/10\/img-616aecb906b08.jpg","width":696,"height":392,"caption":"le patron de la Gendarmerie nationale exige une vigilance accrue de ses hommes dans le Wadi-Fira"},{"@type":"BreadcrumbList","@id":"https:\/\/www.africa-press.net\/tchad\/politique\/le-patron-de-la-gendarmerie-nationale-exige-une-vigilance-accrue-de-ses-hommes-dans-le-wadi-fira#breadcrumb","itemListElement":[{"@type":"ListItem","position":1,"name":"Accueil","item":"https:\/\/www.africa-press.net\/tchad\/"},{"@type":"ListItem","position":2,"name":"le patron de la Gendarmerie nationale exige une vigilance accrue de ses hommes dans le Wadi-Fira"}]},{"@type":"WebSite","@id":"https:\/\/www.africa-press.net\/tchad\/#website","url":"https:\/\/www.africa-press.net\/tchad\/","name":"tchad","description":"Just another Africa News Agency Sites site","potentialAction":[{"@type":"SearchAction","target":{"@type":"EntryPoint","urlTemplate":"https:\/\/www.africa-press.net\/tchad\/?s={search_term_string}"},"query-input":{"@type":"PropertyValueSpecification","valueRequired":true,"valueName":"search_term_string"}}],"inLanguage":"fr-FR"},{"@type":"Person","@id":"https:\/\/www.africa-press.net\/tchad\/#\/schema\/person\/2b1cf3cd81a31e3cd26889ca66d677f1","name":"cfeditorfr"}]}},"_links":{"self":[{"href":"https:\/\/www.africa-press.net\/tchad\/wp-json\/wp\/v2\/posts\/12344","targetHints":{"allow":["GET"]}}],"collection":[{"href":"https:\/\/www.africa-press.net\/tchad\/wp-json\/wp\/v2\/posts"}],"about":[{"href":"https:\/\/www.africa-press.net\/tchad\/wp-json\/wp\/v2\/types\/post"}],"author":[{"embeddable":true,"href":"https:\/\/www.africa-press.net\/tchad\/wp-json\/wp\/v2\/users\/82"}],"replies":[{"embeddable":true,"href":"https:\/\/www.africa-press.net\/tchad\/wp-json\/wp\/v2\/comments?post=12344"}],"version-history":[{"count":0,"href":"https:\/\/www.africa-press.net\/tchad\/wp-json\/wp\/v2\/posts\/12344\/revisions"}],"wp:featuredmedia":[{"embeddable":true,"href":"https:\/\/www.africa-press.net\/tchad\/wp-json\/wp\/v2\/media\/12343"}],"wp:attachment":[{"href":"https:\/\/www.africa-press.net\/tchad\/wp-json\/wp\/v2\/media?parent=12344"}],"wp:term":[{"taxonomy":"category","embeddable":true,"href":"https:\/\/www.africa-press.net\/tchad\/wp-json\/wp\/v2\/categories?post=12344"},{"taxonomy":"post_tag","embeddable":true,"href":"https:\/\/www.africa-press.net\/tchad\/wp-json\/wp\/v2\/tags?post=12344"}],"curies":[{"name":"wp","href":"https:\/\/api.w.org\/{rel}","templated":true}]}}