{"id":12547,"date":"2021-10-21T18:13:04","date_gmt":"2021-10-21T18:13:04","guid":{"rendered":"https:\/\/www.africa-press.net\/tchad\/politique\/la-presidence-encadre-lutilisation-de-limage-du-pcmt"},"modified":"2021-10-21T21:11:36","modified_gmt":"2021-10-21T21:11:36","slug":"la-presidence-encadre-lutilisation-de-limage-du-pcmt","status":"publish","type":"post","link":"https:\/\/www.africa-press.net\/tchad\/politique\/la-presidence-encadre-lutilisation-de-limage-du-pcmt","title":{"rendered":"la Pr\u00e9sidence encadre l\u2019utilisation de l\u2019image du PCMT"},"content":{"rendered":"<p><span style=\"color: #ff6600\"><strong><a href=\"https:\/\/www.africa-press.net\/\">Africa-Press<\/a> &#8211; <a href=\"https:\/\/www.africa-press.net\/tchad\">Tchad<\/a>. <\/strong><\/span>Le directeur g\u00e9n\u00e9ral de la communication de la Pr\u00e9sidence de la R\u00e9publique, Hassan Abdelkerim Bouyebri, a inform\u00e9 ce 21 octobre dans un communiqu\u00e9 qu\u2019il est strictement interdit de faire usage des images du g\u00e9n\u00e9ral de corps d\u2019arm\u00e9e Mahamat Idriss Deby, pr\u00e9sident du Conseil militaire de transition, \u00e0 des fins publicitaires, lucratives, commerciale ou de promotion de services et produits.<\/p>\n<p>Il est formellement interdit de vendre, d\u2019acheter de louer ou d\u2019exercer une quelconque activit\u00e9 lucrative ou commerciale sur les images du chef de l\u2019\u00c9tat.<\/p>\n<p>L\u2019usage des images est soumise \u00e0 l\u2019approbation pr\u00e9alable de la direction g\u00e9n\u00e9rale de la communication de la Pr\u00e9sidence. Le non respect de cette interdiction entra\u00eenera les poursuites qui s\u2019imposent.<\/p>\n","protected":false},"excerpt":{"rendered":"<p>Africa-Press &#8211; Tchad. Le directeur g\u00e9n\u00e9ral de la communication de la Pr\u00e9sidence de la R\u00e9publique, Hassan Abdelkerim Bouyebri, a inform\u00e9 ce 21 octobre dans un communiqu\u00e9 qu\u2019il est strictement interdit de faire usage des images du g\u00e9n\u00e9ral de corps d\u2019arm\u00e9e Mahamat Idriss Deby, pr\u00e9sident du Conseil militaire de transition, \u00e0 des fins publicitaires, lucratives, commerciale [&hellip;]<\/p>\n","protected":false},"author":82,"featured_media":12546,"comment_status":"open","ping_status":"closed","sticky":false,"template":"","format":"standard","meta":{"footnotes":""},"categories":[11,2,10],"tags":[37,292,1717,1267,29],"class_list":["post-12547","post","type-post","status-publish","format-standard","has-post-thumbnail","hentry","category-homepage-french","category-politique","category-toutes-les-actualites","tag-africa-press","tag-africa-press-tchad","tag-pcmt","tag-presidence","tag-tchad"],"yoast_head":"<!-- This site is optimized with the Yoast SEO Premium plugin v26.1 (Yoast SEO v27.0) - https:\/\/yoast.com\/product\/yoast-seo-premium-wordpress\/ -->\n<title>la Pr\u00e9sidence encadre l\u2019utilisation de l\u2019image du PCMT - tchad<\/title>\n<meta name=\"description\" content=\"Le directeur g\u00e9n\u00e9ral de la communication de la Pr\u00e9sidence de la R\u00e9publique, Hassan Abdelkerim Bouyebri, a inform\u00e9 ce 21 ...\" \/>\n<meta name=\"robots\" content=\"index, follow, max-snippet:-1, max-image-preview:large, max-video-preview:-1\" \/>\n<link rel=\"canonical\" href=\"https:\/\/www.africa-press.net\/tchad\/politique\/la-presidence-encadre-lutilisation-de-limage-du-pcmt\" \/>\n<meta property=\"og:locale\" content=\"fr_FR\" \/>\n<meta property=\"og:type\" content=\"article\" \/>\n<meta property=\"og:title\" content=\"la Pr\u00e9sidence encadre l\u2019utilisation de l\u2019image du PCMT\" \/>\n<meta property=\"og:description\" content=\"Le directeur g\u00e9n\u00e9ral de la communication de la Pr\u00e9sidence de la R\u00e9publique, Hassan Abdelkerim Bouyebri, a inform\u00e9 ce 21 ...\" \/>\n<meta property=\"og:url\" content=\"https:\/\/www.africa-press.net\/tchad\/politique\/la-presidence-encadre-lutilisation-de-limage-du-pcmt\" \/>\n<meta property=\"og:site_name\" content=\"tchad\" \/>\n<meta property=\"article:published_time\" content=\"2021-10-21T18:13:04+00:00\" \/>\n<meta property=\"article:modified_time\" content=\"2021-10-21T21:11:36+00:00\" \/>\n<meta property=\"og:image\" content=\"https:\/\/static.africa-press.net\/tchad\/sites\/41\/2021\/10\/img-6171b5b9d0d76.jpg\" \/>\n\t<meta property=\"og:image:width\" content=\"819\" \/>\n\t<meta property=\"og:image:height\" content=\"546\" \/>\n\t<meta property=\"og:image:type\" content=\"image\/jpeg\" \/>\n<meta name=\"author\" content=\"cfeditorfr\" \/>\n<meta name=\"twitter:card\" content=\"summary_large_image\" \/>\n<meta name=\"twitter:label1\" content=\"\u00c9crit par\" \/>\n\t<meta name=\"twitter:data1\" content=\"cfeditorfr\" \/>\n\t<meta name=\"twitter:label2\" content=\"Dur\u00e9e de lecture estim\u00e9e\" \/>\n\t<meta name=\"twitter:data2\" content=\"1 minute\" \/>\n<script type=\"application\/ld+json\" class=\"yoast-schema-graph\">{\"@context\":\"https:\/\/schema.org\",\"@graph\":[{\"@type\":\"Article\",\"@id\":\"https:\/\/www.africa-press.net\/tchad\/politique\/la-presidence-encadre-lutilisation-de-limage-du-pcmt#article\",\"isPartOf\":{\"@id\":\"https:\/\/www.africa-press.net\/tchad\/politique\/la-presidence-encadre-lutilisation-de-limage-du-pcmt\"},\"author\":{\"name\":\"cfeditorfr\",\"@id\":\"https:\/\/www.africa-press.net\/tchad\/#\/schema\/person\/2b1cf3cd81a31e3cd26889ca66d677f1\"},\"headline\":\"la Pr\u00e9sidence encadre l\u2019utilisation de l\u2019image du PCMT\",\"datePublished\":\"2021-10-21T18:13:04+00:00\",\"dateModified\":\"2021-10-21T21:11:36+00:00\",\"mainEntityOfPage\":{\"@id\":\"https:\/\/www.africa-press.net\/tchad\/politique\/la-presidence-encadre-lutilisation-de-limage-du-pcmt\"},\"wordCount\":144,\"commentCount\":0,\"image\":{\"@id\":\"https:\/\/www.africa-press.net\/tchad\/politique\/la-presidence-encadre-lutilisation-de-limage-du-pcmt#primaryimage\"},\"thumbnailUrl\":\"https:\/\/static.africa-press.net\/tchad\/sites\/41\/2021\/10\/img-6171b5b9d0d76.jpg\",\"keywords\":[\"Africa Press\",\"Africa Press-Tchad\",\"PCMT\",\"Pr\u00e9sidence\",\"Tchad\"],\"articleSection\":[\"homepage-french\",\"Politique\",\"Toutes les actualit\u00e9s\"],\"inLanguage\":\"fr-FR\",\"potentialAction\":[{\"@type\":\"CommentAction\",\"name\":\"Comment\",\"target\":[\"https:\/\/www.africa-press.net\/tchad\/politique\/la-presidence-encadre-lutilisation-de-limage-du-pcmt#respond\"]}]},{\"@type\":\"WebPage\",\"@id\":\"https:\/\/www.africa-press.net\/tchad\/politique\/la-presidence-encadre-lutilisation-de-limage-du-pcmt\",\"url\":\"https:\/\/www.africa-press.net\/tchad\/politique\/la-presidence-encadre-lutilisation-de-limage-du-pcmt\",\"name\":\"la Pr\u00e9sidence encadre l\u2019utilisation de l\u2019image du PCMT - tchad\",\"isPartOf\":{\"@id\":\"https:\/\/www.africa-press.net\/tchad\/#website\"},\"primaryImageOfPage\":{\"@id\":\"https:\/\/www.africa-press.net\/tchad\/politique\/la-presidence-encadre-lutilisation-de-limage-du-pcmt#primaryimage\"},\"image\":{\"@id\":\"https:\/\/www.africa-press.net\/tchad\/politique\/la-presidence-encadre-lutilisation-de-limage-du-pcmt#primaryimage\"},\"thumbnailUrl\":\"https:\/\/static.africa-press.net\/tchad\/sites\/41\/2021\/10\/img-6171b5b9d0d76.jpg\",\"datePublished\":\"2021-10-21T18:13:04+00:00\",\"dateModified\":\"2021-10-21T21:11:36+00:00\",\"author\":{\"@id\":\"https:\/\/www.africa-press.net\/tchad\/#\/schema\/person\/2b1cf3cd81a31e3cd26889ca66d677f1\"},\"description\":\"Le directeur g\u00e9n\u00e9ral de la communication de la Pr\u00e9sidence de la R\u00e9publique, Hassan Abdelkerim Bouyebri, a inform\u00e9 ce 21 ...\",\"breadcrumb\":{\"@id\":\"https:\/\/www.africa-press.net\/tchad\/politique\/la-presidence-encadre-lutilisation-de-limage-du-pcmt#breadcrumb\"},\"inLanguage\":\"fr-FR\",\"potentialAction\":[{\"@type\":\"ReadAction\",\"target\":[\"https:\/\/www.africa-press.net\/tchad\/politique\/la-presidence-encadre-lutilisation-de-limage-du-pcmt\"]}]},{\"@type\":\"ImageObject\",\"inLanguage\":\"fr-FR\",\"@id\":\"https:\/\/www.africa-press.net\/tchad\/politique\/la-presidence-encadre-lutilisation-de-limage-du-pcmt#primaryimage\",\"url\":\"https:\/\/static.africa-press.net\/tchad\/sites\/41\/2021\/10\/img-6171b5b9d0d76.jpg\",\"contentUrl\":\"https:\/\/static.africa-press.net\/tchad\/sites\/41\/2021\/10\/img-6171b5b9d0d76.jpg\",\"width\":819,\"height\":546,\"caption\":\"la Pr\u00e9sidence encadre l\u2019utilisation de l\u2019image du PCMT\"},{\"@type\":\"BreadcrumbList\",\"@id\":\"https:\/\/www.africa-press.net\/tchad\/politique\/la-presidence-encadre-lutilisation-de-limage-du-pcmt#breadcrumb\",\"itemListElement\":[{\"@type\":\"ListItem\",\"position\":1,\"name\":\"Accueil\",\"item\":\"https:\/\/www.africa-press.net\/tchad\/\"},{\"@type\":\"ListItem\",\"position\":2,\"name\":\"la Pr\u00e9sidence encadre l\u2019utilisation de l\u2019image du PCMT\"}]},{\"@type\":\"WebSite\",\"@id\":\"https:\/\/www.africa-press.net\/tchad\/#website\",\"url\":\"https:\/\/www.africa-press.net\/tchad\/\",\"name\":\"tchad\",\"description\":\"Just another Africa News Agency Sites site\",\"potentialAction\":[{\"@type\":\"SearchAction\",\"target\":{\"@type\":\"EntryPoint\",\"urlTemplate\":\"https:\/\/www.africa-press.net\/tchad\/?s={search_term_string}\"},\"query-input\":{\"@type\":\"PropertyValueSpecification\",\"valueRequired\":true,\"valueName\":\"search_term_string\"}}],\"inLanguage\":\"fr-FR\"},{\"@type\":\"Person\",\"@id\":\"https:\/\/www.africa-press.net\/tchad\/#\/schema\/person\/2b1cf3cd81a31e3cd26889ca66d677f1\",\"name\":\"cfeditorfr\"}]}<\/script>\n<!-- \/ Yoast SEO Premium plugin. -->","yoast_head_json":{"title":"la Pr\u00e9sidence encadre l\u2019utilisation de l\u2019image du PCMT - tchad","description":"Le directeur g\u00e9n\u00e9ral de la communication de la Pr\u00e9sidence de la R\u00e9publique, Hassan Abdelkerim Bouyebri, a inform\u00e9 ce 21 ...","robots":{"index":"index","follow":"follow","max-snippet":"max-snippet:-1","max-image-preview":"max-image-preview:large","max-video-preview":"max-video-preview:-1"},"canonical":"https:\/\/www.africa-press.net\/tchad\/politique\/la-presidence-encadre-lutilisation-de-limage-du-pcmt","og_locale":"fr_FR","og_type":"article","og_title":"la Pr\u00e9sidence encadre l\u2019utilisation de l\u2019image du PCMT","og_description":"Le directeur g\u00e9n\u00e9ral de la communication de la Pr\u00e9sidence de la R\u00e9publique, Hassan Abdelkerim Bouyebri, a inform\u00e9 ce 21 ...","og_url":"https:\/\/www.africa-press.net\/tchad\/politique\/la-presidence-encadre-lutilisation-de-limage-du-pcmt","og_site_name":"tchad","article_published_time":"2021-10-21T18:13:04+00:00","article_modified_time":"2021-10-21T21:11:36+00:00","og_image":[{"width":819,"height":546,"url":"https:\/\/static.africa-press.net\/tchad\/sites\/41\/2021\/10\/img-6171b5b9d0d76.jpg","type":"image\/jpeg"}],"author":"cfeditorfr","twitter_card":"summary_large_image","twitter_misc":{"\u00c9crit par":"cfeditorfr","Dur\u00e9e de lecture estim\u00e9e":"1 minute"},"schema":{"@context":"https:\/\/schema.org","@graph":[{"@type":"Article","@id":"https:\/\/www.africa-press.net\/tchad\/politique\/la-presidence-encadre-lutilisation-de-limage-du-pcmt#article","isPartOf":{"@id":"https:\/\/www.africa-press.net\/tchad\/politique\/la-presidence-encadre-lutilisation-de-limage-du-pcmt"},"author":{"name":"cfeditorfr","@id":"https:\/\/www.africa-press.net\/tchad\/#\/schema\/person\/2b1cf3cd81a31e3cd26889ca66d677f1"},"headline":"la Pr\u00e9sidence encadre l\u2019utilisation de l\u2019image du PCMT","datePublished":"2021-10-21T18:13:04+00:00","dateModified":"2021-10-21T21:11:36+00:00","mainEntityOfPage":{"@id":"https:\/\/www.africa-press.net\/tchad\/politique\/la-presidence-encadre-lutilisation-de-limage-du-pcmt"},"wordCount":144,"commentCount":0,"image":{"@id":"https:\/\/www.africa-press.net\/tchad\/politique\/la-presidence-encadre-lutilisation-de-limage-du-pcmt#primaryimage"},"thumbnailUrl":"https:\/\/static.africa-press.net\/tchad\/sites\/41\/2021\/10\/img-6171b5b9d0d76.jpg","keywords":["Africa Press","Africa Press-Tchad","PCMT","Pr\u00e9sidence","Tchad"],"articleSection":["homepage-french","Politique","Toutes les actualit\u00e9s"],"inLanguage":"fr-FR","potentialAction":[{"@type":"CommentAction","name":"Comment","target":["https:\/\/www.africa-press.net\/tchad\/politique\/la-presidence-encadre-lutilisation-de-limage-du-pcmt#respond"]}]},{"@type":"WebPage","@id":"https:\/\/www.africa-press.net\/tchad\/politique\/la-presidence-encadre-lutilisation-de-limage-du-pcmt","url":"https:\/\/www.africa-press.net\/tchad\/politique\/la-presidence-encadre-lutilisation-de-limage-du-pcmt","name":"la Pr\u00e9sidence encadre l\u2019utilisation de l\u2019image du PCMT - tchad","isPartOf":{"@id":"https:\/\/www.africa-press.net\/tchad\/#website"},"primaryImageOfPage":{"@id":"https:\/\/www.africa-press.net\/tchad\/politique\/la-presidence-encadre-lutilisation-de-limage-du-pcmt#primaryimage"},"image":{"@id":"https:\/\/www.africa-press.net\/tchad\/politique\/la-presidence-encadre-lutilisation-de-limage-du-pcmt#primaryimage"},"thumbnailUrl":"https:\/\/static.africa-press.net\/tchad\/sites\/41\/2021\/10\/img-6171b5b9d0d76.jpg","datePublished":"2021-10-21T18:13:04+00:00","dateModified":"2021-10-21T21:11:36+00:00","author":{"@id":"https:\/\/www.africa-press.net\/tchad\/#\/schema\/person\/2b1cf3cd81a31e3cd26889ca66d677f1"},"description":"Le directeur g\u00e9n\u00e9ral de la communication de la Pr\u00e9sidence de la R\u00e9publique, Hassan Abdelkerim Bouyebri, a inform\u00e9 ce 21 ...","breadcrumb":{"@id":"https:\/\/www.africa-press.net\/tchad\/politique\/la-presidence-encadre-lutilisation-de-limage-du-pcmt#breadcrumb"},"inLanguage":"fr-FR","potentialAction":[{"@type":"ReadAction","target":["https:\/\/www.africa-press.net\/tchad\/politique\/la-presidence-encadre-lutilisation-de-limage-du-pcmt"]}]},{"@type":"ImageObject","inLanguage":"fr-FR","@id":"https:\/\/www.africa-press.net\/tchad\/politique\/la-presidence-encadre-lutilisation-de-limage-du-pcmt#primaryimage","url":"https:\/\/static.africa-press.net\/tchad\/sites\/41\/2021\/10\/img-6171b5b9d0d76.jpg","contentUrl":"https:\/\/static.africa-press.net\/tchad\/sites\/41\/2021\/10\/img-6171b5b9d0d76.jpg","width":819,"height":546,"caption":"la Pr\u00e9sidence encadre l\u2019utilisation de l\u2019image du PCMT"},{"@type":"BreadcrumbList","@id":"https:\/\/www.africa-press.net\/tchad\/politique\/la-presidence-encadre-lutilisation-de-limage-du-pcmt#breadcrumb","itemListElement":[{"@type":"ListItem","position":1,"name":"Accueil","item":"https:\/\/www.africa-press.net\/tchad\/"},{"@type":"ListItem","position":2,"name":"la Pr\u00e9sidence encadre l\u2019utilisation de l\u2019image du PCMT"}]},{"@type":"WebSite","@id":"https:\/\/www.africa-press.net\/tchad\/#website","url":"https:\/\/www.africa-press.net\/tchad\/","name":"tchad","description":"Just another Africa News Agency Sites site","potentialAction":[{"@type":"SearchAction","target":{"@type":"EntryPoint","urlTemplate":"https:\/\/www.africa-press.net\/tchad\/?s={search_term_string}"},"query-input":{"@type":"PropertyValueSpecification","valueRequired":true,"valueName":"search_term_string"}}],"inLanguage":"fr-FR"},{"@type":"Person","@id":"https:\/\/www.africa-press.net\/tchad\/#\/schema\/person\/2b1cf3cd81a31e3cd26889ca66d677f1","name":"cfeditorfr"}]}},"_links":{"self":[{"href":"https:\/\/www.africa-press.net\/tchad\/wp-json\/wp\/v2\/posts\/12547","targetHints":{"allow":["GET"]}}],"collection":[{"href":"https:\/\/www.africa-press.net\/tchad\/wp-json\/wp\/v2\/posts"}],"about":[{"href":"https:\/\/www.africa-press.net\/tchad\/wp-json\/wp\/v2\/types\/post"}],"author":[{"embeddable":true,"href":"https:\/\/www.africa-press.net\/tchad\/wp-json\/wp\/v2\/users\/82"}],"replies":[{"embeddable":true,"href":"https:\/\/www.africa-press.net\/tchad\/wp-json\/wp\/v2\/comments?post=12547"}],"version-history":[{"count":0,"href":"https:\/\/www.africa-press.net\/tchad\/wp-json\/wp\/v2\/posts\/12547\/revisions"}],"wp:featuredmedia":[{"embeddable":true,"href":"https:\/\/www.africa-press.net\/tchad\/wp-json\/wp\/v2\/media\/12546"}],"wp:attachment":[{"href":"https:\/\/www.africa-press.net\/tchad\/wp-json\/wp\/v2\/media?parent=12547"}],"wp:term":[{"taxonomy":"category","embeddable":true,"href":"https:\/\/www.africa-press.net\/tchad\/wp-json\/wp\/v2\/categories?post=12547"},{"taxonomy":"post_tag","embeddable":true,"href":"https:\/\/www.africa-press.net\/tchad\/wp-json\/wp\/v2\/tags?post=12547"}],"curies":[{"name":"wp","href":"https:\/\/api.w.org\/{rel}","templated":true}]}}