{"id":12648,"date":"2021-10-23T14:05:32","date_gmt":"2021-10-23T14:05:32","guid":{"rendered":"https:\/\/www.africa-press.net\/tchad\/politique\/creation-dune-plateforme-dacteurs-non-gouvernementaux-de-lutte-contre-les-epidemies-au-tchad"},"modified":"2021-10-25T18:45:07","modified_gmt":"2021-10-25T18:45:07","slug":"creation-dune-plateforme-dacteurs-non-gouvernementaux-de-lutte-contre-les-epidemies-au-tchad","status":"publish","type":"post","link":"https:\/\/www.africa-press.net\/tchad\/politique\/creation-dune-plateforme-dacteurs-non-gouvernementaux-de-lutte-contre-les-epidemies-au-tchad","title":{"rendered":"Cr\u00e9ation d\u2019une plateforme d\u2019acteurs non gouvernementaux de lutte contre les \u00e9pid\u00e9mies au Tchad"},"content":{"rendered":"<p><span style=\"color: #ff6600\"><strong>Africa-Press &#8211; Tchad. <\/strong><\/span>Une assembl\u00e9e g\u00e9n\u00e9rale constitutive des organisations de la soci\u00e9t\u00e9 civile qui s\u2019est ouverte ce matin au CEFOD, \u00e0 N\u2019Djam\u00e9na, a d\u00e9cid\u00e9 de la cr\u00e9ation d\u2019une plateforme d\u2019acteurs non gouvernementaux pour lutter contre les \u00e9pid\u00e9mies au Tchad.<\/p>\n<p>Dr Khadidja Abay Moussa, pr\u00e9sidente du Comit\u00e9 d\u2019organisation de cette assembl\u00e9e g\u00e9n\u00e9rale rel\u00e8ve que l\u2019id\u00e9e de mettre en place une plateforme d\u2019acteurs non gouvernementaux pour lutter contre les \u00e9pid\u00e9mies au Tchad repr\u00e9sente un atout important pour mobiliser la soci\u00e9t\u00e9 pour la mise en \u0153uvre de mesures durables dans la lutte contre les maladies.<\/p>\n<p>Pour le Premier vice-pr\u00e9sident du Haut conseil national de coordination pour l\u2019acc\u00e8s au fonds mondial de lutte contre le sida, la tuberculose et le paludisme (HCNC), Moussa Mougoung G\u00e9rard, l\u2019id\u00e9e de la cr\u00e9ation de cette plateforme est venue juste au moment o\u00f9 le pays fait face \u00e0 un ensemble de d\u00e9fis sanitaires notamment dans le cadre de lutte contre les pand\u00e9mies.<\/p>\n<p>\u00ab Il est urgent de mobiliser les organisations de la soci\u00e9t\u00e9 civile pour le renforcement du syst\u00e8me de sant\u00e9 communautaire et appuyer les pouvoirs publics \u00e0 lutter plus efficacement contre les maladies et surtout celles \u00e0 caract\u00e8re pand\u00e9mique \u00bb, soutient-il.<\/p>\n<p>Cette assembl\u00e9e g\u00e9n\u00e9rale est un cadre pour tous ces acteurs de r\u00e9fl\u00e9chir sur les maux qui minent la mise en \u0153uvre des activit\u00e9s communautaires de lutte contre le paludisme, la tuberculose et le VIH\/SIDA.<\/p>\n<p>Aussi les strat\u00e9gies de sensibilisation, d\u2019information sur les effets de la Civid19 et le respect des mesures barri\u00e8res \u00e9dict\u00e9es par le gouvernement du Tchad seront-elles d\u00e9battues.<\/p>\n<p><strong>Pour plus d&rsquo;informations et d&rsquo;analyses sur la <a href=\"https:\/\/www.africa-press.net\/tchad\">Tchad<\/a>, suivez <a href=\"https:\/\/www.africa-press.net\/\">Africa-Press<\/a><\/strong><\/p>\n","protected":false},"excerpt":{"rendered":"<p>Africa-Press &#8211; Tchad. Une assembl\u00e9e g\u00e9n\u00e9rale constitutive des organisations de la soci\u00e9t\u00e9 civile qui s\u2019est ouverte ce matin au CEFOD, \u00e0 N\u2019Djam\u00e9na, a d\u00e9cid\u00e9 de la cr\u00e9ation d\u2019une plateforme d\u2019acteurs non gouvernementaux pour lutter contre les \u00e9pid\u00e9mies au Tchad. Dr Khadidja Abay Moussa, pr\u00e9sidente du Comit\u00e9 d\u2019organisation de cette assembl\u00e9e g\u00e9n\u00e9rale rel\u00e8ve que l\u2019id\u00e9e de [&hellip;]<\/p>\n","protected":false},"author":82,"featured_media":12647,"comment_status":"open","ping_status":"closed","sticky":false,"template":"","format":"standard","meta":{"footnotes":""},"categories":[21,11,2,10],"tags":[37,292,2151,2150,29],"class_list":["post-12648","post","type-post","status-publish","format-standard","has-post-thumbnail","hentry","category-communaute","category-homepage-french","category-politique","category-toutes-les-actualites","tag-africa-press","tag-africa-press-tchad","tag-gouvernementaux","tag-plateforme","tag-tchad"],"yoast_head":"<!-- This site is optimized with the Yoast SEO Premium plugin v26.1 (Yoast SEO v27.0) - https:\/\/yoast.com\/product\/yoast-seo-premium-wordpress\/ -->\n<title>Cr\u00e9ation d\u2019une plateforme d\u2019acteurs non gouvernementaux de lutte contre les \u00e9pid\u00e9mies au Tchad - tchad<\/title>\n<meta name=\"description\" content=\"Une assembl\u00e9e g\u00e9n\u00e9rale constitutive des organisations de la soci\u00e9t\u00e9 civile qui s\u2019est ouverte ce matin au CEFOD, \u00e0 N\u2019Djam ...\" \/>\n<meta name=\"robots\" content=\"index, follow, max-snippet:-1, max-image-preview:large, max-video-preview:-1\" \/>\n<link rel=\"canonical\" href=\"https:\/\/www.africa-press.net\/tchad\/politique\/creation-dune-plateforme-dacteurs-non-gouvernementaux-de-lutte-contre-les-epidemies-au-tchad\" \/>\n<meta property=\"og:locale\" content=\"fr_FR\" \/>\n<meta property=\"og:type\" content=\"article\" \/>\n<meta property=\"og:title\" content=\"Cr\u00e9ation d\u2019une plateforme d\u2019acteurs non gouvernementaux de lutte contre les \u00e9pid\u00e9mies au Tchad\" \/>\n<meta property=\"og:description\" content=\"Une assembl\u00e9e g\u00e9n\u00e9rale constitutive des organisations de la soci\u00e9t\u00e9 civile qui s\u2019est ouverte ce matin au CEFOD, \u00e0 N\u2019Djam ...\" \/>\n<meta property=\"og:url\" content=\"https:\/\/www.africa-press.net\/tchad\/politique\/creation-dune-plateforme-dacteurs-non-gouvernementaux-de-lutte-contre-les-epidemies-au-tchad\" \/>\n<meta property=\"og:site_name\" content=\"tchad\" \/>\n<meta property=\"article:published_time\" content=\"2021-10-23T14:05:32+00:00\" \/>\n<meta property=\"article:modified_time\" content=\"2021-10-25T18:45:07+00:00\" \/>\n<meta property=\"og:image\" content=\"https:\/\/static.africa-press.net\/tchad\/sites\/41\/2021\/10\/img-61741e659257c.jpg\" \/>\n\t<meta property=\"og:image:width\" content=\"696\" \/>\n\t<meta property=\"og:image:height\" content=\"522\" \/>\n\t<meta property=\"og:image:type\" content=\"image\/jpeg\" \/>\n<meta name=\"author\" content=\"cfeditorfr\" \/>\n<meta name=\"twitter:card\" content=\"summary_large_image\" \/>\n<meta name=\"twitter:label1\" content=\"\u00c9crit par\" \/>\n\t<meta name=\"twitter:data1\" content=\"cfeditorfr\" \/>\n\t<meta name=\"twitter:label2\" content=\"Dur\u00e9e de lecture estim\u00e9e\" \/>\n\t<meta name=\"twitter:data2\" content=\"2 minutes\" \/>\n<script type=\"application\/ld+json\" class=\"yoast-schema-graph\">{\"@context\":\"https:\/\/schema.org\",\"@graph\":[{\"@type\":\"Article\",\"@id\":\"https:\/\/www.africa-press.net\/tchad\/politique\/creation-dune-plateforme-dacteurs-non-gouvernementaux-de-lutte-contre-les-epidemies-au-tchad#article\",\"isPartOf\":{\"@id\":\"https:\/\/www.africa-press.net\/tchad\/politique\/creation-dune-plateforme-dacteurs-non-gouvernementaux-de-lutte-contre-les-epidemies-au-tchad\"},\"author\":{\"name\":\"cfeditorfr\",\"@id\":\"https:\/\/www.africa-press.net\/tchad\/#\/schema\/person\/2b1cf3cd81a31e3cd26889ca66d677f1\"},\"headline\":\"Cr\u00e9ation d\u2019une plateforme d\u2019acteurs non gouvernementaux de lutte contre les \u00e9pid\u00e9mies au Tchad\",\"datePublished\":\"2021-10-23T14:05:32+00:00\",\"dateModified\":\"2021-10-25T18:45:07+00:00\",\"mainEntityOfPage\":{\"@id\":\"https:\/\/www.africa-press.net\/tchad\/politique\/creation-dune-plateforme-dacteurs-non-gouvernementaux-de-lutte-contre-les-epidemies-au-tchad\"},\"wordCount\":325,\"commentCount\":0,\"image\":{\"@id\":\"https:\/\/www.africa-press.net\/tchad\/politique\/creation-dune-plateforme-dacteurs-non-gouvernementaux-de-lutte-contre-les-epidemies-au-tchad#primaryimage\"},\"thumbnailUrl\":\"https:\/\/static.africa-press.net\/tchad\/sites\/41\/2021\/10\/img-61741e659257c.jpg\",\"keywords\":[\"Africa Press\",\"Africa Press-Tchad\",\"gouvernementaux\",\"plateforme\",\"Tchad\"],\"articleSection\":[\"Communaut\u00e9\",\"homepage-french\",\"Politique\",\"Toutes les actualit\u00e9s\"],\"inLanguage\":\"fr-FR\",\"potentialAction\":[{\"@type\":\"CommentAction\",\"name\":\"Comment\",\"target\":[\"https:\/\/www.africa-press.net\/tchad\/politique\/creation-dune-plateforme-dacteurs-non-gouvernementaux-de-lutte-contre-les-epidemies-au-tchad#respond\"]}]},{\"@type\":\"WebPage\",\"@id\":\"https:\/\/www.africa-press.net\/tchad\/politique\/creation-dune-plateforme-dacteurs-non-gouvernementaux-de-lutte-contre-les-epidemies-au-tchad\",\"url\":\"https:\/\/www.africa-press.net\/tchad\/politique\/creation-dune-plateforme-dacteurs-non-gouvernementaux-de-lutte-contre-les-epidemies-au-tchad\",\"name\":\"Cr\u00e9ation d\u2019une plateforme d\u2019acteurs non gouvernementaux de lutte contre les \u00e9pid\u00e9mies au Tchad - tchad\",\"isPartOf\":{\"@id\":\"https:\/\/www.africa-press.net\/tchad\/#website\"},\"primaryImageOfPage\":{\"@id\":\"https:\/\/www.africa-press.net\/tchad\/politique\/creation-dune-plateforme-dacteurs-non-gouvernementaux-de-lutte-contre-les-epidemies-au-tchad#primaryimage\"},\"image\":{\"@id\":\"https:\/\/www.africa-press.net\/tchad\/politique\/creation-dune-plateforme-dacteurs-non-gouvernementaux-de-lutte-contre-les-epidemies-au-tchad#primaryimage\"},\"thumbnailUrl\":\"https:\/\/static.africa-press.net\/tchad\/sites\/41\/2021\/10\/img-61741e659257c.jpg\",\"datePublished\":\"2021-10-23T14:05:32+00:00\",\"dateModified\":\"2021-10-25T18:45:07+00:00\",\"author\":{\"@id\":\"https:\/\/www.africa-press.net\/tchad\/#\/schema\/person\/2b1cf3cd81a31e3cd26889ca66d677f1\"},\"description\":\"Une assembl\u00e9e g\u00e9n\u00e9rale constitutive des organisations de la soci\u00e9t\u00e9 civile qui s\u2019est ouverte ce matin au CEFOD, \u00e0 N\u2019Djam ...\",\"breadcrumb\":{\"@id\":\"https:\/\/www.africa-press.net\/tchad\/politique\/creation-dune-plateforme-dacteurs-non-gouvernementaux-de-lutte-contre-les-epidemies-au-tchad#breadcrumb\"},\"inLanguage\":\"fr-FR\",\"potentialAction\":[{\"@type\":\"ReadAction\",\"target\":[\"https:\/\/www.africa-press.net\/tchad\/politique\/creation-dune-plateforme-dacteurs-non-gouvernementaux-de-lutte-contre-les-epidemies-au-tchad\"]}]},{\"@type\":\"ImageObject\",\"inLanguage\":\"fr-FR\",\"@id\":\"https:\/\/www.africa-press.net\/tchad\/politique\/creation-dune-plateforme-dacteurs-non-gouvernementaux-de-lutte-contre-les-epidemies-au-tchad#primaryimage\",\"url\":\"https:\/\/static.africa-press.net\/tchad\/sites\/41\/2021\/10\/img-61741e659257c.jpg\",\"contentUrl\":\"https:\/\/static.africa-press.net\/tchad\/sites\/41\/2021\/10\/img-61741e659257c.jpg\",\"width\":696,\"height\":522,\"caption\":\"Cr\u00e9ation d\u2019une plateforme d\u2019acteurs non gouvernementaux de lutte contre les \u00e9pid\u00e9mies au Tchad\"},{\"@type\":\"BreadcrumbList\",\"@id\":\"https:\/\/www.africa-press.net\/tchad\/politique\/creation-dune-plateforme-dacteurs-non-gouvernementaux-de-lutte-contre-les-epidemies-au-tchad#breadcrumb\",\"itemListElement\":[{\"@type\":\"ListItem\",\"position\":1,\"name\":\"Accueil\",\"item\":\"https:\/\/www.africa-press.net\/tchad\/\"},{\"@type\":\"ListItem\",\"position\":2,\"name\":\"Cr\u00e9ation d\u2019une plateforme d\u2019acteurs non gouvernementaux de lutte contre les \u00e9pid\u00e9mies au Tchad\"}]},{\"@type\":\"WebSite\",\"@id\":\"https:\/\/www.africa-press.net\/tchad\/#website\",\"url\":\"https:\/\/www.africa-press.net\/tchad\/\",\"name\":\"tchad\",\"description\":\"Just another Africa News Agency Sites site\",\"potentialAction\":[{\"@type\":\"SearchAction\",\"target\":{\"@type\":\"EntryPoint\",\"urlTemplate\":\"https:\/\/www.africa-press.net\/tchad\/?s={search_term_string}\"},\"query-input\":{\"@type\":\"PropertyValueSpecification\",\"valueRequired\":true,\"valueName\":\"search_term_string\"}}],\"inLanguage\":\"fr-FR\"},{\"@type\":\"Person\",\"@id\":\"https:\/\/www.africa-press.net\/tchad\/#\/schema\/person\/2b1cf3cd81a31e3cd26889ca66d677f1\",\"name\":\"cfeditorfr\"}]}<\/script>\n<!-- \/ Yoast SEO Premium plugin. -->","yoast_head_json":{"title":"Cr\u00e9ation d\u2019une plateforme d\u2019acteurs non gouvernementaux de lutte contre les \u00e9pid\u00e9mies au Tchad - tchad","description":"Une assembl\u00e9e g\u00e9n\u00e9rale constitutive des organisations de la soci\u00e9t\u00e9 civile qui s\u2019est ouverte ce matin au CEFOD, \u00e0 N\u2019Djam ...","robots":{"index":"index","follow":"follow","max-snippet":"max-snippet:-1","max-image-preview":"max-image-preview:large","max-video-preview":"max-video-preview:-1"},"canonical":"https:\/\/www.africa-press.net\/tchad\/politique\/creation-dune-plateforme-dacteurs-non-gouvernementaux-de-lutte-contre-les-epidemies-au-tchad","og_locale":"fr_FR","og_type":"article","og_title":"Cr\u00e9ation d\u2019une plateforme d\u2019acteurs non gouvernementaux de lutte contre les \u00e9pid\u00e9mies au Tchad","og_description":"Une assembl\u00e9e g\u00e9n\u00e9rale constitutive des organisations de la soci\u00e9t\u00e9 civile qui s\u2019est ouverte ce matin au CEFOD, \u00e0 N\u2019Djam ...","og_url":"https:\/\/www.africa-press.net\/tchad\/politique\/creation-dune-plateforme-dacteurs-non-gouvernementaux-de-lutte-contre-les-epidemies-au-tchad","og_site_name":"tchad","article_published_time":"2021-10-23T14:05:32+00:00","article_modified_time":"2021-10-25T18:45:07+00:00","og_image":[{"width":696,"height":522,"url":"https:\/\/static.africa-press.net\/tchad\/sites\/41\/2021\/10\/img-61741e659257c.jpg","type":"image\/jpeg"}],"author":"cfeditorfr","twitter_card":"summary_large_image","twitter_misc":{"\u00c9crit par":"cfeditorfr","Dur\u00e9e de lecture estim\u00e9e":"2 minutes"},"schema":{"@context":"https:\/\/schema.org","@graph":[{"@type":"Article","@id":"https:\/\/www.africa-press.net\/tchad\/politique\/creation-dune-plateforme-dacteurs-non-gouvernementaux-de-lutte-contre-les-epidemies-au-tchad#article","isPartOf":{"@id":"https:\/\/www.africa-press.net\/tchad\/politique\/creation-dune-plateforme-dacteurs-non-gouvernementaux-de-lutte-contre-les-epidemies-au-tchad"},"author":{"name":"cfeditorfr","@id":"https:\/\/www.africa-press.net\/tchad\/#\/schema\/person\/2b1cf3cd81a31e3cd26889ca66d677f1"},"headline":"Cr\u00e9ation d\u2019une plateforme d\u2019acteurs non gouvernementaux de lutte contre les \u00e9pid\u00e9mies au Tchad","datePublished":"2021-10-23T14:05:32+00:00","dateModified":"2021-10-25T18:45:07+00:00","mainEntityOfPage":{"@id":"https:\/\/www.africa-press.net\/tchad\/politique\/creation-dune-plateforme-dacteurs-non-gouvernementaux-de-lutte-contre-les-epidemies-au-tchad"},"wordCount":325,"commentCount":0,"image":{"@id":"https:\/\/www.africa-press.net\/tchad\/politique\/creation-dune-plateforme-dacteurs-non-gouvernementaux-de-lutte-contre-les-epidemies-au-tchad#primaryimage"},"thumbnailUrl":"https:\/\/static.africa-press.net\/tchad\/sites\/41\/2021\/10\/img-61741e659257c.jpg","keywords":["Africa Press","Africa Press-Tchad","gouvernementaux","plateforme","Tchad"],"articleSection":["Communaut\u00e9","homepage-french","Politique","Toutes les actualit\u00e9s"],"inLanguage":"fr-FR","potentialAction":[{"@type":"CommentAction","name":"Comment","target":["https:\/\/www.africa-press.net\/tchad\/politique\/creation-dune-plateforme-dacteurs-non-gouvernementaux-de-lutte-contre-les-epidemies-au-tchad#respond"]}]},{"@type":"WebPage","@id":"https:\/\/www.africa-press.net\/tchad\/politique\/creation-dune-plateforme-dacteurs-non-gouvernementaux-de-lutte-contre-les-epidemies-au-tchad","url":"https:\/\/www.africa-press.net\/tchad\/politique\/creation-dune-plateforme-dacteurs-non-gouvernementaux-de-lutte-contre-les-epidemies-au-tchad","name":"Cr\u00e9ation d\u2019une plateforme d\u2019acteurs non gouvernementaux de lutte contre les \u00e9pid\u00e9mies au Tchad - tchad","isPartOf":{"@id":"https:\/\/www.africa-press.net\/tchad\/#website"},"primaryImageOfPage":{"@id":"https:\/\/www.africa-press.net\/tchad\/politique\/creation-dune-plateforme-dacteurs-non-gouvernementaux-de-lutte-contre-les-epidemies-au-tchad#primaryimage"},"image":{"@id":"https:\/\/www.africa-press.net\/tchad\/politique\/creation-dune-plateforme-dacteurs-non-gouvernementaux-de-lutte-contre-les-epidemies-au-tchad#primaryimage"},"thumbnailUrl":"https:\/\/static.africa-press.net\/tchad\/sites\/41\/2021\/10\/img-61741e659257c.jpg","datePublished":"2021-10-23T14:05:32+00:00","dateModified":"2021-10-25T18:45:07+00:00","author":{"@id":"https:\/\/www.africa-press.net\/tchad\/#\/schema\/person\/2b1cf3cd81a31e3cd26889ca66d677f1"},"description":"Une assembl\u00e9e g\u00e9n\u00e9rale constitutive des organisations de la soci\u00e9t\u00e9 civile qui s\u2019est ouverte ce matin au CEFOD, \u00e0 N\u2019Djam ...","breadcrumb":{"@id":"https:\/\/www.africa-press.net\/tchad\/politique\/creation-dune-plateforme-dacteurs-non-gouvernementaux-de-lutte-contre-les-epidemies-au-tchad#breadcrumb"},"inLanguage":"fr-FR","potentialAction":[{"@type":"ReadAction","target":["https:\/\/www.africa-press.net\/tchad\/politique\/creation-dune-plateforme-dacteurs-non-gouvernementaux-de-lutte-contre-les-epidemies-au-tchad"]}]},{"@type":"ImageObject","inLanguage":"fr-FR","@id":"https:\/\/www.africa-press.net\/tchad\/politique\/creation-dune-plateforme-dacteurs-non-gouvernementaux-de-lutte-contre-les-epidemies-au-tchad#primaryimage","url":"https:\/\/static.africa-press.net\/tchad\/sites\/41\/2021\/10\/img-61741e659257c.jpg","contentUrl":"https:\/\/static.africa-press.net\/tchad\/sites\/41\/2021\/10\/img-61741e659257c.jpg","width":696,"height":522,"caption":"Cr\u00e9ation d\u2019une plateforme d\u2019acteurs non gouvernementaux de lutte contre les \u00e9pid\u00e9mies au Tchad"},{"@type":"BreadcrumbList","@id":"https:\/\/www.africa-press.net\/tchad\/politique\/creation-dune-plateforme-dacteurs-non-gouvernementaux-de-lutte-contre-les-epidemies-au-tchad#breadcrumb","itemListElement":[{"@type":"ListItem","position":1,"name":"Accueil","item":"https:\/\/www.africa-press.net\/tchad\/"},{"@type":"ListItem","position":2,"name":"Cr\u00e9ation d\u2019une plateforme d\u2019acteurs non gouvernementaux de lutte contre les \u00e9pid\u00e9mies au Tchad"}]},{"@type":"WebSite","@id":"https:\/\/www.africa-press.net\/tchad\/#website","url":"https:\/\/www.africa-press.net\/tchad\/","name":"tchad","description":"Just another Africa News Agency Sites site","potentialAction":[{"@type":"SearchAction","target":{"@type":"EntryPoint","urlTemplate":"https:\/\/www.africa-press.net\/tchad\/?s={search_term_string}"},"query-input":{"@type":"PropertyValueSpecification","valueRequired":true,"valueName":"search_term_string"}}],"inLanguage":"fr-FR"},{"@type":"Person","@id":"https:\/\/www.africa-press.net\/tchad\/#\/schema\/person\/2b1cf3cd81a31e3cd26889ca66d677f1","name":"cfeditorfr"}]}},"_links":{"self":[{"href":"https:\/\/www.africa-press.net\/tchad\/wp-json\/wp\/v2\/posts\/12648","targetHints":{"allow":["GET"]}}],"collection":[{"href":"https:\/\/www.africa-press.net\/tchad\/wp-json\/wp\/v2\/posts"}],"about":[{"href":"https:\/\/www.africa-press.net\/tchad\/wp-json\/wp\/v2\/types\/post"}],"author":[{"embeddable":true,"href":"https:\/\/www.africa-press.net\/tchad\/wp-json\/wp\/v2\/users\/82"}],"replies":[{"embeddable":true,"href":"https:\/\/www.africa-press.net\/tchad\/wp-json\/wp\/v2\/comments?post=12648"}],"version-history":[{"count":0,"href":"https:\/\/www.africa-press.net\/tchad\/wp-json\/wp\/v2\/posts\/12648\/revisions"}],"wp:featuredmedia":[{"embeddable":true,"href":"https:\/\/www.africa-press.net\/tchad\/wp-json\/wp\/v2\/media\/12647"}],"wp:attachment":[{"href":"https:\/\/www.africa-press.net\/tchad\/wp-json\/wp\/v2\/media?parent=12648"}],"wp:term":[{"taxonomy":"category","embeddable":true,"href":"https:\/\/www.africa-press.net\/tchad\/wp-json\/wp\/v2\/categories?post=12648"},{"taxonomy":"post_tag","embeddable":true,"href":"https:\/\/www.africa-press.net\/tchad\/wp-json\/wp\/v2\/tags?post=12648"}],"curies":[{"name":"wp","href":"https:\/\/api.w.org\/{rel}","templated":true}]}}